{"id":28374,"date":"2026-05-01T17:00:00","date_gmt":"2026-05-01T20:00:00","guid":{"rendered":"https:\/\/www.correiobraziliense.com.br\/aqui\/?p=28374"},"modified":"2026-04-29T16:18:29","modified_gmt":"2026-04-29T19:18:29","slug":"dieta-proteica-no-frio-realmente-ajuda-a-emagrecer-nutricionista-explica","status":"publish","type":"post","link":"https:\/\/www.correiobraziliense.com.br\/aqui\/2026\/05\/01\/dieta-proteica-no-frio-realmente-ajuda-a-emagrecer-nutricionista-explica\/","title":{"rendered":"Dieta proteica no frio realmente ajuda a emagrecer? Nutricionista explica"},"content":{"rendered":"\n<p>Com a chegada do frio, a busca por pratos quentes e reconfortantes, como sopas e caldos, aumenta. Junto com ela, surge a d\u00favida: apostar em uma dieta proteica durante o inverno pode de fato ajudar a emagrecer? A resposta \u00e9 sim, essa estrat\u00e9gia pode ser uma aliada importante, mas o segredo est\u00e1 no equil\u00edbrio e na forma como o corpo utiliza esse nutriente para regular o apetite e o gasto energ\u00e9tico.<\/p>\n\n\n\n<p>De acordo com especialistas em nutri\u00e7\u00e3o, o principal benef\u00edcio da prote\u00edna est\u00e1 no seu efeito t\u00e9rmico. O corpo gasta mais energia para digerir, absorver e metabolizar prote\u00ednas do que para processar carboidratos e gorduras. Esse processo, conhecido como termog\u00eanese alimentar, gera calor e contribui para a sensa\u00e7\u00e3o de aquecimento, al\u00e9m de <a target=\"_blank\" rel=\"noreferrer noopener\" href=\"https:\/\/www.correiobraziliense.com.br\/revista-do-correio\/2025\/07\/7190107-8-sopas-termogenicas-para-ajudar-a-emagrecer.html\">acelerar o metabolismo<\/a> de forma sutil, mas constante.<\/p>\n\n\n\n<p>Al\u00e9m disso, a prote\u00edna promove uma sensa\u00e7\u00e3o de saciedade mais duradoura. Consumir alimentos proteicos ajuda a controlar o apetite por mais tempo, diminuindo a vontade de beliscar comidas cal\u00f3ricas, uma armadilha comum nos dias mais frios. Manter a fome sob <a target=\"_blank\" rel=\"noreferrer noopener\" href=\"https:\/\/www.correiobraziliense.com.br\/ciencia-e-saude\/2025\/08\/7235563-qual-a-melhor-epoca-do-ano-para-emagrecer.html\">controle \u00e9 um passo fundamental para quem busca o controle de peso<\/a> de maneira sustent\u00e1vel.<\/p>\n\n\n\n<h2 class=\"wp-block-heading\">Como adotar a dieta proteica no dia a dia?<\/h2>\n\n\n\n<p><a target=\"_blank\" rel=\"noreferrer noopener\" href=\"https:\/\/www.correiobraziliense.com.br\/revista-do-correio\/2025\/06\/7164129-8-sopas-ricas-em-proteinas-para-manter-a-dieta-em-dias-frios.html\">Incorporar mais prote\u00edna na rotina de inverno<\/a> n\u00e3o precisa ser complicado. A ideia \u00e9 fazer trocas inteligentes e enriquecer pratos que j\u00e1 fazem parte do card\u00e1pio. Algumas op\u00e7\u00f5es incluem:<\/p>\n\n\n\n<ul class=\"wp-block-list\">\n<li><strong>Sopas turbinadas:<\/strong> adicione frango desfiado, carne magra em cubos, lentilha, gr\u00e3o-de-bico ou ovos cozidos picados aos seus caldos e sopas de legumes.<\/li>\n\n\n\n<li><strong>Lanches espertos:<\/strong> troque biscoitos e p\u00e3es por iogurte natural com maior teor de prote\u00edna, queijos magros ou um punhado de oleaginosas.<\/li>\n\n\n\n<li><strong>Pratos principais:<\/strong> priorize cortes magros de carne, peixes e ovos como base das refei\u00e7\u00f5es, sempre acompanhados de uma por\u00e7\u00e3o generosa de salada e vegetais.<\/li>\n<\/ul>\n\n\n\n<p>Contudo, \u00e9 importante n\u00e3o focar apenas na prote\u00edna. Uma alimenta\u00e7\u00e3o saud\u00e1vel depende do equil\u00edbrio entre todos os nutrientes. Carboidratos complexos, como batata-doce e arroz integral, fornecem energia, enquanto as fibras de legumes e verduras garantem o bom funcionamento do intestino e tamb\u00e9m ajudam na saciedade.<\/p>\n\n\n\n<p>\u00c9 fundamental, no entanto, que qualquer mudan\u00e7a alimentar seja acompanhada por um profissional de sa\u00fade, como um m\u00e9dico ou nutricionista. Dietas com alto teor de prote\u00edna podem n\u00e3o ser adequadas para todos, especialmente para pessoas com condi\u00e7\u00f5es renais preexistentes. A orienta\u00e7\u00e3o individualizada garante que a estrat\u00e9gia seja segura e eficaz para seus objetivos.<\/p>\n\n\n\n<p>O sucesso da <a target=\"_blank\" rel=\"noreferrer noopener\" href=\"https:\/\/www.correiobraziliense.com.br\/revista-do-correio\/2025\/05\/7158959-7-sopas-proteicas-para-os-dias-frios.html\">dieta proteica para o emagrecimento no inverno<\/a> est\u00e1 diretamente ligado ao d\u00e9ficit cal\u00f3rico. Ou seja, \u00e9 preciso consumir menos calorias do que se gasta. A prote\u00edna funciona como uma ferramenta poderosa para controlar a fome e otimizar o gasto energ\u00e9tico, facilitando esse processo.<\/p>\n","protected":false},"excerpt":{"rendered":"<p>Dieta proteica: entenda como o corpo reage \u00e0 maior ingest\u00e3o de prote\u00ednas no inverno e se essa estrat\u00e9gia ajuda no controle de peso.<\/p>\n","protected":false},"author":8,"featured_media":28375,"comment_status":"open","ping_status":"open","sticky":false,"template":"","format":"standard","meta":{"jnews-multi-image_gallery":[],"jnews_single_post":{"format":"standard"},"jnews_primary_category":[],"jnews_social_meta":[],"jnews_override_counter":[],"footnotes":""},"categories":[120],"tags":[1125,8963,2229,377,380,6214],"class_list":["post-28374","post","type-post","status-publish","format-standard","has-post-thumbnail","hentry","category-curiosidades","tag-curiosidades","tag-dieta-proteica","tag-emagrecimento","tag-frio","tag-nutricao","tag-nutricionista"],"yoast_head":"<!-- This site is optimized with the Yoast SEO plugin v25.1 - https:\/\/yoast.com\/wordpress\/plugins\/seo\/ -->\n<title>Dieta proteica no frio realmente ajuda a emagrecer? Nutricionista explica - Correio Braziliense - Aqui<\/title>\n<meta name=\"description\" content=\"Dieta proteica: entenda como o corpo reage \u00e0 maior ingest\u00e3o de prote\u00ednas no inverno e se essa estrat\u00e9gia ajuda no controle de peso.\" \/>\n<meta name=\"robots\" content=\"index, follow, max-snippet:-1, max-image-preview:large, max-video-preview:-1\" \/>\n<link rel=\"canonical\" href=\"https:\/\/www.correiobraziliense.com.br\/aqui\/2026\/05\/01\/dieta-proteica-no-frio-realmente-ajuda-a-emagrecer-nutricionista-explica\/\" \/>\n<meta property=\"og:locale\" content=\"pt_BR\" \/>\n<meta property=\"og:type\" content=\"article\" \/>\n<meta property=\"og:title\" content=\"Dieta proteica no frio realmente ajuda a emagrecer? Nutricionista explica - Correio Braziliense - Aqui\" \/>\n<meta property=\"og:description\" content=\"Dieta proteica: entenda como o corpo reage \u00e0 maior ingest\u00e3o de prote\u00ednas no inverno e se essa estrat\u00e9gia ajuda no controle de peso.\" \/>\n<meta property=\"og:url\" content=\"https:\/\/www.correiobraziliense.com.br\/aqui\/2026\/05\/01\/dieta-proteica-no-frio-realmente-ajuda-a-emagrecer-nutricionista-explica\/\" \/>\n<meta property=\"og:site_name\" content=\"Correio Braziliense - Aqui\" \/>\n<meta property=\"article:published_time\" content=\"2026-05-01T20:00:00+00:00\" \/>\n<meta property=\"og:image\" content=\"https:\/\/www.correiobraziliense.com.br\/aqui\/wp-content\/uploads\/2026\/04\/dieta-proteica_1777490138162.jpg\" \/>\n\t<meta property=\"og:image:width\" content=\"1280\" \/>\n\t<meta property=\"og:image:height\" content=\"720\" \/>\n\t<meta property=\"og:image:type\" content=\"image\/jpeg\" \/>\n<meta name=\"author\" content=\"Lara\" \/>\n<meta name=\"twitter:card\" content=\"summary_large_image\" \/>\n<meta name=\"twitter:label1\" content=\"Escrito por\" \/>\n\t<meta name=\"twitter:data1\" content=\"Lara\" \/>\n\t<meta name=\"twitter:label2\" content=\"Est. tempo de leitura\" \/>\n\t<meta name=\"twitter:data2\" content=\"3 minutos\" \/>\n<!-- \/ Yoast SEO plugin. -->","yoast_head_json":{"title":"Dieta proteica no frio realmente ajuda a emagrecer? Nutricionista explica - Correio Braziliense - Aqui","description":"Dieta proteica: entenda como o corpo reage \u00e0 maior ingest\u00e3o de prote\u00ednas no inverno e se essa estrat\u00e9gia ajuda no controle de peso.","robots":{"index":"index","follow":"follow","max-snippet":"max-snippet:-1","max-image-preview":"max-image-preview:large","max-video-preview":"max-video-preview:-1"},"canonical":"https:\/\/www.correiobraziliense.com.br\/aqui\/2026\/05\/01\/dieta-proteica-no-frio-realmente-ajuda-a-emagrecer-nutricionista-explica\/","og_locale":"pt_BR","og_type":"article","og_title":"Dieta proteica no frio realmente ajuda a emagrecer? Nutricionista explica - Correio Braziliense - Aqui","og_description":"Dieta proteica: entenda como o corpo reage \u00e0 maior ingest\u00e3o de prote\u00ednas no inverno e se essa estrat\u00e9gia ajuda no controle de peso.","og_url":"https:\/\/www.correiobraziliense.com.br\/aqui\/2026\/05\/01\/dieta-proteica-no-frio-realmente-ajuda-a-emagrecer-nutricionista-explica\/","og_site_name":"Correio Braziliense - Aqui","article_published_time":"2026-05-01T20:00:00+00:00","og_image":[{"width":1280,"height":720,"url":"https:\/\/www.correiobraziliense.com.br\/aqui\/wp-content\/uploads\/2026\/04\/dieta-proteica_1777490138162.jpg","type":"image\/jpeg"}],"author":"Lara","twitter_card":"summary_large_image","twitter_misc":{"Escrito por":"Lara","Est. tempo de leitura":"3 minutos"},"schema":{"@context":"https:\/\/schema.org","@graph":[{"@type":"WebPage","@id":"https:\/\/www.correiobraziliense.com.br\/aqui\/2026\/05\/01\/dieta-proteica-no-frio-realmente-ajuda-a-emagrecer-nutricionista-explica\/","url":"https:\/\/www.correiobraziliense.com.br\/aqui\/2026\/05\/01\/dieta-proteica-no-frio-realmente-ajuda-a-emagrecer-nutricionista-explica\/","name":"Dieta proteica no frio realmente ajuda a emagrecer? Nutricionista explica - Correio Braziliense - Aqui","isPartOf":{"@id":"https:\/\/www.correiobraziliense.com.br\/aqui\/#website"},"primaryImageOfPage":{"@id":"https:\/\/www.correiobraziliense.com.br\/aqui\/2026\/05\/01\/dieta-proteica-no-frio-realmente-ajuda-a-emagrecer-nutricionista-explica\/#primaryimage"},"image":{"@id":"https:\/\/www.correiobraziliense.com.br\/aqui\/2026\/05\/01\/dieta-proteica-no-frio-realmente-ajuda-a-emagrecer-nutricionista-explica\/#primaryimage"},"thumbnailUrl":"https:\/\/www.correiobraziliense.com.br\/aqui\/wp-content\/uploads\/2026\/04\/dieta-proteica_1777490138162.jpg","datePublished":"2026-05-01T20:00:00+00:00","author":{"@id":"https:\/\/www.correiobraziliense.com.br\/aqui\/#\/schema\/person\/5d6e4d99fecc86ab1a7ed1a0369afb65"},"description":"Dieta proteica: entenda como o corpo reage \u00e0 maior ingest\u00e3o de prote\u00ednas no inverno e se essa estrat\u00e9gia ajuda no controle de peso.","breadcrumb":{"@id":"https:\/\/www.correiobraziliense.com.br\/aqui\/2026\/05\/01\/dieta-proteica-no-frio-realmente-ajuda-a-emagrecer-nutricionista-explica\/#breadcrumb"},"inLanguage":"pt-BR","potentialAction":[{"@type":"ReadAction","target":["https:\/\/www.correiobraziliense.com.br\/aqui\/2026\/05\/01\/dieta-proteica-no-frio-realmente-ajuda-a-emagrecer-nutricionista-explica\/"]}]},{"@type":"ImageObject","inLanguage":"pt-BR","@id":"https:\/\/www.correiobraziliense.com.br\/aqui\/2026\/05\/01\/dieta-proteica-no-frio-realmente-ajuda-a-emagrecer-nutricionista-explica\/#primaryimage","url":"https:\/\/www.correiobraziliense.com.br\/aqui\/wp-content\/uploads\/2026\/04\/dieta-proteica_1777490138162.jpg","contentUrl":"https:\/\/www.correiobraziliense.com.br\/aqui\/wp-content\/uploads\/2026\/04\/dieta-proteica_1777490138162.jpg","width":1280,"height":720,"caption":"Cr\u00e9ditos: depositphotos.com \/ AntonMatyukha"},{"@type":"BreadcrumbList","@id":"https:\/\/www.correiobraziliense.com.br\/aqui\/2026\/05\/01\/dieta-proteica-no-frio-realmente-ajuda-a-emagrecer-nutricionista-explica\/#breadcrumb","itemListElement":[{"@type":"ListItem","position":1,"name":"In\u00edcio","item":"https:\/\/www.correiobraziliense.com.br\/aqui\/"},{"@type":"ListItem","position":2,"name":"Dieta proteica no frio realmente ajuda a emagrecer? Nutricionista explica"}]},{"@type":"WebSite","@id":"https:\/\/www.correiobraziliense.com.br\/aqui\/#website","url":"https:\/\/www.correiobraziliense.com.br\/aqui\/","name":"Correio Braziliense - Aqui","description":"O Correio Braziliense (CB) \u00e9 o mais importante canal de not\u00edcias de Bras\u00edlia. Aqui voc\u00ea encontra as \u00faltimas not\u00edcias do DF, do Brasil e do mundo.","potentialAction":[{"@type":"SearchAction","target":{"@type":"EntryPoint","urlTemplate":"https:\/\/www.correiobraziliense.com.br\/aqui\/?s={search_term_string}"},"query-input":{"@type":"PropertyValueSpecification","valueRequired":true,"valueName":"search_term_string"}}],"inLanguage":"pt-BR"},{"@type":"Person","@id":"https:\/\/www.correiobraziliense.com.br\/aqui\/#\/schema\/person\/5d6e4d99fecc86ab1a7ed1a0369afb65","name":"Lara","image":{"@type":"ImageObject","inLanguage":"pt-BR","@id":"https:\/\/www.correiobraziliense.com.br\/aqui\/#\/schema\/person\/image\/","url":"https:\/\/secure.gravatar.com\/avatar\/57056c5c343a6d8a6669688d3d2c04916d9d280b352b6e50e66a8d39b2517e00?s=96&d=mm&r=g","contentUrl":"https:\/\/secure.gravatar.com\/avatar\/57056c5c343a6d8a6669688d3d2c04916d9d280b352b6e50e66a8d39b2517e00?s=96&d=mm&r=g","caption":"Lara"},"url":"https:\/\/www.correiobraziliense.com.br\/aqui\/author\/laraaqui\/"}]}},"_links":{"self":[{"href":"https:\/\/www.correiobraziliense.com.br\/aqui\/wp-json\/wp\/v2\/posts\/28374","targetHints":{"allow":["GET"]}}],"collection":[{"href":"https:\/\/www.correiobraziliense.com.br\/aqui\/wp-json\/wp\/v2\/posts"}],"about":[{"href":"https:\/\/www.correiobraziliense.com.br\/aqui\/wp-json\/wp\/v2\/types\/post"}],"author":[{"embeddable":true,"href":"https:\/\/www.correiobraziliense.com.br\/aqui\/wp-json\/wp\/v2\/users\/8"}],"replies":[{"embeddable":true,"href":"https:\/\/www.correiobraziliense.com.br\/aqui\/wp-json\/wp\/v2\/comments?post=28374"}],"version-history":[{"count":1,"href":"https:\/\/www.correiobraziliense.com.br\/aqui\/wp-json\/wp\/v2\/posts\/28374\/revisions"}],"predecessor-version":[{"id":28376,"href":"https:\/\/www.correiobraziliense.com.br\/aqui\/wp-json\/wp\/v2\/posts\/28374\/revisions\/28376"}],"wp:featuredmedia":[{"embeddable":true,"href":"https:\/\/www.correiobraziliense.com.br\/aqui\/wp-json\/wp\/v2\/media\/28375"}],"wp:attachment":[{"href":"https:\/\/www.correiobraziliense.com.br\/aqui\/wp-json\/wp\/v2\/media?parent=28374"}],"wp:term":[{"taxonomy":"category","embeddable":true,"href":"https:\/\/www.correiobraziliense.com.br\/aqui\/wp-json\/wp\/v2\/categories?post=28374"},{"taxonomy":"post_tag","embeddable":true,"href":"https:\/\/www.correiobraziliense.com.br\/aqui\/wp-json\/wp\/v2\/tags?post=28374"}],"curies":[{"name":"wp","href":"https:\/\/api.w.org\/{rel}","templated":true}]}}