{"id":28377,"date":"2026-05-01T18:00:00","date_gmt":"2026-05-01T21:00:00","guid":{"rendered":"https:\/\/www.correiobraziliense.com.br\/aqui\/?p=28377"},"modified":"2026-04-29T16:22:23","modified_gmt":"2026-04-29T19:22:23","slug":"por-que-o-cerrado-pega-fogo-com-tanta-facilidade-na-seca-a-ciencia-explica","status":"publish","type":"post","link":"https:\/\/www.correiobraziliense.com.br\/aqui\/2026\/05\/01\/por-que-o-cerrado-pega-fogo-com-tanta-facilidade-na-seca-a-ciencia-explica\/","title":{"rendered":"Por que o Cerrado pega fogo com tanta facilidade na seca? A ci\u00eancia explica"},"content":{"rendered":"\n<p>Com a chegada do per\u00edodo de estiagem, as imagens de grandes inc\u00eandios no Cerrado se tornam mais frequentes. O que muitos n\u00e3o sabem \u00e9 que o bioma, considerado a savana mais biodiversa do mundo, possui uma rela\u00e7\u00e3o antiga e natural com o fogo. No entanto, a frequ\u00eancia e a intensidade das queimadas atuais s\u00e3o impulsionadas principalmente pela a\u00e7\u00e3o humana, desequilibrando um ciclo que deveria ser de renova\u00e7\u00e3o.<\/p>\n\n\n\n<p>A vegeta\u00e7\u00e3o do Cerrado evoluiu ao longo de milhares de anos para n\u00e3o apenas resistir, mas tamb\u00e9m se beneficiar do <a target=\"_blank\" rel=\"noreferrer noopener\" href=\"https:\/\/www.correiobraziliense.com.br\/mundo\/2025\/11\/7284098-mestres-do-fogo-as-queimadas-que-salvam-vidas-no-cerrado.html\">fogo natural<\/a>, geralmente causado por raios. As \u00e1rvores possuem cascas grossas e corti\u00e7osas que funcionam como isolante t\u00e9rmico, protegendo o interior do tronco. Muitas plantas tamb\u00e9m concentram suas reservas de energia em estruturas subterr\u00e2neas, que permitem a rebrota r\u00e1pida ap\u00f3s a passagem das chamas.<\/p>\n\n\n\n<p>O clima da regi\u00e3o, com uma esta\u00e7\u00e3o seca bem definida que geralmente vai de maio a setembro ou outubro, contribui para o cen\u00e1rio. Nesse per\u00edodo, a baixa umidade do ar e a vegeta\u00e7\u00e3o rasteira seca se transformam em um material altamente combust\u00edvel, que facilita a propaga\u00e7\u00e3o de qualquer fagulha.<\/p>\n\n\n\n<h2 class=\"wp-block-heading\">O que intensifica as queimadas no Cerrado?<\/h2>\n\n\n\n<p>Se o fogo faz parte do <a target=\"_blank\" rel=\"noreferrer noopener\" href=\"https:\/\/www.correiobraziliense.com.br\/brasil\/2025\/04\/7102565-manejo-integrado-do-fogo-previne-incendios-e-preserva-ecossistemas.html\">ciclo natural do bioma<\/a>, o problema est\u00e1 na sua origem e recorr\u00eancia. Atualmente, a <a target=\"_blank\" rel=\"noreferrer noopener\" href=\"https:\/\/www.correiobraziliense.com.br\/brasil\/2025\/05\/7157741-queimadas-no-cerrado-chegam-a-20-milhoes-de-hectares.html\">grande maioria dos inc\u00eandios<\/a> \u00e9 resultado de atividades humanas, que ocorrem em uma escala muito maior do que os eventos naturais. Essa frequ\u00eancia excessiva impede que a vegeta\u00e7\u00e3o e a fauna se recuperem adequadamente.<\/p>\n\n\n\n<p>As principais causas humanas para o aumento das queimadas incluem:<\/p>\n\n\n\n<ul class=\"wp-block-list\">\n<li><a href=\"https:\/\/www.correiobraziliense.com.br\/brasil\/2025\/09\/7246103-segundo-bioma-do-brasil-cerrado-sofreu-o-maior-desmatamento-do-pais.html\" target=\"_blank\" rel=\"noreferrer noopener\"><strong>Desmatamento<\/strong><\/a><strong>:<\/strong> uso do fogo como ferramenta para limpar \u00e1reas de vegeta\u00e7\u00e3o nativa, abrindo espa\u00e7o para a agricultura e a pecu\u00e1ria. Essa \u00e9 a principal causa dos grandes inc\u00eandios florestais na regi\u00e3o.<\/li>\n\n\n\n<li><strong>Manuten\u00e7\u00e3o de pastagens:<\/strong> produtores rurais que ateiam fogo para renovar o pasto para o gado, mas muitas vezes perdem o controle das chamas.<\/li>\n\n\n\n<li><strong>Fogueiras e bal\u00f5es:<\/strong> atividades de lazer, como acampamentos, e a soltura de bal\u00f5es em festas juninas podem iniciar inc\u00eandios acidentais de grandes propor\u00e7\u00f5es.<\/li>\n\n\n\n<li><strong>Queima de lixo:<\/strong> o descarte inadequado e a queima de res\u00edduos em \u00e1reas pr\u00f3ximas \u00e0 vegeta\u00e7\u00e3o seca representam um risco constante.<\/li>\n<\/ul>\n\n\n\n<p>Essa interfer\u00eancia humana transforma um elemento natural de renova\u00e7\u00e3o em uma for\u00e7a destrutiva. O excesso de fogo empobrece o solo, prejudica nascentes de rios, causa a morte de animais e emite grandes quantidades de gases de efeito estufa na atmosfera, impactando o equil\u00edbrio de todo o ecossistema.<\/p>\n","protected":false},"excerpt":{"rendered":"<p>O Cerrado \u00e9 naturalmente adaptado ao fogo, mas as a\u00e7\u00f5es humanas intensificam as queimadas; entenda os fatores que o tornam t\u00e3o inflam\u00e1vel<\/p>\n","protected":false},"author":8,"featured_media":28378,"comment_status":"open","ping_status":"open","sticky":false,"template":"","format":"standard","meta":{"jnews-multi-image_gallery":[],"jnews_single_post":{"format":"standard"},"jnews_primary_category":[],"jnews_social_meta":[],"jnews_override_counter":[],"footnotes":""},"categories":[208],"tags":[975,207,6179,8964,8965],"class_list":["post-28377","post","type-post","status-publish","format-standard","has-post-thumbnail","hentry","category-ciencia","tag-cerrado","tag-ciencia","tag-fogo","tag-incendio","tag-seca"],"yoast_head":"<!-- This site is optimized with the Yoast SEO plugin v25.1 - https:\/\/yoast.com\/wordpress\/plugins\/seo\/ -->\n<title>Por que o Cerrado pega fogo com tanta facilidade na seca? A ci\u00eancia explica - Correio Braziliense - Aqui<\/title>\n<meta name=\"description\" content=\"O Cerrado \u00e9 naturalmente adaptado ao fogo, mas as a\u00e7\u00f5es humanas intensificam as queimadas; entenda os fatores que o tornam t\u00e3o inflam\u00e1vel\" \/>\n<meta name=\"robots\" content=\"index, follow, max-snippet:-1, max-image-preview:large, max-video-preview:-1\" \/>\n<link rel=\"canonical\" href=\"https:\/\/www.correiobraziliense.com.br\/aqui\/2026\/05\/01\/por-que-o-cerrado-pega-fogo-com-tanta-facilidade-na-seca-a-ciencia-explica\/\" \/>\n<meta property=\"og:locale\" content=\"pt_BR\" \/>\n<meta property=\"og:type\" content=\"article\" \/>\n<meta property=\"og:title\" content=\"Por que o Cerrado pega fogo com tanta facilidade na seca? A ci\u00eancia explica - Correio Braziliense - Aqui\" \/>\n<meta property=\"og:description\" content=\"O Cerrado \u00e9 naturalmente adaptado ao fogo, mas as a\u00e7\u00f5es humanas intensificam as queimadas; entenda os fatores que o tornam t\u00e3o inflam\u00e1vel\" \/>\n<meta property=\"og:url\" content=\"https:\/\/www.correiobraziliense.com.br\/aqui\/2026\/05\/01\/por-que-o-cerrado-pega-fogo-com-tanta-facilidade-na-seca-a-ciencia-explica\/\" \/>\n<meta property=\"og:site_name\" content=\"Correio Braziliense - Aqui\" \/>\n<meta property=\"article:published_time\" content=\"2026-05-01T21:00:00+00:00\" \/>\n<meta property=\"og:image\" content=\"https:\/\/www.correiobraziliense.com.br\/aqui\/wp-content\/uploads\/2026\/04\/Cerrado-brasil_1777490435277.jpg\" \/>\n\t<meta property=\"og:image:width\" content=\"1280\" \/>\n\t<meta property=\"og:image:height\" content=\"720\" \/>\n\t<meta property=\"og:image:type\" content=\"image\/jpeg\" \/>\n<meta name=\"author\" content=\"Lara\" \/>\n<meta name=\"twitter:card\" content=\"summary_large_image\" \/>\n<meta name=\"twitter:label1\" content=\"Escrito por\" \/>\n\t<meta name=\"twitter:data1\" content=\"Lara\" \/>\n\t<meta name=\"twitter:label2\" content=\"Est. tempo de leitura\" \/>\n\t<meta name=\"twitter:data2\" content=\"3 minutos\" \/>\n<!-- \/ Yoast SEO plugin. -->","yoast_head_json":{"title":"Por que o Cerrado pega fogo com tanta facilidade na seca? A ci\u00eancia explica - Correio Braziliense - Aqui","description":"O Cerrado \u00e9 naturalmente adaptado ao fogo, mas as a\u00e7\u00f5es humanas intensificam as queimadas; entenda os fatores que o tornam t\u00e3o inflam\u00e1vel","robots":{"index":"index","follow":"follow","max-snippet":"max-snippet:-1","max-image-preview":"max-image-preview:large","max-video-preview":"max-video-preview:-1"},"canonical":"https:\/\/www.correiobraziliense.com.br\/aqui\/2026\/05\/01\/por-que-o-cerrado-pega-fogo-com-tanta-facilidade-na-seca-a-ciencia-explica\/","og_locale":"pt_BR","og_type":"article","og_title":"Por que o Cerrado pega fogo com tanta facilidade na seca? A ci\u00eancia explica - Correio Braziliense - Aqui","og_description":"O Cerrado \u00e9 naturalmente adaptado ao fogo, mas as a\u00e7\u00f5es humanas intensificam as queimadas; entenda os fatores que o tornam t\u00e3o inflam\u00e1vel","og_url":"https:\/\/www.correiobraziliense.com.br\/aqui\/2026\/05\/01\/por-que-o-cerrado-pega-fogo-com-tanta-facilidade-na-seca-a-ciencia-explica\/","og_site_name":"Correio Braziliense - Aqui","article_published_time":"2026-05-01T21:00:00+00:00","og_image":[{"width":1280,"height":720,"url":"https:\/\/www.correiobraziliense.com.br\/aqui\/wp-content\/uploads\/2026\/04\/Cerrado-brasil_1777490435277.jpg","type":"image\/jpeg"}],"author":"Lara","twitter_card":"summary_large_image","twitter_misc":{"Escrito por":"Lara","Est. tempo de leitura":"3 minutos"},"schema":{"@context":"https:\/\/schema.org","@graph":[{"@type":"WebPage","@id":"https:\/\/www.correiobraziliense.com.br\/aqui\/2026\/05\/01\/por-que-o-cerrado-pega-fogo-com-tanta-facilidade-na-seca-a-ciencia-explica\/","url":"https:\/\/www.correiobraziliense.com.br\/aqui\/2026\/05\/01\/por-que-o-cerrado-pega-fogo-com-tanta-facilidade-na-seca-a-ciencia-explica\/","name":"Por que o Cerrado pega fogo com tanta facilidade na seca? A ci\u00eancia explica - Correio Braziliense - Aqui","isPartOf":{"@id":"https:\/\/www.correiobraziliense.com.br\/aqui\/#website"},"primaryImageOfPage":{"@id":"https:\/\/www.correiobraziliense.com.br\/aqui\/2026\/05\/01\/por-que-o-cerrado-pega-fogo-com-tanta-facilidade-na-seca-a-ciencia-explica\/#primaryimage"},"image":{"@id":"https:\/\/www.correiobraziliense.com.br\/aqui\/2026\/05\/01\/por-que-o-cerrado-pega-fogo-com-tanta-facilidade-na-seca-a-ciencia-explica\/#primaryimage"},"thumbnailUrl":"https:\/\/www.correiobraziliense.com.br\/aqui\/wp-content\/uploads\/2026\/04\/Cerrado-brasil_1777490435277.jpg","datePublished":"2026-05-01T21:00:00+00:00","author":{"@id":"https:\/\/www.correiobraziliense.com.br\/aqui\/#\/schema\/person\/5d6e4d99fecc86ab1a7ed1a0369afb65"},"description":"O Cerrado \u00e9 naturalmente adaptado ao fogo, mas as a\u00e7\u00f5es humanas intensificam as queimadas; entenda os fatores que o tornam t\u00e3o inflam\u00e1vel","breadcrumb":{"@id":"https:\/\/www.correiobraziliense.com.br\/aqui\/2026\/05\/01\/por-que-o-cerrado-pega-fogo-com-tanta-facilidade-na-seca-a-ciencia-explica\/#breadcrumb"},"inLanguage":"pt-BR","potentialAction":[{"@type":"ReadAction","target":["https:\/\/www.correiobraziliense.com.br\/aqui\/2026\/05\/01\/por-que-o-cerrado-pega-fogo-com-tanta-facilidade-na-seca-a-ciencia-explica\/"]}]},{"@type":"ImageObject","inLanguage":"pt-BR","@id":"https:\/\/www.correiobraziliense.com.br\/aqui\/2026\/05\/01\/por-que-o-cerrado-pega-fogo-com-tanta-facilidade-na-seca-a-ciencia-explica\/#primaryimage","url":"https:\/\/www.correiobraziliense.com.br\/aqui\/wp-content\/uploads\/2026\/04\/Cerrado-brasil_1777490435277.jpg","contentUrl":"https:\/\/www.correiobraziliense.com.br\/aqui\/wp-content\/uploads\/2026\/04\/Cerrado-brasil_1777490435277.jpg","width":1280,"height":720,"caption":"Cr\u00e9ditos: depositphotos.com \/ mailsonpignata"},{"@type":"BreadcrumbList","@id":"https:\/\/www.correiobraziliense.com.br\/aqui\/2026\/05\/01\/por-que-o-cerrado-pega-fogo-com-tanta-facilidade-na-seca-a-ciencia-explica\/#breadcrumb","itemListElement":[{"@type":"ListItem","position":1,"name":"In\u00edcio","item":"https:\/\/www.correiobraziliense.com.br\/aqui\/"},{"@type":"ListItem","position":2,"name":"Por que o Cerrado pega fogo com tanta facilidade na seca? A ci\u00eancia explica"}]},{"@type":"WebSite","@id":"https:\/\/www.correiobraziliense.com.br\/aqui\/#website","url":"https:\/\/www.correiobraziliense.com.br\/aqui\/","name":"Correio Braziliense - Aqui","description":"O Correio Braziliense (CB) \u00e9 o mais importante canal de not\u00edcias de Bras\u00edlia. Aqui voc\u00ea encontra as \u00faltimas not\u00edcias do DF, do Brasil e do mundo.","potentialAction":[{"@type":"SearchAction","target":{"@type":"EntryPoint","urlTemplate":"https:\/\/www.correiobraziliense.com.br\/aqui\/?s={search_term_string}"},"query-input":{"@type":"PropertyValueSpecification","valueRequired":true,"valueName":"search_term_string"}}],"inLanguage":"pt-BR"},{"@type":"Person","@id":"https:\/\/www.correiobraziliense.com.br\/aqui\/#\/schema\/person\/5d6e4d99fecc86ab1a7ed1a0369afb65","name":"Lara","image":{"@type":"ImageObject","inLanguage":"pt-BR","@id":"https:\/\/www.correiobraziliense.com.br\/aqui\/#\/schema\/person\/image\/","url":"https:\/\/secure.gravatar.com\/avatar\/57056c5c343a6d8a6669688d3d2c04916d9d280b352b6e50e66a8d39b2517e00?s=96&d=mm&r=g","contentUrl":"https:\/\/secure.gravatar.com\/avatar\/57056c5c343a6d8a6669688d3d2c04916d9d280b352b6e50e66a8d39b2517e00?s=96&d=mm&r=g","caption":"Lara"},"url":"https:\/\/www.correiobraziliense.com.br\/aqui\/author\/laraaqui\/"}]}},"_links":{"self":[{"href":"https:\/\/www.correiobraziliense.com.br\/aqui\/wp-json\/wp\/v2\/posts\/28377","targetHints":{"allow":["GET"]}}],"collection":[{"href":"https:\/\/www.correiobraziliense.com.br\/aqui\/wp-json\/wp\/v2\/posts"}],"about":[{"href":"https:\/\/www.correiobraziliense.com.br\/aqui\/wp-json\/wp\/v2\/types\/post"}],"author":[{"embeddable":true,"href":"https:\/\/www.correiobraziliense.com.br\/aqui\/wp-json\/wp\/v2\/users\/8"}],"replies":[{"embeddable":true,"href":"https:\/\/www.correiobraziliense.com.br\/aqui\/wp-json\/wp\/v2\/comments?post=28377"}],"version-history":[{"count":1,"href":"https:\/\/www.correiobraziliense.com.br\/aqui\/wp-json\/wp\/v2\/posts\/28377\/revisions"}],"predecessor-version":[{"id":28379,"href":"https:\/\/www.correiobraziliense.com.br\/aqui\/wp-json\/wp\/v2\/posts\/28377\/revisions\/28379"}],"wp:featuredmedia":[{"embeddable":true,"href":"https:\/\/www.correiobraziliense.com.br\/aqui\/wp-json\/wp\/v2\/media\/28378"}],"wp:attachment":[{"href":"https:\/\/www.correiobraziliense.com.br\/aqui\/wp-json\/wp\/v2\/media?parent=28377"}],"wp:term":[{"taxonomy":"category","embeddable":true,"href":"https:\/\/www.correiobraziliense.com.br\/aqui\/wp-json\/wp\/v2\/categories?post=28377"},{"taxonomy":"post_tag","embeddable":true,"href":"https:\/\/www.correiobraziliense.com.br\/aqui\/wp-json\/wp\/v2\/tags?post=28377"}],"curies":[{"name":"wp","href":"https:\/\/api.w.org\/{rel}","templated":true}]}}