{"id":28386,"date":"2026-04-29T17:46:12","date_gmt":"2026-04-29T20:46:12","guid":{"rendered":"https:\/\/www.correiobraziliense.com.br\/aqui\/?p=28386"},"modified":"2026-04-29T17:46:16","modified_gmt":"2026-04-29T20:46:16","slug":"perdeu-o-voo-por-pane-no-aviao-conheca-os-seus-direitos-como-passageiro","status":"publish","type":"post","link":"https:\/\/www.correiobraziliense.com.br\/aqui\/2026\/04\/29\/perdeu-o-voo-por-pane-no-aviao-conheca-os-seus-direitos-como-passageiro\/","title":{"rendered":"Perdeu o voo por pane no avi\u00e3o? Conhe\u00e7a os seus direitos como passageiro"},"content":{"rendered":"\n<p>Problemas t\u00e9cnicos em aeronaves s\u00e3o uma ocorr\u00eancia que pode acender um alerta para muitos viajantes. Incidentes como esse, que causam atrasos e cancelamentos, geram transtornos e d\u00favidas. A boa not\u00edcia \u00e9 que, quando uma falha no avi\u00e3o impede a decolagem, os passageiros t\u00eam direitos garantidos por lei.<\/p>\n\n\n\n<p>As regras s\u00e3o estabelecidas pela <a target=\"_blank\" rel=\"noreferrer noopener\" href=\"https:\/\/www.correiobraziliense.com.br\/turismo\/2025\/09\/7251529-5-direitos-dos-passageiros-aereos-mais-desrespeitados-no-brasil.html\">Ag\u00eancia Nacional de Avia\u00e7\u00e3o Civil (ANAC)<\/a> e visam minimizar o impacto negativo para o consumidor. A responsabilidade da companhia a\u00e9rea come\u00e7a no momento em que o voo \u00e9 alterado por problemas operacionais, incluindo manuten\u00e7\u00f5es n\u00e3o programadas ou panes t\u00e9cnicas.<\/p>\n\n\n\n<h2 class=\"wp-block-heading\">O que a companhia a\u00e9rea deve oferecer?<\/h2>\n\n\n\n<p>A assist\u00eancia que o passageiro deve receber varia conforme o tempo de espera no aeroporto. Os direitos s\u00e3o progressivos e come\u00e7am a valer a partir da primeira hora de atraso. \u00c9 fundamental conhecer cada etapa para saber o que exigir da empresa.<\/p>\n\n\n\n<p>As obriga\u00e7\u00f5es da empresa s\u00e3o claras:<\/p>\n\n\n\n<ul class=\"wp-block-list\">\n<li><strong>A partir de 1 hora de atraso:<\/strong> a companhia deve fornecer meios de comunica\u00e7\u00e3o, como acesso \u00e0 internet e liga\u00e7\u00f5es telef\u00f4nicas.<\/li>\n\n\n\n<li><strong>A partir de 2 horas de atraso:<\/strong> a empresa precisa garantir a alimenta\u00e7\u00e3o do passageiro, seja por meio de vouchers, lanches ou refei\u00e7\u00f5es adequadas ao hor\u00e1rio.<\/li>\n\n\n\n<li><strong>A partir de 4 horas de atraso:<\/strong> se o problema persistir, o passageiro tem direito a op\u00e7\u00f5es mais robustas, como acomoda\u00e7\u00e3o em hotel e transporte de ida e volta. Se estiver em sua cidade de domic\u00edlio, a empresa deve custear apenas o transporte para sua resid\u00eancia e o retorno ao aeroporto.<\/li>\n<\/ul>\n\n\n\n<p>Quando o <a target=\"_blank\" rel=\"noreferrer noopener\" href=\"https:\/\/www.correiobraziliense.com.br\/cidades-df\/2026\/01\/7320589-meu-voo-foi-cancelado-e-agora-veja-o-que-fazer.html\">voo \u00e9 cancelado<\/a> ou o atraso ultrapassa quatro horas, o passageiro pode escolher entre tr\u00eas alternativas. A primeira \u00e9 a reacomoda\u00e7\u00e3o no pr\u00f3ximo voo dispon\u00edvel, da pr\u00f3pria companhia ou de outra, sem custos adicionais. A segunda \u00e9 o reembolso integral do valor da passagem, incluindo a taxa de embarque, que deve ser pago em at\u00e9 7 dias ap\u00f3s a solicita\u00e7\u00e3o. Por fim, \u00e9 poss\u00edvel optar pela execu\u00e7\u00e3o do servi\u00e7o por outra modalidade de transporte, quando vi\u00e1vel.<\/p>\n\n\n\n<p>As informa\u00e7\u00f5es apresentadas refletem a legisla\u00e7\u00e3o vigente, conforme a <a target=\"_blank\" rel=\"noreferrer noopener\" href=\"https:\/\/www.correiobraziliense.com.br\/brasil\/2025\/03\/7081773-suspensao-da-voepass-como-ter-direito-a-reembolso-e-transferencia-de-voos.html\">Resolu\u00e7\u00e3o n\u00ba 400\/2016 da ANAC<\/a>.<\/p>\n\n\n\n<p>Para garantir esses <a target=\"_blank\" rel=\"noreferrer noopener\" href=\"https:\/\/www.correiobraziliense.com.br\/direito-e-justica\/2025\/10\/7281730-direitos-do-passageiro-o-que-a-lei-garante-em-caso-de-problemas-com-voos.html\">direitos<\/a>, o primeiro passo \u00e9 procurar o balc\u00e3o da companhia a\u00e9rea no aeroporto. Caso a empresa se recuse a prestar a assist\u00eancia devida, \u00e9 importante documentar tudo. Anote o n\u00famero do voo, o hor\u00e1rio do atraso e guarde todos os recibos de gastos com alimenta\u00e7\u00e3o ou transporte. Esses comprovantes ser\u00e3o essenciais para solicitar um ressarcimento posterior ou registrar uma queixa nos \u00f3rg\u00e3os de defesa do consumidor, como o portal consumidor.gov.br.<\/p>\n\n\n\n<p><\/p>\n","protected":false},"excerpt":{"rendered":"<p>Problemas t\u00e9cnicos em aeronaves s\u00e3o uma ocorr\u00eancia que pode acender um alerta para muitos viajantes. Incidentes como esse, que causam atrasos e cancelamentos, geram transtornos e d\u00favidas. A boa not\u00edcia \u00e9 que, quando uma falha no avi\u00e3o impede a decolagem, os passageiros t\u00eam direitos garantidos por lei. As regras s\u00e3o estabelecidas pela Ag\u00eancia Nacional de [&hellip;]<\/p>\n","protected":false},"author":9,"featured_media":28387,"comment_status":"open","ping_status":"open","sticky":false,"template":"","format":"standard","meta":{"jnews-multi-image_gallery":[],"jnews_single_post":{"format":"standard"},"jnews_primary_category":[],"jnews_social_meta":[],"jnews_override_counter":[],"footnotes":""},"categories":[120],"tags":[3594,7659,8169,8968,8969,8112],"class_list":["post-28386","post","type-post","status-publish","format-standard","has-post-thumbnail","hentry","category-curiosidades","tag-aviao","tag-direitos","tag-pane","tag-passageiro","tag-perdeu-voo","tag-voo"],"yoast_head":"<!-- This site is optimized with the Yoast SEO plugin v25.1 - https:\/\/yoast.com\/wordpress\/plugins\/seo\/ -->\n<title>Perdeu o voo por pane no avi\u00e3o? Conhe\u00e7a os seus direitos como passageiro - Correio Braziliense - Aqui<\/title>\n<meta name=\"description\" content=\"Saiba o que as companhias a\u00e9reas devem oferecer em caso de atrasos ou cancelamentos por problemas t\u00e9cnicos; veja como pedir reembolso.\" \/>\n<meta name=\"robots\" content=\"index, follow, max-snippet:-1, max-image-preview:large, max-video-preview:-1\" \/>\n<link rel=\"canonical\" href=\"https:\/\/www.correiobraziliense.com.br\/aqui\/2026\/04\/29\/perdeu-o-voo-por-pane-no-aviao-conheca-os-seus-direitos-como-passageiro\/\" \/>\n<meta property=\"og:locale\" content=\"pt_BR\" \/>\n<meta property=\"og:type\" content=\"article\" \/>\n<meta property=\"og:title\" content=\"Perdeu o voo por pane no avi\u00e3o? Conhe\u00e7a os seus direitos como passageiro - Correio Braziliense - Aqui\" \/>\n<meta property=\"og:description\" content=\"Saiba o que as companhias a\u00e9reas devem oferecer em caso de atrasos ou cancelamentos por problemas t\u00e9cnicos; veja como pedir reembolso.\" \/>\n<meta property=\"og:url\" content=\"https:\/\/www.correiobraziliense.com.br\/aqui\/2026\/04\/29\/perdeu-o-voo-por-pane-no-aviao-conheca-os-seus-direitos-como-passageiro\/\" \/>\n<meta property=\"og:site_name\" content=\"Correio Braziliense - Aqui\" \/>\n<meta property=\"article:published_time\" content=\"2026-04-29T20:46:12+00:00\" \/>\n<meta property=\"article:modified_time\" content=\"2026-04-29T20:46:16+00:00\" \/>\n<meta property=\"og:image\" content=\"https:\/\/www.correiobraziliense.com.br\/aqui\/wp-content\/uploads\/2026\/04\/aeroporto_1777495553329.jpg\" \/>\n\t<meta property=\"og:image:width\" content=\"1280\" \/>\n\t<meta property=\"og:image:height\" content=\"720\" \/>\n\t<meta property=\"og:image:type\" content=\"image\/jpeg\" \/>\n<meta name=\"author\" content=\"Lucas\" \/>\n<meta name=\"twitter:card\" content=\"summary_large_image\" \/>\n<meta name=\"twitter:label1\" content=\"Escrito por\" \/>\n\t<meta name=\"twitter:data1\" content=\"Lucas\" \/>\n\t<meta name=\"twitter:label2\" content=\"Est. tempo de leitura\" \/>\n\t<meta name=\"twitter:data2\" content=\"3 minutos\" \/>\n<!-- \/ Yoast SEO plugin. -->","yoast_head_json":{"title":"Perdeu o voo por pane no avi\u00e3o? Conhe\u00e7a os seus direitos como passageiro - Correio Braziliense - Aqui","description":"Saiba o que as companhias a\u00e9reas devem oferecer em caso de atrasos ou cancelamentos por problemas t\u00e9cnicos; veja como pedir reembolso.","robots":{"index":"index","follow":"follow","max-snippet":"max-snippet:-1","max-image-preview":"max-image-preview:large","max-video-preview":"max-video-preview:-1"},"canonical":"https:\/\/www.correiobraziliense.com.br\/aqui\/2026\/04\/29\/perdeu-o-voo-por-pane-no-aviao-conheca-os-seus-direitos-como-passageiro\/","og_locale":"pt_BR","og_type":"article","og_title":"Perdeu o voo por pane no avi\u00e3o? Conhe\u00e7a os seus direitos como passageiro - Correio Braziliense - Aqui","og_description":"Saiba o que as companhias a\u00e9reas devem oferecer em caso de atrasos ou cancelamentos por problemas t\u00e9cnicos; veja como pedir reembolso.","og_url":"https:\/\/www.correiobraziliense.com.br\/aqui\/2026\/04\/29\/perdeu-o-voo-por-pane-no-aviao-conheca-os-seus-direitos-como-passageiro\/","og_site_name":"Correio Braziliense - Aqui","article_published_time":"2026-04-29T20:46:12+00:00","article_modified_time":"2026-04-29T20:46:16+00:00","og_image":[{"width":1280,"height":720,"url":"https:\/\/www.correiobraziliense.com.br\/aqui\/wp-content\/uploads\/2026\/04\/aeroporto_1777495553329.jpg","type":"image\/jpeg"}],"author":"Lucas","twitter_card":"summary_large_image","twitter_misc":{"Escrito por":"Lucas","Est. tempo de leitura":"3 minutos"},"schema":{"@context":"https:\/\/schema.org","@graph":[{"@type":"WebPage","@id":"https:\/\/www.correiobraziliense.com.br\/aqui\/2026\/04\/29\/perdeu-o-voo-por-pane-no-aviao-conheca-os-seus-direitos-como-passageiro\/","url":"https:\/\/www.correiobraziliense.com.br\/aqui\/2026\/04\/29\/perdeu-o-voo-por-pane-no-aviao-conheca-os-seus-direitos-como-passageiro\/","name":"Perdeu o voo por pane no avi\u00e3o? Conhe\u00e7a os seus direitos como passageiro - Correio Braziliense - Aqui","isPartOf":{"@id":"https:\/\/www.correiobraziliense.com.br\/aqui\/#website"},"primaryImageOfPage":{"@id":"https:\/\/www.correiobraziliense.com.br\/aqui\/2026\/04\/29\/perdeu-o-voo-por-pane-no-aviao-conheca-os-seus-direitos-como-passageiro\/#primaryimage"},"image":{"@id":"https:\/\/www.correiobraziliense.com.br\/aqui\/2026\/04\/29\/perdeu-o-voo-por-pane-no-aviao-conheca-os-seus-direitos-como-passageiro\/#primaryimage"},"thumbnailUrl":"https:\/\/www.correiobraziliense.com.br\/aqui\/wp-content\/uploads\/2026\/04\/aeroporto_1777495553329.jpg","datePublished":"2026-04-29T20:46:12+00:00","dateModified":"2026-04-29T20:46:16+00:00","author":{"@id":"https:\/\/www.correiobraziliense.com.br\/aqui\/#\/schema\/person\/36d094a725ba56bbeb370a877862a002"},"description":"Saiba o que as companhias a\u00e9reas devem oferecer em caso de atrasos ou cancelamentos por problemas t\u00e9cnicos; veja como pedir reembolso.","breadcrumb":{"@id":"https:\/\/www.correiobraziliense.com.br\/aqui\/2026\/04\/29\/perdeu-o-voo-por-pane-no-aviao-conheca-os-seus-direitos-como-passageiro\/#breadcrumb"},"inLanguage":"pt-BR","potentialAction":[{"@type":"ReadAction","target":["https:\/\/www.correiobraziliense.com.br\/aqui\/2026\/04\/29\/perdeu-o-voo-por-pane-no-aviao-conheca-os-seus-direitos-como-passageiro\/"]}]},{"@type":"ImageObject","inLanguage":"pt-BR","@id":"https:\/\/www.correiobraziliense.com.br\/aqui\/2026\/04\/29\/perdeu-o-voo-por-pane-no-aviao-conheca-os-seus-direitos-como-passageiro\/#primaryimage","url":"https:\/\/www.correiobraziliense.com.br\/aqui\/wp-content\/uploads\/2026\/04\/aeroporto_1777495553329.jpg","contentUrl":"https:\/\/www.correiobraziliense.com.br\/aqui\/wp-content\/uploads\/2026\/04\/aeroporto_1777495553329.jpg","width":1280,"height":720,"caption":"Cr\u00e9ditos: depositphotos.com \/ efffka"},{"@type":"BreadcrumbList","@id":"https:\/\/www.correiobraziliense.com.br\/aqui\/2026\/04\/29\/perdeu-o-voo-por-pane-no-aviao-conheca-os-seus-direitos-como-passageiro\/#breadcrumb","itemListElement":[{"@type":"ListItem","position":1,"name":"In\u00edcio","item":"https:\/\/www.correiobraziliense.com.br\/aqui\/"},{"@type":"ListItem","position":2,"name":"Perdeu o voo por pane no avi\u00e3o? Conhe\u00e7a os seus direitos como passageiro"}]},{"@type":"WebSite","@id":"https:\/\/www.correiobraziliense.com.br\/aqui\/#website","url":"https:\/\/www.correiobraziliense.com.br\/aqui\/","name":"Correio Braziliense - Aqui","description":"O Correio Braziliense (CB) \u00e9 o mais importante canal de not\u00edcias de Bras\u00edlia. Aqui voc\u00ea encontra as \u00faltimas not\u00edcias do DF, do Brasil e do mundo.","potentialAction":[{"@type":"SearchAction","target":{"@type":"EntryPoint","urlTemplate":"https:\/\/www.correiobraziliense.com.br\/aqui\/?s={search_term_string}"},"query-input":{"@type":"PropertyValueSpecification","valueRequired":true,"valueName":"search_term_string"}}],"inLanguage":"pt-BR"},{"@type":"Person","@id":"https:\/\/www.correiobraziliense.com.br\/aqui\/#\/schema\/person\/36d094a725ba56bbeb370a877862a002","name":"Lucas","image":{"@type":"ImageObject","inLanguage":"pt-BR","@id":"https:\/\/www.correiobraziliense.com.br\/aqui\/#\/schema\/person\/image\/","url":"https:\/\/secure.gravatar.com\/avatar\/eb1dd4a751dca39c233b091fb7b8ce9ef1608850325ab98ff1fbe898fcef0908?s=96&d=mm&r=g","contentUrl":"https:\/\/secure.gravatar.com\/avatar\/eb1dd4a751dca39c233b091fb7b8ce9ef1608850325ab98ff1fbe898fcef0908?s=96&d=mm&r=g","caption":"Lucas"},"url":"https:\/\/www.correiobraziliense.com.br\/aqui\/author\/lucasaqui\/"}]}},"_links":{"self":[{"href":"https:\/\/www.correiobraziliense.com.br\/aqui\/wp-json\/wp\/v2\/posts\/28386","targetHints":{"allow":["GET"]}}],"collection":[{"href":"https:\/\/www.correiobraziliense.com.br\/aqui\/wp-json\/wp\/v2\/posts"}],"about":[{"href":"https:\/\/www.correiobraziliense.com.br\/aqui\/wp-json\/wp\/v2\/types\/post"}],"author":[{"embeddable":true,"href":"https:\/\/www.correiobraziliense.com.br\/aqui\/wp-json\/wp\/v2\/users\/9"}],"replies":[{"embeddable":true,"href":"https:\/\/www.correiobraziliense.com.br\/aqui\/wp-json\/wp\/v2\/comments?post=28386"}],"version-history":[{"count":1,"href":"https:\/\/www.correiobraziliense.com.br\/aqui\/wp-json\/wp\/v2\/posts\/28386\/revisions"}],"predecessor-version":[{"id":28388,"href":"https:\/\/www.correiobraziliense.com.br\/aqui\/wp-json\/wp\/v2\/posts\/28386\/revisions\/28388"}],"wp:featuredmedia":[{"embeddable":true,"href":"https:\/\/www.correiobraziliense.com.br\/aqui\/wp-json\/wp\/v2\/media\/28387"}],"wp:attachment":[{"href":"https:\/\/www.correiobraziliense.com.br\/aqui\/wp-json\/wp\/v2\/media?parent=28386"}],"wp:term":[{"taxonomy":"category","embeddable":true,"href":"https:\/\/www.correiobraziliense.com.br\/aqui\/wp-json\/wp\/v2\/categories?post=28386"},{"taxonomy":"post_tag","embeddable":true,"href":"https:\/\/www.correiobraziliense.com.br\/aqui\/wp-json\/wp\/v2\/tags?post=28386"}],"curies":[{"name":"wp","href":"https:\/\/api.w.org\/{rel}","templated":true}]}}