{"id":28389,"date":"2026-04-29T17:48:33","date_gmt":"2026-04-29T20:48:33","guid":{"rendered":"https:\/\/www.correiobraziliense.com.br\/aqui\/?p=28389"},"modified":"2026-04-29T17:48:36","modified_gmt":"2026-04-29T20:48:36","slug":"relembre-5-sustos-aereos-envolvendo-politicos-e-autoridades-no-brasil","status":"publish","type":"post","link":"https:\/\/www.correiobraziliense.com.br\/aqui\/2026\/04\/29\/relembre-5-sustos-aereos-envolvendo-politicos-e-autoridades-no-brasil\/","title":{"rendered":"Relembre 5 sustos a\u00e9reos envolvendo pol\u00edticos e autoridades no Brasil"},"content":{"rendered":"\n<p>O recente susto a\u00e9reo envolvendo o ministro Andr\u00e9 Mendon\u00e7a, em S\u00e3o Paulo, reacendeu a mem\u00f3ria de outros incidentes que mobilizaram o notici\u00e1rio e colocaram a seguran\u00e7a de voo de autoridades em debate. Ao longo dos anos, diversas figuras p\u00fablicas brasileiras passaram por momentos de tens\u00e3o no ar, desde panes t\u00e9cnicas a acidentes com desfechos tr\u00e1gicos.<\/p>\n\n\n\n<p>Situa\u00e7\u00f5es como essas geram apreens\u00e3o e levantam questionamentos sobre os protocolos de seguran\u00e7a. Relembre a seguir cinco casos marcantes de sustos a\u00e9reos envolvendo pol\u00edticos e autoridades no Brasil, que v\u00e3o desde falhas mec\u00e2nicas a <a target=\"_blank\" rel=\"noreferrer noopener\" href=\"https:\/\/www.correiobraziliense.com.br\/brasil\/2025\/08\/7222666-aviao-cai-nos-lencois-maranhenses-e-mata-duas-pessoas.html\">acidentes fatais<\/a> que impactaram o cen\u00e1rio nacional.<\/p>\n\n\n\n<h2 class=\"wp-block-heading\">O tr\u00e1gico acidente de Eduardo Campos<\/h2>\n\n\n\n<p>Em agosto de 2014, o Brasil foi abalado pela not\u00edcia da morte do ent\u00e3o candidato \u00e0 presid\u00eancia, Eduardo Campos. A aeronave Cessna 560XL em que viajava caiu sobre uma \u00e1rea residencial em Santos, no litoral de S\u00e3o Paulo, durante a campanha eleitoral.<\/p>\n\n\n\n<p>Al\u00e9m de Campos, outras seis pessoas morreram no acidente, que ocorreu em meio a condi\u00e7\u00f5es meteorol\u00f3gicas desfavor\u00e1veis. A investiga\u00e7\u00e3o apontou uma s\u00e9rie de fatores, incluindo desorienta\u00e7\u00e3o espacial do piloto, como prov\u00e1veis causas da queda que mudou os rumos da pol\u00edtica nacional naquele ano.<\/p>\n\n\n\n<h2 class=\"wp-block-heading\">A pane no avi\u00e3o presidencial de Michel Temer<\/h2>\n\n\n\n<p>O ent\u00e3o presidente Michel Temer vivenciou um momento de apreens\u00e3o em novembro de 2017. O avi\u00e3o presidencial Airbus A319, conhecido como &#8220;Santos Dumont&#8221;, precisou retornar a Bras\u00edlia logo ap\u00f3s decolar rumo a S\u00e3o Paulo por causa de um <a target=\"_blank\" rel=\"noreferrer noopener\" href=\"https:\/\/www.correiobraziliense.com.br\/brasil\/2025\/12\/7323149-helicoptero-da-band-faz-pouso-forcado-apos-pane-no-motor.html\">problema t\u00e9cnico<\/a>.<\/p>\n\n\n\n<p>Um sensor da aeronave indicou uma falha, e a equipe de voo decidiu, por precau\u00e7\u00e3o, voltar \u00e0 base a\u00e9rea. Ap\u00f3s a troca de avi\u00e3o, Temer seguiu viagem em outra aeronave da For\u00e7a A\u00e9rea Brasileira (FAB) sem maiores complica\u00e7\u00f5es.<\/p>\n\n\n\n<h2 class=\"wp-block-heading\">A queda que vitimou Teori Zavascki<\/h2>\n\n\n\n<p>O ministro do Supremo Tribunal Federal (STF), Teori Zavascki, relator da Opera\u00e7\u00e3o Lava Jato na corte, morreu em janeiro de 2017. O <a target=\"_blank\" rel=\"noreferrer noopener\" href=\"https:\/\/www.correiobraziliense.com.br\/brasil\/2025\/07\/7211432-aviao-de-pequeno-porte-faz-pouso-de-emergencia-em-area-de-mata-em-jundiai-sp.html\">avi\u00e3o de pequeno porte<\/a> em que estava, um King Air C90GT, caiu no mar de Paraty, no Rio de Janeiro.<\/p>\n\n\n\n<p>A aeronave decolou de S\u00e3o Paulo sob forte chuva. A investiga\u00e7\u00e3o do Centro de Investiga\u00e7\u00e3o e Preven\u00e7\u00e3o de Acidentes Aeron\u00e1uticos (Cenipa) concluiu que o piloto tamb\u00e9m sofreu desorienta\u00e7\u00e3o espacial devido \u00e0s m\u00e1s condi\u00e7\u00f5es do tempo, perdendo o controle do avi\u00e3o.<\/p>\n\n\n\n<h2 class=\"wp-block-heading\">O pouso for\u00e7ado de Luciano Huck<\/h2>\n\n\n\n<p>Em maio de 2015, o apresentador Luciano Huck, sua esposa Ang\u00e9lica e os filhos passaram por um grande susto. O avi\u00e3o bimotor em que a fam\u00edlia viajava sofreu uma pane em um dos motores e precisou fazer um <a target=\"_blank\" rel=\"noreferrer noopener\" href=\"https:\/\/www.correiobraziliense.com.br\/brasil\/2025\/07\/7196839-jatinho-com-pneu-furado-faz-pouso-de-emergencia-em-aeroporto-do-interior-de-sp.html\">pouso de emerg\u00eancia<\/a> em uma fazenda em Mato Grosso do Sul.<\/p>\n\n\n\n<p>A habilidade do piloto foi crucial para que todos sa\u00edssem com ferimentos leves. O incidente teve grande repercuss\u00e3o e levantou discuss\u00f5es sobre a manuten\u00e7\u00e3o e seguran\u00e7a de aeronaves particulares no pa\u00eds.<\/p>\n\n\n\n<h2 class=\"wp-block-heading\">O susto de A\u00e9cio Neves em Minas Gerais<\/h2>\n\n\n\n<p>Quando era senador por Minas Gerais, em 2011, A\u00e9cio Neves tamb\u00e9m enfrentou um incidente a\u00e9reo. A aeronave em que estava fez um pouso for\u00e7ado em uma pista de terra no munic\u00edpio de Cl\u00e1udio, ap\u00f3s uma pane seca, ou seja, falta de combust\u00edvel.<\/p>\n\n\n\n<p>O avi\u00e3o estava a apenas 10 quil\u00f4metros do aeroporto de destino. Apesar do grande risco, o piloto conseguiu pousar a aeronave com seguran\u00e7a e ningu\u00e9m ficou ferido no incidente.<\/p>\n\n\n\n<p><\/p>\n","protected":false},"excerpt":{"rendered":"<p>O recente susto a\u00e9reo envolvendo o ministro Andr\u00e9 Mendon\u00e7a, em S\u00e3o Paulo, reacendeu a mem\u00f3ria de outros incidentes que mobilizaram o notici\u00e1rio e colocaram a seguran\u00e7a de voo de autoridades em debate. Ao longo dos anos, diversas figuras p\u00fablicas brasileiras passaram por momentos de tens\u00e3o no ar, desde panes t\u00e9cnicas a acidentes com desfechos tr\u00e1gicos. [&hellip;]<\/p>\n","protected":false},"author":9,"featured_media":28390,"comment_status":"open","ping_status":"open","sticky":false,"template":"","format":"standard","meta":{"jnews-multi-image_gallery":[],"jnews_single_post":{"format":"standard"},"jnews_primary_category":[],"jnews_social_meta":[],"jnews_override_counter":[],"footnotes":""},"categories":[120],"tags":[8970,8972,3594,157,8108,5813,8971],"class_list":["post-28389","post","type-post","status-publish","format-standard","has-post-thumbnail","hentry","category-curiosidades","tag-acidente-aereo","tag-autoridades","tag-aviao","tag-brasil","tag-politicos","tag-susto","tag-sustos"],"yoast_head":"<!-- This site is optimized with the Yoast SEO plugin v25.1 - https:\/\/yoast.com\/wordpress\/plugins\/seo\/ -->\n<title>Relembre 5 sustos a\u00e9reos envolvendo pol\u00edticos e autoridades no Brasil - Correio Braziliense - Aqui<\/title>\n<meta name=\"description\" content=\"De panes a acidentes fatais; incidentes a\u00e9reos com figuras p\u00fablicas que marcaram o notici\u00e1rio e debates sobre a seguran\u00e7a de voo no pa\u00eds.\" \/>\n<meta name=\"robots\" content=\"index, follow, max-snippet:-1, max-image-preview:large, max-video-preview:-1\" \/>\n<link rel=\"canonical\" href=\"https:\/\/www.correiobraziliense.com.br\/aqui\/2026\/04\/29\/relembre-5-sustos-aereos-envolvendo-politicos-e-autoridades-no-brasil\/\" \/>\n<meta property=\"og:locale\" content=\"pt_BR\" \/>\n<meta property=\"og:type\" content=\"article\" \/>\n<meta property=\"og:title\" content=\"Relembre 5 sustos a\u00e9reos envolvendo pol\u00edticos e autoridades no Brasil - Correio Braziliense - Aqui\" \/>\n<meta property=\"og:description\" content=\"De panes a acidentes fatais; incidentes a\u00e9reos com figuras p\u00fablicas que marcaram o notici\u00e1rio e debates sobre a seguran\u00e7a de voo no pa\u00eds.\" \/>\n<meta property=\"og:url\" content=\"https:\/\/www.correiobraziliense.com.br\/aqui\/2026\/04\/29\/relembre-5-sustos-aereos-envolvendo-politicos-e-autoridades-no-brasil\/\" \/>\n<meta property=\"og:site_name\" content=\"Correio Braziliense - Aqui\" \/>\n<meta property=\"article:published_time\" content=\"2026-04-29T20:48:33+00:00\" \/>\n<meta property=\"article:modified_time\" content=\"2026-04-29T20:48:36+00:00\" \/>\n<meta property=\"og:image\" content=\"https:\/\/www.correiobraziliense.com.br\/aqui\/wp-content\/uploads\/2026\/04\/acidente-aereo_1777495702475.jpg\" \/>\n\t<meta property=\"og:image:width\" content=\"1280\" \/>\n\t<meta property=\"og:image:height\" content=\"720\" \/>\n\t<meta property=\"og:image:type\" content=\"image\/jpeg\" \/>\n<meta name=\"author\" content=\"Lucas\" \/>\n<meta name=\"twitter:card\" content=\"summary_large_image\" \/>\n<meta name=\"twitter:label1\" content=\"Escrito por\" \/>\n\t<meta name=\"twitter:data1\" content=\"Lucas\" \/>\n\t<meta name=\"twitter:label2\" content=\"Est. tempo de leitura\" \/>\n\t<meta name=\"twitter:data2\" content=\"4 minutos\" \/>\n<!-- \/ Yoast SEO plugin. -->","yoast_head_json":{"title":"Relembre 5 sustos a\u00e9reos envolvendo pol\u00edticos e autoridades no Brasil - Correio Braziliense - Aqui","description":"De panes a acidentes fatais; incidentes a\u00e9reos com figuras p\u00fablicas que marcaram o notici\u00e1rio e debates sobre a seguran\u00e7a de voo no pa\u00eds.","robots":{"index":"index","follow":"follow","max-snippet":"max-snippet:-1","max-image-preview":"max-image-preview:large","max-video-preview":"max-video-preview:-1"},"canonical":"https:\/\/www.correiobraziliense.com.br\/aqui\/2026\/04\/29\/relembre-5-sustos-aereos-envolvendo-politicos-e-autoridades-no-brasil\/","og_locale":"pt_BR","og_type":"article","og_title":"Relembre 5 sustos a\u00e9reos envolvendo pol\u00edticos e autoridades no Brasil - Correio Braziliense - Aqui","og_description":"De panes a acidentes fatais; incidentes a\u00e9reos com figuras p\u00fablicas que marcaram o notici\u00e1rio e debates sobre a seguran\u00e7a de voo no pa\u00eds.","og_url":"https:\/\/www.correiobraziliense.com.br\/aqui\/2026\/04\/29\/relembre-5-sustos-aereos-envolvendo-politicos-e-autoridades-no-brasil\/","og_site_name":"Correio Braziliense - Aqui","article_published_time":"2026-04-29T20:48:33+00:00","article_modified_time":"2026-04-29T20:48:36+00:00","og_image":[{"width":1280,"height":720,"url":"https:\/\/www.correiobraziliense.com.br\/aqui\/wp-content\/uploads\/2026\/04\/acidente-aereo_1777495702475.jpg","type":"image\/jpeg"}],"author":"Lucas","twitter_card":"summary_large_image","twitter_misc":{"Escrito por":"Lucas","Est. tempo de leitura":"4 minutos"},"schema":{"@context":"https:\/\/schema.org","@graph":[{"@type":"WebPage","@id":"https:\/\/www.correiobraziliense.com.br\/aqui\/2026\/04\/29\/relembre-5-sustos-aereos-envolvendo-politicos-e-autoridades-no-brasil\/","url":"https:\/\/www.correiobraziliense.com.br\/aqui\/2026\/04\/29\/relembre-5-sustos-aereos-envolvendo-politicos-e-autoridades-no-brasil\/","name":"Relembre 5 sustos a\u00e9reos envolvendo pol\u00edticos e autoridades no Brasil - Correio Braziliense - Aqui","isPartOf":{"@id":"https:\/\/www.correiobraziliense.com.br\/aqui\/#website"},"primaryImageOfPage":{"@id":"https:\/\/www.correiobraziliense.com.br\/aqui\/2026\/04\/29\/relembre-5-sustos-aereos-envolvendo-politicos-e-autoridades-no-brasil\/#primaryimage"},"image":{"@id":"https:\/\/www.correiobraziliense.com.br\/aqui\/2026\/04\/29\/relembre-5-sustos-aereos-envolvendo-politicos-e-autoridades-no-brasil\/#primaryimage"},"thumbnailUrl":"https:\/\/www.correiobraziliense.com.br\/aqui\/wp-content\/uploads\/2026\/04\/acidente-aereo_1777495702475.jpg","datePublished":"2026-04-29T20:48:33+00:00","dateModified":"2026-04-29T20:48:36+00:00","author":{"@id":"https:\/\/www.correiobraziliense.com.br\/aqui\/#\/schema\/person\/36d094a725ba56bbeb370a877862a002"},"description":"De panes a acidentes fatais; incidentes a\u00e9reos com figuras p\u00fablicas que marcaram o notici\u00e1rio e debates sobre a seguran\u00e7a de voo no pa\u00eds.","breadcrumb":{"@id":"https:\/\/www.correiobraziliense.com.br\/aqui\/2026\/04\/29\/relembre-5-sustos-aereos-envolvendo-politicos-e-autoridades-no-brasil\/#breadcrumb"},"inLanguage":"pt-BR","potentialAction":[{"@type":"ReadAction","target":["https:\/\/www.correiobraziliense.com.br\/aqui\/2026\/04\/29\/relembre-5-sustos-aereos-envolvendo-politicos-e-autoridades-no-brasil\/"]}]},{"@type":"ImageObject","inLanguage":"pt-BR","@id":"https:\/\/www.correiobraziliense.com.br\/aqui\/2026\/04\/29\/relembre-5-sustos-aereos-envolvendo-politicos-e-autoridades-no-brasil\/#primaryimage","url":"https:\/\/www.correiobraziliense.com.br\/aqui\/wp-content\/uploads\/2026\/04\/acidente-aereo_1777495702475.jpg","contentUrl":"https:\/\/www.correiobraziliense.com.br\/aqui\/wp-content\/uploads\/2026\/04\/acidente-aereo_1777495702475.jpg","width":1280,"height":720,"caption":"Cr\u00e9ditos: depositphotos.com \/ juanjo39"},{"@type":"BreadcrumbList","@id":"https:\/\/www.correiobraziliense.com.br\/aqui\/2026\/04\/29\/relembre-5-sustos-aereos-envolvendo-politicos-e-autoridades-no-brasil\/#breadcrumb","itemListElement":[{"@type":"ListItem","position":1,"name":"In\u00edcio","item":"https:\/\/www.correiobraziliense.com.br\/aqui\/"},{"@type":"ListItem","position":2,"name":"Relembre 5 sustos a\u00e9reos envolvendo pol\u00edticos e autoridades no Brasil"}]},{"@type":"WebSite","@id":"https:\/\/www.correiobraziliense.com.br\/aqui\/#website","url":"https:\/\/www.correiobraziliense.com.br\/aqui\/","name":"Correio Braziliense - Aqui","description":"O Correio Braziliense (CB) \u00e9 o mais importante canal de not\u00edcias de Bras\u00edlia. Aqui voc\u00ea encontra as \u00faltimas not\u00edcias do DF, do Brasil e do mundo.","potentialAction":[{"@type":"SearchAction","target":{"@type":"EntryPoint","urlTemplate":"https:\/\/www.correiobraziliense.com.br\/aqui\/?s={search_term_string}"},"query-input":{"@type":"PropertyValueSpecification","valueRequired":true,"valueName":"search_term_string"}}],"inLanguage":"pt-BR"},{"@type":"Person","@id":"https:\/\/www.correiobraziliense.com.br\/aqui\/#\/schema\/person\/36d094a725ba56bbeb370a877862a002","name":"Lucas","image":{"@type":"ImageObject","inLanguage":"pt-BR","@id":"https:\/\/www.correiobraziliense.com.br\/aqui\/#\/schema\/person\/image\/","url":"https:\/\/secure.gravatar.com\/avatar\/eb1dd4a751dca39c233b091fb7b8ce9ef1608850325ab98ff1fbe898fcef0908?s=96&d=mm&r=g","contentUrl":"https:\/\/secure.gravatar.com\/avatar\/eb1dd4a751dca39c233b091fb7b8ce9ef1608850325ab98ff1fbe898fcef0908?s=96&d=mm&r=g","caption":"Lucas"},"url":"https:\/\/www.correiobraziliense.com.br\/aqui\/author\/lucasaqui\/"}]}},"_links":{"self":[{"href":"https:\/\/www.correiobraziliense.com.br\/aqui\/wp-json\/wp\/v2\/posts\/28389","targetHints":{"allow":["GET"]}}],"collection":[{"href":"https:\/\/www.correiobraziliense.com.br\/aqui\/wp-json\/wp\/v2\/posts"}],"about":[{"href":"https:\/\/www.correiobraziliense.com.br\/aqui\/wp-json\/wp\/v2\/types\/post"}],"author":[{"embeddable":true,"href":"https:\/\/www.correiobraziliense.com.br\/aqui\/wp-json\/wp\/v2\/users\/9"}],"replies":[{"embeddable":true,"href":"https:\/\/www.correiobraziliense.com.br\/aqui\/wp-json\/wp\/v2\/comments?post=28389"}],"version-history":[{"count":1,"href":"https:\/\/www.correiobraziliense.com.br\/aqui\/wp-json\/wp\/v2\/posts\/28389\/revisions"}],"predecessor-version":[{"id":28391,"href":"https:\/\/www.correiobraziliense.com.br\/aqui\/wp-json\/wp\/v2\/posts\/28389\/revisions\/28391"}],"wp:featuredmedia":[{"embeddable":true,"href":"https:\/\/www.correiobraziliense.com.br\/aqui\/wp-json\/wp\/v2\/media\/28390"}],"wp:attachment":[{"href":"https:\/\/www.correiobraziliense.com.br\/aqui\/wp-json\/wp\/v2\/media?parent=28389"}],"wp:term":[{"taxonomy":"category","embeddable":true,"href":"https:\/\/www.correiobraziliense.com.br\/aqui\/wp-json\/wp\/v2\/categories?post=28389"},{"taxonomy":"post_tag","embeddable":true,"href":"https:\/\/www.correiobraziliense.com.br\/aqui\/wp-json\/wp\/v2\/tags?post=28389"}],"curies":[{"name":"wp","href":"https:\/\/api.w.org\/{rel}","templated":true}]}}