{"id":28395,"date":"2026-04-29T17:53:53","date_gmt":"2026-04-29T20:53:53","guid":{"rendered":"https:\/\/www.correiobraziliense.com.br\/aqui\/?p=28395"},"modified":"2026-04-29T17:53:56","modified_gmt":"2026-04-29T20:53:56","slug":"por-que-a-india-e-uma-potencia-em-tecnologia-e-forma-tantos-ceos","status":"publish","type":"post","link":"https:\/\/www.correiobraziliense.com.br\/aqui\/2026\/04\/29\/por-que-a-india-e-uma-potencia-em-tecnologia-e-forma-tantos-ceos\/","title":{"rendered":"Por que a \u00cdndia \u00e9 uma pot\u00eancia em tecnologia e forma tantos &#8216;CEOs&#8217;"},"content":{"rendered":"\n<p>A lideran\u00e7a de gigantes da tecnologia como Google, Microsoft e Adobe por executivos de origem indiana n\u00e3o \u00e9 uma coincid\u00eancia. Nomes como Sundar Pichai (CEO do Google desde 2015), Satya Nadella (CEO da Microsoft desde 2014) e Shantanu Narayen (CEO da Adobe desde 2007) representam o resultado de uma combina\u00e7\u00e3o de fatores educacionais, culturais e econ\u00f4micos que transformaram a \u00cdndia em um verdadeiro celeiro de talentos para o setor.<\/p>\n\n\n\n<p>Essa trajet\u00f3ria de sucesso come\u00e7a nas salas de aula. O <a target=\"_blank\" rel=\"noreferrer noopener\" href=\"https:\/\/www.correiobraziliense.com.br\/euestudante\/trabalho-e-formacao\/2025\/09\/7244267-analise-a-educacao-tambem-pode-ser-engolida-pela-ia.html\">sistema de ensino indiano<\/a> \u00e9 famoso por seu rigor e foco intenso nas \u00e1reas de ci\u00eancia, tecnologia, engenharia e matem\u00e1tica (STEM). Institui\u00e7\u00f5es como os Institutos Indianos de Tecnologia (IITs) possuem vestibulares extremamente competitivos, atraindo os melhores estudantes do pa\u00eds e submetendo-os a uma forma\u00e7\u00e3o t\u00e9cnica de alt\u00edssimo n\u00edvel.<\/p>\n\n\n\n<p>Essa base educacional s\u00f3lida prepara os profissionais n\u00e3o apenas com conhecimento t\u00e9cnico, mas tamb\u00e9m com uma grande capacidade de resolver problemas complexos e uma forte disciplina de trabalho. A competi\u00e7\u00e3o acirrada desde cedo incentiva a resili\u00eancia e a busca constante por excel\u00eancia, caracter\u00edsticas essenciais para quem almeja cargos de lideran\u00e7a em ambientes corporativos globais.<\/p>\n\n\n\n<h2 class=\"wp-block-heading\">Vantagens culturais no mundo dos neg\u00f3cios<\/h2>\n\n\n\n<p>O <a target=\"_blank\" rel=\"noreferrer noopener\" href=\"https:\/\/www.correiobraziliense.com.br\/euestudante\/trabalho-e-formacao\/2025\/06\/7179255-profissionais-bilingues-x-traducao-por-ia-quem-vence-essa-batalha-no-mercado-de-trabalho.html\">dom\u00ednio do ingl\u00eas<\/a> \u00e9 outra vantagem competitiva crucial. Sendo uma das l\u00ednguas oficiais do pa\u00eds, o idioma \u00e9 amplamente utilizado no ensino superior e no mundo dos neg\u00f3cios, eliminando barreiras de comunica\u00e7\u00e3o e facilitando a integra\u00e7\u00e3o em empresas multinacionais, especialmente as sediadas nos Estados Unidos.<\/p>\n\n\n\n<p>A <a target=\"_blank\" rel=\"noreferrer noopener\" href=\"https:\/\/www.correiobraziliense.com.br\/direito-e-justica\/2025\/05\/7146926-o-futuro-pertence-a-diversidade.html\">diversidade cultural<\/a> da pr\u00f3pria \u00cdndia tamb\u00e9m desempenha um papel importante. Crescer em um pa\u00eds com centenas de l\u00ednguas e uma vasta gama de costumes desenvolve uma alta capacidade de adapta\u00e7\u00e3o e intelig\u00eancia cultural. Essa habilidade de navegar em ambientes multiculturais \u00e9 um diferencial valioso na gest\u00e3o de equipes globais.<\/p>\n\n\n\n<p>Soma-se a isso uma mentalidade orientada para a solu\u00e7\u00e3o de problemas, muitas vezes descrita pelo termo local &#8220;jugaad&#8221;, que se refere \u00e0 inova\u00e7\u00e3o frugal e criativa. Essa capacidade de encontrar solu\u00e7\u00f5es eficazes com recursos limitados \u00e9 muito apreciada no <a target=\"_blank\" rel=\"noreferrer noopener\" href=\"https:\/\/www.correiobraziliense.com.br\/euestudante\/trabalho-e-formacao\/2026\/01\/7331442-por-que-copiar-o-vale-do-silicio-nao-faz-empresas-crescerem-no-brasil.html\">setor de tecnologia<\/a>, que est\u00e1 em constante transforma\u00e7\u00e3o.<\/p>\n\n\n\n<p>Finalmente, a abertura econ\u00f4mica da \u00cdndia a partir da d\u00e9cada de 1990 impulsionou o setor de servi\u00e7os de TI. Isso criou um ecossistema robusto, onde milh\u00f5es de indianos ganharam experi\u00eancia trabalhando para grandes clientes internacionais, formando uma gera\u00e7\u00e3o de profissionais com vis\u00e3o global e pronta para liderar as maiores empresas do planeta.<\/p>\n\n\n\n<p><\/p>\n","protected":false},"excerpt":{"rendered":"<p>A lideran\u00e7a de gigantes da tecnologia como Google, Microsoft e Adobe por executivos de origem indiana n\u00e3o \u00e9 uma coincid\u00eancia. Nomes como Sundar Pichai (CEO do Google desde 2015), Satya Nadella (CEO da Microsoft desde 2014) e Shantanu Narayen (CEO da Adobe desde 2007) representam o resultado de uma combina\u00e7\u00e3o de fatores educacionais, culturais e [&hellip;]<\/p>\n","protected":false},"author":9,"featured_media":28396,"comment_status":"open","ping_status":"open","sticky":false,"template":"","format":"standard","meta":{"jnews-multi-image_gallery":[],"jnews_single_post":{"format":"standard"},"jnews_primary_category":[],"jnews_social_meta":[],"jnews_override_counter":[],"footnotes":""},"categories":[120],"tags":[6094,1125,8943,8977,224],"class_list":["post-28395","post","type-post","status-publish","format-standard","has-post-thumbnail","hentry","category-curiosidades","tag-ceo","tag-curiosidades","tag-india-3","tag-potencia","tag-tecnologia"],"yoast_head":"<!-- This site is optimized with the Yoast SEO plugin v25.1 - https:\/\/yoast.com\/wordpress\/plugins\/seo\/ -->\n<title>Por que a \u00cdndia \u00e9 uma pot\u00eancia em tecnologia e forma tantos &#039;CEOs&#039; - Correio Braziliense - Aqui<\/title>\n<meta name=\"description\" content=\"O pa\u00eds lidera grandes empresas como Google, Microsoft e Adobe; entenda os fatores culturais e educacionais que impulsionam talentos.\" \/>\n<meta name=\"robots\" content=\"index, follow, max-snippet:-1, max-image-preview:large, max-video-preview:-1\" \/>\n<link rel=\"canonical\" href=\"https:\/\/www.correiobraziliense.com.br\/aqui\/2026\/04\/29\/por-que-a-india-e-uma-potencia-em-tecnologia-e-forma-tantos-ceos\/\" \/>\n<meta property=\"og:locale\" content=\"pt_BR\" \/>\n<meta property=\"og:type\" content=\"article\" \/>\n<meta property=\"og:title\" content=\"Por que a \u00cdndia \u00e9 uma pot\u00eancia em tecnologia e forma tantos &#039;CEOs&#039; - Correio Braziliense - Aqui\" \/>\n<meta property=\"og:description\" content=\"O pa\u00eds lidera grandes empresas como Google, Microsoft e Adobe; entenda os fatores culturais e educacionais que impulsionam talentos.\" \/>\n<meta property=\"og:url\" content=\"https:\/\/www.correiobraziliense.com.br\/aqui\/2026\/04\/29\/por-que-a-india-e-uma-potencia-em-tecnologia-e-forma-tantos-ceos\/\" \/>\n<meta property=\"og:site_name\" content=\"Correio Braziliense - Aqui\" \/>\n<meta property=\"article:published_time\" content=\"2026-04-29T20:53:53+00:00\" \/>\n<meta property=\"article:modified_time\" content=\"2026-04-29T20:53:56+00:00\" \/>\n<meta property=\"og:image\" content=\"https:\/\/www.correiobraziliense.com.br\/aqui\/wp-content\/uploads\/2026\/04\/india-tecnologia_1777496006033.jpg\" \/>\n\t<meta property=\"og:image:width\" content=\"1280\" \/>\n\t<meta property=\"og:image:height\" content=\"720\" \/>\n\t<meta property=\"og:image:type\" content=\"image\/jpeg\" \/>\n<meta name=\"author\" content=\"Lucas\" \/>\n<meta name=\"twitter:card\" content=\"summary_large_image\" \/>\n<meta name=\"twitter:label1\" content=\"Escrito por\" \/>\n\t<meta name=\"twitter:data1\" content=\"Lucas\" \/>\n\t<meta name=\"twitter:label2\" content=\"Est. tempo de leitura\" \/>\n\t<meta name=\"twitter:data2\" content=\"3 minutos\" \/>\n<!-- \/ Yoast SEO plugin. -->","yoast_head_json":{"title":"Por que a \u00cdndia \u00e9 uma pot\u00eancia em tecnologia e forma tantos 'CEOs' - Correio Braziliense - Aqui","description":"O pa\u00eds lidera grandes empresas como Google, Microsoft e Adobe; entenda os fatores culturais e educacionais que impulsionam talentos.","robots":{"index":"index","follow":"follow","max-snippet":"max-snippet:-1","max-image-preview":"max-image-preview:large","max-video-preview":"max-video-preview:-1"},"canonical":"https:\/\/www.correiobraziliense.com.br\/aqui\/2026\/04\/29\/por-que-a-india-e-uma-potencia-em-tecnologia-e-forma-tantos-ceos\/","og_locale":"pt_BR","og_type":"article","og_title":"Por que a \u00cdndia \u00e9 uma pot\u00eancia em tecnologia e forma tantos 'CEOs' - Correio Braziliense - Aqui","og_description":"O pa\u00eds lidera grandes empresas como Google, Microsoft e Adobe; entenda os fatores culturais e educacionais que impulsionam talentos.","og_url":"https:\/\/www.correiobraziliense.com.br\/aqui\/2026\/04\/29\/por-que-a-india-e-uma-potencia-em-tecnologia-e-forma-tantos-ceos\/","og_site_name":"Correio Braziliense - Aqui","article_published_time":"2026-04-29T20:53:53+00:00","article_modified_time":"2026-04-29T20:53:56+00:00","og_image":[{"width":1280,"height":720,"url":"https:\/\/www.correiobraziliense.com.br\/aqui\/wp-content\/uploads\/2026\/04\/india-tecnologia_1777496006033.jpg","type":"image\/jpeg"}],"author":"Lucas","twitter_card":"summary_large_image","twitter_misc":{"Escrito por":"Lucas","Est. tempo de leitura":"3 minutos"},"schema":{"@context":"https:\/\/schema.org","@graph":[{"@type":"WebPage","@id":"https:\/\/www.correiobraziliense.com.br\/aqui\/2026\/04\/29\/por-que-a-india-e-uma-potencia-em-tecnologia-e-forma-tantos-ceos\/","url":"https:\/\/www.correiobraziliense.com.br\/aqui\/2026\/04\/29\/por-que-a-india-e-uma-potencia-em-tecnologia-e-forma-tantos-ceos\/","name":"Por que a \u00cdndia \u00e9 uma pot\u00eancia em tecnologia e forma tantos 'CEOs' - Correio Braziliense - Aqui","isPartOf":{"@id":"https:\/\/www.correiobraziliense.com.br\/aqui\/#website"},"primaryImageOfPage":{"@id":"https:\/\/www.correiobraziliense.com.br\/aqui\/2026\/04\/29\/por-que-a-india-e-uma-potencia-em-tecnologia-e-forma-tantos-ceos\/#primaryimage"},"image":{"@id":"https:\/\/www.correiobraziliense.com.br\/aqui\/2026\/04\/29\/por-que-a-india-e-uma-potencia-em-tecnologia-e-forma-tantos-ceos\/#primaryimage"},"thumbnailUrl":"https:\/\/www.correiobraziliense.com.br\/aqui\/wp-content\/uploads\/2026\/04\/india-tecnologia_1777496006033.jpg","datePublished":"2026-04-29T20:53:53+00:00","dateModified":"2026-04-29T20:53:56+00:00","author":{"@id":"https:\/\/www.correiobraziliense.com.br\/aqui\/#\/schema\/person\/36d094a725ba56bbeb370a877862a002"},"description":"O pa\u00eds lidera grandes empresas como Google, Microsoft e Adobe; entenda os fatores culturais e educacionais que impulsionam talentos.","breadcrumb":{"@id":"https:\/\/www.correiobraziliense.com.br\/aqui\/2026\/04\/29\/por-que-a-india-e-uma-potencia-em-tecnologia-e-forma-tantos-ceos\/#breadcrumb"},"inLanguage":"pt-BR","potentialAction":[{"@type":"ReadAction","target":["https:\/\/www.correiobraziliense.com.br\/aqui\/2026\/04\/29\/por-que-a-india-e-uma-potencia-em-tecnologia-e-forma-tantos-ceos\/"]}]},{"@type":"ImageObject","inLanguage":"pt-BR","@id":"https:\/\/www.correiobraziliense.com.br\/aqui\/2026\/04\/29\/por-que-a-india-e-uma-potencia-em-tecnologia-e-forma-tantos-ceos\/#primaryimage","url":"https:\/\/www.correiobraziliense.com.br\/aqui\/wp-content\/uploads\/2026\/04\/india-tecnologia_1777496006033.jpg","contentUrl":"https:\/\/www.correiobraziliense.com.br\/aqui\/wp-content\/uploads\/2026\/04\/india-tecnologia_1777496006033.jpg","width":1280,"height":720,"caption":"Cr\u00e9ditos: depositphotos.com \/ 3d_generator"},{"@type":"BreadcrumbList","@id":"https:\/\/www.correiobraziliense.com.br\/aqui\/2026\/04\/29\/por-que-a-india-e-uma-potencia-em-tecnologia-e-forma-tantos-ceos\/#breadcrumb","itemListElement":[{"@type":"ListItem","position":1,"name":"In\u00edcio","item":"https:\/\/www.correiobraziliense.com.br\/aqui\/"},{"@type":"ListItem","position":2,"name":"Por que a \u00cdndia \u00e9 uma pot\u00eancia em tecnologia e forma tantos &#8216;CEOs&#8217;"}]},{"@type":"WebSite","@id":"https:\/\/www.correiobraziliense.com.br\/aqui\/#website","url":"https:\/\/www.correiobraziliense.com.br\/aqui\/","name":"Correio Braziliense - Aqui","description":"O Correio Braziliense (CB) \u00e9 o mais importante canal de not\u00edcias de Bras\u00edlia. Aqui voc\u00ea encontra as \u00faltimas not\u00edcias do DF, do Brasil e do mundo.","potentialAction":[{"@type":"SearchAction","target":{"@type":"EntryPoint","urlTemplate":"https:\/\/www.correiobraziliense.com.br\/aqui\/?s={search_term_string}"},"query-input":{"@type":"PropertyValueSpecification","valueRequired":true,"valueName":"search_term_string"}}],"inLanguage":"pt-BR"},{"@type":"Person","@id":"https:\/\/www.correiobraziliense.com.br\/aqui\/#\/schema\/person\/36d094a725ba56bbeb370a877862a002","name":"Lucas","image":{"@type":"ImageObject","inLanguage":"pt-BR","@id":"https:\/\/www.correiobraziliense.com.br\/aqui\/#\/schema\/person\/image\/","url":"https:\/\/secure.gravatar.com\/avatar\/eb1dd4a751dca39c233b091fb7b8ce9ef1608850325ab98ff1fbe898fcef0908?s=96&d=mm&r=g","contentUrl":"https:\/\/secure.gravatar.com\/avatar\/eb1dd4a751dca39c233b091fb7b8ce9ef1608850325ab98ff1fbe898fcef0908?s=96&d=mm&r=g","caption":"Lucas"},"url":"https:\/\/www.correiobraziliense.com.br\/aqui\/author\/lucasaqui\/"}]}},"_links":{"self":[{"href":"https:\/\/www.correiobraziliense.com.br\/aqui\/wp-json\/wp\/v2\/posts\/28395","targetHints":{"allow":["GET"]}}],"collection":[{"href":"https:\/\/www.correiobraziliense.com.br\/aqui\/wp-json\/wp\/v2\/posts"}],"about":[{"href":"https:\/\/www.correiobraziliense.com.br\/aqui\/wp-json\/wp\/v2\/types\/post"}],"author":[{"embeddable":true,"href":"https:\/\/www.correiobraziliense.com.br\/aqui\/wp-json\/wp\/v2\/users\/9"}],"replies":[{"embeddable":true,"href":"https:\/\/www.correiobraziliense.com.br\/aqui\/wp-json\/wp\/v2\/comments?post=28395"}],"version-history":[{"count":1,"href":"https:\/\/www.correiobraziliense.com.br\/aqui\/wp-json\/wp\/v2\/posts\/28395\/revisions"}],"predecessor-version":[{"id":28397,"href":"https:\/\/www.correiobraziliense.com.br\/aqui\/wp-json\/wp\/v2\/posts\/28395\/revisions\/28397"}],"wp:featuredmedia":[{"embeddable":true,"href":"https:\/\/www.correiobraziliense.com.br\/aqui\/wp-json\/wp\/v2\/media\/28396"}],"wp:attachment":[{"href":"https:\/\/www.correiobraziliense.com.br\/aqui\/wp-json\/wp\/v2\/media?parent=28395"}],"wp:term":[{"taxonomy":"category","embeddable":true,"href":"https:\/\/www.correiobraziliense.com.br\/aqui\/wp-json\/wp\/v2\/categories?post=28395"},{"taxonomy":"post_tag","embeddable":true,"href":"https:\/\/www.correiobraziliense.com.br\/aqui\/wp-json\/wp\/v2\/tags?post=28395"}],"curies":[{"name":"wp","href":"https:\/\/api.w.org\/{rel}","templated":true}]}}