{"id":28401,"date":"2026-04-29T17:59:47","date_gmt":"2026-04-29T20:59:47","guid":{"rendered":"https:\/\/www.correiobraziliense.com.br\/aqui\/?p=28401"},"modified":"2026-04-29T17:59:50","modified_gmt":"2026-04-29T20:59:50","slug":"alem-do-voo-da-pf-relembre-4-escandalos-envolvendo-uso-indevido-de-avioes","status":"publish","type":"post","link":"https:\/\/www.correiobraziliense.com.br\/aqui\/2026\/04\/29\/alem-do-voo-da-pf-relembre-4-escandalos-envolvendo-uso-indevido-de-avioes\/","title":{"rendered":"Al\u00e9m do voo da PF: relembre 4 esc\u00e2ndalos envolvendo uso indevido de avi\u00f5es"},"content":{"rendered":"\n<p>A recente investiga\u00e7\u00e3o sobre um voo com quatro pol\u00edticos e a suspeita de contrabando reacende o debate sobre o uso de aeronaves por figuras p\u00fablicas no Brasil. O epis\u00f3dio se junta a uma longa lista de casos que marcaram a pol\u00edtica nacional, envolvendo desde desvio de finalidade de voos da For\u00e7a A\u00e9rea Brasileira (FAB) at\u00e9 o transporte de itens il\u00edcitos.<\/p>\n\n\n\n<p>Situa\u00e7\u00f5es como essa geram forte repercuss\u00e3o e colocam em xeque o uso de bens p\u00fablicos e as <a target=\"_blank\" rel=\"noreferrer noopener\" href=\"https:\/\/www.correiobraziliense.com.br\/brasil\/2025\/06\/7183374-policiais-e-ex-piloto-sao-presos-por-corrupcao-e-vazamento-de-informacoes.html\">prerrogativas de autoridades<\/a>. Ao longo das \u00faltimas d\u00e9cadas, diversos esc\u00e2ndalos vieram \u00e0 tona, resultando em investiga\u00e7\u00f5es, crises pol\u00edticas e, em alguns casos, perda de mandato. Relembre outros epis\u00f3dios marcantes sobre o tema.<\/p>\n\n\n\n<ul class=\"wp-block-list\">\n<li><strong>Carona para leil\u00e3o de gado:<\/strong> em 2013, o ent\u00e3o ministro da Agricultura, Ant\u00f4nio Andrade, usou um <a href=\"https:\/\/www.correiobraziliense.com.br\/brasil\/2025\/03\/7091252-piloto-registra-interceptacao-por-caca-da-fab-veja-video.html\" target=\"_blank\" rel=\"noreferrer noopener\">avi\u00e3o da FAB<\/a> para viajar a um evento particular: um leil\u00e3o de gado em Minas Gerais. O caso gerou grande pol\u00eamica sobre o uso da frota oficial para fins pessoais e levou a um maior controle sobre a solicita\u00e7\u00e3o das aeronaves.<\/li>\n\n\n\n<li><strong>Voos de f\u00e9rias:<\/strong> o uso de <a href=\"https:\/\/www.correiobraziliense.com.br\/holofote\/2025\/07\/7203245-fab-vai-afastar-137-pilotos-e-paralisar-aeronaves-como-diz-postagem.html\" target=\"_blank\" rel=\"noreferrer noopener\">avi\u00f5es da FAB<\/a> para deslocamentos durante feriados e f\u00e9rias \u00e9 um tema recorrente. J\u00e1 houve registros de presidentes da C\u00e2mara e do Senado que utilizaram as aeronaves para viajar com a fam\u00edlia para destinos tur\u00edsticos, como Fernando de Noronha e cidades do litoral nordestino, levantando questionamentos sobre a legalidade e a moralidade da pr\u00e1tica.<\/li>\n\n\n\n<li><strong>Campanha com avi\u00e3o oficial:<\/strong> em diferentes momentos, pol\u00edticos foram acusados de utilizar voos oficiais para cumprir agendas de campanha eleitoral. A pr\u00e1tica configura desvio de finalidade, pois as aeronaves da FAB s\u00e3o destinadas exclusivamente a miss\u00f5es de Estado, emerg\u00eancias m\u00e9dicas ou raz\u00f5es de seguran\u00e7a.<\/li>\n\n\n\n<li><strong>Coca\u00edna no avi\u00e3o presidencial:<\/strong> talvez o caso de maior repercuss\u00e3o internacional tenha ocorrido em 2019. Um militar da Aeron\u00e1utica foi preso em Sevilha, na Espanha, com <a href=\"https:\/\/www.correiobraziliense.com.br\/brasil\/2025\/08\/7237775-aviao-com-435kg-de-cocaina-faz-pouso-forcado-no-para.html\" target=\"_blank\" rel=\"noreferrer noopener\">39 quilos de coca\u00edna<\/a> em sua bagagem. Ele viajava em uma aeronave da FAB que integrava a comitiva de apoio a uma viagem presidencial ao Jap\u00e3o, expondo uma grave falha de seguran\u00e7a.<\/li>\n<\/ul>\n\n\n\n<p><\/p>\n","protected":false},"excerpt":{"rendered":"<p>A recente investiga\u00e7\u00e3o sobre um voo com quatro pol\u00edticos e a suspeita de contrabando reacende o debate sobre o uso de aeronaves por figuras p\u00fablicas no Brasil. O epis\u00f3dio se junta a uma longa lista de casos que marcaram a pol\u00edtica nacional, envolvendo desde desvio de finalidade de voos da For\u00e7a A\u00e9rea Brasileira (FAB) at\u00e9 [&hellip;]<\/p>\n","protected":false},"author":9,"featured_media":28402,"comment_status":"open","ping_status":"open","sticky":false,"template":"","format":"standard","meta":{"jnews-multi-image_gallery":[],"jnews_single_post":{"format":"standard"},"jnews_primary_category":[],"jnews_social_meta":[],"jnews_override_counter":[],"footnotes":""},"categories":[120],"tags":[3594,8936,6126,8942,8979,8112],"class_list":["post-28401","post","type-post","status-publish","format-standard","has-post-thumbnail","hentry","category-curiosidades","tag-aviao","tag-contrabando","tag-pf","tag-policia-federal-2","tag-uso-indevido","tag-voo"],"yoast_head":"<!-- This site is optimized with the Yoast SEO plugin v25.1 - https:\/\/yoast.com\/wordpress\/plugins\/seo\/ -->\n<title>Al\u00e9m do voo da PF: relembre 4 esc\u00e2ndalos envolvendo uso indevido de avi\u00f5es - Correio Braziliense - Aqui<\/title>\n<meta name=\"description\" content=\"De viagens particulares a transporte de drogas; veja epis\u00f3dios em que o uso de aeronaves por pol\u00edticos gerou investiga\u00e7\u00f5es e crises.\" \/>\n<meta name=\"robots\" content=\"index, follow, max-snippet:-1, max-image-preview:large, max-video-preview:-1\" \/>\n<link rel=\"canonical\" href=\"https:\/\/www.correiobraziliense.com.br\/aqui\/2026\/04\/29\/alem-do-voo-da-pf-relembre-4-escandalos-envolvendo-uso-indevido-de-avioes\/\" \/>\n<meta property=\"og:locale\" content=\"pt_BR\" \/>\n<meta property=\"og:type\" content=\"article\" \/>\n<meta property=\"og:title\" content=\"Al\u00e9m do voo da PF: relembre 4 esc\u00e2ndalos envolvendo uso indevido de avi\u00f5es - Correio Braziliense - Aqui\" \/>\n<meta property=\"og:description\" content=\"De viagens particulares a transporte de drogas; veja epis\u00f3dios em que o uso de aeronaves por pol\u00edticos gerou investiga\u00e7\u00f5es e crises.\" \/>\n<meta property=\"og:url\" content=\"https:\/\/www.correiobraziliense.com.br\/aqui\/2026\/04\/29\/alem-do-voo-da-pf-relembre-4-escandalos-envolvendo-uso-indevido-de-avioes\/\" \/>\n<meta property=\"og:site_name\" content=\"Correio Braziliense - Aqui\" \/>\n<meta property=\"article:published_time\" content=\"2026-04-29T20:59:47+00:00\" \/>\n<meta property=\"article:modified_time\" content=\"2026-04-29T20:59:50+00:00\" \/>\n<meta property=\"og:image\" content=\"https:\/\/www.correiobraziliense.com.br\/aqui\/wp-content\/uploads\/2026\/04\/jato_1777496368423.jpg\" \/>\n\t<meta property=\"og:image:width\" content=\"1280\" \/>\n\t<meta property=\"og:image:height\" content=\"720\" \/>\n\t<meta property=\"og:image:type\" content=\"image\/jpeg\" \/>\n<meta name=\"author\" content=\"Lucas\" \/>\n<meta name=\"twitter:card\" content=\"summary_large_image\" \/>\n<meta name=\"twitter:label1\" content=\"Escrito por\" \/>\n\t<meta name=\"twitter:data1\" content=\"Lucas\" \/>\n\t<meta name=\"twitter:label2\" content=\"Est. tempo de leitura\" \/>\n\t<meta name=\"twitter:data2\" content=\"3 minutos\" \/>\n<!-- \/ Yoast SEO plugin. -->","yoast_head_json":{"title":"Al\u00e9m do voo da PF: relembre 4 esc\u00e2ndalos envolvendo uso indevido de avi\u00f5es - Correio Braziliense - Aqui","description":"De viagens particulares a transporte de drogas; veja epis\u00f3dios em que o uso de aeronaves por pol\u00edticos gerou investiga\u00e7\u00f5es e crises.","robots":{"index":"index","follow":"follow","max-snippet":"max-snippet:-1","max-image-preview":"max-image-preview:large","max-video-preview":"max-video-preview:-1"},"canonical":"https:\/\/www.correiobraziliense.com.br\/aqui\/2026\/04\/29\/alem-do-voo-da-pf-relembre-4-escandalos-envolvendo-uso-indevido-de-avioes\/","og_locale":"pt_BR","og_type":"article","og_title":"Al\u00e9m do voo da PF: relembre 4 esc\u00e2ndalos envolvendo uso indevido de avi\u00f5es - Correio Braziliense - Aqui","og_description":"De viagens particulares a transporte de drogas; veja epis\u00f3dios em que o uso de aeronaves por pol\u00edticos gerou investiga\u00e7\u00f5es e crises.","og_url":"https:\/\/www.correiobraziliense.com.br\/aqui\/2026\/04\/29\/alem-do-voo-da-pf-relembre-4-escandalos-envolvendo-uso-indevido-de-avioes\/","og_site_name":"Correio Braziliense - Aqui","article_published_time":"2026-04-29T20:59:47+00:00","article_modified_time":"2026-04-29T20:59:50+00:00","og_image":[{"width":1280,"height":720,"url":"https:\/\/www.correiobraziliense.com.br\/aqui\/wp-content\/uploads\/2026\/04\/jato_1777496368423.jpg","type":"image\/jpeg"}],"author":"Lucas","twitter_card":"summary_large_image","twitter_misc":{"Escrito por":"Lucas","Est. tempo de leitura":"3 minutos"},"schema":{"@context":"https:\/\/schema.org","@graph":[{"@type":"WebPage","@id":"https:\/\/www.correiobraziliense.com.br\/aqui\/2026\/04\/29\/alem-do-voo-da-pf-relembre-4-escandalos-envolvendo-uso-indevido-de-avioes\/","url":"https:\/\/www.correiobraziliense.com.br\/aqui\/2026\/04\/29\/alem-do-voo-da-pf-relembre-4-escandalos-envolvendo-uso-indevido-de-avioes\/","name":"Al\u00e9m do voo da PF: relembre 4 esc\u00e2ndalos envolvendo uso indevido de avi\u00f5es - Correio Braziliense - Aqui","isPartOf":{"@id":"https:\/\/www.correiobraziliense.com.br\/aqui\/#website"},"primaryImageOfPage":{"@id":"https:\/\/www.correiobraziliense.com.br\/aqui\/2026\/04\/29\/alem-do-voo-da-pf-relembre-4-escandalos-envolvendo-uso-indevido-de-avioes\/#primaryimage"},"image":{"@id":"https:\/\/www.correiobraziliense.com.br\/aqui\/2026\/04\/29\/alem-do-voo-da-pf-relembre-4-escandalos-envolvendo-uso-indevido-de-avioes\/#primaryimage"},"thumbnailUrl":"https:\/\/www.correiobraziliense.com.br\/aqui\/wp-content\/uploads\/2026\/04\/jato_1777496368423.jpg","datePublished":"2026-04-29T20:59:47+00:00","dateModified":"2026-04-29T20:59:50+00:00","author":{"@id":"https:\/\/www.correiobraziliense.com.br\/aqui\/#\/schema\/person\/36d094a725ba56bbeb370a877862a002"},"description":"De viagens particulares a transporte de drogas; veja epis\u00f3dios em que o uso de aeronaves por pol\u00edticos gerou investiga\u00e7\u00f5es e crises.","breadcrumb":{"@id":"https:\/\/www.correiobraziliense.com.br\/aqui\/2026\/04\/29\/alem-do-voo-da-pf-relembre-4-escandalos-envolvendo-uso-indevido-de-avioes\/#breadcrumb"},"inLanguage":"pt-BR","potentialAction":[{"@type":"ReadAction","target":["https:\/\/www.correiobraziliense.com.br\/aqui\/2026\/04\/29\/alem-do-voo-da-pf-relembre-4-escandalos-envolvendo-uso-indevido-de-avioes\/"]}]},{"@type":"ImageObject","inLanguage":"pt-BR","@id":"https:\/\/www.correiobraziliense.com.br\/aqui\/2026\/04\/29\/alem-do-voo-da-pf-relembre-4-escandalos-envolvendo-uso-indevido-de-avioes\/#primaryimage","url":"https:\/\/www.correiobraziliense.com.br\/aqui\/wp-content\/uploads\/2026\/04\/jato_1777496368423.jpg","contentUrl":"https:\/\/www.correiobraziliense.com.br\/aqui\/wp-content\/uploads\/2026\/04\/jato_1777496368423.jpg","width":1280,"height":720,"caption":"Cr\u00e9ditos: depositphotos.com \/ Policarpo"},{"@type":"BreadcrumbList","@id":"https:\/\/www.correiobraziliense.com.br\/aqui\/2026\/04\/29\/alem-do-voo-da-pf-relembre-4-escandalos-envolvendo-uso-indevido-de-avioes\/#breadcrumb","itemListElement":[{"@type":"ListItem","position":1,"name":"In\u00edcio","item":"https:\/\/www.correiobraziliense.com.br\/aqui\/"},{"@type":"ListItem","position":2,"name":"Al\u00e9m do voo da PF: relembre 4 esc\u00e2ndalos envolvendo uso indevido de avi\u00f5es"}]},{"@type":"WebSite","@id":"https:\/\/www.correiobraziliense.com.br\/aqui\/#website","url":"https:\/\/www.correiobraziliense.com.br\/aqui\/","name":"Correio Braziliense - Aqui","description":"O Correio Braziliense (CB) \u00e9 o mais importante canal de not\u00edcias de Bras\u00edlia. Aqui voc\u00ea encontra as \u00faltimas not\u00edcias do DF, do Brasil e do mundo.","potentialAction":[{"@type":"SearchAction","target":{"@type":"EntryPoint","urlTemplate":"https:\/\/www.correiobraziliense.com.br\/aqui\/?s={search_term_string}"},"query-input":{"@type":"PropertyValueSpecification","valueRequired":true,"valueName":"search_term_string"}}],"inLanguage":"pt-BR"},{"@type":"Person","@id":"https:\/\/www.correiobraziliense.com.br\/aqui\/#\/schema\/person\/36d094a725ba56bbeb370a877862a002","name":"Lucas","image":{"@type":"ImageObject","inLanguage":"pt-BR","@id":"https:\/\/www.correiobraziliense.com.br\/aqui\/#\/schema\/person\/image\/","url":"https:\/\/secure.gravatar.com\/avatar\/eb1dd4a751dca39c233b091fb7b8ce9ef1608850325ab98ff1fbe898fcef0908?s=96&d=mm&r=g","contentUrl":"https:\/\/secure.gravatar.com\/avatar\/eb1dd4a751dca39c233b091fb7b8ce9ef1608850325ab98ff1fbe898fcef0908?s=96&d=mm&r=g","caption":"Lucas"},"url":"https:\/\/www.correiobraziliense.com.br\/aqui\/author\/lucasaqui\/"}]}},"_links":{"self":[{"href":"https:\/\/www.correiobraziliense.com.br\/aqui\/wp-json\/wp\/v2\/posts\/28401","targetHints":{"allow":["GET"]}}],"collection":[{"href":"https:\/\/www.correiobraziliense.com.br\/aqui\/wp-json\/wp\/v2\/posts"}],"about":[{"href":"https:\/\/www.correiobraziliense.com.br\/aqui\/wp-json\/wp\/v2\/types\/post"}],"author":[{"embeddable":true,"href":"https:\/\/www.correiobraziliense.com.br\/aqui\/wp-json\/wp\/v2\/users\/9"}],"replies":[{"embeddable":true,"href":"https:\/\/www.correiobraziliense.com.br\/aqui\/wp-json\/wp\/v2\/comments?post=28401"}],"version-history":[{"count":1,"href":"https:\/\/www.correiobraziliense.com.br\/aqui\/wp-json\/wp\/v2\/posts\/28401\/revisions"}],"predecessor-version":[{"id":28403,"href":"https:\/\/www.correiobraziliense.com.br\/aqui\/wp-json\/wp\/v2\/posts\/28401\/revisions\/28403"}],"wp:featuredmedia":[{"embeddable":true,"href":"https:\/\/www.correiobraziliense.com.br\/aqui\/wp-json\/wp\/v2\/media\/28402"}],"wp:attachment":[{"href":"https:\/\/www.correiobraziliense.com.br\/aqui\/wp-json\/wp\/v2\/media?parent=28401"}],"wp:term":[{"taxonomy":"category","embeddable":true,"href":"https:\/\/www.correiobraziliense.com.br\/aqui\/wp-json\/wp\/v2\/categories?post=28401"},{"taxonomy":"post_tag","embeddable":true,"href":"https:\/\/www.correiobraziliense.com.br\/aqui\/wp-json\/wp\/v2\/tags?post=28401"}],"curies":[{"name":"wp","href":"https:\/\/api.w.org\/{rel}","templated":true}]}}