{"id":28404,"date":"2026-04-29T18:01:58","date_gmt":"2026-04-29T21:01:58","guid":{"rendered":"https:\/\/www.correiobraziliense.com.br\/aqui\/?p=28404"},"modified":"2026-04-29T18:02:02","modified_gmt":"2026-04-29T21:02:02","slug":"relembre-5-casos-de-problemas-em-avioes-com-autoridades-brasileiras","status":"publish","type":"post","link":"https:\/\/www.correiobraziliense.com.br\/aqui\/2026\/04\/29\/relembre-5-casos-de-problemas-em-avioes-com-autoridades-brasileiras\/","title":{"rendered":"Relembre 5 casos de problemas em avi\u00f5es com autoridades brasileiras"},"content":{"rendered":"\n<p>Um recente problema t\u00e9cnico na aeronave que transportava o ministro do Supremo Tribunal Federal (STF), Andr\u00e9 Mendon\u00e7a, em S\u00e3o Paulo, trouxe novamente \u00e0 tona a quest\u00e3o da seguran\u00e7a a\u00e9rea de autoridades no Brasil. O incidente, que exigiu uma manuten\u00e7\u00e3o n\u00e3o programada e atrasou a decolagem em cerca de uma hora e meia, n\u00e3o \u00e9 um fato isolado. Nos \u00faltimos anos, diversos pol\u00edticos e figuras p\u00fablicas enfrentaram sustos e situa\u00e7\u00f5es cr\u00edticas a bordo de avi\u00f5es.<\/p>\n\n\n\n<p>Situa\u00e7\u00f5es como essa geram apreens\u00e3o e levantam debates sobre a manuten\u00e7\u00e3o e a idade das frotas utilizadas para o transporte de autoridades. Desde falhas mec\u00e2nicas que for\u00e7aram <a target=\"_blank\" rel=\"noreferrer noopener\" href=\"https:\/\/www.correiobraziliense.com.br\/brasil\/2025\/07\/7196839-jatinho-com-pneu-furado-faz-pouso-de-emergencia-em-aeroporto-do-interior-de-sp.html\">pousos de emerg\u00eancia<\/a> at\u00e9 acidentes fatais que marcaram a hist\u00f3ria pol\u00edtica do pa\u00eds, o hist\u00f3rico \u00e9 extenso. Relembre outros cinco casos marcantes que aconteceram no Brasil.<\/p>\n\n\n\n<ol class=\"wp-block-list\">\n<li><strong>Luiz In\u00e1cio Lula da Silva<\/strong><br>Em novembro de 2023, <a href=\"https:\/\/www.correiobraziliense.com.br\/politica\/2025\/10\/7262076-aviao-de-lula-tem-pane-no-para-medo-que-o-aviao-pegasse-fogo.html\" target=\"_blank\" rel=\"noreferrer noopener\">o avi\u00e3o presidencial<\/a> Airbus A319, conhecido como &#8220;Aerolula&#8221;, apresentou uma falha no sistema de pressuriza\u00e7\u00e3o pouco antes de uma viagem do presidente ao Egito. O problema foi identificado durante a checagem de rotina e o voo precisou ser adiado para o dia seguinte, com a troca da aeronave por um avi\u00e3o reserva da For\u00e7a A\u00e9rea Brasileira (FAB).<\/li>\n\n\n\n<li><strong>Jair Bolsonaro<\/strong><br>Durante uma viagem aos Estados Unidos em junho de 2022, <a href=\"https:\/\/www.correiobraziliense.com.br\/politica\/2025\/08\/7237321-aviao-de-alckmin-apresenta-falhas-mecanicas-durante-escala-na-colombia.html\" target=\"_blank\" rel=\"noreferrer noopener\">o avi\u00e3o presidencial da FAB<\/a> que transportava o ent\u00e3o presidente Jair Bolsonaro teve um problema no sistema de degelo de um dos motores. Por precau\u00e7\u00e3o, a tripula\u00e7\u00e3o decidiu retornar a Bras\u00edlia. Ap\u00f3s a corre\u00e7\u00e3o da falha, a comitiva seguiu viagem em outra aeronave.<\/li>\n\n\n\n<li><strong>Teori Zavascki<\/strong><br>Um dos casos mais tr\u00e1gicos envolveu o ent\u00e3o ministro do STF Teori Zavascki. Em janeiro de 2017, o avi\u00e3o de pequeno porte em que ele viajava <a href=\"https:\/\/www.correiobraziliense.com.br\/brasil\/2025\/09\/7256090-aviao-que-caiu-no-pantanal-com-arquiteto-e-cineastas-voava-fora-do-horario-permitido.html\" target=\"_blank\" rel=\"noreferrer noopener\">caiu no mar de Paraty<\/a>, no Rio de Janeiro. O acidente resultou na morte do ministro e de outras quatro pessoas. Na \u00e9poca, Zavascki era o relator da Opera\u00e7\u00e3o Lava Jato na suprema corte.<\/li>\n\n\n\n<li><strong>Luciano Huck e Ang\u00e9lica<\/strong><br>Em maio de 2015, os apresentadores Luciano Huck e Ang\u00e9lica, juntamente com os tr\u00eas filhos e duas bab\u00e1s, passaram por um grande susto. O avi\u00e3o bimotor em que a fam\u00edlia viajava sofreu uma pane e precisou fazer um pouso for\u00e7ado em uma fazenda no Mato Grosso do Sul. Apesar do impacto, todos os ocupantes sobreviveram com ferimentos leves.<\/li>\n\n\n\n<li><strong>Eduardo Campos<\/strong><br>A queda de um avi\u00e3o Cessna Citation em Santos, no litoral de S\u00e3o Paulo, em agosto de 2014, marcou a pol\u00edtica nacional. O acidente matou o ent\u00e3o candidato \u00e0 presid\u00eancia da Rep\u00fablica, Eduardo Campos, e outras seis pessoas. A trag\u00e9dia ocorreu em plena campanha eleitoral e alterou completamente o cen\u00e1rio da disputa daquele ano.<\/li>\n<\/ol>\n\n\n\n<p><\/p>\n","protected":false},"excerpt":{"rendered":"<p>Um recente problema t\u00e9cnico na aeronave que transportava o ministro do Supremo Tribunal Federal (STF), Andr\u00e9 Mendon\u00e7a, em S\u00e3o Paulo, trouxe novamente \u00e0 tona a quest\u00e3o da seguran\u00e7a a\u00e9rea de autoridades no Brasil. O incidente, que exigiu uma manuten\u00e7\u00e3o n\u00e3o programada e atrasou a decolagem em cerca de uma hora e meia, n\u00e3o \u00e9 um [&hellip;]<\/p>\n","protected":false},"author":9,"featured_media":28405,"comment_status":"open","ping_status":"open","sticky":false,"template":"","format":"standard","meta":{"jnews-multi-image_gallery":[],"jnews_single_post":{"format":"standard"},"jnews_primary_category":[],"jnews_social_meta":[],"jnews_override_counter":[],"footnotes":""},"categories":[120],"tags":[8972,3594,8980,157,8276,3141,7868,8112],"class_list":["post-28404","post","type-post","status-publish","format-standard","has-post-thumbnail","hentry","category-curiosidades","tag-autoridades","tag-aviao","tag-avioes","tag-brasil","tag-casos","tag-fab","tag-problemas","tag-voo"],"yoast_head":"<!-- This site is optimized with the Yoast SEO plugin v25.1 - https:\/\/yoast.com\/wordpress\/plugins\/seo\/ -->\n<title>Relembre 5 casos de problemas em avi\u00f5es com autoridades brasileiras - Correio Braziliense - Aqui<\/title>\n<meta name=\"description\" content=\"O incidente com Andr\u00e9 Mendon\u00e7a n\u00e3o foi o \u00fanico; veja outros pol\u00edticos e figuras p\u00fablicas que passaram por sustos a\u00e9reos nos \u00faltimos anos.\" \/>\n<meta name=\"robots\" content=\"index, follow, max-snippet:-1, max-image-preview:large, max-video-preview:-1\" \/>\n<link rel=\"canonical\" href=\"https:\/\/www.correiobraziliense.com.br\/aqui\/2026\/04\/29\/relembre-5-casos-de-problemas-em-avioes-com-autoridades-brasileiras\/\" \/>\n<meta property=\"og:locale\" content=\"pt_BR\" \/>\n<meta property=\"og:type\" content=\"article\" \/>\n<meta property=\"og:title\" content=\"Relembre 5 casos de problemas em avi\u00f5es com autoridades brasileiras - Correio Braziliense - Aqui\" \/>\n<meta property=\"og:description\" content=\"O incidente com Andr\u00e9 Mendon\u00e7a n\u00e3o foi o \u00fanico; veja outros pol\u00edticos e figuras p\u00fablicas que passaram por sustos a\u00e9reos nos \u00faltimos anos.\" \/>\n<meta property=\"og:url\" content=\"https:\/\/www.correiobraziliense.com.br\/aqui\/2026\/04\/29\/relembre-5-casos-de-problemas-em-avioes-com-autoridades-brasileiras\/\" \/>\n<meta property=\"og:site_name\" content=\"Correio Braziliense - Aqui\" \/>\n<meta property=\"article:published_time\" content=\"2026-04-29T21:01:58+00:00\" \/>\n<meta property=\"article:modified_time\" content=\"2026-04-29T21:02:02+00:00\" \/>\n<meta property=\"og:image\" content=\"https:\/\/www.correiobraziliense.com.br\/aqui\/wp-content\/uploads\/2026\/04\/fab_1777496468482.jpg\" \/>\n\t<meta property=\"og:image:width\" content=\"1280\" \/>\n\t<meta property=\"og:image:height\" content=\"720\" \/>\n\t<meta property=\"og:image:type\" content=\"image\/jpeg\" \/>\n<meta name=\"author\" content=\"Lucas\" \/>\n<meta name=\"twitter:card\" content=\"summary_large_image\" \/>\n<meta name=\"twitter:label1\" content=\"Escrito por\" \/>\n\t<meta name=\"twitter:data1\" content=\"Lucas\" \/>\n\t<meta name=\"twitter:label2\" content=\"Est. tempo de leitura\" \/>\n\t<meta name=\"twitter:data2\" content=\"3 minutos\" \/>\n<!-- \/ Yoast SEO plugin. -->","yoast_head_json":{"title":"Relembre 5 casos de problemas em avi\u00f5es com autoridades brasileiras - Correio Braziliense - Aqui","description":"O incidente com Andr\u00e9 Mendon\u00e7a n\u00e3o foi o \u00fanico; veja outros pol\u00edticos e figuras p\u00fablicas que passaram por sustos a\u00e9reos nos \u00faltimos anos.","robots":{"index":"index","follow":"follow","max-snippet":"max-snippet:-1","max-image-preview":"max-image-preview:large","max-video-preview":"max-video-preview:-1"},"canonical":"https:\/\/www.correiobraziliense.com.br\/aqui\/2026\/04\/29\/relembre-5-casos-de-problemas-em-avioes-com-autoridades-brasileiras\/","og_locale":"pt_BR","og_type":"article","og_title":"Relembre 5 casos de problemas em avi\u00f5es com autoridades brasileiras - Correio Braziliense - Aqui","og_description":"O incidente com Andr\u00e9 Mendon\u00e7a n\u00e3o foi o \u00fanico; veja outros pol\u00edticos e figuras p\u00fablicas que passaram por sustos a\u00e9reos nos \u00faltimos anos.","og_url":"https:\/\/www.correiobraziliense.com.br\/aqui\/2026\/04\/29\/relembre-5-casos-de-problemas-em-avioes-com-autoridades-brasileiras\/","og_site_name":"Correio Braziliense - Aqui","article_published_time":"2026-04-29T21:01:58+00:00","article_modified_time":"2026-04-29T21:02:02+00:00","og_image":[{"width":1280,"height":720,"url":"https:\/\/www.correiobraziliense.com.br\/aqui\/wp-content\/uploads\/2026\/04\/fab_1777496468482.jpg","type":"image\/jpeg"}],"author":"Lucas","twitter_card":"summary_large_image","twitter_misc":{"Escrito por":"Lucas","Est. tempo de leitura":"3 minutos"},"schema":{"@context":"https:\/\/schema.org","@graph":[{"@type":"WebPage","@id":"https:\/\/www.correiobraziliense.com.br\/aqui\/2026\/04\/29\/relembre-5-casos-de-problemas-em-avioes-com-autoridades-brasileiras\/","url":"https:\/\/www.correiobraziliense.com.br\/aqui\/2026\/04\/29\/relembre-5-casos-de-problemas-em-avioes-com-autoridades-brasileiras\/","name":"Relembre 5 casos de problemas em avi\u00f5es com autoridades brasileiras - Correio Braziliense - Aqui","isPartOf":{"@id":"https:\/\/www.correiobraziliense.com.br\/aqui\/#website"},"primaryImageOfPage":{"@id":"https:\/\/www.correiobraziliense.com.br\/aqui\/2026\/04\/29\/relembre-5-casos-de-problemas-em-avioes-com-autoridades-brasileiras\/#primaryimage"},"image":{"@id":"https:\/\/www.correiobraziliense.com.br\/aqui\/2026\/04\/29\/relembre-5-casos-de-problemas-em-avioes-com-autoridades-brasileiras\/#primaryimage"},"thumbnailUrl":"https:\/\/www.correiobraziliense.com.br\/aqui\/wp-content\/uploads\/2026\/04\/fab_1777496468482.jpg","datePublished":"2026-04-29T21:01:58+00:00","dateModified":"2026-04-29T21:02:02+00:00","author":{"@id":"https:\/\/www.correiobraziliense.com.br\/aqui\/#\/schema\/person\/36d094a725ba56bbeb370a877862a002"},"description":"O incidente com Andr\u00e9 Mendon\u00e7a n\u00e3o foi o \u00fanico; veja outros pol\u00edticos e figuras p\u00fablicas que passaram por sustos a\u00e9reos nos \u00faltimos anos.","breadcrumb":{"@id":"https:\/\/www.correiobraziliense.com.br\/aqui\/2026\/04\/29\/relembre-5-casos-de-problemas-em-avioes-com-autoridades-brasileiras\/#breadcrumb"},"inLanguage":"pt-BR","potentialAction":[{"@type":"ReadAction","target":["https:\/\/www.correiobraziliense.com.br\/aqui\/2026\/04\/29\/relembre-5-casos-de-problemas-em-avioes-com-autoridades-brasileiras\/"]}]},{"@type":"ImageObject","inLanguage":"pt-BR","@id":"https:\/\/www.correiobraziliense.com.br\/aqui\/2026\/04\/29\/relembre-5-casos-de-problemas-em-avioes-com-autoridades-brasileiras\/#primaryimage","url":"https:\/\/www.correiobraziliense.com.br\/aqui\/wp-content\/uploads\/2026\/04\/fab_1777496468482.jpg","contentUrl":"https:\/\/www.correiobraziliense.com.br\/aqui\/wp-content\/uploads\/2026\/04\/fab_1777496468482.jpg","width":1280,"height":720,"caption":"Cr\u00e9ditos: depositphotos.com \/ vbacarin"},{"@type":"BreadcrumbList","@id":"https:\/\/www.correiobraziliense.com.br\/aqui\/2026\/04\/29\/relembre-5-casos-de-problemas-em-avioes-com-autoridades-brasileiras\/#breadcrumb","itemListElement":[{"@type":"ListItem","position":1,"name":"In\u00edcio","item":"https:\/\/www.correiobraziliense.com.br\/aqui\/"},{"@type":"ListItem","position":2,"name":"Relembre 5 casos de problemas em avi\u00f5es com autoridades brasileiras"}]},{"@type":"WebSite","@id":"https:\/\/www.correiobraziliense.com.br\/aqui\/#website","url":"https:\/\/www.correiobraziliense.com.br\/aqui\/","name":"Correio Braziliense - Aqui","description":"O Correio Braziliense (CB) \u00e9 o mais importante canal de not\u00edcias de Bras\u00edlia. Aqui voc\u00ea encontra as \u00faltimas not\u00edcias do DF, do Brasil e do mundo.","potentialAction":[{"@type":"SearchAction","target":{"@type":"EntryPoint","urlTemplate":"https:\/\/www.correiobraziliense.com.br\/aqui\/?s={search_term_string}"},"query-input":{"@type":"PropertyValueSpecification","valueRequired":true,"valueName":"search_term_string"}}],"inLanguage":"pt-BR"},{"@type":"Person","@id":"https:\/\/www.correiobraziliense.com.br\/aqui\/#\/schema\/person\/36d094a725ba56bbeb370a877862a002","name":"Lucas","image":{"@type":"ImageObject","inLanguage":"pt-BR","@id":"https:\/\/www.correiobraziliense.com.br\/aqui\/#\/schema\/person\/image\/","url":"https:\/\/secure.gravatar.com\/avatar\/eb1dd4a751dca39c233b091fb7b8ce9ef1608850325ab98ff1fbe898fcef0908?s=96&d=mm&r=g","contentUrl":"https:\/\/secure.gravatar.com\/avatar\/eb1dd4a751dca39c233b091fb7b8ce9ef1608850325ab98ff1fbe898fcef0908?s=96&d=mm&r=g","caption":"Lucas"},"url":"https:\/\/www.correiobraziliense.com.br\/aqui\/author\/lucasaqui\/"}]}},"_links":{"self":[{"href":"https:\/\/www.correiobraziliense.com.br\/aqui\/wp-json\/wp\/v2\/posts\/28404","targetHints":{"allow":["GET"]}}],"collection":[{"href":"https:\/\/www.correiobraziliense.com.br\/aqui\/wp-json\/wp\/v2\/posts"}],"about":[{"href":"https:\/\/www.correiobraziliense.com.br\/aqui\/wp-json\/wp\/v2\/types\/post"}],"author":[{"embeddable":true,"href":"https:\/\/www.correiobraziliense.com.br\/aqui\/wp-json\/wp\/v2\/users\/9"}],"replies":[{"embeddable":true,"href":"https:\/\/www.correiobraziliense.com.br\/aqui\/wp-json\/wp\/v2\/comments?post=28404"}],"version-history":[{"count":1,"href":"https:\/\/www.correiobraziliense.com.br\/aqui\/wp-json\/wp\/v2\/posts\/28404\/revisions"}],"predecessor-version":[{"id":28406,"href":"https:\/\/www.correiobraziliense.com.br\/aqui\/wp-json\/wp\/v2\/posts\/28404\/revisions\/28406"}],"wp:featuredmedia":[{"embeddable":true,"href":"https:\/\/www.correiobraziliense.com.br\/aqui\/wp-json\/wp\/v2\/media\/28405"}],"wp:attachment":[{"href":"https:\/\/www.correiobraziliense.com.br\/aqui\/wp-json\/wp\/v2\/media?parent=28404"}],"wp:term":[{"taxonomy":"category","embeddable":true,"href":"https:\/\/www.correiobraziliense.com.br\/aqui\/wp-json\/wp\/v2\/categories?post=28404"},{"taxonomy":"post_tag","embeddable":true,"href":"https:\/\/www.correiobraziliense.com.br\/aqui\/wp-json\/wp\/v2\/tags?post=28404"}],"curies":[{"name":"wp","href":"https:\/\/api.w.org\/{rel}","templated":true}]}}