{"id":28426,"date":"2026-04-30T09:13:00","date_gmt":"2026-04-30T12:13:00","guid":{"rendered":"https:\/\/www.correiobraziliense.com.br\/aqui\/?p=28426"},"modified":"2026-04-30T08:55:11","modified_gmt":"2026-04-30T11:55:11","slug":"como-a-taxa-selic-afeta-o-seu-dia-a-dia-e-voce-nem-percebe","status":"publish","type":"post","link":"https:\/\/www.correiobraziliense.com.br\/aqui\/2026\/04\/30\/como-a-taxa-selic-afeta-o-seu-dia-a-dia-e-voce-nem-percebe\/","title":{"rendered":"Como a taxa Selic afeta o seu dia a dia e voc\u00ea nem percebe"},"content":{"rendered":"\n<p>A decis\u00e3o do Comit\u00ea de Pol\u00edtica Monet\u00e1ria (Copom) do Banco Central sobre a taxa Selic, anunciada recentemente em Bras\u00edlia, pode parecer um assunto distante, mas ela define o ritmo da sua vida financeira. Mais do que um n\u00famero para economistas, a Selic \u00e9 a ferramenta principal do pa\u00eds para controlar a infla\u00e7\u00e3o e influencia desde o custo do seu cafezinho at\u00e9 a presta\u00e7\u00e3o da casa pr\u00f3pria.<\/p>\n\n\n\n<p>Quando voc\u00ea ouve que a Selic subiu, significa que o custo do dinheiro no Brasil ficou mais alto. Pense nela como a taxa de juros base para todas as outras. Se para os bancos fica mais caro pegar dinheiro emprestado, eles repassam esse custo para voc\u00ea em forma de juros maiores no cart\u00e3o de cr\u00e9dito, no cheque especial e nos <a target=\"_blank\" rel=\"noreferrer noopener\" href=\"https:\/\/www.correiobraziliense.com.br\/cidades-df\/2025\/06\/7183571-alta-da-selic-freia-consumo-e-ameaca-sonhos-de-casa-propria-e-carro-novo.html\">financiamentos de carros e im\u00f3veis<\/a>.<\/p>\n\n\n\n<p>Na pr\u00e1tica, um aumento na Selic desestimula o consumo. Com o <a target=\"_blank\" rel=\"noreferrer noopener\" href=\"https:\/\/www.correiobraziliense.com.br\/economia\/2025\/03\/7075006-juros-altos-acendem-a-luz-amarela-para-o-credito-dizem-especialistas.html\">cr\u00e9dito mais caro<\/a>, as pessoas tendem a adiar compras e projetos que dependem de empr\u00e9stimos. Essa freada na demanda ajuda a segurar os pre\u00e7os, combatendo a infla\u00e7\u00e3o. Por outro lado, quando o <a target=\"_blank\" rel=\"noreferrer noopener\" href=\"https:\/\/www.correiobraziliense.com.br\/economia\/2025\/12\/7311519-copom-e-fomc-tem-decisoes-contrarias-mas-esperadas-pelo-mercado.html\">Copom decide cortar a Selic<\/a>, o efeito \u00e9 o oposto: o cr\u00e9dito fica mais barato, o que incentiva o consumo e o crescimento da economia.<\/p>\n\n\n\n<h3 class=\"wp-block-heading\">E o pre\u00e7o do p\u00e3ozinho na padaria?<\/h3>\n\n\n\n<p>A conex\u00e3o pode n\u00e3o ser \u00f3bvia, mas existe. A Selic impacta toda a cadeia de produ\u00e7\u00e3o. O agricultor que precisa de um empr\u00e9stimo para comprar insumos para o trigo, a transportadora que financia um caminh\u00e3o novo e o dono da padaria que investe em um forno moderno s\u00e3o todos afetados pelo custo do cr\u00e9dito.<\/p>\n\n\n\n<p>Se os juros est\u00e3o altos, esses custos aumentam e, inevitavelmente, s\u00e3o repassados para o pre\u00e7o final dos produtos que chegam \u00e0 sua mesa, como o p\u00e3o. Por isso, a <a target=\"_blank\" rel=\"noreferrer noopener\" href=\"https:\/\/www.correiobraziliense.com.br\/economia\/2025\/03\/7088840-taxa-de-juros-chega-a-1425-e-vai-subir-mais-segundo-o-copom.html\">taxa b\u00e1sica de juros<\/a> \u00e9 um instrumento poderoso para influenciar o poder de compra de toda a popula\u00e7\u00e3o.<\/p>\n\n\n\n<p>Seu dinheiro tamb\u00e9m rende mais (ou menos)<\/p>\n\n\n\n<p>A Selic tamb\u00e9m determina o rendimento de v\u00e1rios investimentos de renda fixa. Aplica\u00e7\u00f5es como o Tesouro Selic e muitos CDBs s\u00e3o diretamente atrelados a ela, enquanto a poupan\u00e7a tem regra de rendimento pr\u00f3pria vinculada \u00e0 Selic. Quando a taxa sobe, esses investimentos se tornam mais atrativos, pois passam a render mais.<\/p>\n\n\n\n<p>J\u00e1 em um cen\u00e1rio de Selic em baixa, o retorno desses investimentos diminui. Isso pode levar os investidores a buscarem op\u00e7\u00f5es com maior risco, como a\u00e7\u00f5es, na tentativa de obter uma rentabilidade maior para o seu dinheiro. Entender essa din\u00e2mica \u00e9 o primeiro passo para tomar decis\u00f5es financeiras mais conscientes.<\/p>\n","protected":false},"excerpt":{"rendered":"<p>Dos juros do cart\u00e3o de cr\u00e9dito ao pre\u00e7o do p\u00e3ozinho; entenda de forma simples como a taxa Selic impacta diretamente sua vida.<\/p>\n","protected":false},"author":10,"featured_media":28428,"comment_status":"open","ping_status":"open","sticky":false,"template":"","format":"standard","meta":{"jnews-multi-image_gallery":[],"jnews_single_post":{"format":"standard"},"jnews_primary_category":[],"jnews_social_meta":[],"jnews_override_counter":[],"footnotes":""},"categories":[1512],"tags":[473,8990,8991],"class_list":["post-28426","post","type-post","status-publish","format-standard","has-post-thumbnail","hentry","category-economia","tag-economia","tag-selic","tag-taxa-selic"],"yoast_head":"<!-- This site is optimized with the Yoast SEO plugin v25.1 - https:\/\/yoast.com\/wordpress\/plugins\/seo\/ -->\n<title>Como a taxa Selic afeta o seu dia a dia e voc\u00ea nem percebe - Correio Braziliense - Aqui<\/title>\n<meta name=\"description\" content=\"Dos juros do cart\u00e3o de cr\u00e9dito ao pre\u00e7o do p\u00e3ozinho; entenda de forma simples como a taxa Selic impacta diretamente sua vida.\" \/>\n<meta name=\"robots\" content=\"index, follow, max-snippet:-1, max-image-preview:large, max-video-preview:-1\" \/>\n<link rel=\"canonical\" href=\"https:\/\/www.correiobraziliense.com.br\/aqui\/2026\/04\/30\/como-a-taxa-selic-afeta-o-seu-dia-a-dia-e-voce-nem-percebe\/\" \/>\n<meta property=\"og:locale\" content=\"pt_BR\" \/>\n<meta property=\"og:type\" content=\"article\" \/>\n<meta property=\"og:title\" content=\"Como a taxa Selic afeta o seu dia a dia e voc\u00ea nem percebe - Correio Braziliense - Aqui\" \/>\n<meta property=\"og:description\" content=\"Dos juros do cart\u00e3o de cr\u00e9dito ao pre\u00e7o do p\u00e3ozinho; entenda de forma simples como a taxa Selic impacta diretamente sua vida.\" \/>\n<meta property=\"og:url\" content=\"https:\/\/www.correiobraziliense.com.br\/aqui\/2026\/04\/30\/como-a-taxa-selic-afeta-o-seu-dia-a-dia-e-voce-nem-percebe\/\" \/>\n<meta property=\"og:site_name\" content=\"Correio Braziliense - Aqui\" \/>\n<meta property=\"article:published_time\" content=\"2026-04-30T12:13:00+00:00\" \/>\n<meta property=\"og:image\" content=\"https:\/\/www.correiobraziliense.com.br\/aqui\/wp-content\/uploads\/2026\/04\/taxa-selic_1777547603056.jpg\" \/>\n\t<meta property=\"og:image:width\" content=\"1280\" \/>\n\t<meta property=\"og:image:height\" content=\"720\" \/>\n\t<meta property=\"og:image:type\" content=\"image\/jpeg\" \/>\n<meta name=\"author\" content=\"Larissa\" \/>\n<meta name=\"twitter:card\" content=\"summary_large_image\" \/>\n<meta name=\"twitter:label1\" content=\"Escrito por\" \/>\n\t<meta name=\"twitter:data1\" content=\"Larissa\" \/>\n\t<meta name=\"twitter:label2\" content=\"Est. tempo de leitura\" \/>\n\t<meta name=\"twitter:data2\" content=\"3 minutos\" \/>\n<!-- \/ Yoast SEO plugin. -->","yoast_head_json":{"title":"Como a taxa Selic afeta o seu dia a dia e voc\u00ea nem percebe - Correio Braziliense - Aqui","description":"Dos juros do cart\u00e3o de cr\u00e9dito ao pre\u00e7o do p\u00e3ozinho; entenda de forma simples como a taxa Selic impacta diretamente sua vida.","robots":{"index":"index","follow":"follow","max-snippet":"max-snippet:-1","max-image-preview":"max-image-preview:large","max-video-preview":"max-video-preview:-1"},"canonical":"https:\/\/www.correiobraziliense.com.br\/aqui\/2026\/04\/30\/como-a-taxa-selic-afeta-o-seu-dia-a-dia-e-voce-nem-percebe\/","og_locale":"pt_BR","og_type":"article","og_title":"Como a taxa Selic afeta o seu dia a dia e voc\u00ea nem percebe - Correio Braziliense - Aqui","og_description":"Dos juros do cart\u00e3o de cr\u00e9dito ao pre\u00e7o do p\u00e3ozinho; entenda de forma simples como a taxa Selic impacta diretamente sua vida.","og_url":"https:\/\/www.correiobraziliense.com.br\/aqui\/2026\/04\/30\/como-a-taxa-selic-afeta-o-seu-dia-a-dia-e-voce-nem-percebe\/","og_site_name":"Correio Braziliense - Aqui","article_published_time":"2026-04-30T12:13:00+00:00","og_image":[{"width":1280,"height":720,"url":"https:\/\/www.correiobraziliense.com.br\/aqui\/wp-content\/uploads\/2026\/04\/taxa-selic_1777547603056.jpg","type":"image\/jpeg"}],"author":"Larissa","twitter_card":"summary_large_image","twitter_misc":{"Escrito por":"Larissa","Est. tempo de leitura":"3 minutos"},"schema":{"@context":"https:\/\/schema.org","@graph":[{"@type":"WebPage","@id":"https:\/\/www.correiobraziliense.com.br\/aqui\/2026\/04\/30\/como-a-taxa-selic-afeta-o-seu-dia-a-dia-e-voce-nem-percebe\/","url":"https:\/\/www.correiobraziliense.com.br\/aqui\/2026\/04\/30\/como-a-taxa-selic-afeta-o-seu-dia-a-dia-e-voce-nem-percebe\/","name":"Como a taxa Selic afeta o seu dia a dia e voc\u00ea nem percebe - Correio Braziliense - Aqui","isPartOf":{"@id":"https:\/\/www.correiobraziliense.com.br\/aqui\/#website"},"primaryImageOfPage":{"@id":"https:\/\/www.correiobraziliense.com.br\/aqui\/2026\/04\/30\/como-a-taxa-selic-afeta-o-seu-dia-a-dia-e-voce-nem-percebe\/#primaryimage"},"image":{"@id":"https:\/\/www.correiobraziliense.com.br\/aqui\/2026\/04\/30\/como-a-taxa-selic-afeta-o-seu-dia-a-dia-e-voce-nem-percebe\/#primaryimage"},"thumbnailUrl":"https:\/\/www.correiobraziliense.com.br\/aqui\/wp-content\/uploads\/2026\/04\/taxa-selic_1777547603056.jpg","datePublished":"2026-04-30T12:13:00+00:00","author":{"@id":"https:\/\/www.correiobraziliense.com.br\/aqui\/#\/schema\/person\/775f50a8c1ac31704d56816e99b29041"},"description":"Dos juros do cart\u00e3o de cr\u00e9dito ao pre\u00e7o do p\u00e3ozinho; entenda de forma simples como a taxa Selic impacta diretamente sua vida.","breadcrumb":{"@id":"https:\/\/www.correiobraziliense.com.br\/aqui\/2026\/04\/30\/como-a-taxa-selic-afeta-o-seu-dia-a-dia-e-voce-nem-percebe\/#breadcrumb"},"inLanguage":"pt-BR","potentialAction":[{"@type":"ReadAction","target":["https:\/\/www.correiobraziliense.com.br\/aqui\/2026\/04\/30\/como-a-taxa-selic-afeta-o-seu-dia-a-dia-e-voce-nem-percebe\/"]}]},{"@type":"ImageObject","inLanguage":"pt-BR","@id":"https:\/\/www.correiobraziliense.com.br\/aqui\/2026\/04\/30\/como-a-taxa-selic-afeta-o-seu-dia-a-dia-e-voce-nem-percebe\/#primaryimage","url":"https:\/\/www.correiobraziliense.com.br\/aqui\/wp-content\/uploads\/2026\/04\/taxa-selic_1777547603056.jpg","contentUrl":"https:\/\/www.correiobraziliense.com.br\/aqui\/wp-content\/uploads\/2026\/04\/taxa-selic_1777547603056.jpg","width":1280,"height":720,"caption":"Cr\u00e9ditos: depositphotos.com \/ rmcarvalhobsb"},{"@type":"BreadcrumbList","@id":"https:\/\/www.correiobraziliense.com.br\/aqui\/2026\/04\/30\/como-a-taxa-selic-afeta-o-seu-dia-a-dia-e-voce-nem-percebe\/#breadcrumb","itemListElement":[{"@type":"ListItem","position":1,"name":"In\u00edcio","item":"https:\/\/www.correiobraziliense.com.br\/aqui\/"},{"@type":"ListItem","position":2,"name":"Como a taxa Selic afeta o seu dia a dia e voc\u00ea nem percebe"}]},{"@type":"WebSite","@id":"https:\/\/www.correiobraziliense.com.br\/aqui\/#website","url":"https:\/\/www.correiobraziliense.com.br\/aqui\/","name":"Correio Braziliense - Aqui","description":"O Correio Braziliense (CB) \u00e9 o mais importante canal de not\u00edcias de Bras\u00edlia. Aqui voc\u00ea encontra as \u00faltimas not\u00edcias do DF, do Brasil e do mundo.","potentialAction":[{"@type":"SearchAction","target":{"@type":"EntryPoint","urlTemplate":"https:\/\/www.correiobraziliense.com.br\/aqui\/?s={search_term_string}"},"query-input":{"@type":"PropertyValueSpecification","valueRequired":true,"valueName":"search_term_string"}}],"inLanguage":"pt-BR"},{"@type":"Person","@id":"https:\/\/www.correiobraziliense.com.br\/aqui\/#\/schema\/person\/775f50a8c1ac31704d56816e99b29041","name":"Larissa","image":{"@type":"ImageObject","inLanguage":"pt-BR","@id":"https:\/\/www.correiobraziliense.com.br\/aqui\/#\/schema\/person\/image\/","url":"https:\/\/secure.gravatar.com\/avatar\/62f5b2e99de671d075ab98e19f03c3c38c80a93f5d06f51075cf4431a4e76458?s=96&d=mm&r=g","contentUrl":"https:\/\/secure.gravatar.com\/avatar\/62f5b2e99de671d075ab98e19f03c3c38c80a93f5d06f51075cf4431a4e76458?s=96&d=mm&r=g","caption":"Larissa"},"url":"https:\/\/www.correiobraziliense.com.br\/aqui\/author\/larissaaqui\/"}]}},"_links":{"self":[{"href":"https:\/\/www.correiobraziliense.com.br\/aqui\/wp-json\/wp\/v2\/posts\/28426","targetHints":{"allow":["GET"]}}],"collection":[{"href":"https:\/\/www.correiobraziliense.com.br\/aqui\/wp-json\/wp\/v2\/posts"}],"about":[{"href":"https:\/\/www.correiobraziliense.com.br\/aqui\/wp-json\/wp\/v2\/types\/post"}],"author":[{"embeddable":true,"href":"https:\/\/www.correiobraziliense.com.br\/aqui\/wp-json\/wp\/v2\/users\/10"}],"replies":[{"embeddable":true,"href":"https:\/\/www.correiobraziliense.com.br\/aqui\/wp-json\/wp\/v2\/comments?post=28426"}],"version-history":[{"count":2,"href":"https:\/\/www.correiobraziliense.com.br\/aqui\/wp-json\/wp\/v2\/posts\/28426\/revisions"}],"predecessor-version":[{"id":28429,"href":"https:\/\/www.correiobraziliense.com.br\/aqui\/wp-json\/wp\/v2\/posts\/28426\/revisions\/28429"}],"wp:featuredmedia":[{"embeddable":true,"href":"https:\/\/www.correiobraziliense.com.br\/aqui\/wp-json\/wp\/v2\/media\/28428"}],"wp:attachment":[{"href":"https:\/\/www.correiobraziliense.com.br\/aqui\/wp-json\/wp\/v2\/media?parent=28426"}],"wp:term":[{"taxonomy":"category","embeddable":true,"href":"https:\/\/www.correiobraziliense.com.br\/aqui\/wp-json\/wp\/v2\/categories?post=28426"},{"taxonomy":"post_tag","embeddable":true,"href":"https:\/\/www.correiobraziliense.com.br\/aqui\/wp-json\/wp\/v2\/tags?post=28426"}],"curies":[{"name":"wp","href":"https:\/\/api.w.org\/{rel}","templated":true}]}}