{"id":28437,"date":"2026-04-30T10:51:00","date_gmt":"2026-04-30T13:51:00","guid":{"rendered":"https:\/\/www.correiobraziliense.com.br\/aqui\/?p=28437"},"modified":"2026-04-30T09:45:00","modified_gmt":"2026-04-30T12:45:00","slug":"acidente-com-onibus-veja-os-direitos-de-passageiros-e-vitimas","status":"publish","type":"post","link":"https:\/\/www.correiobraziliense.com.br\/aqui\/2026\/04\/30\/acidente-com-onibus-veja-os-direitos-de-passageiros-e-vitimas\/","title":{"rendered":"Acidente com \u00f4nibus: veja os direitos de passageiros e v\u00edtimas"},"content":{"rendered":"\n<p>O grave <a href=\"https:\/\/www.correiobraziliense.com.br\/aqui\/2026\/04\/29\/primeiros-socorros-o-que-fazer-ao-presenciar-um-acidente-grave\/\">acidente<\/a> envolvendo um idoso de 76 anos que teve a perna esmagada ao descer de um \u00f4nibus em Belo Horizonte, na \u00faltima quarta-feira (29), acendeu um alerta sobre a seguran\u00e7a no transporte p\u00fablico. O caso, que chocou pela viol\u00eancia, levanta uma d\u00favida importante para milhares de passageiros: quais s\u00e3o os direitos de quem se machuca em um ve\u00edculo coletivo e de quem \u00e9 a responsabilidade?<\/p>\n\n\n\n<p>A responsabilidade por qualquer dano causado aos passageiros durante o trajeto \u00e9 da empresa de transporte. Isso vale para acidentes de tr\u00e2nsito, quedas dentro do ve\u00edculo por uma freada brusca ou, como no caso recente, incidentes durante o embarque e o desembarque. A empresa tem o dever de garantir a seguran\u00e7a de todos desde o momento em que entram no \u00f4nibus at\u00e9 a sua sa\u00edda.<\/p>\n\n\n\n<p>Essa obriga\u00e7\u00e3o independe de haver culpa direta do motorista. Mesmo que o acidente tenha sido causado por um terceiro, a companhia de \u00f4nibus continua respons\u00e1vel por reparar os danos sofridos por seus passageiros. Posteriormente, ela pode buscar o ressarcimento junto ao verdadeiro culpado.<\/p>\n\n\n\n<h2 class=\"wp-block-heading\">Quais s\u00e3o os direitos das v\u00edtimas?<\/h2>\n\n\n\n<p>As v\u00edtimas de acidentes no transporte coletivo t\u00eam direito a uma s\u00e9rie de repara\u00e7\u00f5es, que variam conforme a gravidade das les\u00f5es. O objetivo \u00e9 cobrir todos os preju\u00edzos, sejam eles financeiros, f\u00edsicos ou emocionais. A cobertura inclui:<\/p>\n\n\n\n<ul class=\"wp-block-list\">\n<li><strong>Danos materiais:<\/strong> reembolso de todas as despesas m\u00e9dicas, como consultas, exames, cirurgias, medicamentos e sess\u00f5es de fisioterapia. Se a v\u00edtima teve roupas ou objetos danificados, como um celular, o valor tamb\u00e9m deve ser ressarcido.<\/li>\n\n\n\n<li><strong>Danos morais:<\/strong> uma compensa\u00e7\u00e3o financeira pelo sofrimento, dor e abalo psicol\u00f3gico causados pelo acidente. O valor \u00e9 definido pela Justi\u00e7a, considerando a gravidade do caso.<\/li>\n\n\n\n<li><strong>Danos est\u00e9ticos:<\/strong> caso o acidente deixe cicatrizes, marcas permanentes ou cause a perda de um membro, a v\u00edtima tem direito a uma indeniza\u00e7\u00e3o espec\u00edfica por essa altera\u00e7\u00e3o na apar\u00eancia f\u00edsica.<\/li>\n\n\n\n<li><strong>Lucros cessantes:<\/strong> se a pessoa ficar impossibilitada de trabalhar por conta do acidente, a empresa deve pagar o valor correspondente ao sal\u00e1rio que ela deixou de receber durante o per\u00edodo de recupera\u00e7\u00e3o.<\/li>\n<\/ul>\n\n\n\n<h2 class=\"wp-block-heading\">Como proceder em caso de acidente<\/h2>\n\n\n\n<p>Para garantir que todos os direitos sejam respeitados, \u00e9 fundamental seguir alguns passos logo ap\u00f3s o ocorrido. A organiza\u00e7\u00e3o da documenta\u00e7\u00e3o e o registro correto dos fatos s\u00e3o essenciais para comprovar o dano e solicitar a repara\u00e7\u00e3o.<\/p>\n\n\n\n<ol class=\"wp-block-list\">\n<li><strong>Registre um boletim de ocorr\u00eancia:<\/strong> procure uma delegacia de pol\u00edcia para registrar o fato. Descreva com o m\u00e1ximo de detalhes como o acidente aconteceu.<\/li>\n\n\n\n<li><strong>Busque provas:<\/strong> anote o n\u00famero do \u00f4nibus, o nome da linha e, se poss\u00edvel, o nome do motorista. Tire fotos do local do acidente e das les\u00f5es. Pe\u00e7a o contato de pessoas que testemunharam o ocorrido.<\/li>\n\n\n\n<li><strong>Guarde todos os documentos:<\/strong> mantenha c\u00f3pias de todos os laudos m\u00e9dicos, receitas, notas fiscais de medicamentos e recibos de despesas relacionadas ao acidente.<\/li>\n\n\n\n<li><strong>Procure a empresa:<\/strong> entre em contato com a empresa de \u00f4nibus para comunicar o ocorrido e tentar uma solu\u00e7\u00e3o amig\u00e1vel. Apresente toda a documenta\u00e7\u00e3o que comprove os danos e as despesas.<\/li>\n\n\n\n<li><strong>Busque a Justi\u00e7a:<\/strong> caso a empresa se recuse a arcar com os preju\u00edzos ou ofere\u00e7a um valor insuficiente, o pr\u00f3ximo passo \u00e9 acionar a Justi\u00e7a para exigir a indeniza\u00e7\u00e3o completa.<\/li>\n<\/ol>\n","protected":false},"excerpt":{"rendered":"<p>Caso recente de idoso que teve perna esmagada em BH acende alerta; saiba as responsabilidades da empresa de transporte<\/p>\n","protected":false},"author":10,"featured_media":28440,"comment_status":"open","ping_status":"open","sticky":false,"template":"","format":"standard","meta":{"jnews-multi-image_gallery":[],"jnews_single_post":{"format":"standard"},"jnews_primary_category":[],"jnews_social_meta":[],"jnews_override_counter":[],"footnotes":""},"categories":[4973],"tags":[8993,4246],"class_list":["post-28437","post","type-post","status-publish","format-standard","has-post-thumbnail","hentry","category-cidades","tag-acidente-de-onibus","tag-belo-horizonte"],"yoast_head":"<!-- This site is optimized with the Yoast SEO plugin v25.1 - https:\/\/yoast.com\/wordpress\/plugins\/seo\/ -->\n<title>Acidente com \u00f4nibus: veja os direitos de passageiros e v\u00edtimas - Correio Braziliense - Aqui<\/title>\n<meta name=\"description\" content=\"Acidente envolvendo um idoso que teve a perna esmagada por um \u00f4nibus em BH acende alerta; saiba as responsabilidades da empresa.\" \/>\n<meta name=\"robots\" content=\"index, follow, max-snippet:-1, max-image-preview:large, max-video-preview:-1\" \/>\n<link rel=\"canonical\" href=\"https:\/\/www.correiobraziliense.com.br\/aqui\/2026\/04\/30\/acidente-com-onibus-veja-os-direitos-de-passageiros-e-vitimas\/\" \/>\n<meta property=\"og:locale\" content=\"pt_BR\" \/>\n<meta property=\"og:type\" content=\"article\" \/>\n<meta property=\"og:title\" content=\"Acidente com \u00f4nibus: veja os direitos de passageiros e v\u00edtimas - Correio Braziliense - Aqui\" \/>\n<meta property=\"og:description\" content=\"Acidente envolvendo um idoso que teve a perna esmagada por um \u00f4nibus em BH acende alerta; saiba as responsabilidades da empresa.\" \/>\n<meta property=\"og:url\" content=\"https:\/\/www.correiobraziliense.com.br\/aqui\/2026\/04\/30\/acidente-com-onibus-veja-os-direitos-de-passageiros-e-vitimas\/\" \/>\n<meta property=\"og:site_name\" content=\"Correio Braziliense - Aqui\" \/>\n<meta property=\"article:published_time\" content=\"2026-04-30T13:51:00+00:00\" \/>\n<meta property=\"og:image\" content=\"https:\/\/www.correiobraziliense.com.br\/aqui\/wp-content\/uploads\/2026\/04\/onibus_1777553005374.jpg\" \/>\n\t<meta property=\"og:image:width\" content=\"1280\" \/>\n\t<meta property=\"og:image:height\" content=\"720\" \/>\n\t<meta property=\"og:image:type\" content=\"image\/jpeg\" \/>\n<meta name=\"author\" content=\"Larissa\" \/>\n<meta name=\"twitter:card\" content=\"summary_large_image\" \/>\n<meta name=\"twitter:label1\" content=\"Escrito por\" \/>\n\t<meta name=\"twitter:data1\" content=\"Larissa\" \/>\n\t<meta name=\"twitter:label2\" content=\"Est. tempo de leitura\" \/>\n\t<meta name=\"twitter:data2\" content=\"4 minutos\" \/>\n<!-- \/ Yoast SEO plugin. -->","yoast_head_json":{"title":"Acidente com \u00f4nibus: veja os direitos de passageiros e v\u00edtimas - Correio Braziliense - Aqui","description":"Acidente envolvendo um idoso que teve a perna esmagada por um \u00f4nibus em BH acende alerta; saiba as responsabilidades da empresa.","robots":{"index":"index","follow":"follow","max-snippet":"max-snippet:-1","max-image-preview":"max-image-preview:large","max-video-preview":"max-video-preview:-1"},"canonical":"https:\/\/www.correiobraziliense.com.br\/aqui\/2026\/04\/30\/acidente-com-onibus-veja-os-direitos-de-passageiros-e-vitimas\/","og_locale":"pt_BR","og_type":"article","og_title":"Acidente com \u00f4nibus: veja os direitos de passageiros e v\u00edtimas - Correio Braziliense - Aqui","og_description":"Acidente envolvendo um idoso que teve a perna esmagada por um \u00f4nibus em BH acende alerta; saiba as responsabilidades da empresa.","og_url":"https:\/\/www.correiobraziliense.com.br\/aqui\/2026\/04\/30\/acidente-com-onibus-veja-os-direitos-de-passageiros-e-vitimas\/","og_site_name":"Correio Braziliense - Aqui","article_published_time":"2026-04-30T13:51:00+00:00","og_image":[{"width":1280,"height":720,"url":"https:\/\/www.correiobraziliense.com.br\/aqui\/wp-content\/uploads\/2026\/04\/onibus_1777553005374.jpg","type":"image\/jpeg"}],"author":"Larissa","twitter_card":"summary_large_image","twitter_misc":{"Escrito por":"Larissa","Est. tempo de leitura":"4 minutos"},"schema":{"@context":"https:\/\/schema.org","@graph":[{"@type":"WebPage","@id":"https:\/\/www.correiobraziliense.com.br\/aqui\/2026\/04\/30\/acidente-com-onibus-veja-os-direitos-de-passageiros-e-vitimas\/","url":"https:\/\/www.correiobraziliense.com.br\/aqui\/2026\/04\/30\/acidente-com-onibus-veja-os-direitos-de-passageiros-e-vitimas\/","name":"Acidente com \u00f4nibus: veja os direitos de passageiros e v\u00edtimas - Correio Braziliense - Aqui","isPartOf":{"@id":"https:\/\/www.correiobraziliense.com.br\/aqui\/#website"},"primaryImageOfPage":{"@id":"https:\/\/www.correiobraziliense.com.br\/aqui\/2026\/04\/30\/acidente-com-onibus-veja-os-direitos-de-passageiros-e-vitimas\/#primaryimage"},"image":{"@id":"https:\/\/www.correiobraziliense.com.br\/aqui\/2026\/04\/30\/acidente-com-onibus-veja-os-direitos-de-passageiros-e-vitimas\/#primaryimage"},"thumbnailUrl":"https:\/\/www.correiobraziliense.com.br\/aqui\/wp-content\/uploads\/2026\/04\/onibus_1777553005374.jpg","datePublished":"2026-04-30T13:51:00+00:00","author":{"@id":"https:\/\/www.correiobraziliense.com.br\/aqui\/#\/schema\/person\/775f50a8c1ac31704d56816e99b29041"},"description":"Acidente envolvendo um idoso que teve a perna esmagada por um \u00f4nibus em BH acende alerta; saiba as responsabilidades da empresa.","breadcrumb":{"@id":"https:\/\/www.correiobraziliense.com.br\/aqui\/2026\/04\/30\/acidente-com-onibus-veja-os-direitos-de-passageiros-e-vitimas\/#breadcrumb"},"inLanguage":"pt-BR","potentialAction":[{"@type":"ReadAction","target":["https:\/\/www.correiobraziliense.com.br\/aqui\/2026\/04\/30\/acidente-com-onibus-veja-os-direitos-de-passageiros-e-vitimas\/"]}]},{"@type":"ImageObject","inLanguage":"pt-BR","@id":"https:\/\/www.correiobraziliense.com.br\/aqui\/2026\/04\/30\/acidente-com-onibus-veja-os-direitos-de-passageiros-e-vitimas\/#primaryimage","url":"https:\/\/www.correiobraziliense.com.br\/aqui\/wp-content\/uploads\/2026\/04\/onibus_1777553005374.jpg","contentUrl":"https:\/\/www.correiobraziliense.com.br\/aqui\/wp-content\/uploads\/2026\/04\/onibus_1777553005374.jpg","width":1280,"height":720,"caption":"Cr\u00e9ditos: depositphotos.com \/ Sampajano"},{"@type":"BreadcrumbList","@id":"https:\/\/www.correiobraziliense.com.br\/aqui\/2026\/04\/30\/acidente-com-onibus-veja-os-direitos-de-passageiros-e-vitimas\/#breadcrumb","itemListElement":[{"@type":"ListItem","position":1,"name":"In\u00edcio","item":"https:\/\/www.correiobraziliense.com.br\/aqui\/"},{"@type":"ListItem","position":2,"name":"Acidente com \u00f4nibus: veja os direitos de passageiros e v\u00edtimas"}]},{"@type":"WebSite","@id":"https:\/\/www.correiobraziliense.com.br\/aqui\/#website","url":"https:\/\/www.correiobraziliense.com.br\/aqui\/","name":"Correio Braziliense - Aqui","description":"O Correio Braziliense (CB) \u00e9 o mais importante canal de not\u00edcias de Bras\u00edlia. Aqui voc\u00ea encontra as \u00faltimas not\u00edcias do DF, do Brasil e do mundo.","potentialAction":[{"@type":"SearchAction","target":{"@type":"EntryPoint","urlTemplate":"https:\/\/www.correiobraziliense.com.br\/aqui\/?s={search_term_string}"},"query-input":{"@type":"PropertyValueSpecification","valueRequired":true,"valueName":"search_term_string"}}],"inLanguage":"pt-BR"},{"@type":"Person","@id":"https:\/\/www.correiobraziliense.com.br\/aqui\/#\/schema\/person\/775f50a8c1ac31704d56816e99b29041","name":"Larissa","image":{"@type":"ImageObject","inLanguage":"pt-BR","@id":"https:\/\/www.correiobraziliense.com.br\/aqui\/#\/schema\/person\/image\/","url":"https:\/\/secure.gravatar.com\/avatar\/62f5b2e99de671d075ab98e19f03c3c38c80a93f5d06f51075cf4431a4e76458?s=96&d=mm&r=g","contentUrl":"https:\/\/secure.gravatar.com\/avatar\/62f5b2e99de671d075ab98e19f03c3c38c80a93f5d06f51075cf4431a4e76458?s=96&d=mm&r=g","caption":"Larissa"},"url":"https:\/\/www.correiobraziliense.com.br\/aqui\/author\/larissaaqui\/"}]}},"_links":{"self":[{"href":"https:\/\/www.correiobraziliense.com.br\/aqui\/wp-json\/wp\/v2\/posts\/28437","targetHints":{"allow":["GET"]}}],"collection":[{"href":"https:\/\/www.correiobraziliense.com.br\/aqui\/wp-json\/wp\/v2\/posts"}],"about":[{"href":"https:\/\/www.correiobraziliense.com.br\/aqui\/wp-json\/wp\/v2\/types\/post"}],"author":[{"embeddable":true,"href":"https:\/\/www.correiobraziliense.com.br\/aqui\/wp-json\/wp\/v2\/users\/10"}],"replies":[{"embeddable":true,"href":"https:\/\/www.correiobraziliense.com.br\/aqui\/wp-json\/wp\/v2\/comments?post=28437"}],"version-history":[{"count":3,"href":"https:\/\/www.correiobraziliense.com.br\/aqui\/wp-json\/wp\/v2\/posts\/28437\/revisions"}],"predecessor-version":[{"id":28441,"href":"https:\/\/www.correiobraziliense.com.br\/aqui\/wp-json\/wp\/v2\/posts\/28437\/revisions\/28441"}],"wp:featuredmedia":[{"embeddable":true,"href":"https:\/\/www.correiobraziliense.com.br\/aqui\/wp-json\/wp\/v2\/media\/28440"}],"wp:attachment":[{"href":"https:\/\/www.correiobraziliense.com.br\/aqui\/wp-json\/wp\/v2\/media?parent=28437"}],"wp:term":[{"taxonomy":"category","embeddable":true,"href":"https:\/\/www.correiobraziliense.com.br\/aqui\/wp-json\/wp\/v2\/categories?post=28437"},{"taxonomy":"post_tag","embeddable":true,"href":"https:\/\/www.correiobraziliense.com.br\/aqui\/wp-json\/wp\/v2\/tags?post=28437"}],"curies":[{"name":"wp","href":"https:\/\/api.w.org\/{rel}","templated":true}]}}