{"id":28446,"date":"2026-04-30T12:00:00","date_gmt":"2026-04-30T15:00:00","guid":{"rendered":"https:\/\/www.correiobraziliense.com.br\/aqui\/?p=28446"},"modified":"2026-04-30T10:04:47","modified_gmt":"2026-04-30T13:04:47","slug":"como-chefes-do-crime-dao-ordens-de-dentro-de-presidios-federais","status":"publish","type":"post","link":"https:\/\/www.correiobraziliense.com.br\/aqui\/2026\/04\/30\/como-chefes-do-crime-dao-ordens-de-dentro-de-presidios-federais\/","title":{"rendered":"Como chefes do crime d\u00e3o ordens de dentro de pres\u00eddios federais?"},"content":{"rendered":"\n<p>Uma opera\u00e7\u00e3o policial realizada na \u00faltima quarta-feira (29), contra o bra\u00e7o financeiro do Comando Vermelho, voltou a destacar como Marcinho VP, um dos l\u00edderes da fac\u00e7\u00e3o, continua a dar ordens mesmo estando no pres\u00eddio federal de Campo Grande (MS). O caso joga luz sobre um desafio persistente para a seguran\u00e7a p\u00fablica: como chefes do crime, mesmo isolados em unidades de seguran\u00e7a m\u00e1xima, conseguem transmitir ordens e manter o controle de suas opera\u00e7\u00f5es.<\/p>\n\n\n\n<p>O <a target=\"_blank\" rel=\"noreferrer noopener\" href=\"https:\/\/www.correiobraziliense.com.br\/politica\/2025\/11\/7295853-cpi-expoe-falta-de-padronizacao-e-de-diagnostico-do-sistema-prisional-diz-contarato.html\">sistema penitenci\u00e1rio federal<\/a> foi criado justamente para cortar a comunica\u00e7\u00e3o de lideran\u00e7as com seus grupos. As regras s\u00e3o r\u00edgidas, com visitas restritas a encontros por parlat\u00f3rio, sem contato f\u00edsico, e monitoramento constante. Ainda assim, as <a target=\"_blank\" rel=\"noreferrer noopener\" href=\"https:\/\/www.correiobraziliense.com.br\/mundo\/2025\/10\/7282660-porsche-ordens-de-tortura-e-favor-para-major-da-pm-o-retrato-do-cv-na-denuncia-que-embasou-operacao-no-rio.html\">organiza\u00e7\u00f5es criminosas desenvolvem m\u00e9todos sofisticados<\/a> para furar esse bloqueio e garantir que a hierarquia de comando seja mantida.<\/p>\n\n\n\n<h2 class=\"wp-block-heading\">As t\u00e1ticas para burlar o sistema<\/h2>\n\n\n\n<p>A comunica\u00e7\u00e3o entre os l\u00edderes presos e seus subordinados em liberdade se apoia em uma combina\u00e7\u00e3o de estrat\u00e9gias que exploram brechas humanas e log\u00edsticas. Entender esses mecanismos \u00e9 fundamental para compreender a <a target=\"_blank\" rel=\"noreferrer noopener\" href=\"https:\/\/www.correiobraziliense.com.br\/cidades-df\/2025\/05\/7155199-da-cadeia-ao-comando-nas-ruas-a-guerra-silenciosa-contra-o-poder-das-faccoes.html\">resili\u00eancia das fac\u00e7\u00f5es<\/a>.<\/p>\n\n\n\n<p>As principais formas de comunica\u00e7\u00e3o incluem:<\/p>\n\n\n\n<ul class=\"wp-block-list\">\n<li><a href=\"https:\/\/www.correiobraziliense.com.br\/brasil\/2025\/11\/7286906-advogados-associados-ao-cv-sao-presos-em-manaus-entenda-como-atuavam.html\" target=\"_blank\" rel=\"noreferrer noopener\"><strong>Advogados como mensageiros<\/strong><\/a><strong>:<\/strong> embora a grande maioria dos advogados atue de forma \u00e9tica, investiga\u00e7\u00f5es policiais j\u00e1 revelaram casos de profissionais que atuam como &#8220;pombos-correio&#8221;. Eles se aproveitam da prerrogativa de conversar reservadamente com seus clientes para levar e trazer recados, conhecidos como &#8220;salves&#8221;.<\/li>\n\n\n\n<li><strong>Visitantes e familiares:<\/strong> durante as visitas, mesmo com a vigil\u00e2ncia, mensagens podem ser passadas por meio de c\u00f3digos, gestos ou bilhetes min\u00fasculos. Familiares, coagidos ou cooptados, acabam servindo de elo entre o chefe da fac\u00e7\u00e3o e a rua.<\/li>\n\n\n\n<li><strong>Criptografia em cartas:<\/strong> as correspond\u00eancias s\u00e3o inspecionadas, mas os criminosos usam c\u00f3digos e linguagem cifrada para transmitir ordens. Uma carta que parece inofensiva pode conter diretrizes sobre ataques, finan\u00e7as ou disputas territoriais.<\/li>\n\n\n\n<li><strong>Corrup\u00e7\u00e3o de agentes:<\/strong> a coopta\u00e7\u00e3o de agentes penitenci\u00e1rios, embora seja uma exce\u00e7\u00e3o, representa uma das falhas mais graves do sistema. Um funcion\u00e1rio corrupto pode facilitar a entrada de celulares ou a transmiss\u00e3o direta de informa\u00e7\u00f5es.<\/li>\n<\/ul>\n\n\n\n<p>A luta contra essa comunica\u00e7\u00e3o \u00e9 cont\u00ednua. As autoridades investem em tecnologia, como bloqueadores de sinal de celular mais potentes, e em intelig\u00eancia para decifrar os c\u00f3digos usados pelas fac\u00e7\u00f5es. No entanto, a criatividade dos grupos criminosos para encontrar novas formas de se comunicar imp\u00f5e uma batalha constante, onde cada nova barreira imposta pelo Estado \u00e9 seguida por uma nova t\u00e1tica para super\u00e1-la.<\/p>\n","protected":false},"excerpt":{"rendered":"<p>Opera\u00e7\u00e3o contra fac\u00e7\u00e3o refor\u00e7a desafio da comunica\u00e7\u00e3o de presos; entenda as t\u00e1ticas usadas pelos chefes do crime para manter o controle.<\/p>\n","protected":false},"author":10,"featured_media":27529,"comment_status":"open","ping_status":"open","sticky":false,"template":"","format":"standard","meta":{"jnews-multi-image_gallery":[],"jnews_single_post":{"format":"standard"},"jnews_primary_category":[],"jnews_social_meta":[],"jnews_override_counter":[],"footnotes":""},"categories":[154],"tags":[157,4026],"class_list":["post-28446","post","type-post","status-publish","format-standard","has-post-thumbnail","hentry","category-brasil","tag-brasil","tag-crime-organizado"],"yoast_head":"<!-- This site is optimized with the Yoast SEO plugin v25.1 - https:\/\/yoast.com\/wordpress\/plugins\/seo\/ -->\n<title>Como chefes do crime d\u00e3o ordens de dentro de pres\u00eddios federais? - Correio Braziliense - Aqui<\/title>\n<meta name=\"description\" content=\"Opera\u00e7\u00e3o contra fac\u00e7\u00e3o refor\u00e7a desafio da comunica\u00e7\u00e3o de presos; entenda as t\u00e1ticas usadas pelos chefes do crime para manter o controle.\" \/>\n<meta name=\"robots\" content=\"index, follow, max-snippet:-1, max-image-preview:large, max-video-preview:-1\" \/>\n<link rel=\"canonical\" href=\"https:\/\/www.correiobraziliense.com.br\/aqui\/2026\/04\/30\/como-chefes-do-crime-dao-ordens-de-dentro-de-presidios-federais\/\" \/>\n<meta property=\"og:locale\" content=\"pt_BR\" \/>\n<meta property=\"og:type\" content=\"article\" \/>\n<meta property=\"og:title\" content=\"Como chefes do crime d\u00e3o ordens de dentro de pres\u00eddios federais? - Correio Braziliense - Aqui\" \/>\n<meta property=\"og:description\" content=\"Opera\u00e7\u00e3o contra fac\u00e7\u00e3o refor\u00e7a desafio da comunica\u00e7\u00e3o de presos; entenda as t\u00e1ticas usadas pelos chefes do crime para manter o controle.\" \/>\n<meta property=\"og:url\" content=\"https:\/\/www.correiobraziliense.com.br\/aqui\/2026\/04\/30\/como-chefes-do-crime-dao-ordens-de-dentro-de-presidios-federais\/\" \/>\n<meta property=\"og:site_name\" content=\"Correio Braziliense - Aqui\" \/>\n<meta property=\"article:published_time\" content=\"2026-04-30T15:00:00+00:00\" \/>\n<meta property=\"og:image\" content=\"https:\/\/www.correiobraziliense.com.br\/aqui\/wp-content\/uploads\/2026\/04\/cadeia_1776681965972.jpg\" \/>\n\t<meta property=\"og:image:width\" content=\"1280\" \/>\n\t<meta property=\"og:image:height\" content=\"720\" \/>\n\t<meta property=\"og:image:type\" content=\"image\/jpeg\" \/>\n<meta name=\"author\" content=\"Larissa\" \/>\n<meta name=\"twitter:card\" content=\"summary_large_image\" \/>\n<meta name=\"twitter:label1\" content=\"Escrito por\" \/>\n\t<meta name=\"twitter:data1\" content=\"Larissa\" \/>\n\t<meta name=\"twitter:label2\" content=\"Est. tempo de leitura\" \/>\n\t<meta name=\"twitter:data2\" content=\"3 minutos\" \/>\n<!-- \/ Yoast SEO plugin. -->","yoast_head_json":{"title":"Como chefes do crime d\u00e3o ordens de dentro de pres\u00eddios federais? - Correio Braziliense - Aqui","description":"Opera\u00e7\u00e3o contra fac\u00e7\u00e3o refor\u00e7a desafio da comunica\u00e7\u00e3o de presos; entenda as t\u00e1ticas usadas pelos chefes do crime para manter o controle.","robots":{"index":"index","follow":"follow","max-snippet":"max-snippet:-1","max-image-preview":"max-image-preview:large","max-video-preview":"max-video-preview:-1"},"canonical":"https:\/\/www.correiobraziliense.com.br\/aqui\/2026\/04\/30\/como-chefes-do-crime-dao-ordens-de-dentro-de-presidios-federais\/","og_locale":"pt_BR","og_type":"article","og_title":"Como chefes do crime d\u00e3o ordens de dentro de pres\u00eddios federais? - Correio Braziliense - Aqui","og_description":"Opera\u00e7\u00e3o contra fac\u00e7\u00e3o refor\u00e7a desafio da comunica\u00e7\u00e3o de presos; entenda as t\u00e1ticas usadas pelos chefes do crime para manter o controle.","og_url":"https:\/\/www.correiobraziliense.com.br\/aqui\/2026\/04\/30\/como-chefes-do-crime-dao-ordens-de-dentro-de-presidios-federais\/","og_site_name":"Correio Braziliense - Aqui","article_published_time":"2026-04-30T15:00:00+00:00","og_image":[{"width":1280,"height":720,"url":"https:\/\/www.correiobraziliense.com.br\/aqui\/wp-content\/uploads\/2026\/04\/cadeia_1776681965972.jpg","type":"image\/jpeg"}],"author":"Larissa","twitter_card":"summary_large_image","twitter_misc":{"Escrito por":"Larissa","Est. tempo de leitura":"3 minutos"},"schema":{"@context":"https:\/\/schema.org","@graph":[{"@type":"WebPage","@id":"https:\/\/www.correiobraziliense.com.br\/aqui\/2026\/04\/30\/como-chefes-do-crime-dao-ordens-de-dentro-de-presidios-federais\/","url":"https:\/\/www.correiobraziliense.com.br\/aqui\/2026\/04\/30\/como-chefes-do-crime-dao-ordens-de-dentro-de-presidios-federais\/","name":"Como chefes do crime d\u00e3o ordens de dentro de pres\u00eddios federais? - Correio Braziliense - Aqui","isPartOf":{"@id":"https:\/\/www.correiobraziliense.com.br\/aqui\/#website"},"primaryImageOfPage":{"@id":"https:\/\/www.correiobraziliense.com.br\/aqui\/2026\/04\/30\/como-chefes-do-crime-dao-ordens-de-dentro-de-presidios-federais\/#primaryimage"},"image":{"@id":"https:\/\/www.correiobraziliense.com.br\/aqui\/2026\/04\/30\/como-chefes-do-crime-dao-ordens-de-dentro-de-presidios-federais\/#primaryimage"},"thumbnailUrl":"https:\/\/www.correiobraziliense.com.br\/aqui\/wp-content\/uploads\/2026\/04\/cadeia_1776681965972.jpg","datePublished":"2026-04-30T15:00:00+00:00","author":{"@id":"https:\/\/www.correiobraziliense.com.br\/aqui\/#\/schema\/person\/775f50a8c1ac31704d56816e99b29041"},"description":"Opera\u00e7\u00e3o contra fac\u00e7\u00e3o refor\u00e7a desafio da comunica\u00e7\u00e3o de presos; entenda as t\u00e1ticas usadas pelos chefes do crime para manter o controle.","breadcrumb":{"@id":"https:\/\/www.correiobraziliense.com.br\/aqui\/2026\/04\/30\/como-chefes-do-crime-dao-ordens-de-dentro-de-presidios-federais\/#breadcrumb"},"inLanguage":"pt-BR","potentialAction":[{"@type":"ReadAction","target":["https:\/\/www.correiobraziliense.com.br\/aqui\/2026\/04\/30\/como-chefes-do-crime-dao-ordens-de-dentro-de-presidios-federais\/"]}]},{"@type":"ImageObject","inLanguage":"pt-BR","@id":"https:\/\/www.correiobraziliense.com.br\/aqui\/2026\/04\/30\/como-chefes-do-crime-dao-ordens-de-dentro-de-presidios-federais\/#primaryimage","url":"https:\/\/www.correiobraziliense.com.br\/aqui\/wp-content\/uploads\/2026\/04\/cadeia_1776681965972.jpg","contentUrl":"https:\/\/www.correiobraziliense.com.br\/aqui\/wp-content\/uploads\/2026\/04\/cadeia_1776681965972.jpg","width":1280,"height":720,"caption":"Cr\u00e9ditos: depositphotos.com \/ meepoohfoto"},{"@type":"BreadcrumbList","@id":"https:\/\/www.correiobraziliense.com.br\/aqui\/2026\/04\/30\/como-chefes-do-crime-dao-ordens-de-dentro-de-presidios-federais\/#breadcrumb","itemListElement":[{"@type":"ListItem","position":1,"name":"In\u00edcio","item":"https:\/\/www.correiobraziliense.com.br\/aqui\/"},{"@type":"ListItem","position":2,"name":"Como chefes do crime d\u00e3o ordens de dentro de pres\u00eddios federais?"}]},{"@type":"WebSite","@id":"https:\/\/www.correiobraziliense.com.br\/aqui\/#website","url":"https:\/\/www.correiobraziliense.com.br\/aqui\/","name":"Correio Braziliense - Aqui","description":"O Correio Braziliense (CB) \u00e9 o mais importante canal de not\u00edcias de Bras\u00edlia. Aqui voc\u00ea encontra as \u00faltimas not\u00edcias do DF, do Brasil e do mundo.","potentialAction":[{"@type":"SearchAction","target":{"@type":"EntryPoint","urlTemplate":"https:\/\/www.correiobraziliense.com.br\/aqui\/?s={search_term_string}"},"query-input":{"@type":"PropertyValueSpecification","valueRequired":true,"valueName":"search_term_string"}}],"inLanguage":"pt-BR"},{"@type":"Person","@id":"https:\/\/www.correiobraziliense.com.br\/aqui\/#\/schema\/person\/775f50a8c1ac31704d56816e99b29041","name":"Larissa","image":{"@type":"ImageObject","inLanguage":"pt-BR","@id":"https:\/\/www.correiobraziliense.com.br\/aqui\/#\/schema\/person\/image\/","url":"https:\/\/secure.gravatar.com\/avatar\/62f5b2e99de671d075ab98e19f03c3c38c80a93f5d06f51075cf4431a4e76458?s=96&d=mm&r=g","contentUrl":"https:\/\/secure.gravatar.com\/avatar\/62f5b2e99de671d075ab98e19f03c3c38c80a93f5d06f51075cf4431a4e76458?s=96&d=mm&r=g","caption":"Larissa"},"url":"https:\/\/www.correiobraziliense.com.br\/aqui\/author\/larissaaqui\/"}]}},"_links":{"self":[{"href":"https:\/\/www.correiobraziliense.com.br\/aqui\/wp-json\/wp\/v2\/posts\/28446","targetHints":{"allow":["GET"]}}],"collection":[{"href":"https:\/\/www.correiobraziliense.com.br\/aqui\/wp-json\/wp\/v2\/posts"}],"about":[{"href":"https:\/\/www.correiobraziliense.com.br\/aqui\/wp-json\/wp\/v2\/types\/post"}],"author":[{"embeddable":true,"href":"https:\/\/www.correiobraziliense.com.br\/aqui\/wp-json\/wp\/v2\/users\/10"}],"replies":[{"embeddable":true,"href":"https:\/\/www.correiobraziliense.com.br\/aqui\/wp-json\/wp\/v2\/comments?post=28446"}],"version-history":[{"count":3,"href":"https:\/\/www.correiobraziliense.com.br\/aqui\/wp-json\/wp\/v2\/posts\/28446\/revisions"}],"predecessor-version":[{"id":28449,"href":"https:\/\/www.correiobraziliense.com.br\/aqui\/wp-json\/wp\/v2\/posts\/28446\/revisions\/28449"}],"wp:featuredmedia":[{"embeddable":true,"href":"https:\/\/www.correiobraziliense.com.br\/aqui\/wp-json\/wp\/v2\/media\/27529"}],"wp:attachment":[{"href":"https:\/\/www.correiobraziliense.com.br\/aqui\/wp-json\/wp\/v2\/media?parent=28446"}],"wp:term":[{"taxonomy":"category","embeddable":true,"href":"https:\/\/www.correiobraziliense.com.br\/aqui\/wp-json\/wp\/v2\/categories?post=28446"},{"taxonomy":"post_tag","embeddable":true,"href":"https:\/\/www.correiobraziliense.com.br\/aqui\/wp-json\/wp\/v2\/tags?post=28446"}],"curies":[{"name":"wp","href":"https:\/\/api.w.org\/{rel}","templated":true}]}}