{"id":28455,"date":"2026-05-01T11:00:00","date_gmt":"2026-05-01T14:00:00","guid":{"rendered":"https:\/\/www.correiobraziliense.com.br\/aqui\/?p=28455"},"modified":"2026-04-30T10:21:08","modified_gmt":"2026-04-30T13:21:08","slug":"dia-do-trabalho-por-que-celebramos-em-1o-de-maio","status":"publish","type":"post","link":"https:\/\/www.correiobraziliense.com.br\/aqui\/2026\/05\/01\/dia-do-trabalho-por-que-celebramos-em-1o-de-maio\/","title":{"rendered":"Dia do Trabalho: por que celebramos em 1\u00ba de maio?"},"content":{"rendered":"\n<p>O <strong>Dia do Trabalho<\/strong>, celebrado em 1\u00ba de maio na maior parte do mundo, n\u00e3o \u00e9 apenas um feriado para descanso. A data tem origem em uma intensa luta por direitos, marcada por greves e confrontos nos Estados Unidos no final do s\u00e9culo 19. Tudo come\u00e7ou com a mobiliza\u00e7\u00e3o de trabalhadores que exigiam condi\u00e7\u00f5es mais dignas, especialmente a redu\u00e7\u00e3o da jornada de trabalho.<\/p>\n\n\n\n<p>Naquela \u00e9poca, em meio \u00e0 Revolu\u00e7\u00e3o Industrial, era comum que oper\u00e1rios enfrentassem expedientes de 13 a 17 horas di\u00e1rias em ambientes insalubres e perigosos. A principal bandeira do movimento oper\u00e1rio era a jornada de oito horas, resumida no lema: &#8220;oito horas de trabalho, oito horas de lazer, oito horas de descanso&#8221;.<\/p>\n\n\n\n<h2 class=\"wp-block-heading\">A greve que mudou tudo<\/h2>\n\n\n\n<p>O marco para a cria\u00e7\u00e3o da data foi a <a target=\"_blank\" rel=\"noreferrer noopener\" href=\"https:\/\/www.correiobraziliense.com.br\/brasil\/2025\/04\/7119744-os-proximos-feriadoes-de-2025.html\">greve geral que come\u00e7ou em 1\u00ba de maio de 1886, em Chicago<\/a>, um grande centro industrial dos EUA. Milhares de trabalhadores paralisaram suas atividades para pressionar por mudan\u00e7as. A manifesta\u00e7\u00e3o, que come\u00e7ou pac\u00edfica, se estendeu por dias e culminou em um epis\u00f3dio tr\u00e1gico conhecido como a Revolta de Haymarket.<\/p>\n\n\n\n<p>Em 4 de maio, durante um protesto na pra\u00e7a Haymarket, uma bomba explodiu em meio a policiais, que revidaram abrindo fogo contra a multid\u00e3o. O confronto resultou em mortos e feridos dos dois lados. O epis\u00f3dio levou \u00e0 pris\u00e3o e condena\u00e7\u00e3o de l\u00edderes trabalhistas, que ficaram conhecidos como os &#8220;M\u00e1rtires de Chicago&#8221;.<\/p>\n\n\n\n<h2 class=\"wp-block-heading\">Como a data se espalhou pelo mundo<\/h2>\n\n\n\n<p>A luta dos trabalhadores de Chicago ganhou repercuss\u00e3o internacional. Em 1889, um congresso socialista realizado em Paris, a Segunda Internacional, instituiu o 1\u00ba de maio como o Dia Internacional dos Trabalhadores. A escolha da data foi uma homenagem direta aos m\u00e1rtires e \u00e0 greve de 1886.<\/p>\n\n\n\n<p>Aos poucos, diversos pa\u00edses adotaram o feriado. No Brasil, as comemora\u00e7\u00f5es remontam \u00e0 d\u00e9cada de 1890, e o feriado nacional foi oficialmente declarado em 1924 pelo presidente Artur Bernardes. Mais tarde, o presidente <a target=\"_blank\" rel=\"noreferrer noopener\" href=\"https:\/\/www.correiobraziliense.com.br\/mundo\/2025\/04\/7132034-dia-do-trabalhador-ou-dia-do-trabalho-como-o-primeiro-de-maio-foi-apropriado-por-getulio-vargas.html\">Get\u00falio Vargas<\/a> passou a utilizar a data para anunciar importantes <a target=\"_blank\" rel=\"noreferrer noopener\" href=\"https:\/\/www.correiobraziliense.com.br\/direito-e-justica\/2025\/05\/7130919-1-de-maio-a-construcao-dos-direitos-trabalhistas-no-brasil.html\">medidas trabalhistas<\/a>, como o reajuste do sal\u00e1rio m\u00ednimo. Curiosamente, nos Estados Unidos, o Labor Day \u00e9 comemorado na primeira segunda-feira de setembro, uma forma que o governo encontrou para desassociar a celebra\u00e7\u00e3o das suas origens socialistas<\/p>\n","protected":false},"excerpt":{"rendered":"<p>O Dia do Trabalho tem origem em uma greve de trabalhadores nos EUA no s\u00e9culo 19; conhe\u00e7a a hist\u00f3ria de luta que transformou o dia em um marco.<\/p>\n","protected":false},"author":10,"featured_media":28459,"comment_status":"open","ping_status":"open","sticky":false,"template":"","format":"standard","meta":{"jnews-multi-image_gallery":[],"jnews_single_post":{"format":"standard"},"jnews_primary_category":[],"jnews_social_meta":[],"jnews_override_counter":[],"footnotes":""},"categories":[342],"tags":[8995,136],"class_list":["post-28455","post","type-post","status-publish","format-standard","has-post-thumbnail","hentry","category-historia","tag-dia-do-trabalho","tag-historia"],"yoast_head":"<!-- This site is optimized with the Yoast SEO plugin v25.1 - https:\/\/yoast.com\/wordpress\/plugins\/seo\/ -->\n<title>Dia do Trabalho: por que celebramos em 1\u00ba de maio? - Correio Braziliense - Aqui<\/title>\n<meta name=\"description\" content=\"O Dia do Trabalho tem origem em uma greve da classe nos EUA no s\u00e9culo 19; conhe\u00e7a a hist\u00f3ria de luta que transformou o dia em um marco.\" \/>\n<meta name=\"robots\" content=\"index, follow, max-snippet:-1, max-image-preview:large, max-video-preview:-1\" \/>\n<link rel=\"canonical\" href=\"https:\/\/www.correiobraziliense.com.br\/aqui\/2026\/05\/01\/dia-do-trabalho-por-que-celebramos-em-1o-de-maio\/\" \/>\n<meta property=\"og:locale\" content=\"pt_BR\" \/>\n<meta property=\"og:type\" content=\"article\" \/>\n<meta property=\"og:title\" content=\"Dia do Trabalho: por que celebramos em 1\u00ba de maio? - Correio Braziliense - Aqui\" \/>\n<meta property=\"og:description\" content=\"O Dia do Trabalho tem origem em uma greve da classe nos EUA no s\u00e9culo 19; conhe\u00e7a a hist\u00f3ria de luta que transformou o dia em um marco.\" \/>\n<meta property=\"og:url\" content=\"https:\/\/www.correiobraziliense.com.br\/aqui\/2026\/05\/01\/dia-do-trabalho-por-que-celebramos-em-1o-de-maio\/\" \/>\n<meta property=\"og:site_name\" content=\"Correio Braziliense - Aqui\" \/>\n<meta property=\"article:published_time\" content=\"2026-05-01T14:00:00+00:00\" \/>\n<meta property=\"og:image\" content=\"https:\/\/www.correiobraziliense.com.br\/aqui\/wp-content\/uploads\/2026\/04\/revolucao-industrial_1777555130578.jpg\" \/>\n\t<meta property=\"og:image:width\" content=\"1280\" \/>\n\t<meta property=\"og:image:height\" content=\"720\" \/>\n\t<meta property=\"og:image:type\" content=\"image\/jpeg\" \/>\n<meta name=\"author\" content=\"Larissa\" \/>\n<meta name=\"twitter:card\" content=\"summary_large_image\" \/>\n<meta name=\"twitter:label1\" content=\"Escrito por\" \/>\n\t<meta name=\"twitter:data1\" content=\"Larissa\" \/>\n\t<meta name=\"twitter:label2\" content=\"Est. tempo de leitura\" \/>\n\t<meta name=\"twitter:data2\" content=\"3 minutos\" \/>\n<!-- \/ Yoast SEO plugin. -->","yoast_head_json":{"title":"Dia do Trabalho: por que celebramos em 1\u00ba de maio? - Correio Braziliense - Aqui","description":"O Dia do Trabalho tem origem em uma greve da classe nos EUA no s\u00e9culo 19; conhe\u00e7a a hist\u00f3ria de luta que transformou o dia em um marco.","robots":{"index":"index","follow":"follow","max-snippet":"max-snippet:-1","max-image-preview":"max-image-preview:large","max-video-preview":"max-video-preview:-1"},"canonical":"https:\/\/www.correiobraziliense.com.br\/aqui\/2026\/05\/01\/dia-do-trabalho-por-que-celebramos-em-1o-de-maio\/","og_locale":"pt_BR","og_type":"article","og_title":"Dia do Trabalho: por que celebramos em 1\u00ba de maio? - Correio Braziliense - Aqui","og_description":"O Dia do Trabalho tem origem em uma greve da classe nos EUA no s\u00e9culo 19; conhe\u00e7a a hist\u00f3ria de luta que transformou o dia em um marco.","og_url":"https:\/\/www.correiobraziliense.com.br\/aqui\/2026\/05\/01\/dia-do-trabalho-por-que-celebramos-em-1o-de-maio\/","og_site_name":"Correio Braziliense - Aqui","article_published_time":"2026-05-01T14:00:00+00:00","og_image":[{"width":1280,"height":720,"url":"https:\/\/www.correiobraziliense.com.br\/aqui\/wp-content\/uploads\/2026\/04\/revolucao-industrial_1777555130578.jpg","type":"image\/jpeg"}],"author":"Larissa","twitter_card":"summary_large_image","twitter_misc":{"Escrito por":"Larissa","Est. tempo de leitura":"3 minutos"},"schema":{"@context":"https:\/\/schema.org","@graph":[{"@type":"WebPage","@id":"https:\/\/www.correiobraziliense.com.br\/aqui\/2026\/05\/01\/dia-do-trabalho-por-que-celebramos-em-1o-de-maio\/","url":"https:\/\/www.correiobraziliense.com.br\/aqui\/2026\/05\/01\/dia-do-trabalho-por-que-celebramos-em-1o-de-maio\/","name":"Dia do Trabalho: por que celebramos em 1\u00ba de maio? - Correio Braziliense - Aqui","isPartOf":{"@id":"https:\/\/www.correiobraziliense.com.br\/aqui\/#website"},"primaryImageOfPage":{"@id":"https:\/\/www.correiobraziliense.com.br\/aqui\/2026\/05\/01\/dia-do-trabalho-por-que-celebramos-em-1o-de-maio\/#primaryimage"},"image":{"@id":"https:\/\/www.correiobraziliense.com.br\/aqui\/2026\/05\/01\/dia-do-trabalho-por-que-celebramos-em-1o-de-maio\/#primaryimage"},"thumbnailUrl":"https:\/\/www.correiobraziliense.com.br\/aqui\/wp-content\/uploads\/2026\/04\/revolucao-industrial_1777555130578.jpg","datePublished":"2026-05-01T14:00:00+00:00","author":{"@id":"https:\/\/www.correiobraziliense.com.br\/aqui\/#\/schema\/person\/775f50a8c1ac31704d56816e99b29041"},"description":"O Dia do Trabalho tem origem em uma greve da classe nos EUA no s\u00e9culo 19; conhe\u00e7a a hist\u00f3ria de luta que transformou o dia em um marco.","breadcrumb":{"@id":"https:\/\/www.correiobraziliense.com.br\/aqui\/2026\/05\/01\/dia-do-trabalho-por-que-celebramos-em-1o-de-maio\/#breadcrumb"},"inLanguage":"pt-BR","potentialAction":[{"@type":"ReadAction","target":["https:\/\/www.correiobraziliense.com.br\/aqui\/2026\/05\/01\/dia-do-trabalho-por-que-celebramos-em-1o-de-maio\/"]}]},{"@type":"ImageObject","inLanguage":"pt-BR","@id":"https:\/\/www.correiobraziliense.com.br\/aqui\/2026\/05\/01\/dia-do-trabalho-por-que-celebramos-em-1o-de-maio\/#primaryimage","url":"https:\/\/www.correiobraziliense.com.br\/aqui\/wp-content\/uploads\/2026\/04\/revolucao-industrial_1777555130578.jpg","contentUrl":"https:\/\/www.correiobraziliense.com.br\/aqui\/wp-content\/uploads\/2026\/04\/revolucao-industrial_1777555130578.jpg","width":1280,"height":720,"caption":"Cr\u00e9ditos: depositphotos.com \/ jugulator"},{"@type":"BreadcrumbList","@id":"https:\/\/www.correiobraziliense.com.br\/aqui\/2026\/05\/01\/dia-do-trabalho-por-que-celebramos-em-1o-de-maio\/#breadcrumb","itemListElement":[{"@type":"ListItem","position":1,"name":"In\u00edcio","item":"https:\/\/www.correiobraziliense.com.br\/aqui\/"},{"@type":"ListItem","position":2,"name":"Dia do Trabalho: por que celebramos em 1\u00ba de maio?"}]},{"@type":"WebSite","@id":"https:\/\/www.correiobraziliense.com.br\/aqui\/#website","url":"https:\/\/www.correiobraziliense.com.br\/aqui\/","name":"Correio Braziliense - Aqui","description":"O Correio Braziliense (CB) \u00e9 o mais importante canal de not\u00edcias de Bras\u00edlia. Aqui voc\u00ea encontra as \u00faltimas not\u00edcias do DF, do Brasil e do mundo.","potentialAction":[{"@type":"SearchAction","target":{"@type":"EntryPoint","urlTemplate":"https:\/\/www.correiobraziliense.com.br\/aqui\/?s={search_term_string}"},"query-input":{"@type":"PropertyValueSpecification","valueRequired":true,"valueName":"search_term_string"}}],"inLanguage":"pt-BR"},{"@type":"Person","@id":"https:\/\/www.correiobraziliense.com.br\/aqui\/#\/schema\/person\/775f50a8c1ac31704d56816e99b29041","name":"Larissa","image":{"@type":"ImageObject","inLanguage":"pt-BR","@id":"https:\/\/www.correiobraziliense.com.br\/aqui\/#\/schema\/person\/image\/","url":"https:\/\/secure.gravatar.com\/avatar\/62f5b2e99de671d075ab98e19f03c3c38c80a93f5d06f51075cf4431a4e76458?s=96&d=mm&r=g","contentUrl":"https:\/\/secure.gravatar.com\/avatar\/62f5b2e99de671d075ab98e19f03c3c38c80a93f5d06f51075cf4431a4e76458?s=96&d=mm&r=g","caption":"Larissa"},"url":"https:\/\/www.correiobraziliense.com.br\/aqui\/author\/larissaaqui\/"}]}},"_links":{"self":[{"href":"https:\/\/www.correiobraziliense.com.br\/aqui\/wp-json\/wp\/v2\/posts\/28455","targetHints":{"allow":["GET"]}}],"collection":[{"href":"https:\/\/www.correiobraziliense.com.br\/aqui\/wp-json\/wp\/v2\/posts"}],"about":[{"href":"https:\/\/www.correiobraziliense.com.br\/aqui\/wp-json\/wp\/v2\/types\/post"}],"author":[{"embeddable":true,"href":"https:\/\/www.correiobraziliense.com.br\/aqui\/wp-json\/wp\/v2\/users\/10"}],"replies":[{"embeddable":true,"href":"https:\/\/www.correiobraziliense.com.br\/aqui\/wp-json\/wp\/v2\/comments?post=28455"}],"version-history":[{"count":4,"href":"https:\/\/www.correiobraziliense.com.br\/aqui\/wp-json\/wp\/v2\/posts\/28455\/revisions"}],"predecessor-version":[{"id":28460,"href":"https:\/\/www.correiobraziliense.com.br\/aqui\/wp-json\/wp\/v2\/posts\/28455\/revisions\/28460"}],"wp:featuredmedia":[{"embeddable":true,"href":"https:\/\/www.correiobraziliense.com.br\/aqui\/wp-json\/wp\/v2\/media\/28459"}],"wp:attachment":[{"href":"https:\/\/www.correiobraziliense.com.br\/aqui\/wp-json\/wp\/v2\/media?parent=28455"}],"wp:term":[{"taxonomy":"category","embeddable":true,"href":"https:\/\/www.correiobraziliense.com.br\/aqui\/wp-json\/wp\/v2\/categories?post=28455"},{"taxonomy":"post_tag","embeddable":true,"href":"https:\/\/www.correiobraziliense.com.br\/aqui\/wp-json\/wp\/v2\/tags?post=28455"}],"curies":[{"name":"wp","href":"https:\/\/api.w.org\/{rel}","templated":true}]}}