{"id":28468,"date":"2026-04-30T15:40:00","date_gmt":"2026-04-30T18:40:00","guid":{"rendered":"https:\/\/www.correiobraziliense.com.br\/aqui\/?p=28468"},"modified":"2026-04-30T15:32:32","modified_gmt":"2026-04-30T18:32:32","slug":"como-o-cerebro-infantil-se-desenvolve-a-cada-fase-da-infancia","status":"publish","type":"post","link":"https:\/\/www.correiobraziliense.com.br\/aqui\/2026\/04\/30\/como-o-cerebro-infantil-se-desenvolve-a-cada-fase-da-infancia\/","title":{"rendered":"Como o c\u00e9rebro infantil se desenvolve a cada fase da inf\u00e2ncia"},"content":{"rendered":"\n<p>O c\u00e9rebro infantil se transforma a uma velocidade impressionante, especialmente nos primeiros anos de vida. Cada fase traz consigo um salto no desenvolvimento de habilidades cognitivas, motoras e emocionais. Entender o que acontece em cada etapa ajuda pais e cuidadores a oferecer os est\u00edmulos certos para um crescimento saud\u00e1vel e integral.<\/p>\n\n\n\n<p>\u00c9 importante lembrar, no entanto, que as faixas et\u00e1rias apresentadas s\u00e3o guias aproximados. Cada crian\u00e7a \u00e9 \u00fanica e se desenvolve em seu pr\u00f3prio ritmo, e a observa\u00e7\u00e3o atenta e carinhosa \u00e9 a melhor ferramenta para acompanhar essa jornada.<\/p>\n\n\n\n<p>Nesse processo, milh\u00f5es de novas conex\u00f5es neurais, chamadas sinapses, s\u00e3o formadas a cada segundo. \u00c9 um per\u00edodo de constru\u00e7\u00e3o intensa, no qual as <a target=\"_blank\" rel=\"noreferrer noopener\" href=\"https:\/\/www.correiobraziliense.com.br\/euestudante\/educacao-basica\/2025\/09\/7239853-por-que-a-primeira-infancia-e-fase-crucial-do-desenvolvimento.html\">experi\u00eancias moldam a arquitetura cerebral<\/a> que servir\u00e1 de base para todo o aprendizado futuro e para a forma\u00e7\u00e3o da personalidade.<\/p>\n\n\n\n<h2 class=\"wp-block-heading\">O desenvolvimento do c\u00e9rebro infantil<\/h2>\n\n\n\n<p><strong>De 0 a 2 anos: a base sensorial<\/strong><\/p>\n\n\n\n<p>Nesta fase, o c\u00e9rebro do beb\u00ea \u00e9 uma esponja sensorial. O desenvolvimento \u00e9 impulsionado principalmente pelo toque, audi\u00e7\u00e3o, vis\u00e3o e movimento. A intera\u00e7\u00e3o direta com os pais \u00e9 fundamental, pois o afeto e a seguran\u00e7a fortalecem as conex\u00f5es cerebrais ligadas ao bem-estar emocional.<\/p>\n\n\n\n<p>Para estimular, invista em atividades simples. Conversar com o beb\u00ea, cantar, fazer contato visual e oferecer brinquedos com diferentes texturas e cores s\u00e3o a\u00e7\u00f5es poderosas. O c\u00e9rebro aprende a processar o mundo por meio desses est\u00edmulos prim\u00e1rios.<\/p>\n\n\n\n<p><strong>De 2 a 6 anos: a explos\u00e3o da linguagem e da imagina\u00e7\u00e3o<\/strong><\/p>\n\n\n\n<p>Com o avan\u00e7o do desenvolvimento, a crian\u00e7a entra na fase dos \u201cporqu\u00eas\u201d. <a target=\"_blank\" rel=\"noreferrer noopener\" href=\"https:\/\/www.correiobraziliense.com.br\/revista-do-correio\/2025\/09\/7250698-veja-as-etapas-do-desenvolvimento-da-fala-das-criancas.html\">A linguagem floresce e o vocabul\u00e1rio se expande rapidamente<\/a>. O pensamento ainda \u00e9 muito concreto, mas a imagina\u00e7\u00e3o e a criatividade ganham um espa\u00e7o enorme. \u00c9 o auge do faz de conta, essencial para treinar habilidades sociais e de resolu\u00e7\u00e3o de problemas.<\/p>\n\n\n\n<p>A leitura de hist\u00f3rias se torna uma ferramenta valiosa para ampliar o repert\u00f3rio de palavras e estimular a fantasia. Brincadeiras que envolvem imita\u00e7\u00e3o e cria\u00e7\u00e3o de cen\u00e1rios, como cozinhar ou cuidar de bonecos, ajudam a organizar o pensamento e a compreender o mundo ao redor.<\/p>\n\n\n\n<p><strong>De 6 a 12 anos: o pensamento l\u00f3gico e social<\/strong><\/p>\n\n\n\n<p>Nesta etapa, <a target=\"_blank\" rel=\"noreferrer noopener\" href=\"https:\/\/www.correiobraziliense.com.br\/mundo\/2025\/07\/7199521-puberdade-do-dente-mole-como-o-cerebro-das-criancas-muda-aos-seis-anos.html\">o c\u00e9rebro j\u00e1 est\u00e1 mais preparado para o pensamento abstrato e l\u00f3gico<\/a>. A crian\u00e7a come\u00e7a a entender conceitos de causa e consequ\u00eancia, a seguir regras mais complexas e a desenvolver o senso de responsabilidade. As <a target=\"_blank\" rel=\"noreferrer noopener\" href=\"https:\/\/www.correiobraziliense.com.br\/euestudante\/educacao-basica\/2025\/09\/7242627-como-desenvolver-as-soft-skills-na-trajetoria-escolar.html\">habilidades sociais<\/a> tamb\u00e9m se aprimoram, com a capacidade de se colocar no lugar do outro.<\/p>\n\n\n\n<p>Jogos de tabuleiro, quebra-cabe\u00e7as e atividades que exigem estrat\u00e9gia s\u00e3o excelentes para exercitar o racioc\u00ednio. Envolver a crian\u00e7a em pequenas tarefas dom\u00e9sticas e conversar abertamente sobre sentimentos e regras de conviv\u00eancia contribui para a matura\u00e7\u00e3o do c\u00f3rtex pr\u00e9-frontal, \u00e1rea respons\u00e1vel pelo controle de impulsos e tomada de decis\u00f5es.<\/p>\n\n\n\n<p>Ao acompanhar cada etapa, \u00e9 fundamental observar os pequenos com aten\u00e7\u00e3o e carinho, respeitando sua individualidade. Caso os pais ou cuidadores notem atrasos significativos ou persistentes no desenvolvimento, ou tenham qualquer preocupa\u00e7\u00e3o, buscar a orienta\u00e7\u00e3o de um pediatra ou especialista \u00e9 sempre o melhor caminho para garantir o bem-estar da crian\u00e7a.<\/p>\n","protected":false},"excerpt":{"rendered":"<p>Dos primeiros est\u00edmulos \u00e0 personalidade; entenda como o c\u00e9rebro infantil se desenvolve e como pais e m\u00e3es podem ajudar.<\/p>\n","protected":false},"author":8,"featured_media":28469,"comment_status":"open","ping_status":"open","sticky":false,"template":"","format":"standard","meta":{"jnews-multi-image_gallery":[],"jnews_single_post":{"format":"standard"},"jnews_primary_category":[],"jnews_social_meta":[],"jnews_override_counter":[],"footnotes":""},"categories":[208],"tags":[7806,207,1309],"class_list":["post-28468","post","type-post","status-publish","format-standard","has-post-thumbnail","hentry","category-ciencia","tag-cerebro-infantil","tag-ciencia","tag-desenvolvimento"],"yoast_head":"<!-- This site is optimized with the Yoast SEO plugin v25.1 - https:\/\/yoast.com\/wordpress\/plugins\/seo\/ -->\n<title>Como o c\u00e9rebro infantil se desenvolve a cada fase da inf\u00e2ncia - Correio Braziliense - Aqui<\/title>\n<meta name=\"description\" content=\"Dos primeiros est\u00edmulos \u00e0 personalidade; entenda como o c\u00e9rebro infantil se desenvolve e como pais e m\u00e3es podem ajudar.\" \/>\n<meta name=\"robots\" content=\"index, follow, max-snippet:-1, max-image-preview:large, max-video-preview:-1\" \/>\n<link rel=\"canonical\" href=\"https:\/\/www.correiobraziliense.com.br\/aqui\/2026\/04\/30\/como-o-cerebro-infantil-se-desenvolve-a-cada-fase-da-infancia\/\" \/>\n<meta property=\"og:locale\" content=\"pt_BR\" \/>\n<meta property=\"og:type\" content=\"article\" \/>\n<meta property=\"og:title\" content=\"Como o c\u00e9rebro infantil se desenvolve a cada fase da inf\u00e2ncia - Correio Braziliense - Aqui\" \/>\n<meta property=\"og:description\" content=\"Dos primeiros est\u00edmulos \u00e0 personalidade; entenda como o c\u00e9rebro infantil se desenvolve e como pais e m\u00e3es podem ajudar.\" \/>\n<meta property=\"og:url\" content=\"https:\/\/www.correiobraziliense.com.br\/aqui\/2026\/04\/30\/como-o-cerebro-infantil-se-desenvolve-a-cada-fase-da-infancia\/\" \/>\n<meta property=\"og:site_name\" content=\"Correio Braziliense - Aqui\" \/>\n<meta property=\"article:published_time\" content=\"2026-04-30T18:40:00+00:00\" \/>\n<meta property=\"og:image\" content=\"https:\/\/www.correiobraziliense.com.br\/aqui\/wp-content\/uploads\/2026\/04\/cerebro-infantil_1777573246880.jpg\" \/>\n\t<meta property=\"og:image:width\" content=\"1280\" \/>\n\t<meta property=\"og:image:height\" content=\"720\" \/>\n\t<meta property=\"og:image:type\" content=\"image\/jpeg\" \/>\n<meta name=\"author\" content=\"Lara\" \/>\n<meta name=\"twitter:card\" content=\"summary_large_image\" \/>\n<meta name=\"twitter:label1\" content=\"Escrito por\" \/>\n\t<meta name=\"twitter:data1\" content=\"Lara\" \/>\n\t<meta name=\"twitter:label2\" content=\"Est. tempo de leitura\" \/>\n\t<meta name=\"twitter:data2\" content=\"3 minutos\" \/>\n<!-- \/ Yoast SEO plugin. -->","yoast_head_json":{"title":"Como o c\u00e9rebro infantil se desenvolve a cada fase da inf\u00e2ncia - Correio Braziliense - Aqui","description":"Dos primeiros est\u00edmulos \u00e0 personalidade; entenda como o c\u00e9rebro infantil se desenvolve e como pais e m\u00e3es podem ajudar.","robots":{"index":"index","follow":"follow","max-snippet":"max-snippet:-1","max-image-preview":"max-image-preview:large","max-video-preview":"max-video-preview:-1"},"canonical":"https:\/\/www.correiobraziliense.com.br\/aqui\/2026\/04\/30\/como-o-cerebro-infantil-se-desenvolve-a-cada-fase-da-infancia\/","og_locale":"pt_BR","og_type":"article","og_title":"Como o c\u00e9rebro infantil se desenvolve a cada fase da inf\u00e2ncia - Correio Braziliense - Aqui","og_description":"Dos primeiros est\u00edmulos \u00e0 personalidade; entenda como o c\u00e9rebro infantil se desenvolve e como pais e m\u00e3es podem ajudar.","og_url":"https:\/\/www.correiobraziliense.com.br\/aqui\/2026\/04\/30\/como-o-cerebro-infantil-se-desenvolve-a-cada-fase-da-infancia\/","og_site_name":"Correio Braziliense - Aqui","article_published_time":"2026-04-30T18:40:00+00:00","og_image":[{"width":1280,"height":720,"url":"https:\/\/www.correiobraziliense.com.br\/aqui\/wp-content\/uploads\/2026\/04\/cerebro-infantil_1777573246880.jpg","type":"image\/jpeg"}],"author":"Lara","twitter_card":"summary_large_image","twitter_misc":{"Escrito por":"Lara","Est. tempo de leitura":"3 minutos"},"schema":{"@context":"https:\/\/schema.org","@graph":[{"@type":"WebPage","@id":"https:\/\/www.correiobraziliense.com.br\/aqui\/2026\/04\/30\/como-o-cerebro-infantil-se-desenvolve-a-cada-fase-da-infancia\/","url":"https:\/\/www.correiobraziliense.com.br\/aqui\/2026\/04\/30\/como-o-cerebro-infantil-se-desenvolve-a-cada-fase-da-infancia\/","name":"Como o c\u00e9rebro infantil se desenvolve a cada fase da inf\u00e2ncia - Correio Braziliense - Aqui","isPartOf":{"@id":"https:\/\/www.correiobraziliense.com.br\/aqui\/#website"},"primaryImageOfPage":{"@id":"https:\/\/www.correiobraziliense.com.br\/aqui\/2026\/04\/30\/como-o-cerebro-infantil-se-desenvolve-a-cada-fase-da-infancia\/#primaryimage"},"image":{"@id":"https:\/\/www.correiobraziliense.com.br\/aqui\/2026\/04\/30\/como-o-cerebro-infantil-se-desenvolve-a-cada-fase-da-infancia\/#primaryimage"},"thumbnailUrl":"https:\/\/www.correiobraziliense.com.br\/aqui\/wp-content\/uploads\/2026\/04\/cerebro-infantil_1777573246880.jpg","datePublished":"2026-04-30T18:40:00+00:00","author":{"@id":"https:\/\/www.correiobraziliense.com.br\/aqui\/#\/schema\/person\/5d6e4d99fecc86ab1a7ed1a0369afb65"},"description":"Dos primeiros est\u00edmulos \u00e0 personalidade; entenda como o c\u00e9rebro infantil se desenvolve e como pais e m\u00e3es podem ajudar.","breadcrumb":{"@id":"https:\/\/www.correiobraziliense.com.br\/aqui\/2026\/04\/30\/como-o-cerebro-infantil-se-desenvolve-a-cada-fase-da-infancia\/#breadcrumb"},"inLanguage":"pt-BR","potentialAction":[{"@type":"ReadAction","target":["https:\/\/www.correiobraziliense.com.br\/aqui\/2026\/04\/30\/como-o-cerebro-infantil-se-desenvolve-a-cada-fase-da-infancia\/"]}]},{"@type":"ImageObject","inLanguage":"pt-BR","@id":"https:\/\/www.correiobraziliense.com.br\/aqui\/2026\/04\/30\/como-o-cerebro-infantil-se-desenvolve-a-cada-fase-da-infancia\/#primaryimage","url":"https:\/\/www.correiobraziliense.com.br\/aqui\/wp-content\/uploads\/2026\/04\/cerebro-infantil_1777573246880.jpg","contentUrl":"https:\/\/www.correiobraziliense.com.br\/aqui\/wp-content\/uploads\/2026\/04\/cerebro-infantil_1777573246880.jpg","width":1280,"height":720,"caption":"Cr\u00e9ditos: depositphotos.com \/ MillaFedotova"},{"@type":"BreadcrumbList","@id":"https:\/\/www.correiobraziliense.com.br\/aqui\/2026\/04\/30\/como-o-cerebro-infantil-se-desenvolve-a-cada-fase-da-infancia\/#breadcrumb","itemListElement":[{"@type":"ListItem","position":1,"name":"In\u00edcio","item":"https:\/\/www.correiobraziliense.com.br\/aqui\/"},{"@type":"ListItem","position":2,"name":"Como o c\u00e9rebro infantil se desenvolve a cada fase da inf\u00e2ncia"}]},{"@type":"WebSite","@id":"https:\/\/www.correiobraziliense.com.br\/aqui\/#website","url":"https:\/\/www.correiobraziliense.com.br\/aqui\/","name":"Correio Braziliense - Aqui","description":"O Correio Braziliense (CB) \u00e9 o mais importante canal de not\u00edcias de Bras\u00edlia. Aqui voc\u00ea encontra as \u00faltimas not\u00edcias do DF, do Brasil e do mundo.","potentialAction":[{"@type":"SearchAction","target":{"@type":"EntryPoint","urlTemplate":"https:\/\/www.correiobraziliense.com.br\/aqui\/?s={search_term_string}"},"query-input":{"@type":"PropertyValueSpecification","valueRequired":true,"valueName":"search_term_string"}}],"inLanguage":"pt-BR"},{"@type":"Person","@id":"https:\/\/www.correiobraziliense.com.br\/aqui\/#\/schema\/person\/5d6e4d99fecc86ab1a7ed1a0369afb65","name":"Lara","image":{"@type":"ImageObject","inLanguage":"pt-BR","@id":"https:\/\/www.correiobraziliense.com.br\/aqui\/#\/schema\/person\/image\/","url":"https:\/\/secure.gravatar.com\/avatar\/57056c5c343a6d8a6669688d3d2c04916d9d280b352b6e50e66a8d39b2517e00?s=96&d=mm&r=g","contentUrl":"https:\/\/secure.gravatar.com\/avatar\/57056c5c343a6d8a6669688d3d2c04916d9d280b352b6e50e66a8d39b2517e00?s=96&d=mm&r=g","caption":"Lara"},"url":"https:\/\/www.correiobraziliense.com.br\/aqui\/author\/laraaqui\/"}]}},"_links":{"self":[{"href":"https:\/\/www.correiobraziliense.com.br\/aqui\/wp-json\/wp\/v2\/posts\/28468","targetHints":{"allow":["GET"]}}],"collection":[{"href":"https:\/\/www.correiobraziliense.com.br\/aqui\/wp-json\/wp\/v2\/posts"}],"about":[{"href":"https:\/\/www.correiobraziliense.com.br\/aqui\/wp-json\/wp\/v2\/types\/post"}],"author":[{"embeddable":true,"href":"https:\/\/www.correiobraziliense.com.br\/aqui\/wp-json\/wp\/v2\/users\/8"}],"replies":[{"embeddable":true,"href":"https:\/\/www.correiobraziliense.com.br\/aqui\/wp-json\/wp\/v2\/comments?post=28468"}],"version-history":[{"count":1,"href":"https:\/\/www.correiobraziliense.com.br\/aqui\/wp-json\/wp\/v2\/posts\/28468\/revisions"}],"predecessor-version":[{"id":28470,"href":"https:\/\/www.correiobraziliense.com.br\/aqui\/wp-json\/wp\/v2\/posts\/28468\/revisions\/28470"}],"wp:featuredmedia":[{"embeddable":true,"href":"https:\/\/www.correiobraziliense.com.br\/aqui\/wp-json\/wp\/v2\/media\/28469"}],"wp:attachment":[{"href":"https:\/\/www.correiobraziliense.com.br\/aqui\/wp-json\/wp\/v2\/media?parent=28468"}],"wp:term":[{"taxonomy":"category","embeddable":true,"href":"https:\/\/www.correiobraziliense.com.br\/aqui\/wp-json\/wp\/v2\/categories?post=28468"},{"taxonomy":"post_tag","embeddable":true,"href":"https:\/\/www.correiobraziliense.com.br\/aqui\/wp-json\/wp\/v2\/tags?post=28468"}],"curies":[{"name":"wp","href":"https:\/\/api.w.org\/{rel}","templated":true}]}}