{"id":28474,"date":"2026-04-30T16:47:00","date_gmt":"2026-04-30T19:47:00","guid":{"rendered":"https:\/\/www.correiobraziliense.com.br\/aqui\/?p=28474"},"modified":"2026-04-30T15:39:55","modified_gmt":"2026-04-30T18:39:55","slug":"meu-filho-nao-quer-estudar-5-dicas-de-especialista-para-ajudar-a-crianca","status":"publish","type":"post","link":"https:\/\/www.correiobraziliense.com.br\/aqui\/2026\/04\/30\/meu-filho-nao-quer-estudar-5-dicas-de-especialista-para-ajudar-a-crianca\/","title":{"rendered":"Meu filho n\u00e3o quer estudar: 5 dicas de especialista para ajudar a crian\u00e7a"},"content":{"rendered":"\n<p>A frase &#8220;meu filho n\u00e3o quer estudar&#8221; \u00e9 uma queixa comum e fonte de grande preocupa\u00e7\u00e3o para muitas fam\u00edlias. Longe de ser apenas pregui\u00e7a ou desinteresse, essa recusa pode sinalizar desde dificuldades de aprendizado at\u00e9 quest\u00f5es emocionais que precisam de aten\u00e7\u00e3o e acolhimento.<\/p>\n\n\n\n<p>Entender a raiz do problema \u00e9 o primeiro passo para mudar esse cen\u00e1rio. A partir da\u00ed, algumas atitudes pr\u00e1ticas no dia a dia podem transformar a rela\u00e7\u00e3o da crian\u00e7a com os estudos e resgatar o prazer em aprender. O di\u00e1logo aberto \u00e9 sempre o ponto de partida.<\/p>\n\n\n\n<h2 class=\"wp-block-heading\">5 dicas para lidar com a falta de interesse em estudar<\/h2>\n\n\n\n<p><strong>1. Investigue a causa real do problema<\/strong><\/p>\n\n\n\n<p>Antes de tudo, converse com a crian\u00e7a sem julgamentos. A falta de vontade pode ser um sintoma de algo maior. Tente entender se ela est\u00e1 com <a target=\"_blank\" rel=\"noreferrer noopener\" href=\"https:\/\/www.correiobraziliense.com.br\/mundo\/2025\/04\/7107843-como-decifrar-as-angustias-das-criancas-dificuldade-em-matematica-pode-ser-ansiedade-com-contas-da-casa.html\">dificuldade em alguma mat\u00e9ria espec\u00edfica<\/a>, se sente t\u00e9dio por achar o conte\u00fado f\u00e1cil demais ou se enfrenta problemas de relacionamento na escola, como o bullying.<\/p>\n\n\n\n<p><strong>2. Crie uma rotina e um ambiente adequado<\/strong><\/p>\n\n\n\n<p>A previsibilidade ajuda a crian\u00e7a a se organizar. Defina um hor\u00e1rio e um local fixos para as tarefas escolares. Esse espa\u00e7o deve ser tranquilo, bem iluminado e <a target=\"_blank\" rel=\"noreferrer noopener\" href=\"https:\/\/www.correiobraziliense.com.br\/revista-do-correio\/2026\/01\/7337547-tem-dificuldade-de-concentracao-7-dicas-para-aumentar-seu-foco.html\">livre de distra\u00e7\u00f5es<\/a>, como televis\u00e3o, videogames e celulares. Uma rotina clara diminui a resist\u00eancia e transforma o estudo em um h\u00e1bito natural.<\/p>\n\n\n\n<p><strong>3. Conecte o estudo com os interesses da crian\u00e7a<\/strong><\/p>\n\n\n\n<p>Mostre a aplica\u00e7\u00e3o pr\u00e1tica do que ela aprende na escola. Se seu filho gosta de jogos, use a matem\u00e1tica para calcular pontua\u00e7\u00f5es. Se tem interesse por dinossauros, explore livros de hist\u00f3ria e ci\u00eancias. Visitas a museus, parques ou mesmo cozinhar uma receita podem tornar o aprendizado uma experi\u00eancia divertida e concreta.<\/p>\n\n\n\n<p><strong>4. Valorize o esfor\u00e7o mais do que a nota<\/strong><\/p>\n\n\n\n<p>O foco excessivo em notas altas pode gerar <a target=\"_blank\" rel=\"noreferrer noopener\" href=\"https:\/\/www.correiobraziliense.com.br\/revista-do-correio\/2025\/06\/7169913-8-dicas-para-reduzir-a-ansiedade-das-criancas-no-fim-de-semestre.html\">ansiedade<\/a> e medo de falhar. Em vez disso, elogie a dedica\u00e7\u00e3o, a persist\u00eancia e a conclus\u00e3o das tarefas. Reconhecer o esfor\u00e7o ajuda a construir a autoconfian\u00e7a da crian\u00e7a e a ensina que o processo de aprender \u00e9 t\u00e3o importante quanto o resultado final.<\/p>\n\n\n\n<p><strong>5. N\u00e3o hesite em procurar ajuda profissional<\/strong><\/p>\n\n\n\n<p>Se a dificuldade persistir mesmo com as mudan\u00e7as na rotina, pode ser o momento de buscar apoio especializado. Um psicopedagogo ou psic\u00f3logo infantil pode ajudar a identificar transtornos de aprendizagem, como dislexia e TDAH, ou quest\u00f5es emocionais que interferem no desempenho escolar. A escola tamb\u00e9m \u00e9 uma aliada importante nesse processo.<\/p>\n","protected":false},"excerpt":{"rendered":"<p>A falta de interesse em estudar pode ter v\u00e1rias causas, desde dificuldade de aprendizado at\u00e9 quest\u00f5es emocionais; veja como agir<\/p>\n","protected":false},"author":8,"featured_media":28475,"comment_status":"open","ping_status":"open","sticky":false,"template":"","format":"standard","meta":{"jnews-multi-image_gallery":[],"jnews_single_post":{"format":"standard"},"jnews_primary_category":[],"jnews_social_meta":[],"jnews_override_counter":[],"footnotes":""},"categories":[120],"tags":[3998,1125,1205,8706],"class_list":["post-28474","post","type-post","status-publish","format-standard","has-post-thumbnail","hentry","category-curiosidades","tag-criancas","tag-curiosidades","tag-dicas","tag-estudar"],"yoast_head":"<!-- This site is optimized with the Yoast SEO plugin v25.1 - https:\/\/yoast.com\/wordpress\/plugins\/seo\/ -->\n<title>Meu filho n\u00e3o quer estudar: 5 dicas de especialista para ajudar a crian\u00e7a - Correio Braziliense - Aqui<\/title>\n<meta name=\"description\" content=\"A falta de interesse em estudar pode ter v\u00e1rias causas, desde dificuldade de aprendizado at\u00e9 quest\u00f5es emocionais; veja como agir\" \/>\n<meta name=\"robots\" content=\"index, follow, max-snippet:-1, max-image-preview:large, max-video-preview:-1\" \/>\n<link rel=\"canonical\" href=\"https:\/\/www.correiobraziliense.com.br\/aqui\/2026\/04\/30\/meu-filho-nao-quer-estudar-5-dicas-de-especialista-para-ajudar-a-crianca\/\" \/>\n<meta property=\"og:locale\" content=\"pt_BR\" \/>\n<meta property=\"og:type\" content=\"article\" \/>\n<meta property=\"og:title\" content=\"Meu filho n\u00e3o quer estudar: 5 dicas de especialista para ajudar a crian\u00e7a - Correio Braziliense - Aqui\" \/>\n<meta property=\"og:description\" content=\"A falta de interesse em estudar pode ter v\u00e1rias causas, desde dificuldade de aprendizado at\u00e9 quest\u00f5es emocionais; veja como agir\" \/>\n<meta property=\"og:url\" content=\"https:\/\/www.correiobraziliense.com.br\/aqui\/2026\/04\/30\/meu-filho-nao-quer-estudar-5-dicas-de-especialista-para-ajudar-a-crianca\/\" \/>\n<meta property=\"og:site_name\" content=\"Correio Braziliense - Aqui\" \/>\n<meta property=\"article:published_time\" content=\"2026-04-30T19:47:00+00:00\" \/>\n<meta property=\"og:image\" content=\"https:\/\/www.correiobraziliense.com.br\/aqui\/wp-content\/uploads\/2026\/04\/crianca-estudando_1777574271114.jpg\" \/>\n\t<meta property=\"og:image:width\" content=\"1280\" \/>\n\t<meta property=\"og:image:height\" content=\"720\" \/>\n\t<meta property=\"og:image:type\" content=\"image\/jpeg\" \/>\n<meta name=\"author\" content=\"Lara\" \/>\n<meta name=\"twitter:card\" content=\"summary_large_image\" \/>\n<meta name=\"twitter:label1\" content=\"Escrito por\" \/>\n\t<meta name=\"twitter:data1\" content=\"Lara\" \/>\n\t<meta name=\"twitter:label2\" content=\"Est. tempo de leitura\" \/>\n\t<meta name=\"twitter:data2\" content=\"3 minutos\" \/>\n<!-- \/ Yoast SEO plugin. -->","yoast_head_json":{"title":"Meu filho n\u00e3o quer estudar: 5 dicas de especialista para ajudar a crian\u00e7a - Correio Braziliense - Aqui","description":"A falta de interesse em estudar pode ter v\u00e1rias causas, desde dificuldade de aprendizado at\u00e9 quest\u00f5es emocionais; veja como agir","robots":{"index":"index","follow":"follow","max-snippet":"max-snippet:-1","max-image-preview":"max-image-preview:large","max-video-preview":"max-video-preview:-1"},"canonical":"https:\/\/www.correiobraziliense.com.br\/aqui\/2026\/04\/30\/meu-filho-nao-quer-estudar-5-dicas-de-especialista-para-ajudar-a-crianca\/","og_locale":"pt_BR","og_type":"article","og_title":"Meu filho n\u00e3o quer estudar: 5 dicas de especialista para ajudar a crian\u00e7a - Correio Braziliense - Aqui","og_description":"A falta de interesse em estudar pode ter v\u00e1rias causas, desde dificuldade de aprendizado at\u00e9 quest\u00f5es emocionais; veja como agir","og_url":"https:\/\/www.correiobraziliense.com.br\/aqui\/2026\/04\/30\/meu-filho-nao-quer-estudar-5-dicas-de-especialista-para-ajudar-a-crianca\/","og_site_name":"Correio Braziliense - Aqui","article_published_time":"2026-04-30T19:47:00+00:00","og_image":[{"width":1280,"height":720,"url":"https:\/\/www.correiobraziliense.com.br\/aqui\/wp-content\/uploads\/2026\/04\/crianca-estudando_1777574271114.jpg","type":"image\/jpeg"}],"author":"Lara","twitter_card":"summary_large_image","twitter_misc":{"Escrito por":"Lara","Est. tempo de leitura":"3 minutos"},"schema":{"@context":"https:\/\/schema.org","@graph":[{"@type":"WebPage","@id":"https:\/\/www.correiobraziliense.com.br\/aqui\/2026\/04\/30\/meu-filho-nao-quer-estudar-5-dicas-de-especialista-para-ajudar-a-crianca\/","url":"https:\/\/www.correiobraziliense.com.br\/aqui\/2026\/04\/30\/meu-filho-nao-quer-estudar-5-dicas-de-especialista-para-ajudar-a-crianca\/","name":"Meu filho n\u00e3o quer estudar: 5 dicas de especialista para ajudar a crian\u00e7a - Correio Braziliense - Aqui","isPartOf":{"@id":"https:\/\/www.correiobraziliense.com.br\/aqui\/#website"},"primaryImageOfPage":{"@id":"https:\/\/www.correiobraziliense.com.br\/aqui\/2026\/04\/30\/meu-filho-nao-quer-estudar-5-dicas-de-especialista-para-ajudar-a-crianca\/#primaryimage"},"image":{"@id":"https:\/\/www.correiobraziliense.com.br\/aqui\/2026\/04\/30\/meu-filho-nao-quer-estudar-5-dicas-de-especialista-para-ajudar-a-crianca\/#primaryimage"},"thumbnailUrl":"https:\/\/www.correiobraziliense.com.br\/aqui\/wp-content\/uploads\/2026\/04\/crianca-estudando_1777574271114.jpg","datePublished":"2026-04-30T19:47:00+00:00","author":{"@id":"https:\/\/www.correiobraziliense.com.br\/aqui\/#\/schema\/person\/5d6e4d99fecc86ab1a7ed1a0369afb65"},"description":"A falta de interesse em estudar pode ter v\u00e1rias causas, desde dificuldade de aprendizado at\u00e9 quest\u00f5es emocionais; veja como agir","breadcrumb":{"@id":"https:\/\/www.correiobraziliense.com.br\/aqui\/2026\/04\/30\/meu-filho-nao-quer-estudar-5-dicas-de-especialista-para-ajudar-a-crianca\/#breadcrumb"},"inLanguage":"pt-BR","potentialAction":[{"@type":"ReadAction","target":["https:\/\/www.correiobraziliense.com.br\/aqui\/2026\/04\/30\/meu-filho-nao-quer-estudar-5-dicas-de-especialista-para-ajudar-a-crianca\/"]}]},{"@type":"ImageObject","inLanguage":"pt-BR","@id":"https:\/\/www.correiobraziliense.com.br\/aqui\/2026\/04\/30\/meu-filho-nao-quer-estudar-5-dicas-de-especialista-para-ajudar-a-crianca\/#primaryimage","url":"https:\/\/www.correiobraziliense.com.br\/aqui\/wp-content\/uploads\/2026\/04\/crianca-estudando_1777574271114.jpg","contentUrl":"https:\/\/www.correiobraziliense.com.br\/aqui\/wp-content\/uploads\/2026\/04\/crianca-estudando_1777574271114.jpg","width":1280,"height":720,"caption":"Cr\u00e9ditos: depositphotos.com \/ DenisNata"},{"@type":"BreadcrumbList","@id":"https:\/\/www.correiobraziliense.com.br\/aqui\/2026\/04\/30\/meu-filho-nao-quer-estudar-5-dicas-de-especialista-para-ajudar-a-crianca\/#breadcrumb","itemListElement":[{"@type":"ListItem","position":1,"name":"In\u00edcio","item":"https:\/\/www.correiobraziliense.com.br\/aqui\/"},{"@type":"ListItem","position":2,"name":"Meu filho n\u00e3o quer estudar: 5 dicas de especialista para ajudar a crian\u00e7a"}]},{"@type":"WebSite","@id":"https:\/\/www.correiobraziliense.com.br\/aqui\/#website","url":"https:\/\/www.correiobraziliense.com.br\/aqui\/","name":"Correio Braziliense - Aqui","description":"O Correio Braziliense (CB) \u00e9 o mais importante canal de not\u00edcias de Bras\u00edlia. Aqui voc\u00ea encontra as \u00faltimas not\u00edcias do DF, do Brasil e do mundo.","potentialAction":[{"@type":"SearchAction","target":{"@type":"EntryPoint","urlTemplate":"https:\/\/www.correiobraziliense.com.br\/aqui\/?s={search_term_string}"},"query-input":{"@type":"PropertyValueSpecification","valueRequired":true,"valueName":"search_term_string"}}],"inLanguage":"pt-BR"},{"@type":"Person","@id":"https:\/\/www.correiobraziliense.com.br\/aqui\/#\/schema\/person\/5d6e4d99fecc86ab1a7ed1a0369afb65","name":"Lara","image":{"@type":"ImageObject","inLanguage":"pt-BR","@id":"https:\/\/www.correiobraziliense.com.br\/aqui\/#\/schema\/person\/image\/","url":"https:\/\/secure.gravatar.com\/avatar\/57056c5c343a6d8a6669688d3d2c04916d9d280b352b6e50e66a8d39b2517e00?s=96&d=mm&r=g","contentUrl":"https:\/\/secure.gravatar.com\/avatar\/57056c5c343a6d8a6669688d3d2c04916d9d280b352b6e50e66a8d39b2517e00?s=96&d=mm&r=g","caption":"Lara"},"url":"https:\/\/www.correiobraziliense.com.br\/aqui\/author\/laraaqui\/"}]}},"_links":{"self":[{"href":"https:\/\/www.correiobraziliense.com.br\/aqui\/wp-json\/wp\/v2\/posts\/28474","targetHints":{"allow":["GET"]}}],"collection":[{"href":"https:\/\/www.correiobraziliense.com.br\/aqui\/wp-json\/wp\/v2\/posts"}],"about":[{"href":"https:\/\/www.correiobraziliense.com.br\/aqui\/wp-json\/wp\/v2\/types\/post"}],"author":[{"embeddable":true,"href":"https:\/\/www.correiobraziliense.com.br\/aqui\/wp-json\/wp\/v2\/users\/8"}],"replies":[{"embeddable":true,"href":"https:\/\/www.correiobraziliense.com.br\/aqui\/wp-json\/wp\/v2\/comments?post=28474"}],"version-history":[{"count":1,"href":"https:\/\/www.correiobraziliense.com.br\/aqui\/wp-json\/wp\/v2\/posts\/28474\/revisions"}],"predecessor-version":[{"id":28476,"href":"https:\/\/www.correiobraziliense.com.br\/aqui\/wp-json\/wp\/v2\/posts\/28474\/revisions\/28476"}],"wp:featuredmedia":[{"embeddable":true,"href":"https:\/\/www.correiobraziliense.com.br\/aqui\/wp-json\/wp\/v2\/media\/28475"}],"wp:attachment":[{"href":"https:\/\/www.correiobraziliense.com.br\/aqui\/wp-json\/wp\/v2\/media?parent=28474"}],"wp:term":[{"taxonomy":"category","embeddable":true,"href":"https:\/\/www.correiobraziliense.com.br\/aqui\/wp-json\/wp\/v2\/categories?post=28474"},{"taxonomy":"post_tag","embeddable":true,"href":"https:\/\/www.correiobraziliense.com.br\/aqui\/wp-json\/wp\/v2\/tags?post=28474"}],"curies":[{"name":"wp","href":"https:\/\/api.w.org\/{rel}","templated":true}]}}