{"id":28484,"date":"2026-04-30T18:27:00","date_gmt":"2026-04-30T21:27:00","guid":{"rendered":"https:\/\/www.correiobraziliense.com.br\/aqui\/?p=28484"},"modified":"2026-04-30T15:51:25","modified_gmt":"2026-04-30T18:51:25","slug":"budapeste-5-dicas-essenciais-para-planejar-sua-viagem-a-capital-hungara","status":"publish","type":"post","link":"https:\/\/www.correiobraziliense.com.br\/aqui\/2026\/04\/30\/budapeste-5-dicas-essenciais-para-planejar-sua-viagem-a-capital-hungara\/","title":{"rendered":"Budapeste: 5 dicas essenciais para planejar sua viagem \u00e0 capital h\u00fangara"},"content":{"rendered":"\n<p>Budapeste, a capital da Hungria, \u00e9 um dos destinos mais procurados da Europa Central. Se voc\u00ea est\u00e1 planejando uma visita \u00e0 cidade dividida pelo rio Dan\u00fabio, organizar a log\u00edstica com anteced\u00eancia \u00e9 o segredo para aproveitar ao m\u00e1ximo a arquitetura deslumbrante, a hist\u00f3ria rica e a cultura vibrante que o destino oferece.<\/p>\n\n\n\n<p>Conhecida como a &#8220;P\u00e9rola do Dan\u00fabio&#8221;, a cidade une as antigas Buda e Peste. Para ajudar no <a target=\"_blank\" rel=\"noreferrer noopener\" href=\"https:\/\/www.correiobraziliense.com.br\/turismo\/2025\/10\/7261001-dicas-planejar-viagem-internacional.html\">planejamento<\/a>, reunimos cinco dicas essenciais que far\u00e3o toda a diferen\u00e7a na sua experi\u00eancia.<\/p>\n\n\n\n<h2 class=\"wp-block-heading\">O que voc\u00ea precisa saber sobre Budapeste<\/h2>\n\n\n\n<ol class=\"wp-block-list\">\n<li><strong>A melhor \u00e9poca para a visita<\/strong><br>A primavera (de abril a maio) e o outono (de setembro a outubro) s\u00e3o considerados os per\u00edodos ideais para <a href=\"https:\/\/www.correiobraziliense.com.br\/economia\/2025\/11\/7261003-melhores-epocas-para-viajar-custo-beneficio.html\" target=\"_blank\" rel=\"noreferrer noopener\">conhecer Budapeste<\/a>. Nesses meses, as temperaturas s\u00e3o amenas e a cidade est\u00e1 menos cheia de turistas, o que permite explorar as atra\u00e7\u00f5es com mais tranquilidade. O ver\u00e3o \u00e9 vibrante e cheio de festivais, mas prepare-se para o calor e pre\u00e7os mais altos.<\/li>\n\n\n\n<li><strong>Use e abuse do transporte p\u00fablico<\/strong><br>O sistema de <a href=\"https:\/\/www.correiobraziliense.com.br\/cidades-df\/2025\/09\/7261002-explorando-pontos-turisticos-brasileiros.html\" target=\"_blank\" rel=\"noreferrer noopener\">transporte p\u00fablico<\/a> de Budapeste \u00e9 extremamente eficiente e cobre praticamente toda a cidade com metr\u00f4s, \u00f4nibus e os charmosos bondes amarelos. Comprar um passe de transporte para o per\u00edodo da sua estadia (existem op\u00e7\u00f5es de 24 horas, 72 horas e semanais) \u00e9 a forma mais econ\u00f4mica e pr\u00e1tica de se locomover, evitando preocupa\u00e7\u00f5es com a compra de bilhetes a cada viagem.<\/li>\n\n\n\n<li><strong>Entenda a moeda local<\/strong><br>Apesar de a Hungria fazer parte da Uni\u00e3o Europeia, a moeda oficial n\u00e3o \u00e9 o euro, mas sim o forint h\u00fangaro (HUF). Embora muitos locais tur\u00edsticos aceitem euros, a convers\u00e3o geralmente n\u00e3o \u00e9 favor\u00e1vel. A melhor op\u00e7\u00e3o \u00e9 pagar com cart\u00e3o de cr\u00e9dito ou sacar forints em caixas eletr\u00f4nicos. Ter um pouco de dinheiro em esp\u00e9cie \u00e9 \u00fatil para pequenas compras em mercados locais.<\/li>\n\n\n\n<li><strong>Planeje os passeios essenciais<\/strong><br>Budapeste tem uma lista extensa de <a href=\"https:\/\/www.correiobraziliense.com.br\/cultura\/2025\/12\/7261004-roteiro-cultural-pela-europa-central.html\" target=\"_blank\" rel=\"noreferrer noopener\">pontos tur\u00edsticos imperd\u00edveis<\/a>. Do lado Peste, o grandioso Parlamento H\u00fangaro \u00e9 uma visita obrigat\u00f3ria. Do lado Buda, suba at\u00e9 o Castelo de Buda para ter vistas panor\u00e2micas e caminhe pelo Basti\u00e3o dos Pescadores. N\u00e3o deixe de incluir no roteiro um relaxante banho termal, como os famosos Szechenyi ou Gell\u00e9rt, que s\u00e3o uma tradi\u00e7\u00e3o local.<\/li>\n\n\n\n<li><strong>Explore os ruin bars e a gastronomia<\/strong><br>Uma das experi\u00eancias mais aut\u00eanticas de Budapeste \u00e9 visitar os &#8220;ruin bars&#8221;, ou bares em ru\u00ednas. Instalados em pr\u00e9dios abandonados e decorados de forma exc\u00eantrica, eles s\u00e3o o cora\u00e7\u00e3o da vida noturna. Para completar a imers\u00e3o cultural, prove pratos t\u00edpicos como o goulash, uma sopa robusta de carne e p\u00e1prica, que \u00e9 um verdadeiro s\u00edmbolo da culin\u00e1ria h\u00fangara.<\/li>\n<\/ol>\n","protected":false},"excerpt":{"rendered":"<p>Budapeste encanta com sua hist\u00f3ria; saiba qual a melhor \u00e9poca para ir, como usar o transporte e o que n\u00e3o perder<\/p>\n","protected":false},"author":8,"featured_media":28486,"comment_status":"open","ping_status":"open","sticky":false,"template":"","format":"standard","meta":{"jnews-multi-image_gallery":[],"jnews_single_post":{"format":"standard"},"jnews_primary_category":[],"jnews_social_meta":[],"jnews_override_counter":[],"footnotes":""},"categories":[148],"tags":[4454,3864,7965,8456,8458,146],"class_list":["post-28484","post","type-post","status-publish","format-standard","has-post-thumbnail","hentry","category-turismo","tag-budapeste","tag-dicas-de-viagem","tag-guia-de-viagem","tag-hungria","tag-perola-do-danubio","tag-turismo"],"yoast_head":"<!-- This site is optimized with the Yoast SEO plugin v25.1 - https:\/\/yoast.com\/wordpress\/plugins\/seo\/ -->\n<title>Budapeste: 5 dicas essenciais para planejar sua viagem \u00e0 capital h\u00fangara - Correio Braziliense - Aqui<\/title>\n<meta name=\"description\" content=\"Budapeste encanta com sua hist\u00f3ria; saiba qual a melhor \u00e9poca para ir, como usar o transporte e o que n\u00e3o perder\" \/>\n<meta name=\"robots\" content=\"index, follow, max-snippet:-1, max-image-preview:large, max-video-preview:-1\" \/>\n<link rel=\"canonical\" href=\"https:\/\/www.correiobraziliense.com.br\/aqui\/2026\/04\/30\/budapeste-5-dicas-essenciais-para-planejar-sua-viagem-a-capital-hungara\/\" \/>\n<meta property=\"og:locale\" content=\"pt_BR\" \/>\n<meta property=\"og:type\" content=\"article\" \/>\n<meta property=\"og:title\" content=\"Budapeste: 5 dicas essenciais para planejar sua viagem \u00e0 capital h\u00fangara - Correio Braziliense - Aqui\" \/>\n<meta property=\"og:description\" content=\"Budapeste encanta com sua hist\u00f3ria; saiba qual a melhor \u00e9poca para ir, como usar o transporte e o que n\u00e3o perder\" \/>\n<meta property=\"og:url\" content=\"https:\/\/www.correiobraziliense.com.br\/aqui\/2026\/04\/30\/budapeste-5-dicas-essenciais-para-planejar-sua-viagem-a-capital-hungara\/\" \/>\n<meta property=\"og:site_name\" content=\"Correio Braziliense - Aqui\" \/>\n<meta property=\"article:published_time\" content=\"2026-04-30T21:27:00+00:00\" \/>\n<meta property=\"og:image\" content=\"https:\/\/www.correiobraziliense.com.br\/aqui\/wp-content\/uploads\/2026\/04\/Budapeste_1777574948092.jpg\" \/>\n\t<meta property=\"og:image:width\" content=\"1280\" \/>\n\t<meta property=\"og:image:height\" content=\"720\" \/>\n\t<meta property=\"og:image:type\" content=\"image\/jpeg\" \/>\n<meta name=\"author\" content=\"Lara\" \/>\n<meta name=\"twitter:card\" content=\"summary_large_image\" \/>\n<meta name=\"twitter:label1\" content=\"Escrito por\" \/>\n\t<meta name=\"twitter:data1\" content=\"Lara\" \/>\n\t<meta name=\"twitter:label2\" content=\"Est. tempo de leitura\" \/>\n\t<meta name=\"twitter:data2\" content=\"3 minutos\" \/>\n<!-- \/ Yoast SEO plugin. -->","yoast_head_json":{"title":"Budapeste: 5 dicas essenciais para planejar sua viagem \u00e0 capital h\u00fangara - Correio Braziliense - Aqui","description":"Budapeste encanta com sua hist\u00f3ria; saiba qual a melhor \u00e9poca para ir, como usar o transporte e o que n\u00e3o perder","robots":{"index":"index","follow":"follow","max-snippet":"max-snippet:-1","max-image-preview":"max-image-preview:large","max-video-preview":"max-video-preview:-1"},"canonical":"https:\/\/www.correiobraziliense.com.br\/aqui\/2026\/04\/30\/budapeste-5-dicas-essenciais-para-planejar-sua-viagem-a-capital-hungara\/","og_locale":"pt_BR","og_type":"article","og_title":"Budapeste: 5 dicas essenciais para planejar sua viagem \u00e0 capital h\u00fangara - Correio Braziliense - Aqui","og_description":"Budapeste encanta com sua hist\u00f3ria; saiba qual a melhor \u00e9poca para ir, como usar o transporte e o que n\u00e3o perder","og_url":"https:\/\/www.correiobraziliense.com.br\/aqui\/2026\/04\/30\/budapeste-5-dicas-essenciais-para-planejar-sua-viagem-a-capital-hungara\/","og_site_name":"Correio Braziliense - Aqui","article_published_time":"2026-04-30T21:27:00+00:00","og_image":[{"width":1280,"height":720,"url":"https:\/\/www.correiobraziliense.com.br\/aqui\/wp-content\/uploads\/2026\/04\/Budapeste_1777574948092.jpg","type":"image\/jpeg"}],"author":"Lara","twitter_card":"summary_large_image","twitter_misc":{"Escrito por":"Lara","Est. tempo de leitura":"3 minutos"},"schema":{"@context":"https:\/\/schema.org","@graph":[{"@type":"WebPage","@id":"https:\/\/www.correiobraziliense.com.br\/aqui\/2026\/04\/30\/budapeste-5-dicas-essenciais-para-planejar-sua-viagem-a-capital-hungara\/","url":"https:\/\/www.correiobraziliense.com.br\/aqui\/2026\/04\/30\/budapeste-5-dicas-essenciais-para-planejar-sua-viagem-a-capital-hungara\/","name":"Budapeste: 5 dicas essenciais para planejar sua viagem \u00e0 capital h\u00fangara - Correio Braziliense - Aqui","isPartOf":{"@id":"https:\/\/www.correiobraziliense.com.br\/aqui\/#website"},"primaryImageOfPage":{"@id":"https:\/\/www.correiobraziliense.com.br\/aqui\/2026\/04\/30\/budapeste-5-dicas-essenciais-para-planejar-sua-viagem-a-capital-hungara\/#primaryimage"},"image":{"@id":"https:\/\/www.correiobraziliense.com.br\/aqui\/2026\/04\/30\/budapeste-5-dicas-essenciais-para-planejar-sua-viagem-a-capital-hungara\/#primaryimage"},"thumbnailUrl":"https:\/\/www.correiobraziliense.com.br\/aqui\/wp-content\/uploads\/2026\/04\/Budapeste_1777574948092.jpg","datePublished":"2026-04-30T21:27:00+00:00","author":{"@id":"https:\/\/www.correiobraziliense.com.br\/aqui\/#\/schema\/person\/5d6e4d99fecc86ab1a7ed1a0369afb65"},"description":"Budapeste encanta com sua hist\u00f3ria; saiba qual a melhor \u00e9poca para ir, como usar o transporte e o que n\u00e3o perder","breadcrumb":{"@id":"https:\/\/www.correiobraziliense.com.br\/aqui\/2026\/04\/30\/budapeste-5-dicas-essenciais-para-planejar-sua-viagem-a-capital-hungara\/#breadcrumb"},"inLanguage":"pt-BR","potentialAction":[{"@type":"ReadAction","target":["https:\/\/www.correiobraziliense.com.br\/aqui\/2026\/04\/30\/budapeste-5-dicas-essenciais-para-planejar-sua-viagem-a-capital-hungara\/"]}]},{"@type":"ImageObject","inLanguage":"pt-BR","@id":"https:\/\/www.correiobraziliense.com.br\/aqui\/2026\/04\/30\/budapeste-5-dicas-essenciais-para-planejar-sua-viagem-a-capital-hungara\/#primaryimage","url":"https:\/\/www.correiobraziliense.com.br\/aqui\/wp-content\/uploads\/2026\/04\/Budapeste_1777574948092.jpg","contentUrl":"https:\/\/www.correiobraziliense.com.br\/aqui\/wp-content\/uploads\/2026\/04\/Budapeste_1777574948092.jpg","width":1280,"height":720,"caption":"Cr\u00e9ditos: depositphotos.com \/ kanzilyou"},{"@type":"BreadcrumbList","@id":"https:\/\/www.correiobraziliense.com.br\/aqui\/2026\/04\/30\/budapeste-5-dicas-essenciais-para-planejar-sua-viagem-a-capital-hungara\/#breadcrumb","itemListElement":[{"@type":"ListItem","position":1,"name":"In\u00edcio","item":"https:\/\/www.correiobraziliense.com.br\/aqui\/"},{"@type":"ListItem","position":2,"name":"Budapeste: 5 dicas essenciais para planejar sua viagem \u00e0 capital h\u00fangara"}]},{"@type":"WebSite","@id":"https:\/\/www.correiobraziliense.com.br\/aqui\/#website","url":"https:\/\/www.correiobraziliense.com.br\/aqui\/","name":"Correio Braziliense - Aqui","description":"O Correio Braziliense (CB) \u00e9 o mais importante canal de not\u00edcias de Bras\u00edlia. Aqui voc\u00ea encontra as \u00faltimas not\u00edcias do DF, do Brasil e do mundo.","potentialAction":[{"@type":"SearchAction","target":{"@type":"EntryPoint","urlTemplate":"https:\/\/www.correiobraziliense.com.br\/aqui\/?s={search_term_string}"},"query-input":{"@type":"PropertyValueSpecification","valueRequired":true,"valueName":"search_term_string"}}],"inLanguage":"pt-BR"},{"@type":"Person","@id":"https:\/\/www.correiobraziliense.com.br\/aqui\/#\/schema\/person\/5d6e4d99fecc86ab1a7ed1a0369afb65","name":"Lara","image":{"@type":"ImageObject","inLanguage":"pt-BR","@id":"https:\/\/www.correiobraziliense.com.br\/aqui\/#\/schema\/person\/image\/","url":"https:\/\/secure.gravatar.com\/avatar\/57056c5c343a6d8a6669688d3d2c04916d9d280b352b6e50e66a8d39b2517e00?s=96&d=mm&r=g","contentUrl":"https:\/\/secure.gravatar.com\/avatar\/57056c5c343a6d8a6669688d3d2c04916d9d280b352b6e50e66a8d39b2517e00?s=96&d=mm&r=g","caption":"Lara"},"url":"https:\/\/www.correiobraziliense.com.br\/aqui\/author\/laraaqui\/"}]}},"_links":{"self":[{"href":"https:\/\/www.correiobraziliense.com.br\/aqui\/wp-json\/wp\/v2\/posts\/28484","targetHints":{"allow":["GET"]}}],"collection":[{"href":"https:\/\/www.correiobraziliense.com.br\/aqui\/wp-json\/wp\/v2\/posts"}],"about":[{"href":"https:\/\/www.correiobraziliense.com.br\/aqui\/wp-json\/wp\/v2\/types\/post"}],"author":[{"embeddable":true,"href":"https:\/\/www.correiobraziliense.com.br\/aqui\/wp-json\/wp\/v2\/users\/8"}],"replies":[{"embeddable":true,"href":"https:\/\/www.correiobraziliense.com.br\/aqui\/wp-json\/wp\/v2\/comments?post=28484"}],"version-history":[{"count":3,"href":"https:\/\/www.correiobraziliense.com.br\/aqui\/wp-json\/wp\/v2\/posts\/28484\/revisions"}],"predecessor-version":[{"id":28488,"href":"https:\/\/www.correiobraziliense.com.br\/aqui\/wp-json\/wp\/v2\/posts\/28484\/revisions\/28488"}],"wp:featuredmedia":[{"embeddable":true,"href":"https:\/\/www.correiobraziliense.com.br\/aqui\/wp-json\/wp\/v2\/media\/28486"}],"wp:attachment":[{"href":"https:\/\/www.correiobraziliense.com.br\/aqui\/wp-json\/wp\/v2\/media?parent=28484"}],"wp:term":[{"taxonomy":"category","embeddable":true,"href":"https:\/\/www.correiobraziliense.com.br\/aqui\/wp-json\/wp\/v2\/categories?post=28484"},{"taxonomy":"post_tag","embeddable":true,"href":"https:\/\/www.correiobraziliense.com.br\/aqui\/wp-json\/wp\/v2\/tags?post=28484"}],"curies":[{"name":"wp","href":"https:\/\/api.w.org\/{rel}","templated":true}]}}