{"id":28492,"date":"2026-04-30T19:55:00","date_gmt":"2026-04-30T22:55:00","guid":{"rendered":"https:\/\/www.correiobraziliense.com.br\/aqui\/?p=28492"},"modified":"2026-04-30T16:00:26","modified_gmt":"2026-04-30T19:00:26","slug":"7-problemas-de-saude-causados-ou-agravados-pela-seca-e-tempo-seco","status":"publish","type":"post","link":"https:\/\/www.correiobraziliense.com.br\/aqui\/2026\/04\/30\/7-problemas-de-saude-causados-ou-agravados-pela-seca-e-tempo-seco\/","title":{"rendered":"7 problemas de sa\u00fade causados ou agravados pela seca e tempo seco"},"content":{"rendered":"\n<p>O tempo seco, caracter\u00edstico desta \u00e9poca do ano em diversas regi\u00f5es do Brasil, traz consigo mais do que apenas a necessidade de beber mais \u00e1gua. A queda na umidade do ar impacta diretamente a sa\u00fade, provocando desde desconfortos leves at\u00e9 o agravamento de condi\u00e7\u00f5es cr\u00f4nicas que v\u00e3o muito al\u00e9m do sistema respirat\u00f3rio, afetando pele, olhos e at\u00e9 o sistema cardiovascular.<\/p>\n\n\n\n<p>As mucosas do nariz e da garganta, que funcionam como uma barreira de defesa do corpo, ficam ressecadas e mais vulner\u00e1veis. O resultado \u00e9 um ambiente prop\u00edcio para a prolifera\u00e7\u00e3o de v\u00edrus, bact\u00e9rias e al\u00e9rgenos, que encontram um caminho mais f\u00e1cil para entrar no organismo. Entender os principais riscos associados a este per\u00edodo \u00e9 fundamental para adotar medidas preventivas e cuidar melhor da sa\u00fade.<\/p>\n\n\n\n<h2 class=\"wp-block-heading\">7 problemas de sa\u00fade que s\u00e3o causados ou pioram com o tempo seco:<\/h2>\n\n\n\n<ol class=\"wp-block-list\">\n<li><a href=\"https:\/\/www.correiobraziliense.com.br\/revista-do-correio\/2025\/04\/7111637-atencao-as-doencas-respiratorias-que-aparecem-durante-a-seca.html\" target=\"_blank\" rel=\"noreferrer noopener\"><strong>Crises respirat\u00f3rias<\/strong><\/a>: a baixa umidade irrita as vias a\u00e9reas e compromete a defesa natural do corpo. Isso agrava quadros de asma, bronquite, rinite e sinusite, tornando a tosse seca e a dificuldade para respirar sintomas comuns.<\/li>\n\n\n\n<li><strong>Sangramento nasal<\/strong>: com o revestimento interno do nariz ressecado, os pequenos vasos sangu\u00edneos se tornam mais fr\u00e1geis e podem se romper facilmente. Atos simples como assoar o nariz ou mesmo o atrito durante o sono podem causar sangramentos.<\/li>\n\n\n\n<li><strong>Pele seca e coceira<\/strong>: o ar seco retira a umidade natural da pele, deixando-a desidratada, \u00e1spera e com tend\u00eancia \u00e0 descama\u00e7\u00e3o. A coceira se torna frequente e condi\u00e7\u00f5es como a dermatite at\u00f3pica podem apresentar uma piora significativa.<\/li>\n\n\n\n<li><strong>Olhos irritados<\/strong>: a produ\u00e7\u00e3o de l\u00e1grimas diminui, o que reduz a lubrifica\u00e7\u00e3o dos olhos. A consequ\u00eancia \u00e9 a chamada <a href=\"https:\/\/www.correiobraziliense.com.br\/ciencia-e-saude\/2025\/10\/7266982-secura-lota-consultorios-com-casos-de-olho-seco-e-inflamacao-nas-palpebras.html\" target=\"_blank\" rel=\"noreferrer noopener\">s\u00edndrome do olho seco<\/a>, com sintomas de ard\u00eancia, vermelhid\u00e3o e sensa\u00e7\u00e3o de areia nos olhos, al\u00e9m de aumentar o risco de conjuntivites.<\/li>\n\n\n\n<li><strong>Desidrata\u00e7\u00e3o<\/strong>: mesmo sem a pr\u00e1tica de atividades f\u00edsicas, o corpo perde mais \u00e1gua pela respira\u00e7\u00e3o e transpira\u00e7\u00e3o para tentar umidificar o ar. Sinais como dor de cabe\u00e7a, boca seca, cansa\u00e7o e tontura indicam a necessidade urgente de <a href=\"https:\/\/www.correiobraziliense.com.br\/revista-do-correio\/2025\/09\/7244886-muito-alem-da-garrafinha-nutricionistas-indicam-alimentos-que-hidratam.html\" target=\"_blank\" rel=\"noreferrer noopener\">aumentar a ingest\u00e3o de l\u00edquidos<\/a>.<\/li>\n\n\n\n<li><strong>Dores de cabe\u00e7a<\/strong>: a desidrata\u00e7\u00e3o \u00e9 uma das principais causas de dor de cabe\u00e7a durante o tempo seco. A irrita\u00e7\u00e3o dos seios da face, que pode levar \u00e0 sinusite, tamb\u00e9m contribui para o desconforto, assim como a maior concentra\u00e7\u00e3o de poluentes no ar.<\/li>\n\n\n\n<li><strong>Riscos cardiovasculares<\/strong>: a perda de l\u00edquidos deixa o sangue mais denso, for\u00e7ando o cora\u00e7\u00e3o a trabalhar mais para bombe\u00e1-lo. Para pessoas com hipertens\u00e3o ou outras doen\u00e7as card\u00edacas, essa sobrecarga eleva o risco de picos de press\u00e3o arterial e arritmias.<\/li>\n<\/ol>\n","protected":false},"excerpt":{"rendered":"<p>O tempo seco n\u00e3o afeta apenas a respira\u00e7\u00e3o; veja os riscos para a pele, os olhos e at\u00e9 mesmo para a sa\u00fade cardiovascular neste per\u00edodo<\/p>\n","protected":false},"author":8,"featured_media":28493,"comment_status":"open","ping_status":"open","sticky":false,"template":"","format":"standard","meta":{"jnews-multi-image_gallery":[],"jnews_single_post":{"format":"standard"},"jnews_primary_category":[],"jnews_social_meta":[],"jnews_override_counter":[],"footnotes":""},"categories":[123],"tags":[6169,9018,6676,9020,9019,9015,6867,9021,5744,141,9017],"class_list":["post-28492","post","type-post","status-publish","format-standard","has-post-thumbnail","hentry","category-saude","tag-coceira","tag-crises-respiratorias","tag-desidratacao","tag-dores-de-cabeca","tag-olhos-irritados","tag-pele-seca","tag-problemas-de-saude","tag-riscos-cardiovasculares","tag-sangramento-nasal","tag-saude","tag-tempo-seco"],"yoast_head":"<!-- This site is optimized with the Yoast SEO plugin v25.1 - https:\/\/yoast.com\/wordpress\/plugins\/seo\/ -->\n<title>7 problemas de sa\u00fade causados ou agravados pela seca e tempo seco - Correio Braziliense - Aqui<\/title>\n<meta name=\"description\" content=\"O tempo seco n\u00e3o afeta apenas a respira\u00e7\u00e3o; veja os riscos para a pele, os olhos e at\u00e9 mesmo para a sa\u00fade cardiovascular neste per\u00edodo\" \/>\n<meta name=\"robots\" content=\"index, follow, max-snippet:-1, max-image-preview:large, max-video-preview:-1\" \/>\n<link rel=\"canonical\" href=\"https:\/\/www.correiobraziliense.com.br\/aqui\/2026\/04\/30\/7-problemas-de-saude-causados-ou-agravados-pela-seca-e-tempo-seco\/\" \/>\n<meta property=\"og:locale\" content=\"pt_BR\" \/>\n<meta property=\"og:type\" content=\"article\" \/>\n<meta property=\"og:title\" content=\"7 problemas de sa\u00fade causados ou agravados pela seca e tempo seco - Correio Braziliense - Aqui\" \/>\n<meta property=\"og:description\" content=\"O tempo seco n\u00e3o afeta apenas a respira\u00e7\u00e3o; veja os riscos para a pele, os olhos e at\u00e9 mesmo para a sa\u00fade cardiovascular neste per\u00edodo\" \/>\n<meta property=\"og:url\" content=\"https:\/\/www.correiobraziliense.com.br\/aqui\/2026\/04\/30\/7-problemas-de-saude-causados-ou-agravados-pela-seca-e-tempo-seco\/\" \/>\n<meta property=\"og:site_name\" content=\"Correio Braziliense - Aqui\" \/>\n<meta property=\"article:published_time\" content=\"2026-04-30T22:55:00+00:00\" \/>\n<meta property=\"og:image\" content=\"https:\/\/www.correiobraziliense.com.br\/aqui\/wp-content\/uploads\/2026\/04\/tempo-seco-saude_1777575494914.jpg\" \/>\n\t<meta property=\"og:image:width\" content=\"1280\" \/>\n\t<meta property=\"og:image:height\" content=\"720\" \/>\n\t<meta property=\"og:image:type\" content=\"image\/jpeg\" \/>\n<meta name=\"author\" content=\"Lara\" \/>\n<meta name=\"twitter:card\" content=\"summary_large_image\" \/>\n<meta name=\"twitter:label1\" content=\"Escrito por\" \/>\n\t<meta name=\"twitter:data1\" content=\"Lara\" \/>\n\t<meta name=\"twitter:label2\" content=\"Est. tempo de leitura\" \/>\n\t<meta name=\"twitter:data2\" content=\"3 minutos\" \/>\n<!-- \/ Yoast SEO plugin. -->","yoast_head_json":{"title":"7 problemas de sa\u00fade causados ou agravados pela seca e tempo seco - Correio Braziliense - Aqui","description":"O tempo seco n\u00e3o afeta apenas a respira\u00e7\u00e3o; veja os riscos para a pele, os olhos e at\u00e9 mesmo para a sa\u00fade cardiovascular neste per\u00edodo","robots":{"index":"index","follow":"follow","max-snippet":"max-snippet:-1","max-image-preview":"max-image-preview:large","max-video-preview":"max-video-preview:-1"},"canonical":"https:\/\/www.correiobraziliense.com.br\/aqui\/2026\/04\/30\/7-problemas-de-saude-causados-ou-agravados-pela-seca-e-tempo-seco\/","og_locale":"pt_BR","og_type":"article","og_title":"7 problemas de sa\u00fade causados ou agravados pela seca e tempo seco - Correio Braziliense - Aqui","og_description":"O tempo seco n\u00e3o afeta apenas a respira\u00e7\u00e3o; veja os riscos para a pele, os olhos e at\u00e9 mesmo para a sa\u00fade cardiovascular neste per\u00edodo","og_url":"https:\/\/www.correiobraziliense.com.br\/aqui\/2026\/04\/30\/7-problemas-de-saude-causados-ou-agravados-pela-seca-e-tempo-seco\/","og_site_name":"Correio Braziliense - Aqui","article_published_time":"2026-04-30T22:55:00+00:00","og_image":[{"width":1280,"height":720,"url":"https:\/\/www.correiobraziliense.com.br\/aqui\/wp-content\/uploads\/2026\/04\/tempo-seco-saude_1777575494914.jpg","type":"image\/jpeg"}],"author":"Lara","twitter_card":"summary_large_image","twitter_misc":{"Escrito por":"Lara","Est. tempo de leitura":"3 minutos"},"schema":{"@context":"https:\/\/schema.org","@graph":[{"@type":"WebPage","@id":"https:\/\/www.correiobraziliense.com.br\/aqui\/2026\/04\/30\/7-problemas-de-saude-causados-ou-agravados-pela-seca-e-tempo-seco\/","url":"https:\/\/www.correiobraziliense.com.br\/aqui\/2026\/04\/30\/7-problemas-de-saude-causados-ou-agravados-pela-seca-e-tempo-seco\/","name":"7 problemas de sa\u00fade causados ou agravados pela seca e tempo seco - Correio Braziliense - Aqui","isPartOf":{"@id":"https:\/\/www.correiobraziliense.com.br\/aqui\/#website"},"primaryImageOfPage":{"@id":"https:\/\/www.correiobraziliense.com.br\/aqui\/2026\/04\/30\/7-problemas-de-saude-causados-ou-agravados-pela-seca-e-tempo-seco\/#primaryimage"},"image":{"@id":"https:\/\/www.correiobraziliense.com.br\/aqui\/2026\/04\/30\/7-problemas-de-saude-causados-ou-agravados-pela-seca-e-tempo-seco\/#primaryimage"},"thumbnailUrl":"https:\/\/www.correiobraziliense.com.br\/aqui\/wp-content\/uploads\/2026\/04\/tempo-seco-saude_1777575494914.jpg","datePublished":"2026-04-30T22:55:00+00:00","author":{"@id":"https:\/\/www.correiobraziliense.com.br\/aqui\/#\/schema\/person\/5d6e4d99fecc86ab1a7ed1a0369afb65"},"description":"O tempo seco n\u00e3o afeta apenas a respira\u00e7\u00e3o; veja os riscos para a pele, os olhos e at\u00e9 mesmo para a sa\u00fade cardiovascular neste per\u00edodo","breadcrumb":{"@id":"https:\/\/www.correiobraziliense.com.br\/aqui\/2026\/04\/30\/7-problemas-de-saude-causados-ou-agravados-pela-seca-e-tempo-seco\/#breadcrumb"},"inLanguage":"pt-BR","potentialAction":[{"@type":"ReadAction","target":["https:\/\/www.correiobraziliense.com.br\/aqui\/2026\/04\/30\/7-problemas-de-saude-causados-ou-agravados-pela-seca-e-tempo-seco\/"]}]},{"@type":"ImageObject","inLanguage":"pt-BR","@id":"https:\/\/www.correiobraziliense.com.br\/aqui\/2026\/04\/30\/7-problemas-de-saude-causados-ou-agravados-pela-seca-e-tempo-seco\/#primaryimage","url":"https:\/\/www.correiobraziliense.com.br\/aqui\/wp-content\/uploads\/2026\/04\/tempo-seco-saude_1777575494914.jpg","contentUrl":"https:\/\/www.correiobraziliense.com.br\/aqui\/wp-content\/uploads\/2026\/04\/tempo-seco-saude_1777575494914.jpg","width":1280,"height":720,"caption":"Cr\u00e9ditos: depositphotos.com \/ doucefleur"},{"@type":"BreadcrumbList","@id":"https:\/\/www.correiobraziliense.com.br\/aqui\/2026\/04\/30\/7-problemas-de-saude-causados-ou-agravados-pela-seca-e-tempo-seco\/#breadcrumb","itemListElement":[{"@type":"ListItem","position":1,"name":"In\u00edcio","item":"https:\/\/www.correiobraziliense.com.br\/aqui\/"},{"@type":"ListItem","position":2,"name":"7 problemas de sa\u00fade causados ou agravados pela seca e tempo seco"}]},{"@type":"WebSite","@id":"https:\/\/www.correiobraziliense.com.br\/aqui\/#website","url":"https:\/\/www.correiobraziliense.com.br\/aqui\/","name":"Correio Braziliense - Aqui","description":"O Correio Braziliense (CB) \u00e9 o mais importante canal de not\u00edcias de Bras\u00edlia. Aqui voc\u00ea encontra as \u00faltimas not\u00edcias do DF, do Brasil e do mundo.","potentialAction":[{"@type":"SearchAction","target":{"@type":"EntryPoint","urlTemplate":"https:\/\/www.correiobraziliense.com.br\/aqui\/?s={search_term_string}"},"query-input":{"@type":"PropertyValueSpecification","valueRequired":true,"valueName":"search_term_string"}}],"inLanguage":"pt-BR"},{"@type":"Person","@id":"https:\/\/www.correiobraziliense.com.br\/aqui\/#\/schema\/person\/5d6e4d99fecc86ab1a7ed1a0369afb65","name":"Lara","image":{"@type":"ImageObject","inLanguage":"pt-BR","@id":"https:\/\/www.correiobraziliense.com.br\/aqui\/#\/schema\/person\/image\/","url":"https:\/\/secure.gravatar.com\/avatar\/57056c5c343a6d8a6669688d3d2c04916d9d280b352b6e50e66a8d39b2517e00?s=96&d=mm&r=g","contentUrl":"https:\/\/secure.gravatar.com\/avatar\/57056c5c343a6d8a6669688d3d2c04916d9d280b352b6e50e66a8d39b2517e00?s=96&d=mm&r=g","caption":"Lara"},"url":"https:\/\/www.correiobraziliense.com.br\/aqui\/author\/laraaqui\/"}]}},"_links":{"self":[{"href":"https:\/\/www.correiobraziliense.com.br\/aqui\/wp-json\/wp\/v2\/posts\/28492","targetHints":{"allow":["GET"]}}],"collection":[{"href":"https:\/\/www.correiobraziliense.com.br\/aqui\/wp-json\/wp\/v2\/posts"}],"about":[{"href":"https:\/\/www.correiobraziliense.com.br\/aqui\/wp-json\/wp\/v2\/types\/post"}],"author":[{"embeddable":true,"href":"https:\/\/www.correiobraziliense.com.br\/aqui\/wp-json\/wp\/v2\/users\/8"}],"replies":[{"embeddable":true,"href":"https:\/\/www.correiobraziliense.com.br\/aqui\/wp-json\/wp\/v2\/comments?post=28492"}],"version-history":[{"count":2,"href":"https:\/\/www.correiobraziliense.com.br\/aqui\/wp-json\/wp\/v2\/posts\/28492\/revisions"}],"predecessor-version":[{"id":28495,"href":"https:\/\/www.correiobraziliense.com.br\/aqui\/wp-json\/wp\/v2\/posts\/28492\/revisions\/28495"}],"wp:featuredmedia":[{"embeddable":true,"href":"https:\/\/www.correiobraziliense.com.br\/aqui\/wp-json\/wp\/v2\/media\/28493"}],"wp:attachment":[{"href":"https:\/\/www.correiobraziliense.com.br\/aqui\/wp-json\/wp\/v2\/media?parent=28492"}],"wp:term":[{"taxonomy":"category","embeddable":true,"href":"https:\/\/www.correiobraziliense.com.br\/aqui\/wp-json\/wp\/v2\/categories?post=28492"},{"taxonomy":"post_tag","embeddable":true,"href":"https:\/\/www.correiobraziliense.com.br\/aqui\/wp-json\/wp\/v2\/tags?post=28492"}],"curies":[{"name":"wp","href":"https:\/\/api.w.org\/{rel}","templated":true}]}}