{"id":28509,"date":"2026-04-30T17:40:59","date_gmt":"2026-04-30T20:40:59","guid":{"rendered":"https:\/\/www.correiobraziliense.com.br\/aqui\/?p=28509"},"modified":"2026-04-30T17:41:02","modified_gmt":"2026-04-30T20:41:02","slug":"o-que-seu-signo-diz-sobre-sua-carreira-horoscopo-profissional-de-2026","status":"publish","type":"post","link":"https:\/\/www.correiobraziliense.com.br\/aqui\/2026\/04\/30\/o-que-seu-signo-diz-sobre-sua-carreira-horoscopo-profissional-de-2026\/","title":{"rendered":"O que seu signo diz sobre sua carreira? Hor\u00f3scopo profissional de 2026"},"content":{"rendered":"\n<p>O ano de 2026 promete ser um per\u00edodo de transforma\u00e7\u00f5es e novas oportunidades na vida profissional. Para quem busca um direcionamento ou apenas uma inspira\u00e7\u00e3o extra, a astrologia pode oferecer pistas valiosas sobre as energias que ir\u00e3o influenciar a carreira nos pr\u00f3ximos meses. Entender essas tend\u00eancias ajuda a planejar os pr\u00f3ximos passos e a aproveitar ao m\u00e1ximo os ciclos favor\u00e1veis.<\/p>\n\n\n\n<p>O ano ser\u00e1 marcado por <a target=\"_blank\" rel=\"noreferrer noopener\" href=\"https:\/\/www.correiobraziliense.com.br\/revista-do-correio\/2025\/12\/7305983-signo-ascendente-em-2026-veja-as-previsoes-para-o-proximo-ano.html\">tr\u00e2nsitos planet\u00e1rios significativos<\/a>. A entrada de Saturno e Netuno em \u00c1ries trar\u00e1 foco em novos come\u00e7os e responsabilidades, enquanto Urano em G\u00eameos estimular\u00e1 a inova\u00e7\u00e3o. Com J\u00fapiter transitando por C\u00e2ncer e Le\u00e3o, as energias favorecem a expans\u00e3o e o reconhecimento. Saber <a target=\"_blank\" rel=\"noreferrer noopener\" href=\"https:\/\/www.correiobraziliense.com.br\/diversao-e-arte\/2025\/12\/7310320-previsoes-para-2026-o-que-o-ano-reserva-para-cada-signo.html\">o que os astros reservam<\/a> \u00e9 a chave para tomar decis\u00f5es mais assertivas. A seguir, confira as <a target=\"_blank\" rel=\"noreferrer noopener\" href=\"https:\/\/www.correiobraziliense.com.br\/revista-do-correio\/2026\/01\/7325116-veja-o-que-cada-signo-devera-priorizar-em-2026.html\">previs\u00f5es para cada signo<\/a>.<\/p>\n\n\n\n<h2 class=\"wp-block-heading\">Previs\u00f5es para a carreira de cada signo em 2026<\/h2>\n\n\n\n<p><strong>\u00c1ries:<\/strong> o ano favorece a iniciativa e a lideran\u00e7a. Projetos engavetados ganham for\u00e7a e novas propostas podem surgir. O desafio ser\u00e1 manter o foco para colher os frutos de sua energia empreendedora, evitando agir por impulso.<\/p>\n\n\n\n<p><strong>Touro:<\/strong> este n\u00e3o ser\u00e1 um ano para se apegar ao que \u00e9 familiar. A busca por seguran\u00e7a vir\u00e1 da reinven\u00e7\u00e3o e da coragem para sair da zona de conforto. 2026 pede transforma\u00e7\u00f5es profissionais e adapta\u00e7\u00e3o a novos caminhos que, embora desafiadores, trar\u00e3o maior estabilidade a longo prazo.<\/p>\n\n\n\n<p><strong>G\u00eameos:<\/strong> a comunica\u00e7\u00e3o ser\u00e1 sua ferramenta mais poderosa. O per\u00edodo \u00e9 excelente para networking, aprendizado e troca de ideias. Cursos e novas conex\u00f5es podem abrir portas inesperadas em sua trajet\u00f3ria profissional.<\/p>\n\n\n\n<p><strong>C\u00e2ncer:<\/strong> o foco estar\u00e1 na consolida\u00e7\u00e3o da sua carreira, exigindo maturidade e disciplina. A chegada de J\u00fapiter ao seu signo no segundo semestre intensifica o desejo por estabilidade e traz <a target=\"_blank\" rel=\"noreferrer noopener\" href=\"https:\/\/www.correiobraziliense.com.br\/revista-do-correio\/2026\/01\/7324889-4-signos-que-terao-melhora-financeira-em-2026.html\">grandes oportunidades de crescimento<\/a>. Sua capacidade de colabora\u00e7\u00e3o continuar\u00e1 sendo valorizada no ambiente de trabalho.<\/p>\n\n\n\n<p><strong>Le\u00e3o:<\/strong> prepare-se para brilhar. A energia de 2026 impulsiona sua criatividade e busca por reconhecimento. \u00c9 um \u00f3timo momento para apresentar suas ideias e assumir posi\u00e7\u00f5es de maior destaque, mostrando seu potencial.<\/p>\n\n\n\n<p><strong>Virgem:<\/strong> sua organiza\u00e7\u00e3o e aten\u00e7\u00e3o aos detalhes far\u00e3o a diferen\u00e7a, mas o sucesso tamb\u00e9m depender\u00e1 da capacidade de colaborar. O ano \u00e9 prop\u00edcio para o networking, trabalho em grupo e projetos coletivos, onde sua efici\u00eancia ser\u00e1 fundamental para o sucesso da equipe.<\/p>\n\n\n\n<p><strong>Libra:<\/strong> parcerias e negocia\u00e7\u00f5es estar\u00e3o em evid\u00eancia. A habilidade diplom\u00e1tica dos librianos ser\u00e1 crucial para fechar acordos vantajosos e resolver conflitos. O equil\u00edbrio entre a vida pessoal e profissional trar\u00e1 mais produtividade.<\/p>\n\n\n\n<p><strong>Escorpi\u00e3o:<\/strong> um ciclo de profunda transforma\u00e7\u00e3o profissional se inicia. Pode ser o momento de encerrar projetos que n\u00e3o trazem mais satisfa\u00e7\u00e3o e mergulhar em desafios mais alinhados com seus prop\u00f3sitos. O poder de influ\u00eancia estar\u00e1 em alta.<\/p>\n\n\n\n<p><strong>Sagit\u00e1rio:<\/strong> o desejo de expandir horizontes vai falar mais alto. Viagens a trabalho, estudos em outras \u00e1reas ou projetos internacionais est\u00e3o no radar. A busca por conhecimento ser\u00e1 o motor para o seu crescimento na carreira.<\/p>\n\n\n\n<p><strong>Capric\u00f3rnio:<\/strong> disciplina e foco na carreira trar\u00e3o resultados s\u00f3lidos. \u00c9 um ano para estruturar planos de longo prazo e trabalhar com dedica\u00e7\u00e3o para subir degraus importantes. A responsabilidade ser\u00e1 a chave para o sucesso.<\/p>\n\n\n\n<p><strong>Aqu\u00e1rio:<\/strong> a inova\u00e7\u00e3o ser\u00e1 sua marca registrada. O per\u00edodo \u00e9 excelente para se envolver com tecnologia, projetos coletivos e ideias que fogem do convencional. Sua originalidade pode render \u00f3timas oportunidades no mercado.<\/p>\n\n\n\n<p><strong>Peixes:<\/strong> a intui\u00e7\u00e3o guiar\u00e1 suas decis\u00f5es profissionais. O ano favorece atividades que envolvam criatividade e prop\u00f3sito. Conectar-se com sua voca\u00e7\u00e3o ser\u00e1 fundamental para encontrar satisfa\u00e7\u00e3o e sucesso no trabalho.<\/p>\n\n\n\n<p><\/p>\n","protected":false},"excerpt":{"rendered":"<p>O ano de 2026 promete ser um per\u00edodo de transforma\u00e7\u00f5es e novas oportunidades na vida profissional. Para quem busca um direcionamento ou apenas uma inspira\u00e7\u00e3o extra, a astrologia pode oferecer pistas valiosas sobre as energias que ir\u00e3o influenciar a carreira nos pr\u00f3ximos meses. Entender essas tend\u00eancias ajuda a planejar os pr\u00f3ximos passos e a aproveitar [&hellip;]<\/p>\n","protected":false},"author":9,"featured_media":28510,"comment_status":"open","ping_status":"open","sticky":false,"template":"","format":"standard","meta":{"jnews-multi-image_gallery":[],"jnews_single_post":{"format":"standard"},"jnews_primary_category":[],"jnews_social_meta":[],"jnews_override_counter":[],"footnotes":""},"categories":[202],"tags":[1544,7185,469,9026,9027,5852],"class_list":["post-28509","post","type-post","status-publish","format-standard","has-post-thumbnail","hentry","category-entretenimento","tag-1544","tag-astrologia","tag-carreira","tag-horoscopo-2","tag-profissional","tag-signo"],"yoast_head":"<!-- This site is optimized with the Yoast SEO plugin v25.1 - https:\/\/yoast.com\/wordpress\/plugins\/seo\/ -->\n<title>O que seu signo diz sobre sua carreira? Hor\u00f3scopo profissional de 2026 - Correio Braziliense - Aqui<\/title>\n<meta name=\"description\" content=\"A astrologia pode indicar tend\u00eancias e potencialidades no trabalho; veja as previs\u00f5es para cada signo e saiba como aproveitar as energias.\" \/>\n<meta name=\"robots\" content=\"index, follow, max-snippet:-1, max-image-preview:large, max-video-preview:-1\" \/>\n<link rel=\"canonical\" href=\"https:\/\/www.correiobraziliense.com.br\/aqui\/2026\/04\/30\/o-que-seu-signo-diz-sobre-sua-carreira-horoscopo-profissional-de-2026\/\" \/>\n<meta property=\"og:locale\" content=\"pt_BR\" \/>\n<meta property=\"og:type\" content=\"article\" \/>\n<meta property=\"og:title\" content=\"O que seu signo diz sobre sua carreira? Hor\u00f3scopo profissional de 2026 - Correio Braziliense - Aqui\" \/>\n<meta property=\"og:description\" content=\"A astrologia pode indicar tend\u00eancias e potencialidades no trabalho; veja as previs\u00f5es para cada signo e saiba como aproveitar as energias.\" \/>\n<meta property=\"og:url\" content=\"https:\/\/www.correiobraziliense.com.br\/aqui\/2026\/04\/30\/o-que-seu-signo-diz-sobre-sua-carreira-horoscopo-profissional-de-2026\/\" \/>\n<meta property=\"og:site_name\" content=\"Correio Braziliense - Aqui\" \/>\n<meta property=\"article:published_time\" content=\"2026-04-30T20:40:59+00:00\" \/>\n<meta property=\"article:modified_time\" content=\"2026-04-30T20:41:02+00:00\" \/>\n<meta property=\"og:image\" content=\"https:\/\/www.correiobraziliense.com.br\/aqui\/wp-content\/uploads\/2026\/04\/horoscopo_1777581642134.jpg\" \/>\n\t<meta property=\"og:image:width\" content=\"1280\" \/>\n\t<meta property=\"og:image:height\" content=\"720\" \/>\n\t<meta property=\"og:image:type\" content=\"image\/jpeg\" \/>\n<meta name=\"author\" content=\"Lucas\" \/>\n<meta name=\"twitter:card\" content=\"summary_large_image\" \/>\n<meta name=\"twitter:label1\" content=\"Escrito por\" \/>\n\t<meta name=\"twitter:data1\" content=\"Lucas\" \/>\n\t<meta name=\"twitter:label2\" content=\"Est. tempo de leitura\" \/>\n\t<meta name=\"twitter:data2\" content=\"4 minutos\" \/>\n<!-- \/ Yoast SEO plugin. -->","yoast_head_json":{"title":"O que seu signo diz sobre sua carreira? Hor\u00f3scopo profissional de 2026 - Correio Braziliense - Aqui","description":"A astrologia pode indicar tend\u00eancias e potencialidades no trabalho; veja as previs\u00f5es para cada signo e saiba como aproveitar as energias.","robots":{"index":"index","follow":"follow","max-snippet":"max-snippet:-1","max-image-preview":"max-image-preview:large","max-video-preview":"max-video-preview:-1"},"canonical":"https:\/\/www.correiobraziliense.com.br\/aqui\/2026\/04\/30\/o-que-seu-signo-diz-sobre-sua-carreira-horoscopo-profissional-de-2026\/","og_locale":"pt_BR","og_type":"article","og_title":"O que seu signo diz sobre sua carreira? Hor\u00f3scopo profissional de 2026 - Correio Braziliense - Aqui","og_description":"A astrologia pode indicar tend\u00eancias e potencialidades no trabalho; veja as previs\u00f5es para cada signo e saiba como aproveitar as energias.","og_url":"https:\/\/www.correiobraziliense.com.br\/aqui\/2026\/04\/30\/o-que-seu-signo-diz-sobre-sua-carreira-horoscopo-profissional-de-2026\/","og_site_name":"Correio Braziliense - Aqui","article_published_time":"2026-04-30T20:40:59+00:00","article_modified_time":"2026-04-30T20:41:02+00:00","og_image":[{"width":1280,"height":720,"url":"https:\/\/www.correiobraziliense.com.br\/aqui\/wp-content\/uploads\/2026\/04\/horoscopo_1777581642134.jpg","type":"image\/jpeg"}],"author":"Lucas","twitter_card":"summary_large_image","twitter_misc":{"Escrito por":"Lucas","Est. tempo de leitura":"4 minutos"},"schema":{"@context":"https:\/\/schema.org","@graph":[{"@type":"WebPage","@id":"https:\/\/www.correiobraziliense.com.br\/aqui\/2026\/04\/30\/o-que-seu-signo-diz-sobre-sua-carreira-horoscopo-profissional-de-2026\/","url":"https:\/\/www.correiobraziliense.com.br\/aqui\/2026\/04\/30\/o-que-seu-signo-diz-sobre-sua-carreira-horoscopo-profissional-de-2026\/","name":"O que seu signo diz sobre sua carreira? Hor\u00f3scopo profissional de 2026 - Correio Braziliense - Aqui","isPartOf":{"@id":"https:\/\/www.correiobraziliense.com.br\/aqui\/#website"},"primaryImageOfPage":{"@id":"https:\/\/www.correiobraziliense.com.br\/aqui\/2026\/04\/30\/o-que-seu-signo-diz-sobre-sua-carreira-horoscopo-profissional-de-2026\/#primaryimage"},"image":{"@id":"https:\/\/www.correiobraziliense.com.br\/aqui\/2026\/04\/30\/o-que-seu-signo-diz-sobre-sua-carreira-horoscopo-profissional-de-2026\/#primaryimage"},"thumbnailUrl":"https:\/\/www.correiobraziliense.com.br\/aqui\/wp-content\/uploads\/2026\/04\/horoscopo_1777581642134.jpg","datePublished":"2026-04-30T20:40:59+00:00","dateModified":"2026-04-30T20:41:02+00:00","author":{"@id":"https:\/\/www.correiobraziliense.com.br\/aqui\/#\/schema\/person\/36d094a725ba56bbeb370a877862a002"},"description":"A astrologia pode indicar tend\u00eancias e potencialidades no trabalho; veja as previs\u00f5es para cada signo e saiba como aproveitar as energias.","breadcrumb":{"@id":"https:\/\/www.correiobraziliense.com.br\/aqui\/2026\/04\/30\/o-que-seu-signo-diz-sobre-sua-carreira-horoscopo-profissional-de-2026\/#breadcrumb"},"inLanguage":"pt-BR","potentialAction":[{"@type":"ReadAction","target":["https:\/\/www.correiobraziliense.com.br\/aqui\/2026\/04\/30\/o-que-seu-signo-diz-sobre-sua-carreira-horoscopo-profissional-de-2026\/"]}]},{"@type":"ImageObject","inLanguage":"pt-BR","@id":"https:\/\/www.correiobraziliense.com.br\/aqui\/2026\/04\/30\/o-que-seu-signo-diz-sobre-sua-carreira-horoscopo-profissional-de-2026\/#primaryimage","url":"https:\/\/www.correiobraziliense.com.br\/aqui\/wp-content\/uploads\/2026\/04\/horoscopo_1777581642134.jpg","contentUrl":"https:\/\/www.correiobraziliense.com.br\/aqui\/wp-content\/uploads\/2026\/04\/horoscopo_1777581642134.jpg","width":1280,"height":720,"caption":"Cr\u00e9ditos: depositphotos.com \/ AndrewLozovyi"},{"@type":"BreadcrumbList","@id":"https:\/\/www.correiobraziliense.com.br\/aqui\/2026\/04\/30\/o-que-seu-signo-diz-sobre-sua-carreira-horoscopo-profissional-de-2026\/#breadcrumb","itemListElement":[{"@type":"ListItem","position":1,"name":"In\u00edcio","item":"https:\/\/www.correiobraziliense.com.br\/aqui\/"},{"@type":"ListItem","position":2,"name":"O que seu signo diz sobre sua carreira? Hor\u00f3scopo profissional de 2026"}]},{"@type":"WebSite","@id":"https:\/\/www.correiobraziliense.com.br\/aqui\/#website","url":"https:\/\/www.correiobraziliense.com.br\/aqui\/","name":"Correio Braziliense - Aqui","description":"O Correio Braziliense (CB) \u00e9 o mais importante canal de not\u00edcias de Bras\u00edlia. Aqui voc\u00ea encontra as \u00faltimas not\u00edcias do DF, do Brasil e do mundo.","potentialAction":[{"@type":"SearchAction","target":{"@type":"EntryPoint","urlTemplate":"https:\/\/www.correiobraziliense.com.br\/aqui\/?s={search_term_string}"},"query-input":{"@type":"PropertyValueSpecification","valueRequired":true,"valueName":"search_term_string"}}],"inLanguage":"pt-BR"},{"@type":"Person","@id":"https:\/\/www.correiobraziliense.com.br\/aqui\/#\/schema\/person\/36d094a725ba56bbeb370a877862a002","name":"Lucas","image":{"@type":"ImageObject","inLanguage":"pt-BR","@id":"https:\/\/www.correiobraziliense.com.br\/aqui\/#\/schema\/person\/image\/","url":"https:\/\/secure.gravatar.com\/avatar\/eb1dd4a751dca39c233b091fb7b8ce9ef1608850325ab98ff1fbe898fcef0908?s=96&d=mm&r=g","contentUrl":"https:\/\/secure.gravatar.com\/avatar\/eb1dd4a751dca39c233b091fb7b8ce9ef1608850325ab98ff1fbe898fcef0908?s=96&d=mm&r=g","caption":"Lucas"},"url":"https:\/\/www.correiobraziliense.com.br\/aqui\/author\/lucasaqui\/"}]}},"_links":{"self":[{"href":"https:\/\/www.correiobraziliense.com.br\/aqui\/wp-json\/wp\/v2\/posts\/28509","targetHints":{"allow":["GET"]}}],"collection":[{"href":"https:\/\/www.correiobraziliense.com.br\/aqui\/wp-json\/wp\/v2\/posts"}],"about":[{"href":"https:\/\/www.correiobraziliense.com.br\/aqui\/wp-json\/wp\/v2\/types\/post"}],"author":[{"embeddable":true,"href":"https:\/\/www.correiobraziliense.com.br\/aqui\/wp-json\/wp\/v2\/users\/9"}],"replies":[{"embeddable":true,"href":"https:\/\/www.correiobraziliense.com.br\/aqui\/wp-json\/wp\/v2\/comments?post=28509"}],"version-history":[{"count":1,"href":"https:\/\/www.correiobraziliense.com.br\/aqui\/wp-json\/wp\/v2\/posts\/28509\/revisions"}],"predecessor-version":[{"id":28511,"href":"https:\/\/www.correiobraziliense.com.br\/aqui\/wp-json\/wp\/v2\/posts\/28509\/revisions\/28511"}],"wp:featuredmedia":[{"embeddable":true,"href":"https:\/\/www.correiobraziliense.com.br\/aqui\/wp-json\/wp\/v2\/media\/28510"}],"wp:attachment":[{"href":"https:\/\/www.correiobraziliense.com.br\/aqui\/wp-json\/wp\/v2\/media?parent=28509"}],"wp:term":[{"taxonomy":"category","embeddable":true,"href":"https:\/\/www.correiobraziliense.com.br\/aqui\/wp-json\/wp\/v2\/categories?post=28509"},{"taxonomy":"post_tag","embeddable":true,"href":"https:\/\/www.correiobraziliense.com.br\/aqui\/wp-json\/wp\/v2\/tags?post=28509"}],"curies":[{"name":"wp","href":"https:\/\/api.w.org\/{rel}","templated":true}]}}