{"id":28512,"date":"2026-04-30T17:43:07","date_gmt":"2026-04-30T20:43:07","guid":{"rendered":"https:\/\/www.correiobraziliense.com.br\/aqui\/?p=28512"},"modified":"2026-04-30T17:43:10","modified_gmt":"2026-04-30T20:43:10","slug":"qual-a-diferenca-entre-alerta-laranja-amarelo-e-vermelho-entenda-os-riscos","status":"publish","type":"post","link":"https:\/\/www.correiobraziliense.com.br\/aqui\/2026\/04\/30\/qual-a-diferenca-entre-alerta-laranja-amarelo-e-vermelho-entenda-os-riscos\/","title":{"rendered":"Qual a diferen\u00e7a entre alerta laranja, amarelo e vermelho? Entenda os riscos"},"content":{"rendered":"\n<p>Com a chegada de frentes frias e a forma\u00e7\u00e3o de ciclones, \u00e9 comum que a Defesa Civil e o Instituto Nacional de Meteorologia (Inmet) emitam avisos sobre as condi\u00e7\u00f5es do tempo. Esses alertas usam um sistema de cores para classificar a intensidade dos fen\u00f4menos e orientar a popula\u00e7\u00e3o sobre os riscos. Entender o que cada cor representa \u00e9 fundamental para se proteger de eventos como tempestades, ondas de calor ou frio intenso.<\/p>\n\n\n\n<p>Os alertas s\u00e3o padronizados para facilitar a compreens\u00e3o e permitir que as pessoas tomem as devidas precau\u00e7\u00f5es a tempo. Cada n\u00edvel indica um grau crescente de perigo e exige a\u00e7\u00f5es espec\u00edficas para garantir a seguran\u00e7a individual e coletiva. Conhecer essa escala ajuda a dimensionar o real impacto de uma previs\u00e3o do tempo.<\/p>\n\n\n\n<h2 class=\"wp-block-heading\">O que significa o alerta amarelo?<\/h2>\n\n\n\n<p>O <a target=\"_blank\" rel=\"noreferrer noopener\" href=\"https:\/\/www.correiobraziliense.com.br\/cidades-df\/2025\/11\/7284140-brasilia-amanhece-debaixo-de-chuva-e-segue-em-alerta-amarelo.html\">alerta amarelo<\/a> representa um &#8220;perigo potencial&#8221;. Ele serve como um aviso para que a popula\u00e7\u00e3o fique atenta \u00e0s condi\u00e7\u00f5es do tempo, pois h\u00e1 risco de fen\u00f4menos meteorol\u00f3gicos pontuais. Geralmente, envolve chuvas de intensidade moderada e ventos intensos entre 40 e 60 km\/h.<\/p>\n\n\n\n<p>As principais recomenda\u00e7\u00f5es s\u00e3o:<\/p>\n\n\n\n<ul class=\"wp-block-list\">\n<li>Evite usar aparelhos eletr\u00f4nicos ligados \u00e0 tomada.<\/li>\n\n\n\n<li>Evite estacionar ve\u00edculos pr\u00f3ximos a torres de transmiss\u00e3o e placas de propaganda.<\/li>\n\n\n\n<li>Mantenha-se informado sobre a evolu\u00e7\u00e3o das condi\u00e7\u00f5es clim\u00e1ticas.<\/li>\n\n\n\n<li>Tenha cuidado com atividades ao ar livre.<\/li>\n<\/ul>\n\n\n\n<h2 class=\"wp-block-heading\">Quando o alerta \u00e9 laranja?<\/h2>\n\n\n\n<p>O n\u00edvel sobe para &#8220;perigo&#8221; com o alerta laranja. Ele \u00e9 emitido quando h\u00e1 uma probabilidade maior de ocorr\u00eancia de fen\u00f4menos que podem causar danos, como chuvas intensas, ventos intensos entre 60 e 100 km\/h, granizo, e risco de corte de energia el\u00e9trica, alagamentos e quedas de galhos de \u00e1rvores.<\/p>\n\n\n\n<p>Neste caso, as orienta\u00e7\u00f5es s\u00e3o mais diretas:<\/p>\n\n\n\n<ul class=\"wp-block-list\">\n<li>Desligue aparelhos el\u00e9tricos e, se poss\u00edvel, o quadro geral de energia.<\/li>\n\n\n\n<li>Procure abrigo em locais seguros e evite permanecer em \u00e1reas abertas.<\/li>\n\n\n\n<li>N\u00e3o se abrigue debaixo de \u00e1rvores, pois h\u00e1 risco de queda e descargas el\u00e9tricas.<\/li>\n<\/ul>\n\n\n\n<h2 class=\"wp-block-heading\">E o alerta vermelho?<\/h2>\n\n\n\n<p>O alerta vermelho indica &#8220;grande perigo&#8221;. \u00c9 o n\u00edvel mais alto e aponta para fen\u00f4menos meteorol\u00f3gicos de intensidade excepcional, com grande probabilidade de causar danos severos e acidentes, representando uma amea\u00e7a direta \u00e0 vida das pessoas.<\/p>\n\n\n\n<p>As condi\u00e7\u00f5es podem incluir tempestades destrutivas, chuvas torrenciais e ventos superiores a 100 km\/h. As a\u00e7\u00f5es devem ser imediatas:<\/p>\n\n\n\n<ul class=\"wp-block-list\">\n<li>Permane\u00e7a em um local seguro e protegido.<\/li>\n\n\n\n<li>Siga rigorosamente as orienta\u00e7\u00f5es das autoridades, como a Defesa Civil.<\/li>\n\n\n\n<li>Informe-se sobre abrigos p\u00fablicos em sua cidade caso sua resid\u00eancia n\u00e3o seja segura.<\/li>\n<\/ul>\n\n\n\n<p><\/p>\n","protected":false},"excerpt":{"rendered":"<p>Com a chegada de frentes frias e a forma\u00e7\u00e3o de ciclones, \u00e9 comum que a Defesa Civil e o Instituto Nacional de Meteorologia (Inmet) emitam avisos sobre as condi\u00e7\u00f5es do tempo. Esses alertas usam um sistema de cores para classificar a intensidade dos fen\u00f4menos e orientar a popula\u00e7\u00e3o sobre os riscos. Entender o que cada [&hellip;]<\/p>\n","protected":false},"author":9,"featured_media":28513,"comment_status":"open","ping_status":"open","sticky":false,"template":"","format":"standard","meta":{"jnews-multi-image_gallery":[],"jnews_single_post":{"format":"standard"},"jnews_primary_category":[],"jnews_social_meta":[],"jnews_override_counter":[],"footnotes":""},"categories":[4861],"tags":[9030,9028,9029,376,9031,1524],"class_list":["post-28512","post","type-post","status-publish","format-standard","has-post-thumbnail","hentry","category-clima","tag-alerta-amarelo","tag-alerta-laranja","tag-alerta-vermelho","tag-clima","tag-previsao-do-tempo-2","tag-riscos"],"yoast_head":"<!-- This site is optimized with the Yoast SEO plugin v25.1 - https:\/\/yoast.com\/wordpress\/plugins\/seo\/ -->\n<title>Qual a diferen\u00e7a entre alerta laranja, amarelo e vermelho? Entenda os riscos - Correio Braziliense - Aqui<\/title>\n<meta name=\"description\" content=\"Os alertas meteorol\u00f3gicos usam cores para indicar o n\u00edvel de perigo de um evento clim\u00e1tico; saiba o que cada uma significa e como agir.\" \/>\n<meta name=\"robots\" content=\"index, follow, max-snippet:-1, max-image-preview:large, max-video-preview:-1\" \/>\n<link rel=\"canonical\" href=\"https:\/\/www.correiobraziliense.com.br\/aqui\/2026\/04\/30\/qual-a-diferenca-entre-alerta-laranja-amarelo-e-vermelho-entenda-os-riscos\/\" \/>\n<meta property=\"og:locale\" content=\"pt_BR\" \/>\n<meta property=\"og:type\" content=\"article\" \/>\n<meta property=\"og:title\" content=\"Qual a diferen\u00e7a entre alerta laranja, amarelo e vermelho? Entenda os riscos - Correio Braziliense - Aqui\" \/>\n<meta property=\"og:description\" content=\"Os alertas meteorol\u00f3gicos usam cores para indicar o n\u00edvel de perigo de um evento clim\u00e1tico; saiba o que cada uma significa e como agir.\" \/>\n<meta property=\"og:url\" content=\"https:\/\/www.correiobraziliense.com.br\/aqui\/2026\/04\/30\/qual-a-diferenca-entre-alerta-laranja-amarelo-e-vermelho-entenda-os-riscos\/\" \/>\n<meta property=\"og:site_name\" content=\"Correio Braziliense - Aqui\" \/>\n<meta property=\"article:published_time\" content=\"2026-04-30T20:43:07+00:00\" \/>\n<meta property=\"article:modified_time\" content=\"2026-04-30T20:43:10+00:00\" \/>\n<meta property=\"og:image\" content=\"https:\/\/www.correiobraziliense.com.br\/aqui\/wp-content\/uploads\/2026\/04\/chuva_1777581768205.jpg\" \/>\n\t<meta property=\"og:image:width\" content=\"1280\" \/>\n\t<meta property=\"og:image:height\" content=\"720\" \/>\n\t<meta property=\"og:image:type\" content=\"image\/jpeg\" \/>\n<meta name=\"author\" content=\"Lucas\" \/>\n<meta name=\"twitter:card\" content=\"summary_large_image\" \/>\n<meta name=\"twitter:label1\" content=\"Escrito por\" \/>\n\t<meta name=\"twitter:data1\" content=\"Lucas\" \/>\n\t<meta name=\"twitter:label2\" content=\"Est. tempo de leitura\" \/>\n\t<meta name=\"twitter:data2\" content=\"3 minutos\" \/>\n<!-- \/ Yoast SEO plugin. -->","yoast_head_json":{"title":"Qual a diferen\u00e7a entre alerta laranja, amarelo e vermelho? Entenda os riscos - Correio Braziliense - Aqui","description":"Os alertas meteorol\u00f3gicos usam cores para indicar o n\u00edvel de perigo de um evento clim\u00e1tico; saiba o que cada uma significa e como agir.","robots":{"index":"index","follow":"follow","max-snippet":"max-snippet:-1","max-image-preview":"max-image-preview:large","max-video-preview":"max-video-preview:-1"},"canonical":"https:\/\/www.correiobraziliense.com.br\/aqui\/2026\/04\/30\/qual-a-diferenca-entre-alerta-laranja-amarelo-e-vermelho-entenda-os-riscos\/","og_locale":"pt_BR","og_type":"article","og_title":"Qual a diferen\u00e7a entre alerta laranja, amarelo e vermelho? Entenda os riscos - Correio Braziliense - Aqui","og_description":"Os alertas meteorol\u00f3gicos usam cores para indicar o n\u00edvel de perigo de um evento clim\u00e1tico; saiba o que cada uma significa e como agir.","og_url":"https:\/\/www.correiobraziliense.com.br\/aqui\/2026\/04\/30\/qual-a-diferenca-entre-alerta-laranja-amarelo-e-vermelho-entenda-os-riscos\/","og_site_name":"Correio Braziliense - Aqui","article_published_time":"2026-04-30T20:43:07+00:00","article_modified_time":"2026-04-30T20:43:10+00:00","og_image":[{"width":1280,"height":720,"url":"https:\/\/www.correiobraziliense.com.br\/aqui\/wp-content\/uploads\/2026\/04\/chuva_1777581768205.jpg","type":"image\/jpeg"}],"author":"Lucas","twitter_card":"summary_large_image","twitter_misc":{"Escrito por":"Lucas","Est. tempo de leitura":"3 minutos"},"schema":{"@context":"https:\/\/schema.org","@graph":[{"@type":"WebPage","@id":"https:\/\/www.correiobraziliense.com.br\/aqui\/2026\/04\/30\/qual-a-diferenca-entre-alerta-laranja-amarelo-e-vermelho-entenda-os-riscos\/","url":"https:\/\/www.correiobraziliense.com.br\/aqui\/2026\/04\/30\/qual-a-diferenca-entre-alerta-laranja-amarelo-e-vermelho-entenda-os-riscos\/","name":"Qual a diferen\u00e7a entre alerta laranja, amarelo e vermelho? Entenda os riscos - Correio Braziliense - Aqui","isPartOf":{"@id":"https:\/\/www.correiobraziliense.com.br\/aqui\/#website"},"primaryImageOfPage":{"@id":"https:\/\/www.correiobraziliense.com.br\/aqui\/2026\/04\/30\/qual-a-diferenca-entre-alerta-laranja-amarelo-e-vermelho-entenda-os-riscos\/#primaryimage"},"image":{"@id":"https:\/\/www.correiobraziliense.com.br\/aqui\/2026\/04\/30\/qual-a-diferenca-entre-alerta-laranja-amarelo-e-vermelho-entenda-os-riscos\/#primaryimage"},"thumbnailUrl":"https:\/\/www.correiobraziliense.com.br\/aqui\/wp-content\/uploads\/2026\/04\/chuva_1777581768205.jpg","datePublished":"2026-04-30T20:43:07+00:00","dateModified":"2026-04-30T20:43:10+00:00","author":{"@id":"https:\/\/www.correiobraziliense.com.br\/aqui\/#\/schema\/person\/36d094a725ba56bbeb370a877862a002"},"description":"Os alertas meteorol\u00f3gicos usam cores para indicar o n\u00edvel de perigo de um evento clim\u00e1tico; saiba o que cada uma significa e como agir.","breadcrumb":{"@id":"https:\/\/www.correiobraziliense.com.br\/aqui\/2026\/04\/30\/qual-a-diferenca-entre-alerta-laranja-amarelo-e-vermelho-entenda-os-riscos\/#breadcrumb"},"inLanguage":"pt-BR","potentialAction":[{"@type":"ReadAction","target":["https:\/\/www.correiobraziliense.com.br\/aqui\/2026\/04\/30\/qual-a-diferenca-entre-alerta-laranja-amarelo-e-vermelho-entenda-os-riscos\/"]}]},{"@type":"ImageObject","inLanguage":"pt-BR","@id":"https:\/\/www.correiobraziliense.com.br\/aqui\/2026\/04\/30\/qual-a-diferenca-entre-alerta-laranja-amarelo-e-vermelho-entenda-os-riscos\/#primaryimage","url":"https:\/\/www.correiobraziliense.com.br\/aqui\/wp-content\/uploads\/2026\/04\/chuva_1777581768205.jpg","contentUrl":"https:\/\/www.correiobraziliense.com.br\/aqui\/wp-content\/uploads\/2026\/04\/chuva_1777581768205.jpg","width":1280,"height":720,"caption":"Cr\u00e9ditos: depositphotos.com \/ BalazsKovacs"},{"@type":"BreadcrumbList","@id":"https:\/\/www.correiobraziliense.com.br\/aqui\/2026\/04\/30\/qual-a-diferenca-entre-alerta-laranja-amarelo-e-vermelho-entenda-os-riscos\/#breadcrumb","itemListElement":[{"@type":"ListItem","position":1,"name":"In\u00edcio","item":"https:\/\/www.correiobraziliense.com.br\/aqui\/"},{"@type":"ListItem","position":2,"name":"Qual a diferen\u00e7a entre alerta laranja, amarelo e vermelho? Entenda os riscos"}]},{"@type":"WebSite","@id":"https:\/\/www.correiobraziliense.com.br\/aqui\/#website","url":"https:\/\/www.correiobraziliense.com.br\/aqui\/","name":"Correio Braziliense - Aqui","description":"O Correio Braziliense (CB) \u00e9 o mais importante canal de not\u00edcias de Bras\u00edlia. Aqui voc\u00ea encontra as \u00faltimas not\u00edcias do DF, do Brasil e do mundo.","potentialAction":[{"@type":"SearchAction","target":{"@type":"EntryPoint","urlTemplate":"https:\/\/www.correiobraziliense.com.br\/aqui\/?s={search_term_string}"},"query-input":{"@type":"PropertyValueSpecification","valueRequired":true,"valueName":"search_term_string"}}],"inLanguage":"pt-BR"},{"@type":"Person","@id":"https:\/\/www.correiobraziliense.com.br\/aqui\/#\/schema\/person\/36d094a725ba56bbeb370a877862a002","name":"Lucas","image":{"@type":"ImageObject","inLanguage":"pt-BR","@id":"https:\/\/www.correiobraziliense.com.br\/aqui\/#\/schema\/person\/image\/","url":"https:\/\/secure.gravatar.com\/avatar\/eb1dd4a751dca39c233b091fb7b8ce9ef1608850325ab98ff1fbe898fcef0908?s=96&d=mm&r=g","contentUrl":"https:\/\/secure.gravatar.com\/avatar\/eb1dd4a751dca39c233b091fb7b8ce9ef1608850325ab98ff1fbe898fcef0908?s=96&d=mm&r=g","caption":"Lucas"},"url":"https:\/\/www.correiobraziliense.com.br\/aqui\/author\/lucasaqui\/"}]}},"_links":{"self":[{"href":"https:\/\/www.correiobraziliense.com.br\/aqui\/wp-json\/wp\/v2\/posts\/28512","targetHints":{"allow":["GET"]}}],"collection":[{"href":"https:\/\/www.correiobraziliense.com.br\/aqui\/wp-json\/wp\/v2\/posts"}],"about":[{"href":"https:\/\/www.correiobraziliense.com.br\/aqui\/wp-json\/wp\/v2\/types\/post"}],"author":[{"embeddable":true,"href":"https:\/\/www.correiobraziliense.com.br\/aqui\/wp-json\/wp\/v2\/users\/9"}],"replies":[{"embeddable":true,"href":"https:\/\/www.correiobraziliense.com.br\/aqui\/wp-json\/wp\/v2\/comments?post=28512"}],"version-history":[{"count":1,"href":"https:\/\/www.correiobraziliense.com.br\/aqui\/wp-json\/wp\/v2\/posts\/28512\/revisions"}],"predecessor-version":[{"id":28514,"href":"https:\/\/www.correiobraziliense.com.br\/aqui\/wp-json\/wp\/v2\/posts\/28512\/revisions\/28514"}],"wp:featuredmedia":[{"embeddable":true,"href":"https:\/\/www.correiobraziliense.com.br\/aqui\/wp-json\/wp\/v2\/media\/28513"}],"wp:attachment":[{"href":"https:\/\/www.correiobraziliense.com.br\/aqui\/wp-json\/wp\/v2\/media?parent=28512"}],"wp:term":[{"taxonomy":"category","embeddable":true,"href":"https:\/\/www.correiobraziliense.com.br\/aqui\/wp-json\/wp\/v2\/categories?post=28512"},{"taxonomy":"post_tag","embeddable":true,"href":"https:\/\/www.correiobraziliense.com.br\/aqui\/wp-json\/wp\/v2\/tags?post=28512"}],"curies":[{"name":"wp","href":"https:\/\/api.w.org\/{rel}","templated":true}]}}