{"id":28518,"date":"2026-04-30T17:47:18","date_gmt":"2026-04-30T20:47:18","guid":{"rendered":"https:\/\/www.correiobraziliense.com.br\/aqui\/?p=28518"},"modified":"2026-04-30T17:47:22","modified_gmt":"2026-04-30T20:47:22","slug":"angelica-empresaria-conheca-os-negocios-da-apresentadora-fora-da-tv","status":"publish","type":"post","link":"https:\/\/www.correiobraziliense.com.br\/aqui\/2026\/04\/30\/angelica-empresaria-conheca-os-negocios-da-apresentadora-fora-da-tv\/","title":{"rendered":"Ang\u00e9lica empres\u00e1ria: conhe\u00e7a os neg\u00f3cios da apresentadora fora da TV"},"content":{"rendered":"\n<p>Conhecida por uma longa e bem-sucedida carreira na televis\u00e3o, Ang\u00e9lica tamb\u00e9m construiu um s\u00f3lido portf\u00f3lio como empres\u00e1ria e investidora. Longe das c\u00e2meras, a apresentadora dedica seu tempo a uma s\u00e9rie de neg\u00f3cios que refletem seus interesses em bem-estar, sustentabilidade e inova\u00e7\u00e3o, consolidando sua imagem como uma mulher de neg\u00f3cios.<\/p>\n\n\n\n<h2 class=\"wp-block-heading\">Mina<\/h2>\n\n\n\n<p>Um de seus projetos de maior destaque \u00e9 a plataforma de conte\u00fado Mina. Lan\u00e7ado em parceria com outros investidores, o portal \u00e9 voltado para o p\u00fablico feminino acima dos 40 anos e aborda temas como menopausa, sa\u00fade mental, carreira e autoconhecimento, criando uma comunidade de apoio e informa\u00e7\u00e3o.<\/p>\n\n\n\n<h2 class=\"wp-block-heading\">Vibrio<\/h2>\n\n\n\n<p>A apresentadora tamb\u00e9m \u00e9 s\u00f3cia da Vibrio, uma empresa de bem-estar sexual. Com sua entrada na sociedade, Ang\u00e9lica ajudou a <a target=\"_blank\" rel=\"noreferrer noopener\" href=\"https:\/\/www.correiobraziliense.com.br\/diversao-e-arte\/2025\/12\/7318263-nao-quero-polemizar-ou-lacrar-quero-debates-saudaveis-diz-angelica.html\">ampliar o debate sobre o tema<\/a>, buscando desmistificar tabus e promover a import\u00e2ncia da sexualidade para a sa\u00fade integral da mulher. A marca oferece produtos como <a target=\"_blank\" rel=\"noreferrer noopener\" href=\"https:\/\/www.correiobraziliense.com.br\/diversao-e-arte\/2025\/12\/7310779-angelica-rebate-criticas-por-usar-vibradores-precisamos-curar-esses-estigmas.html\">vibradores e lubrificantes<\/a>.<\/p>\n\n\n\n<h2 class=\"wp-block-heading\">Consciente Coletivo<\/h2>\n\n\n\n<p>No campo dos investimentos, ela \u00e9 cofundadora do Consciente Coletivo, um fundo de venture capital focado em startups que geram impacto social e ambiental positivo (ESG). O fundo apoia empresas em est\u00e1gio inicial que atuam em \u00e1reas como sa\u00fade, educa\u00e7\u00e3o e sustentabilidade, alinhando retorno financeiro com prop\u00f3sito.<\/p>\n\n\n\n<h2 class=\"wp-block-heading\">Future Farm<\/h2>\n\n\n\n<p>O interesse por um estilo de vida mais saud\u00e1vel tamb\u00e9m se reflete em suas escolhas. Ang\u00e9lica foi uma das investidoras da foodtech Future Farm, empresa brasileira que desenvolve produtos \u00e0 base de plantas, como o N.OVO, um substituto de ovo vegetal. A aposta refor\u00e7ou seu compromisso com a alimenta\u00e7\u00e3o sustent\u00e1vel.<\/p>\n\n\n\n<p>Esses empreendimentos demonstram uma estrat\u00e9gia clara: associar sua imagem a marcas e projetos que dialogam com seus valores pessoais. Dessa forma, Ang\u00e9lica expande sua atua\u00e7\u00e3o para al\u00e9m do entretenimento, consolidando-se em setores estrat\u00e9gicos e em crescimento no <a target=\"_blank\" rel=\"noreferrer noopener\" href=\"https:\/\/www.correiobraziliense.com.br\/colunistas\/fabiano-moraes\/2025\/06\/7187222-empreenda-e-prospere-reune-mulheres-empresarias-em-brasilia.html\">mercado atual<\/a>.<\/p>\n\n\n\n<p><\/p>\n","protected":false},"excerpt":{"rendered":"<p>Conhecida por uma longa e bem-sucedida carreira na televis\u00e3o, Ang\u00e9lica tamb\u00e9m construiu um s\u00f3lido portf\u00f3lio como empres\u00e1ria e investidora. Longe das c\u00e2meras, a apresentadora dedica seu tempo a uma s\u00e9rie de neg\u00f3cios que refletem seus interesses em bem-estar, sustentabilidade e inova\u00e7\u00e3o, consolidando sua imagem como uma mulher de neg\u00f3cios. Mina Um de seus projetos de [&hellip;]<\/p>\n","protected":false},"author":9,"featured_media":28519,"comment_status":"open","ping_status":"open","sticky":false,"template":"","format":"standard","meta":{"jnews-multi-image_gallery":[],"jnews_single_post":{"format":"standard"},"jnews_primary_category":[],"jnews_social_meta":[],"jnews_override_counter":[],"footnotes":""},"categories":[202],"tags":[9033,1895,1897,9034,4170],"class_list":["post-28518","post","type-post","status-publish","format-standard","has-post-thumbnail","hentry","category-entretenimento","tag-angelica","tag-apresentadora","tag-empresaria","tag-fora-da-tv","tag-negocios"],"yoast_head":"<!-- This site is optimized with the Yoast SEO plugin v25.1 - https:\/\/yoast.com\/wordpress\/plugins\/seo\/ -->\n<title>Ang\u00e9lica empres\u00e1ria: conhe\u00e7a os neg\u00f3cios da apresentadora fora da TV - Correio Braziliense - Aqui<\/title>\n<meta name=\"description\" content=\"Al\u00e9m da carreira art\u00edstica consolidada, a esposa de Luciano Huck investe em diferentes setores; veja quais s\u00e3o as empresas.\" \/>\n<meta name=\"robots\" content=\"index, follow, max-snippet:-1, max-image-preview:large, max-video-preview:-1\" \/>\n<link rel=\"canonical\" href=\"https:\/\/www.correiobraziliense.com.br\/aqui\/2026\/04\/30\/angelica-empresaria-conheca-os-negocios-da-apresentadora-fora-da-tv\/\" \/>\n<meta property=\"og:locale\" content=\"pt_BR\" \/>\n<meta property=\"og:type\" content=\"article\" \/>\n<meta property=\"og:title\" content=\"Ang\u00e9lica empres\u00e1ria: conhe\u00e7a os neg\u00f3cios da apresentadora fora da TV - Correio Braziliense - Aqui\" \/>\n<meta property=\"og:description\" content=\"Al\u00e9m da carreira art\u00edstica consolidada, a esposa de Luciano Huck investe em diferentes setores; veja quais s\u00e3o as empresas.\" \/>\n<meta property=\"og:url\" content=\"https:\/\/www.correiobraziliense.com.br\/aqui\/2026\/04\/30\/angelica-empresaria-conheca-os-negocios-da-apresentadora-fora-da-tv\/\" \/>\n<meta property=\"og:site_name\" content=\"Correio Braziliense - Aqui\" \/>\n<meta property=\"article:published_time\" content=\"2026-04-30T20:47:18+00:00\" \/>\n<meta property=\"article:modified_time\" content=\"2026-04-30T20:47:22+00:00\" \/>\n<meta property=\"og:image\" content=\"https:\/\/www.correiobraziliense.com.br\/aqui\/wp-content\/uploads\/2026\/04\/Angelica-empresaria_-conheca-os-negocios-da-apresentadora-fora-da-TV.jpg\" \/>\n\t<meta property=\"og:image:width\" content=\"1281\" \/>\n\t<meta property=\"og:image:height\" content=\"720\" \/>\n\t<meta property=\"og:image:type\" content=\"image\/jpeg\" \/>\n<meta name=\"author\" content=\"Lucas\" \/>\n<meta name=\"twitter:card\" content=\"summary_large_image\" \/>\n<meta name=\"twitter:label1\" content=\"Escrito por\" \/>\n\t<meta name=\"twitter:data1\" content=\"Lucas\" \/>\n\t<meta name=\"twitter:label2\" content=\"Est. tempo de leitura\" \/>\n\t<meta name=\"twitter:data2\" content=\"2 minutos\" \/>\n<!-- \/ Yoast SEO plugin. -->","yoast_head_json":{"title":"Ang\u00e9lica empres\u00e1ria: conhe\u00e7a os neg\u00f3cios da apresentadora fora da TV - Correio Braziliense - Aqui","description":"Al\u00e9m da carreira art\u00edstica consolidada, a esposa de Luciano Huck investe em diferentes setores; veja quais s\u00e3o as empresas.","robots":{"index":"index","follow":"follow","max-snippet":"max-snippet:-1","max-image-preview":"max-image-preview:large","max-video-preview":"max-video-preview:-1"},"canonical":"https:\/\/www.correiobraziliense.com.br\/aqui\/2026\/04\/30\/angelica-empresaria-conheca-os-negocios-da-apresentadora-fora-da-tv\/","og_locale":"pt_BR","og_type":"article","og_title":"Ang\u00e9lica empres\u00e1ria: conhe\u00e7a os neg\u00f3cios da apresentadora fora da TV - Correio Braziliense - Aqui","og_description":"Al\u00e9m da carreira art\u00edstica consolidada, a esposa de Luciano Huck investe em diferentes setores; veja quais s\u00e3o as empresas.","og_url":"https:\/\/www.correiobraziliense.com.br\/aqui\/2026\/04\/30\/angelica-empresaria-conheca-os-negocios-da-apresentadora-fora-da-tv\/","og_site_name":"Correio Braziliense - Aqui","article_published_time":"2026-04-30T20:47:18+00:00","article_modified_time":"2026-04-30T20:47:22+00:00","og_image":[{"width":1281,"height":720,"url":"https:\/\/www.correiobraziliense.com.br\/aqui\/wp-content\/uploads\/2026\/04\/Angelica-empresaria_-conheca-os-negocios-da-apresentadora-fora-da-TV.jpg","type":"image\/jpeg"}],"author":"Lucas","twitter_card":"summary_large_image","twitter_misc":{"Escrito por":"Lucas","Est. tempo de leitura":"2 minutos"},"schema":{"@context":"https:\/\/schema.org","@graph":[{"@type":"WebPage","@id":"https:\/\/www.correiobraziliense.com.br\/aqui\/2026\/04\/30\/angelica-empresaria-conheca-os-negocios-da-apresentadora-fora-da-tv\/","url":"https:\/\/www.correiobraziliense.com.br\/aqui\/2026\/04\/30\/angelica-empresaria-conheca-os-negocios-da-apresentadora-fora-da-tv\/","name":"Ang\u00e9lica empres\u00e1ria: conhe\u00e7a os neg\u00f3cios da apresentadora fora da TV - Correio Braziliense - Aqui","isPartOf":{"@id":"https:\/\/www.correiobraziliense.com.br\/aqui\/#website"},"primaryImageOfPage":{"@id":"https:\/\/www.correiobraziliense.com.br\/aqui\/2026\/04\/30\/angelica-empresaria-conheca-os-negocios-da-apresentadora-fora-da-tv\/#primaryimage"},"image":{"@id":"https:\/\/www.correiobraziliense.com.br\/aqui\/2026\/04\/30\/angelica-empresaria-conheca-os-negocios-da-apresentadora-fora-da-tv\/#primaryimage"},"thumbnailUrl":"https:\/\/www.correiobraziliense.com.br\/aqui\/wp-content\/uploads\/2026\/04\/Angelica-empresaria_-conheca-os-negocios-da-apresentadora-fora-da-TV.jpg","datePublished":"2026-04-30T20:47:18+00:00","dateModified":"2026-04-30T20:47:22+00:00","author":{"@id":"https:\/\/www.correiobraziliense.com.br\/aqui\/#\/schema\/person\/36d094a725ba56bbeb370a877862a002"},"description":"Al\u00e9m da carreira art\u00edstica consolidada, a esposa de Luciano Huck investe em diferentes setores; veja quais s\u00e3o as empresas.","breadcrumb":{"@id":"https:\/\/www.correiobraziliense.com.br\/aqui\/2026\/04\/30\/angelica-empresaria-conheca-os-negocios-da-apresentadora-fora-da-tv\/#breadcrumb"},"inLanguage":"pt-BR","potentialAction":[{"@type":"ReadAction","target":["https:\/\/www.correiobraziliense.com.br\/aqui\/2026\/04\/30\/angelica-empresaria-conheca-os-negocios-da-apresentadora-fora-da-tv\/"]}]},{"@type":"ImageObject","inLanguage":"pt-BR","@id":"https:\/\/www.correiobraziliense.com.br\/aqui\/2026\/04\/30\/angelica-empresaria-conheca-os-negocios-da-apresentadora-fora-da-tv\/#primaryimage","url":"https:\/\/www.correiobraziliense.com.br\/aqui\/wp-content\/uploads\/2026\/04\/Angelica-empresaria_-conheca-os-negocios-da-apresentadora-fora-da-TV.jpg","contentUrl":"https:\/\/www.correiobraziliense.com.br\/aqui\/wp-content\/uploads\/2026\/04\/Angelica-empresaria_-conheca-os-negocios-da-apresentadora-fora-da-TV.jpg","width":1281,"height":720,"caption":"Cr\u00e9ditos: Instagram"},{"@type":"BreadcrumbList","@id":"https:\/\/www.correiobraziliense.com.br\/aqui\/2026\/04\/30\/angelica-empresaria-conheca-os-negocios-da-apresentadora-fora-da-tv\/#breadcrumb","itemListElement":[{"@type":"ListItem","position":1,"name":"In\u00edcio","item":"https:\/\/www.correiobraziliense.com.br\/aqui\/"},{"@type":"ListItem","position":2,"name":"Ang\u00e9lica empres\u00e1ria: conhe\u00e7a os neg\u00f3cios da apresentadora fora da TV"}]},{"@type":"WebSite","@id":"https:\/\/www.correiobraziliense.com.br\/aqui\/#website","url":"https:\/\/www.correiobraziliense.com.br\/aqui\/","name":"Correio Braziliense - Aqui","description":"O Correio Braziliense (CB) \u00e9 o mais importante canal de not\u00edcias de Bras\u00edlia. Aqui voc\u00ea encontra as \u00faltimas not\u00edcias do DF, do Brasil e do mundo.","potentialAction":[{"@type":"SearchAction","target":{"@type":"EntryPoint","urlTemplate":"https:\/\/www.correiobraziliense.com.br\/aqui\/?s={search_term_string}"},"query-input":{"@type":"PropertyValueSpecification","valueRequired":true,"valueName":"search_term_string"}}],"inLanguage":"pt-BR"},{"@type":"Person","@id":"https:\/\/www.correiobraziliense.com.br\/aqui\/#\/schema\/person\/36d094a725ba56bbeb370a877862a002","name":"Lucas","image":{"@type":"ImageObject","inLanguage":"pt-BR","@id":"https:\/\/www.correiobraziliense.com.br\/aqui\/#\/schema\/person\/image\/","url":"https:\/\/secure.gravatar.com\/avatar\/eb1dd4a751dca39c233b091fb7b8ce9ef1608850325ab98ff1fbe898fcef0908?s=96&d=mm&r=g","contentUrl":"https:\/\/secure.gravatar.com\/avatar\/eb1dd4a751dca39c233b091fb7b8ce9ef1608850325ab98ff1fbe898fcef0908?s=96&d=mm&r=g","caption":"Lucas"},"url":"https:\/\/www.correiobraziliense.com.br\/aqui\/author\/lucasaqui\/"}]}},"_links":{"self":[{"href":"https:\/\/www.correiobraziliense.com.br\/aqui\/wp-json\/wp\/v2\/posts\/28518","targetHints":{"allow":["GET"]}}],"collection":[{"href":"https:\/\/www.correiobraziliense.com.br\/aqui\/wp-json\/wp\/v2\/posts"}],"about":[{"href":"https:\/\/www.correiobraziliense.com.br\/aqui\/wp-json\/wp\/v2\/types\/post"}],"author":[{"embeddable":true,"href":"https:\/\/www.correiobraziliense.com.br\/aqui\/wp-json\/wp\/v2\/users\/9"}],"replies":[{"embeddable":true,"href":"https:\/\/www.correiobraziliense.com.br\/aqui\/wp-json\/wp\/v2\/comments?post=28518"}],"version-history":[{"count":1,"href":"https:\/\/www.correiobraziliense.com.br\/aqui\/wp-json\/wp\/v2\/posts\/28518\/revisions"}],"predecessor-version":[{"id":28520,"href":"https:\/\/www.correiobraziliense.com.br\/aqui\/wp-json\/wp\/v2\/posts\/28518\/revisions\/28520"}],"wp:featuredmedia":[{"embeddable":true,"href":"https:\/\/www.correiobraziliense.com.br\/aqui\/wp-json\/wp\/v2\/media\/28519"}],"wp:attachment":[{"href":"https:\/\/www.correiobraziliense.com.br\/aqui\/wp-json\/wp\/v2\/media?parent=28518"}],"wp:term":[{"taxonomy":"category","embeddable":true,"href":"https:\/\/www.correiobraziliense.com.br\/aqui\/wp-json\/wp\/v2\/categories?post=28518"},{"taxonomy":"post_tag","embeddable":true,"href":"https:\/\/www.correiobraziliense.com.br\/aqui\/wp-json\/wp\/v2\/tags?post=28518"}],"curies":[{"name":"wp","href":"https:\/\/api.w.org\/{rel}","templated":true}]}}