{"id":35571,"date":"2026-08-01T10:00:00","date_gmt":"2026-08-01T13:00:00","guid":{"rendered":"https:\/\/www.correiobraziliense.com.br\/aqui\/?p=35571"},"modified":"2026-07-29T10:20:28","modified_gmt":"2026-07-29T13:20:28","slug":"5-destinos-no-sul-do-brasil-para-quem-quer-curtir-o-frio","status":"publish","type":"post","link":"https:\/\/www.correiobraziliense.com.br\/aqui\/2026\/08\/01\/5-destinos-no-sul-do-brasil-para-quem-quer-curtir-o-frio\/","title":{"rendered":"5 destinos no Sul do Brasil para quem quer curtir o frio"},"content":{"rendered":"\n<p>A chegada de massas de ar polar ao Sul do Brasil, especialmente durante o inverno (entre junho e agosto), acende o alerta para o frio intenso e desperta o desejo de vivenciar a esta\u00e7\u00e3o em sua plenitude. Com as temperaturas despencando, cidades serranas de Santa Catarina e do Rio Grande do Sul se transformam em cen\u00e1rios perfeitos para quem busca paisagens cobertas de geada, boa gastronomia e o charme das baixas temperaturas.<\/p>\n\n\n\n<p>Se voc\u00ea \u00e9 uma dessas pessoas que aproveitam o frio para viajar, preparamos uma lista com cinco <a target=\"_blank\" rel=\"noreferrer noopener\" href=\"https:\/\/www.correiobraziliense.com.br\/revista-do-correio\/2025\/05\/7159877-6-destinos-para-curtir-o-frio-no-brasil.html\">destinos ideais para curtir a esta\u00e7\u00e3o mais gelada do ano<\/a>. S\u00e3o lugares que combinam natureza exuberante, hospitalidade e experi\u00eancias \u00fanicas para aquecer o corpo e a alma.<\/p>\n\n\n\n<h2 class=\"wp-block-heading\">S\u00e3o Joaquim, Santa Catarina<\/h2>\n\n\n\n<p>Conhecida como a &#8220;Cidade da Neve&#8221;, S\u00e3o Joaquim, a 1.360 metros de altitude, \u00e9 um dos destinos mais procurados por quem sonha em ver os campos brancos. A cidade frequentemente registra as temperaturas mais baixas do pa\u00eds e a chance de presenciar geada \u00e9 alt\u00edssima durante o inverno, com a possibilidade ocasional de neve. Al\u00e9m do clima, a regi\u00e3o \u00e9 uma grande produtora de ma\u00e7\u00e3s e vinhos de altitude, oferecendo roteiros de degusta\u00e7\u00e3o em vin\u00edcolas charmosas.<\/p>\n\n\n\n<h2 class=\"wp-block-heading\">Urupema, Santa Catarina<\/h2>\n\n\n\n<p>Urupema \u00e9 uma das cidades mais frias de Santa Catarina, frequentemente registrando temperaturas negativas que rivalizam com S\u00e3o Joaquim. Com uma atmosfera mais r\u00fastica e tranquila, \u00e9 o lugar perfeito para quem busca contato direto com a natureza. A paisagem \u00e9 marcada por cachoeiras que chegam a congelar nos dias de frio extremo, e a geada \u00e9 um espet\u00e1culo di\u00e1rio no auge do inverno, cobrindo arauc\u00e1rias e campos.<\/p>\n\n\n\n<h2 class=\"wp-block-heading\">Gramado, Rio Grande do Sul<\/h2>\n\n\n\n<p>Um cl\u00e1ssico do turismo de inverno, Gramado encanta pela sua arquitetura de inspira\u00e7\u00e3o europeia e pela farta gastronomia. As noites geladas s\u00e3o um convite para saborear um fondue ou um chocolate quente. Embora a neve seja mais rara, a geada \u00e9 comum e deixa os parques e ruas da cidade ainda mais bonitos. A cidade oferece uma infraestrutura completa, com hot\u00e9is e restaurantes para todos os gostos.<\/p>\n\n\n\n<h2 class=\"wp-block-heading\">Canela, Rio Grande do Sul<\/h2>\n\n\n\n<p>Vizinha de Gramado, Canela oferece uma experi\u00eancia igualmente charmosa, mas com um foco maior no ecoturismo. A principal atra\u00e7\u00e3o \u00e9 o Parque do Caracol, com sua famosa cascata, que fica ainda mais imponente nos dias frios. A imponente Catedral de Pedra \u00e9 outro ponto que ganha um contorno especial com a n\u00e9voa e a geada matinal. A cidade \u00e9 ideal para quem quer aliar o frio a passeios em meio \u00e0 natureza.<\/p>\n\n\n\n<h2 class=\"wp-block-heading\">Cambar\u00e1 do Sul, Rio Grande do Sul<\/h2>\n\n\n\n<p>Apelidada de &#8220;Terra dos C\u00e2nions&#8221;, Cambar\u00e1 do Sul \u00e9 a porta de entrada para os parques nacionais de Aparados da Serra e da Serra Geral. No inverno, a geada transforma a paisagem dos c\u00e2nions, como o Itaimbezinho e o Fortaleza, criando um visual \u00fanico. O frio intenso na regi\u00e3o \u00e9 uma oportunidade para explorar trilhas e depois se aquecer com a culin\u00e1ria campeira, forte na regi\u00e3o.<\/p>\n","protected":false},"excerpt":{"rendered":"<p>A chegada de massas de ar polar ao Sul do Brasil, especialmente durante o inverno (entre junho e agosto), acende o alerta para o frio intenso e desperta o desejo de vivenciar a esta\u00e7\u00e3o em sua plenitude. Com as temperaturas despencando, cidades serranas de Santa Catarina e do Rio Grande do Sul se transformam em [&hellip;]<\/p>\n","protected":false},"author":10,"featured_media":35574,"comment_status":"open","ping_status":"open","sticky":false,"template":"","format":"standard","meta":{"jnews-multi-image_gallery":[],"jnews_single_post":{"format":"standard"},"jnews_primary_category":[],"jnews_social_meta":[],"jnews_override_counter":[],"footnotes":""},"categories":[148],"tags":[3794,146],"class_list":["post-35571","post","type-post","status-publish","format-standard","has-post-thumbnail","hentry","category-turismo","tag-sul-do-brasil","tag-turismo"],"yoast_head":"<!-- This site is optimized with the Yoast SEO plugin v25.1 - https:\/\/yoast.com\/wordpress\/plugins\/seo\/ -->\n<title>5 destinos no Sul do Brasil para quem quer curtir o frio - Correio Braziliense - Aqui<\/title>\n<meta name=\"description\" content=\"Cidades serranas no Sul do pa\u00eds oferecem paisagens deslumbrantes, vinho e gastronomia para aquecer os dias mais gelados.\" \/>\n<meta name=\"robots\" content=\"index, follow, max-snippet:-1, max-image-preview:large, max-video-preview:-1\" \/>\n<link rel=\"canonical\" href=\"https:\/\/www.correiobraziliense.com.br\/aqui\/2026\/08\/01\/5-destinos-no-sul-do-brasil-para-quem-quer-curtir-o-frio\/\" \/>\n<meta property=\"og:locale\" content=\"pt_BR\" \/>\n<meta property=\"og:type\" content=\"article\" \/>\n<meta property=\"og:title\" content=\"5 destinos no Sul do Brasil para quem quer curtir o frio - Correio Braziliense - Aqui\" \/>\n<meta property=\"og:description\" content=\"Cidades serranas no Sul do pa\u00eds oferecem paisagens deslumbrantes, vinho e gastronomia para aquecer os dias mais gelados.\" \/>\n<meta property=\"og:url\" content=\"https:\/\/www.correiobraziliense.com.br\/aqui\/2026\/08\/01\/5-destinos-no-sul-do-brasil-para-quem-quer-curtir-o-frio\/\" \/>\n<meta property=\"og:site_name\" content=\"Correio Braziliense - Aqui\" \/>\n<meta property=\"article:published_time\" content=\"2026-08-01T13:00:00+00:00\" \/>\n<meta property=\"og:image\" content=\"https:\/\/www.correiobraziliense.com.br\/aqui\/wp-content\/uploads\/2026\/07\/Gramado-Brazil_1785331164600.jpg\" \/>\n\t<meta property=\"og:image:width\" content=\"1280\" \/>\n\t<meta property=\"og:image:height\" content=\"720\" \/>\n\t<meta property=\"og:image:type\" content=\"image\/jpeg\" \/>\n<meta name=\"author\" content=\"Larissa\" \/>\n<meta name=\"twitter:card\" content=\"summary_large_image\" \/>\n<meta name=\"twitter:label1\" content=\"Escrito por\" \/>\n\t<meta name=\"twitter:data1\" content=\"Larissa\" \/>\n\t<meta name=\"twitter:label2\" content=\"Est. tempo de leitura\" \/>\n\t<meta name=\"twitter:data2\" content=\"3 minutos\" \/>\n<!-- \/ Yoast SEO plugin. -->","yoast_head_json":{"title":"5 destinos no Sul do Brasil para quem quer curtir o frio - Correio Braziliense - Aqui","description":"Cidades serranas no Sul do pa\u00eds oferecem paisagens deslumbrantes, vinho e gastronomia para aquecer os dias mais gelados.","robots":{"index":"index","follow":"follow","max-snippet":"max-snippet:-1","max-image-preview":"max-image-preview:large","max-video-preview":"max-video-preview:-1"},"canonical":"https:\/\/www.correiobraziliense.com.br\/aqui\/2026\/08\/01\/5-destinos-no-sul-do-brasil-para-quem-quer-curtir-o-frio\/","og_locale":"pt_BR","og_type":"article","og_title":"5 destinos no Sul do Brasil para quem quer curtir o frio - Correio Braziliense - Aqui","og_description":"Cidades serranas no Sul do pa\u00eds oferecem paisagens deslumbrantes, vinho e gastronomia para aquecer os dias mais gelados.","og_url":"https:\/\/www.correiobraziliense.com.br\/aqui\/2026\/08\/01\/5-destinos-no-sul-do-brasil-para-quem-quer-curtir-o-frio\/","og_site_name":"Correio Braziliense - Aqui","article_published_time":"2026-08-01T13:00:00+00:00","og_image":[{"width":1280,"height":720,"url":"https:\/\/www.correiobraziliense.com.br\/aqui\/wp-content\/uploads\/2026\/07\/Gramado-Brazil_1785331164600.jpg","type":"image\/jpeg"}],"author":"Larissa","twitter_card":"summary_large_image","twitter_misc":{"Escrito por":"Larissa","Est. tempo de leitura":"3 minutos"},"schema":{"@context":"https:\/\/schema.org","@graph":[{"@type":"WebPage","@id":"https:\/\/www.correiobraziliense.com.br\/aqui\/2026\/08\/01\/5-destinos-no-sul-do-brasil-para-quem-quer-curtir-o-frio\/","url":"https:\/\/www.correiobraziliense.com.br\/aqui\/2026\/08\/01\/5-destinos-no-sul-do-brasil-para-quem-quer-curtir-o-frio\/","name":"5 destinos no Sul do Brasil para quem quer curtir o frio - Correio Braziliense - Aqui","isPartOf":{"@id":"https:\/\/www.correiobraziliense.com.br\/aqui\/#website"},"primaryImageOfPage":{"@id":"https:\/\/www.correiobraziliense.com.br\/aqui\/2026\/08\/01\/5-destinos-no-sul-do-brasil-para-quem-quer-curtir-o-frio\/#primaryimage"},"image":{"@id":"https:\/\/www.correiobraziliense.com.br\/aqui\/2026\/08\/01\/5-destinos-no-sul-do-brasil-para-quem-quer-curtir-o-frio\/#primaryimage"},"thumbnailUrl":"https:\/\/www.correiobraziliense.com.br\/aqui\/wp-content\/uploads\/2026\/07\/Gramado-Brazil_1785331164600.jpg","datePublished":"2026-08-01T13:00:00+00:00","author":{"@id":"https:\/\/www.correiobraziliense.com.br\/aqui\/#\/schema\/person\/775f50a8c1ac31704d56816e99b29041"},"description":"Cidades serranas no Sul do pa\u00eds oferecem paisagens deslumbrantes, vinho e gastronomia para aquecer os dias mais gelados.","breadcrumb":{"@id":"https:\/\/www.correiobraziliense.com.br\/aqui\/2026\/08\/01\/5-destinos-no-sul-do-brasil-para-quem-quer-curtir-o-frio\/#breadcrumb"},"inLanguage":"pt-BR","potentialAction":[{"@type":"ReadAction","target":["https:\/\/www.correiobraziliense.com.br\/aqui\/2026\/08\/01\/5-destinos-no-sul-do-brasil-para-quem-quer-curtir-o-frio\/"]}]},{"@type":"ImageObject","inLanguage":"pt-BR","@id":"https:\/\/www.correiobraziliense.com.br\/aqui\/2026\/08\/01\/5-destinos-no-sul-do-brasil-para-quem-quer-curtir-o-frio\/#primaryimage","url":"https:\/\/www.correiobraziliense.com.br\/aqui\/wp-content\/uploads\/2026\/07\/Gramado-Brazil_1785331164600.jpg","contentUrl":"https:\/\/www.correiobraziliense.com.br\/aqui\/wp-content\/uploads\/2026\/07\/Gramado-Brazil_1785331164600.jpg","width":1280,"height":720,"caption":"Cr\u00e9ditos: depositphotos.com \/ dececim"},{"@type":"BreadcrumbList","@id":"https:\/\/www.correiobraziliense.com.br\/aqui\/2026\/08\/01\/5-destinos-no-sul-do-brasil-para-quem-quer-curtir-o-frio\/#breadcrumb","itemListElement":[{"@type":"ListItem","position":1,"name":"In\u00edcio","item":"https:\/\/www.correiobraziliense.com.br\/aqui\/"},{"@type":"ListItem","position":2,"name":"5 destinos no Sul do Brasil para quem quer curtir o frio"}]},{"@type":"WebSite","@id":"https:\/\/www.correiobraziliense.com.br\/aqui\/#website","url":"https:\/\/www.correiobraziliense.com.br\/aqui\/","name":"Correio Braziliense - Aqui","description":"O Correio Braziliense (CB) \u00e9 o mais importante canal de not\u00edcias de Bras\u00edlia. Aqui voc\u00ea encontra as \u00faltimas not\u00edcias do DF, do Brasil e do mundo.","potentialAction":[{"@type":"SearchAction","target":{"@type":"EntryPoint","urlTemplate":"https:\/\/www.correiobraziliense.com.br\/aqui\/?s={search_term_string}"},"query-input":{"@type":"PropertyValueSpecification","valueRequired":true,"valueName":"search_term_string"}}],"inLanguage":"pt-BR"},{"@type":"Person","@id":"https:\/\/www.correiobraziliense.com.br\/aqui\/#\/schema\/person\/775f50a8c1ac31704d56816e99b29041","name":"Larissa","image":{"@type":"ImageObject","inLanguage":"pt-BR","@id":"https:\/\/www.correiobraziliense.com.br\/aqui\/#\/schema\/person\/image\/","url":"https:\/\/secure.gravatar.com\/avatar\/62f5b2e99de671d075ab98e19f03c3c38c80a93f5d06f51075cf4431a4e76458?s=96&d=mm&r=g","contentUrl":"https:\/\/secure.gravatar.com\/avatar\/62f5b2e99de671d075ab98e19f03c3c38c80a93f5d06f51075cf4431a4e76458?s=96&d=mm&r=g","caption":"Larissa"},"url":"https:\/\/www.correiobraziliense.com.br\/aqui\/author\/larissaaqui\/"}]}},"_links":{"self":[{"href":"https:\/\/www.correiobraziliense.com.br\/aqui\/wp-json\/wp\/v2\/posts\/35571","targetHints":{"allow":["GET"]}}],"collection":[{"href":"https:\/\/www.correiobraziliense.com.br\/aqui\/wp-json\/wp\/v2\/posts"}],"about":[{"href":"https:\/\/www.correiobraziliense.com.br\/aqui\/wp-json\/wp\/v2\/types\/post"}],"author":[{"embeddable":true,"href":"https:\/\/www.correiobraziliense.com.br\/aqui\/wp-json\/wp\/v2\/users\/10"}],"replies":[{"embeddable":true,"href":"https:\/\/www.correiobraziliense.com.br\/aqui\/wp-json\/wp\/v2\/comments?post=35571"}],"version-history":[{"count":2,"href":"https:\/\/www.correiobraziliense.com.br\/aqui\/wp-json\/wp\/v2\/posts\/35571\/revisions"}],"predecessor-version":[{"id":35573,"href":"https:\/\/www.correiobraziliense.com.br\/aqui\/wp-json\/wp\/v2\/posts\/35571\/revisions\/35573"}],"wp:featuredmedia":[{"embeddable":true,"href":"https:\/\/www.correiobraziliense.com.br\/aqui\/wp-json\/wp\/v2\/media\/35574"}],"wp:attachment":[{"href":"https:\/\/www.correiobraziliense.com.br\/aqui\/wp-json\/wp\/v2\/media?parent=35571"}],"wp:term":[{"taxonomy":"category","embeddable":true,"href":"https:\/\/www.correiobraziliense.com.br\/aqui\/wp-json\/wp\/v2\/categories?post=35571"},{"taxonomy":"post_tag","embeddable":true,"href":"https:\/\/www.correiobraziliense.com.br\/aqui\/wp-json\/wp\/v2\/tags?post=35571"}],"curies":[{"name":"wp","href":"https:\/\/api.w.org\/{rel}","templated":true}]}}