{"id":35730,"date":"2026-07-31T08:40:00","date_gmt":"2026-07-31T11:40:00","guid":{"rendered":"https:\/\/www.correiobraziliense.com.br\/aqui\/?p=35730"},"modified":"2026-07-31T07:50:03","modified_gmt":"2026-07-31T10:50:03","slug":"meu-filho-e-superdotado-sinais-para-identificar-altas-habilidades","status":"publish","type":"post","link":"https:\/\/www.correiobraziliense.com.br\/aqui\/2026\/07\/31\/meu-filho-e-superdotado-sinais-para-identificar-altas-habilidades\/","title":{"rendered":"Meu filho \u00e9 superdotado? Sinais para identificar altas habilidades"},"content":{"rendered":"\n<p>A not\u00edcia de que Nathan Thomas, um jovem americano de 18 anos, se tornou o professor universit\u00e1rio mais jovem do mundo \u2014 um recorde registrado pelo Guinness World Records em julho de 2026 \u2014, reacendeu uma d\u00favida comum entre pais e m\u00e3es: como saber se uma crian\u00e7a tem altas habilidades? A superdota\u00e7\u00e3o vai muito al\u00e9m de um boletim escolar perfeito e pode se manifestar em comportamentos e tra\u00e7os de personalidade que nem sempre s\u00e3o \u00f3bvios.<\/p>\n\n\n\n<p>Identificar esses sinais cedo \u00e9 fundamental para oferecer o est\u00edmulo adequado e evitar que a crian\u00e7a se sinta <a target=\"_blank\" rel=\"noreferrer noopener\" href=\"https:\/\/www.correiobraziliense.com.br\/revista-do-correio\/2025\/08\/7220932-veja-os-desafios-enfrentados-por-pessoas-com-superdotacao.html\">desmotivada ou incompreendida<\/a> no ambiente escolar. A intelig\u00eancia superior, quando n\u00e3o nutrida, pode levar \u00e0 frustra\u00e7\u00e3o e at\u00e9 a dificuldades de socializa\u00e7\u00e3o. Por isso, \u00e9 importante olhar para al\u00e9m do desempenho acad\u00eamico e observar o desenvolvimento de forma mais ampla.<\/p>\n\n\n\n<p>Muitas vezes, a imagem associada \u00e0 <a target=\"_blank\" rel=\"noreferrer noopener\" href=\"https:\/\/www.correiobraziliense.com.br\/euestudante\/trabalho-e-formacao\/2025\/07\/7196147-adultos-com-superdotacao-enfrentam-falta-de-reconhecimento-e-apoio-mostra-estudo.html\">superdota\u00e7\u00e3o<\/a> \u00e9 a do g\u00eanio isolado, mas a realidade \u00e9 mais complexa. Essas crian\u00e7as podem ser extremamente soci\u00e1veis, criativas e sens\u00edveis, com uma percep\u00e7\u00e3o do mundo ao redor muito agu\u00e7ada para a idade. O desafio para os pais \u00e9 entender essas caracter\u00edsticas e buscar o suporte correto.<\/p>\n\n\n\n<h2 class=\"wp-block-heading\">O que observar al\u00e9m das notas?<\/h2>\n\n\n\n<p>Crian\u00e7as com altas habilidades frequentemente demonstram um conjunto de caracter\u00edsticas que podem ser notadas no dia a dia. Segundo especialistas em psicologia infantil, ficar atento a esses comportamentos \u00e9 o primeiro passo para uma poss\u00edvel identifica\u00e7\u00e3o. Alguns dos principais indicativos incluem:<\/p>\n\n\n\n<ul class=\"wp-block-list\">\n<li><strong>Curiosidade intensa:<\/strong> fazem perguntas complexas e profundas desde cedo, querendo entender o porqu\u00ea das coisas em um n\u00edvel que vai al\u00e9m do esperado para a idade.<\/li>\n\n\n\n<li><a href=\"https:\/\/www.correiobraziliense.com.br\/revista-do-correio\/2026\/01\/7319131-hipermnesia-a-ciencia-por-tras-da-memoria-extraordinaria.html\" target=\"_blank\" rel=\"noreferrer noopener\"><strong>Mem\u00f3ria excepcional<\/strong><\/a><strong>:<\/strong> conseguem lembrar de detalhes, fatos e conversas com uma precis\u00e3o impressionante, mesmo depois de muito tempo.<\/li>\n\n\n\n<li><a href=\"https:\/\/www.correiobraziliense.com.br\/mundo\/2026\/06\/7433597-o-adolescente-com-superdotacao-que-passou-no-vestibular-aos-12-anos-e-sonha-estudar-no-mit.html\" target=\"_blank\" rel=\"noreferrer noopener\"><strong>Aprendizado r\u00e1pido<\/strong><\/a><strong>:<\/strong> dominam novos conceitos e habilidades com pouca ou nenhuma repeti\u00e7\u00e3o, muitas vezes aprendendo a ler ou a fazer contas sozinhos antes da idade escolar.<\/li>\n\n\n\n<li><strong>Vocabul\u00e1rio avan\u00e7ado:<\/strong> utilizam palavras e estruturas de frases sofisticadas, parecendo \u201cpequenos adultos\u201d em suas conversas.<\/li>\n\n\n\n<li><strong>Intensidade emocional:<\/strong> sentem emo\u00e7\u00f5es de forma muito intensa, tanto as positivas quanto as negativas, e demonstram grande empatia pelos outros.<\/li>\n\n\n\n<li><strong>Senso de justi\u00e7a apurado:<\/strong> mostram-se muito preocupadas com regras, justi\u00e7a e quest\u00f5es morais, podendo ficar frustradas com o que consideram injusto.<\/li>\n\n\n\n<li><strong>Perfeccionismo:<\/strong> estabelecem padr\u00f5es muito elevados para si mesmas e podem ficar extremamente frustradas quando n\u00e3o conseguem atingir suas pr\u00f3prias expectativas.<\/li>\n<\/ul>\n\n\n\n<p>Caso os pais identifiquem v\u00e1rios desses sinais de forma consistente, o caminho recomendado \u00e9 buscar uma avalia\u00e7\u00e3o neuropsicol\u00f3gica. Um profissional especializado pode aplicar testes e realizar uma an\u00e1lise completa para confirmar ou descartar a superdota\u00e7\u00e3o, orientando a fam\u00edlia sobre as melhores formas de apoiar o desenvolvimento da crian\u00e7a.<\/p>\n","protected":false},"excerpt":{"rendered":"<p>N\u00e3o \u00e9 apenas sobre tirar notas altas; conhe\u00e7a os comportamentos e caracter\u00edsticas que podem indicar superdota\u00e7\u00e3o em crian\u00e7as e jovens<\/p>\n","protected":false},"author":10,"featured_media":35733,"comment_status":"open","ping_status":"open","sticky":false,"template":"","format":"standard","meta":{"jnews-multi-image_gallery":[],"jnews_single_post":{"format":"standard"},"jnews_primary_category":[],"jnews_social_meta":[],"jnews_override_counter":[],"footnotes":""},"categories":[208],"tags":[207,11788],"class_list":["post-35730","post","type-post","status-publish","format-standard","has-post-thumbnail","hentry","category-ciencia","tag-ciencia","tag-superdotacao"],"yoast_head":"<!-- This site is optimized with the Yoast SEO plugin v25.1 - https:\/\/yoast.com\/wordpress\/plugins\/seo\/ -->\n<title>Meu filho \u00e9 superdotado? Sinais para identificar altas habilidades - Correio Braziliense - Aqui<\/title>\n<meta name=\"description\" content=\"Comportamento e habilidades; conhe\u00e7a as caracter\u00edsticas que podem indicar superdota\u00e7\u00e3o em crian\u00e7as e jovens\" \/>\n<meta name=\"robots\" content=\"index, follow, max-snippet:-1, max-image-preview:large, max-video-preview:-1\" \/>\n<link rel=\"canonical\" href=\"https:\/\/www.correiobraziliense.com.br\/aqui\/2026\/07\/31\/meu-filho-e-superdotado-sinais-para-identificar-altas-habilidades\/\" \/>\n<meta property=\"og:locale\" content=\"pt_BR\" \/>\n<meta property=\"og:type\" content=\"article\" \/>\n<meta property=\"og:title\" content=\"Meu filho \u00e9 superdotado? Sinais para identificar altas habilidades - Correio Braziliense - Aqui\" \/>\n<meta property=\"og:description\" content=\"Comportamento e habilidades; conhe\u00e7a as caracter\u00edsticas que podem indicar superdota\u00e7\u00e3o em crian\u00e7as e jovens\" \/>\n<meta property=\"og:url\" content=\"https:\/\/www.correiobraziliense.com.br\/aqui\/2026\/07\/31\/meu-filho-e-superdotado-sinais-para-identificar-altas-habilidades\/\" \/>\n<meta property=\"og:site_name\" content=\"Correio Braziliense - Aqui\" \/>\n<meta property=\"article:published_time\" content=\"2026-07-31T11:40:00+00:00\" \/>\n<meta property=\"og:image\" content=\"https:\/\/www.correiobraziliense.com.br\/aqui\/wp-content\/uploads\/2026\/07\/filho-superdotado_1785494550570.jpg\" \/>\n\t<meta property=\"og:image:width\" content=\"1280\" \/>\n\t<meta property=\"og:image:height\" content=\"720\" \/>\n\t<meta property=\"og:image:type\" content=\"image\/jpeg\" \/>\n<meta name=\"author\" content=\"Larissa\" \/>\n<meta name=\"twitter:card\" content=\"summary_large_image\" \/>\n<meta name=\"twitter:label1\" content=\"Escrito por\" \/>\n\t<meta name=\"twitter:data1\" content=\"Larissa\" \/>\n\t<meta name=\"twitter:label2\" content=\"Est. tempo de leitura\" \/>\n\t<meta name=\"twitter:data2\" content=\"3 minutos\" \/>\n<!-- \/ Yoast SEO plugin. -->","yoast_head_json":{"title":"Meu filho \u00e9 superdotado? Sinais para identificar altas habilidades - Correio Braziliense - Aqui","description":"Comportamento e habilidades; conhe\u00e7a as caracter\u00edsticas que podem indicar superdota\u00e7\u00e3o em crian\u00e7as e jovens","robots":{"index":"index","follow":"follow","max-snippet":"max-snippet:-1","max-image-preview":"max-image-preview:large","max-video-preview":"max-video-preview:-1"},"canonical":"https:\/\/www.correiobraziliense.com.br\/aqui\/2026\/07\/31\/meu-filho-e-superdotado-sinais-para-identificar-altas-habilidades\/","og_locale":"pt_BR","og_type":"article","og_title":"Meu filho \u00e9 superdotado? Sinais para identificar altas habilidades - Correio Braziliense - Aqui","og_description":"Comportamento e habilidades; conhe\u00e7a as caracter\u00edsticas que podem indicar superdota\u00e7\u00e3o em crian\u00e7as e jovens","og_url":"https:\/\/www.correiobraziliense.com.br\/aqui\/2026\/07\/31\/meu-filho-e-superdotado-sinais-para-identificar-altas-habilidades\/","og_site_name":"Correio Braziliense - Aqui","article_published_time":"2026-07-31T11:40:00+00:00","og_image":[{"width":1280,"height":720,"url":"https:\/\/www.correiobraziliense.com.br\/aqui\/wp-content\/uploads\/2026\/07\/filho-superdotado_1785494550570.jpg","type":"image\/jpeg"}],"author":"Larissa","twitter_card":"summary_large_image","twitter_misc":{"Escrito por":"Larissa","Est. tempo de leitura":"3 minutos"},"schema":{"@context":"https:\/\/schema.org","@graph":[{"@type":"WebPage","@id":"https:\/\/www.correiobraziliense.com.br\/aqui\/2026\/07\/31\/meu-filho-e-superdotado-sinais-para-identificar-altas-habilidades\/","url":"https:\/\/www.correiobraziliense.com.br\/aqui\/2026\/07\/31\/meu-filho-e-superdotado-sinais-para-identificar-altas-habilidades\/","name":"Meu filho \u00e9 superdotado? Sinais para identificar altas habilidades - Correio Braziliense - Aqui","isPartOf":{"@id":"https:\/\/www.correiobraziliense.com.br\/aqui\/#website"},"primaryImageOfPage":{"@id":"https:\/\/www.correiobraziliense.com.br\/aqui\/2026\/07\/31\/meu-filho-e-superdotado-sinais-para-identificar-altas-habilidades\/#primaryimage"},"image":{"@id":"https:\/\/www.correiobraziliense.com.br\/aqui\/2026\/07\/31\/meu-filho-e-superdotado-sinais-para-identificar-altas-habilidades\/#primaryimage"},"thumbnailUrl":"https:\/\/www.correiobraziliense.com.br\/aqui\/wp-content\/uploads\/2026\/07\/filho-superdotado_1785494550570.jpg","datePublished":"2026-07-31T11:40:00+00:00","author":{"@id":"https:\/\/www.correiobraziliense.com.br\/aqui\/#\/schema\/person\/775f50a8c1ac31704d56816e99b29041"},"description":"Comportamento e habilidades; conhe\u00e7a as caracter\u00edsticas que podem indicar superdota\u00e7\u00e3o em crian\u00e7as e jovens","breadcrumb":{"@id":"https:\/\/www.correiobraziliense.com.br\/aqui\/2026\/07\/31\/meu-filho-e-superdotado-sinais-para-identificar-altas-habilidades\/#breadcrumb"},"inLanguage":"pt-BR","potentialAction":[{"@type":"ReadAction","target":["https:\/\/www.correiobraziliense.com.br\/aqui\/2026\/07\/31\/meu-filho-e-superdotado-sinais-para-identificar-altas-habilidades\/"]}]},{"@type":"ImageObject","inLanguage":"pt-BR","@id":"https:\/\/www.correiobraziliense.com.br\/aqui\/2026\/07\/31\/meu-filho-e-superdotado-sinais-para-identificar-altas-habilidades\/#primaryimage","url":"https:\/\/www.correiobraziliense.com.br\/aqui\/wp-content\/uploads\/2026\/07\/filho-superdotado_1785494550570.jpg","contentUrl":"https:\/\/www.correiobraziliense.com.br\/aqui\/wp-content\/uploads\/2026\/07\/filho-superdotado_1785494550570.jpg","width":1280,"height":720,"caption":"Cr\u00e9ditos: depositphotos.com \/ 22rus83"},{"@type":"BreadcrumbList","@id":"https:\/\/www.correiobraziliense.com.br\/aqui\/2026\/07\/31\/meu-filho-e-superdotado-sinais-para-identificar-altas-habilidades\/#breadcrumb","itemListElement":[{"@type":"ListItem","position":1,"name":"In\u00edcio","item":"https:\/\/www.correiobraziliense.com.br\/aqui\/"},{"@type":"ListItem","position":2,"name":"Meu filho \u00e9 superdotado? Sinais para identificar altas habilidades"}]},{"@type":"WebSite","@id":"https:\/\/www.correiobraziliense.com.br\/aqui\/#website","url":"https:\/\/www.correiobraziliense.com.br\/aqui\/","name":"Correio Braziliense - Aqui","description":"O Correio Braziliense (CB) \u00e9 o mais importante canal de not\u00edcias de Bras\u00edlia. Aqui voc\u00ea encontra as \u00faltimas not\u00edcias do DF, do Brasil e do mundo.","potentialAction":[{"@type":"SearchAction","target":{"@type":"EntryPoint","urlTemplate":"https:\/\/www.correiobraziliense.com.br\/aqui\/?s={search_term_string}"},"query-input":{"@type":"PropertyValueSpecification","valueRequired":true,"valueName":"search_term_string"}}],"inLanguage":"pt-BR"},{"@type":"Person","@id":"https:\/\/www.correiobraziliense.com.br\/aqui\/#\/schema\/person\/775f50a8c1ac31704d56816e99b29041","name":"Larissa","image":{"@type":"ImageObject","inLanguage":"pt-BR","@id":"https:\/\/www.correiobraziliense.com.br\/aqui\/#\/schema\/person\/image\/","url":"https:\/\/secure.gravatar.com\/avatar\/62f5b2e99de671d075ab98e19f03c3c38c80a93f5d06f51075cf4431a4e76458?s=96&d=mm&r=g","contentUrl":"https:\/\/secure.gravatar.com\/avatar\/62f5b2e99de671d075ab98e19f03c3c38c80a93f5d06f51075cf4431a4e76458?s=96&d=mm&r=g","caption":"Larissa"},"url":"https:\/\/www.correiobraziliense.com.br\/aqui\/author\/larissaaqui\/"}]}},"_links":{"self":[{"href":"https:\/\/www.correiobraziliense.com.br\/aqui\/wp-json\/wp\/v2\/posts\/35730","targetHints":{"allow":["GET"]}}],"collection":[{"href":"https:\/\/www.correiobraziliense.com.br\/aqui\/wp-json\/wp\/v2\/posts"}],"about":[{"href":"https:\/\/www.correiobraziliense.com.br\/aqui\/wp-json\/wp\/v2\/types\/post"}],"author":[{"embeddable":true,"href":"https:\/\/www.correiobraziliense.com.br\/aqui\/wp-json\/wp\/v2\/users\/10"}],"replies":[{"embeddable":true,"href":"https:\/\/www.correiobraziliense.com.br\/aqui\/wp-json\/wp\/v2\/comments?post=35730"}],"version-history":[{"count":2,"href":"https:\/\/www.correiobraziliense.com.br\/aqui\/wp-json\/wp\/v2\/posts\/35730\/revisions"}],"predecessor-version":[{"id":35732,"href":"https:\/\/www.correiobraziliense.com.br\/aqui\/wp-json\/wp\/v2\/posts\/35730\/revisions\/35732"}],"wp:featuredmedia":[{"embeddable":true,"href":"https:\/\/www.correiobraziliense.com.br\/aqui\/wp-json\/wp\/v2\/media\/35733"}],"wp:attachment":[{"href":"https:\/\/www.correiobraziliense.com.br\/aqui\/wp-json\/wp\/v2\/media?parent=35730"}],"wp:term":[{"taxonomy":"category","embeddable":true,"href":"https:\/\/www.correiobraziliense.com.br\/aqui\/wp-json\/wp\/v2\/categories?post=35730"},{"taxonomy":"post_tag","embeddable":true,"href":"https:\/\/www.correiobraziliense.com.br\/aqui\/wp-json\/wp\/v2\/tags?post=35730"}],"curies":[{"name":"wp","href":"https:\/\/api.w.org\/{rel}","templated":true}]}}