{"id":35734,"date":"2026-07-31T09:12:00","date_gmt":"2026-07-31T12:12:00","guid":{"rendered":"https:\/\/www.correiobraziliense.com.br\/aqui\/?p=35734"},"modified":"2026-07-31T08:04:20","modified_gmt":"2026-07-31T11:04:20","slug":"como-as-medidas-de-milei-ja-afetam-o-bolso-dos-brasileiros","status":"publish","type":"post","link":"https:\/\/www.correiobraziliense.com.br\/aqui\/2026\/07\/31\/como-as-medidas-de-milei-ja-afetam-o-bolso-dos-brasileiros\/","title":{"rendered":"Como as medidas de Milei j\u00e1 afetam o bolso dos brasileiros"},"content":{"rendered":"\n<p>As recentes mudan\u00e7as na economia da Argentina, implementadas pelo governo de <a target=\"_blank\" rel=\"noreferrer noopener\" href=\"https:\/\/www.correiobraziliense.com.br\/mundo\/2025\/09\/7245241-milei-diz-que-nao-recuara-um-milimetro-em-programa-economico.html\">Javier Milei<\/a> desde sua posse em dezembro de 2023, j\u00e1 provocam efeitos diretos no bolso e nos planos de viagem dos brasileiros. As decis\u00f5es alteram desde o custo de uma viagem de f\u00e9rias at\u00e9 o pre\u00e7o de produtos encontrados nos supermercados por aqui, mostrando como a economia dos dois pa\u00edses est\u00e1 conectada.<\/p>\n\n\n\n<p>Entender essas transforma\u00e7\u00f5es \u00e9 fundamental para quem planeja visitar o pa\u00eds vizinho ou simplesmente quer acompanhar como o cen\u00e1rio econ\u00f4mico pode impactar o dia a dia. Duas das principais frentes de mudan\u00e7a s\u00e3o a nova <a target=\"_blank\" rel=\"noreferrer noopener\" href=\"https:\/\/www.correiobraziliense.com.br\/mundo\/2025\/06\/7162843-por-que-milei-esta-incentivando-argentinos-a-tirar-os-dolares-debaixo-do-colchao.html\">pol\u00edtica cambial<\/a> e a abertura comercial, com consequ\u00eancias pr\u00e1ticas imediatas.<\/p>\n\n\n\n<h2 class=\"wp-block-heading\">Desvaloriza\u00e7\u00e3o do peso e o turismo<\/h2>\n\n\n\n<p>Uma das medidas de maior impacto foi a forte desvaloriza\u00e7\u00e3o do peso argentino. Na pr\u00e1tica, o real e o d\u00f3lar passaram a valer muito mais na troca pela moeda local, o que mexe diretamente com os custos para quem visita o pa\u00eds. Para os turistas brasileiros, isso significa que despesas com hot\u00e9is, restaurantes e passeios podem ficar consideravelmente mais baratas.<\/p>\n\n\n\n<p>Uma viagem que antes exigia um or\u00e7amento maior agora se torna mais acess\u00edvel, transformando a Argentina em um destino ainda mais atrativo. Contudo, \u00e9 preciso ter aten\u00e7\u00e3o \u00e0 alta infla\u00e7\u00e3o local que, apesar de ter desacelerado nos \u00faltimos meses, ainda reajusta os pre\u00e7os em pesos com frequ\u00eancia, o que pode diminuir parte da vantagem cambial obtida ao longo do tempo.<\/p>\n\n\n\n<h2 class=\"wp-block-heading\">Abertura do com\u00e9rcio exterior<\/h2>\n\n\n\n<p>O governo argentino tamb\u00e9m iniciou um processo de maior abertura econ\u00f4mica, com a remo\u00e7\u00e3o de barreiras para importa\u00e7\u00e3o e <a target=\"_blank\" rel=\"noreferrer noopener\" href=\"https:\/\/www.correiobraziliense.com.br\/mundo\/2025\/09\/7253733-argentina-elimina-impostos-sobre-exportacao-de-graos-ate-31-de-outubro.html\">exporta\u00e7\u00e3o<\/a>. A inten\u00e7\u00e3o \u00e9 reintegrar o pa\u00eds ao com\u00e9rcio global de forma mais competitiva. Essa pol\u00edtica pode baratear produtos argentinos que chegam ao Brasil, como vinhos, azeites, doce de leite e trigo.<\/p>\n\n\n\n<p>A medida tamb\u00e9m afeta a <a target=\"_blank\" rel=\"noreferrer noopener\" href=\"https:\/\/www.correiobraziliense.com.br\/politica\/2025\/03\/7075021-milei-diz-que-mercosul-so-enriqueceu-industrias-brasileiras.html\">ind\u00fastria<\/a>, j\u00e1 que o Brasil \u00e9 um dos principais parceiros comerciais da Argentina. A din\u00e2mica de troca de pe\u00e7as e componentes, especialmente no setor automotivo, tende a se tornar mais fluida e pode influenciar os custos de produ\u00e7\u00e3o em ambos os lados da fronteira.<\/p>\n","protected":false},"excerpt":{"rendered":"<p>As decis\u00f5es tomadas em Buenos Aires t\u00eam impacto direto no Brasil; entenda como a economia do pa\u00eds vizinho mexe com pre\u00e7os e o turismo por aqui<\/p>\n","protected":false},"author":10,"featured_media":34708,"comment_status":"open","ping_status":"open","sticky":false,"template":"","format":"standard","meta":{"jnews-multi-image_gallery":[],"jnews_single_post":{"format":"standard"},"jnews_primary_category":[],"jnews_social_meta":[],"jnews_override_counter":[],"footnotes":""},"categories":[149],"tags":[801,473],"class_list":["post-35734","post","type-post","status-publish","format-standard","has-post-thumbnail","hentry","category-mundo","tag-argentina","tag-economia"],"yoast_head":"<!-- This site is optimized with the Yoast SEO plugin v25.1 - https:\/\/yoast.com\/wordpress\/plugins\/seo\/ -->\n<title>Como as medidas de Milei j\u00e1 afetam o bolso dos brasileiros - Correio Braziliense - Aqui<\/title>\n<meta name=\"description\" content=\"Decis\u00f5es tomadas em Buenos Aires afetam turistas brasileiros; entenda como a economia do pa\u00eds vizinho mexe com pre\u00e7os por aqui\" \/>\n<meta name=\"robots\" content=\"index, follow, max-snippet:-1, max-image-preview:large, max-video-preview:-1\" \/>\n<link rel=\"canonical\" href=\"https:\/\/www.correiobraziliense.com.br\/aqui\/2026\/07\/31\/como-as-medidas-de-milei-ja-afetam-o-bolso-dos-brasileiros\/\" \/>\n<meta property=\"og:locale\" content=\"pt_BR\" \/>\n<meta property=\"og:type\" content=\"article\" \/>\n<meta property=\"og:title\" content=\"Como as medidas de Milei j\u00e1 afetam o bolso dos brasileiros - Correio Braziliense - Aqui\" \/>\n<meta property=\"og:description\" content=\"Decis\u00f5es tomadas em Buenos Aires afetam turistas brasileiros; entenda como a economia do pa\u00eds vizinho mexe com pre\u00e7os por aqui\" \/>\n<meta property=\"og:url\" content=\"https:\/\/www.correiobraziliense.com.br\/aqui\/2026\/07\/31\/como-as-medidas-de-milei-ja-afetam-o-bolso-dos-brasileiros\/\" \/>\n<meta property=\"og:site_name\" content=\"Correio Braziliense - Aqui\" \/>\n<meta property=\"article:published_time\" content=\"2026-07-31T12:12:00+00:00\" \/>\n<meta property=\"og:image\" content=\"https:\/\/www.correiobraziliense.com.br\/aqui\/wp-content\/uploads\/2026\/07\/javier-Milei_1784550249274.jpg\" \/>\n\t<meta property=\"og:image:width\" content=\"1280\" \/>\n\t<meta property=\"og:image:height\" content=\"720\" \/>\n\t<meta property=\"og:image:type\" content=\"image\/jpeg\" \/>\n<meta name=\"author\" content=\"Larissa\" \/>\n<meta name=\"twitter:card\" content=\"summary_large_image\" \/>\n<meta name=\"twitter:label1\" content=\"Escrito por\" \/>\n\t<meta name=\"twitter:data1\" content=\"Larissa\" \/>\n\t<meta name=\"twitter:label2\" content=\"Est. tempo de leitura\" \/>\n\t<meta name=\"twitter:data2\" content=\"3 minutos\" \/>\n<!-- \/ Yoast SEO plugin. -->","yoast_head_json":{"title":"Como as medidas de Milei j\u00e1 afetam o bolso dos brasileiros - Correio Braziliense - Aqui","description":"Decis\u00f5es tomadas em Buenos Aires afetam turistas brasileiros; entenda como a economia do pa\u00eds vizinho mexe com pre\u00e7os por aqui","robots":{"index":"index","follow":"follow","max-snippet":"max-snippet:-1","max-image-preview":"max-image-preview:large","max-video-preview":"max-video-preview:-1"},"canonical":"https:\/\/www.correiobraziliense.com.br\/aqui\/2026\/07\/31\/como-as-medidas-de-milei-ja-afetam-o-bolso-dos-brasileiros\/","og_locale":"pt_BR","og_type":"article","og_title":"Como as medidas de Milei j\u00e1 afetam o bolso dos brasileiros - Correio Braziliense - Aqui","og_description":"Decis\u00f5es tomadas em Buenos Aires afetam turistas brasileiros; entenda como a economia do pa\u00eds vizinho mexe com pre\u00e7os por aqui","og_url":"https:\/\/www.correiobraziliense.com.br\/aqui\/2026\/07\/31\/como-as-medidas-de-milei-ja-afetam-o-bolso-dos-brasileiros\/","og_site_name":"Correio Braziliense - Aqui","article_published_time":"2026-07-31T12:12:00+00:00","og_image":[{"width":1280,"height":720,"url":"https:\/\/www.correiobraziliense.com.br\/aqui\/wp-content\/uploads\/2026\/07\/javier-Milei_1784550249274.jpg","type":"image\/jpeg"}],"author":"Larissa","twitter_card":"summary_large_image","twitter_misc":{"Escrito por":"Larissa","Est. tempo de leitura":"3 minutos"},"schema":{"@context":"https:\/\/schema.org","@graph":[{"@type":"WebPage","@id":"https:\/\/www.correiobraziliense.com.br\/aqui\/2026\/07\/31\/como-as-medidas-de-milei-ja-afetam-o-bolso-dos-brasileiros\/","url":"https:\/\/www.correiobraziliense.com.br\/aqui\/2026\/07\/31\/como-as-medidas-de-milei-ja-afetam-o-bolso-dos-brasileiros\/","name":"Como as medidas de Milei j\u00e1 afetam o bolso dos brasileiros - Correio Braziliense - Aqui","isPartOf":{"@id":"https:\/\/www.correiobraziliense.com.br\/aqui\/#website"},"primaryImageOfPage":{"@id":"https:\/\/www.correiobraziliense.com.br\/aqui\/2026\/07\/31\/como-as-medidas-de-milei-ja-afetam-o-bolso-dos-brasileiros\/#primaryimage"},"image":{"@id":"https:\/\/www.correiobraziliense.com.br\/aqui\/2026\/07\/31\/como-as-medidas-de-milei-ja-afetam-o-bolso-dos-brasileiros\/#primaryimage"},"thumbnailUrl":"https:\/\/www.correiobraziliense.com.br\/aqui\/wp-content\/uploads\/2026\/07\/javier-Milei_1784550249274.jpg","datePublished":"2026-07-31T12:12:00+00:00","author":{"@id":"https:\/\/www.correiobraziliense.com.br\/aqui\/#\/schema\/person\/775f50a8c1ac31704d56816e99b29041"},"description":"Decis\u00f5es tomadas em Buenos Aires afetam turistas brasileiros; entenda como a economia do pa\u00eds vizinho mexe com pre\u00e7os por aqui","breadcrumb":{"@id":"https:\/\/www.correiobraziliense.com.br\/aqui\/2026\/07\/31\/como-as-medidas-de-milei-ja-afetam-o-bolso-dos-brasileiros\/#breadcrumb"},"inLanguage":"pt-BR","potentialAction":[{"@type":"ReadAction","target":["https:\/\/www.correiobraziliense.com.br\/aqui\/2026\/07\/31\/como-as-medidas-de-milei-ja-afetam-o-bolso-dos-brasileiros\/"]}]},{"@type":"ImageObject","inLanguage":"pt-BR","@id":"https:\/\/www.correiobraziliense.com.br\/aqui\/2026\/07\/31\/como-as-medidas-de-milei-ja-afetam-o-bolso-dos-brasileiros\/#primaryimage","url":"https:\/\/www.correiobraziliense.com.br\/aqui\/wp-content\/uploads\/2026\/07\/javier-Milei_1784550249274.jpg","contentUrl":"https:\/\/www.correiobraziliense.com.br\/aqui\/wp-content\/uploads\/2026\/07\/javier-Milei_1784550249274.jpg","width":1280,"height":720,"caption":"Cr\u00e9ditos: depositphotos.com \/ ogfoto@yahoo.es"},{"@type":"BreadcrumbList","@id":"https:\/\/www.correiobraziliense.com.br\/aqui\/2026\/07\/31\/como-as-medidas-de-milei-ja-afetam-o-bolso-dos-brasileiros\/#breadcrumb","itemListElement":[{"@type":"ListItem","position":1,"name":"In\u00edcio","item":"https:\/\/www.correiobraziliense.com.br\/aqui\/"},{"@type":"ListItem","position":2,"name":"Como as medidas de Milei j\u00e1 afetam o bolso dos brasileiros"}]},{"@type":"WebSite","@id":"https:\/\/www.correiobraziliense.com.br\/aqui\/#website","url":"https:\/\/www.correiobraziliense.com.br\/aqui\/","name":"Correio Braziliense - Aqui","description":"O Correio Braziliense (CB) \u00e9 o mais importante canal de not\u00edcias de Bras\u00edlia. Aqui voc\u00ea encontra as \u00faltimas not\u00edcias do DF, do Brasil e do mundo.","potentialAction":[{"@type":"SearchAction","target":{"@type":"EntryPoint","urlTemplate":"https:\/\/www.correiobraziliense.com.br\/aqui\/?s={search_term_string}"},"query-input":{"@type":"PropertyValueSpecification","valueRequired":true,"valueName":"search_term_string"}}],"inLanguage":"pt-BR"},{"@type":"Person","@id":"https:\/\/www.correiobraziliense.com.br\/aqui\/#\/schema\/person\/775f50a8c1ac31704d56816e99b29041","name":"Larissa","image":{"@type":"ImageObject","inLanguage":"pt-BR","@id":"https:\/\/www.correiobraziliense.com.br\/aqui\/#\/schema\/person\/image\/","url":"https:\/\/secure.gravatar.com\/avatar\/62f5b2e99de671d075ab98e19f03c3c38c80a93f5d06f51075cf4431a4e76458?s=96&d=mm&r=g","contentUrl":"https:\/\/secure.gravatar.com\/avatar\/62f5b2e99de671d075ab98e19f03c3c38c80a93f5d06f51075cf4431a4e76458?s=96&d=mm&r=g","caption":"Larissa"},"url":"https:\/\/www.correiobraziliense.com.br\/aqui\/author\/larissaaqui\/"}]}},"_links":{"self":[{"href":"https:\/\/www.correiobraziliense.com.br\/aqui\/wp-json\/wp\/v2\/posts\/35734","targetHints":{"allow":["GET"]}}],"collection":[{"href":"https:\/\/www.correiobraziliense.com.br\/aqui\/wp-json\/wp\/v2\/posts"}],"about":[{"href":"https:\/\/www.correiobraziliense.com.br\/aqui\/wp-json\/wp\/v2\/types\/post"}],"author":[{"embeddable":true,"href":"https:\/\/www.correiobraziliense.com.br\/aqui\/wp-json\/wp\/v2\/users\/10"}],"replies":[{"embeddable":true,"href":"https:\/\/www.correiobraziliense.com.br\/aqui\/wp-json\/wp\/v2\/comments?post=35734"}],"version-history":[{"count":5,"href":"https:\/\/www.correiobraziliense.com.br\/aqui\/wp-json\/wp\/v2\/posts\/35734\/revisions"}],"predecessor-version":[{"id":35739,"href":"https:\/\/www.correiobraziliense.com.br\/aqui\/wp-json\/wp\/v2\/posts\/35734\/revisions\/35739"}],"wp:featuredmedia":[{"embeddable":true,"href":"https:\/\/www.correiobraziliense.com.br\/aqui\/wp-json\/wp\/v2\/media\/34708"}],"wp:attachment":[{"href":"https:\/\/www.correiobraziliense.com.br\/aqui\/wp-json\/wp\/v2\/media?parent=35734"}],"wp:term":[{"taxonomy":"category","embeddable":true,"href":"https:\/\/www.correiobraziliense.com.br\/aqui\/wp-json\/wp\/v2\/categories?post=35734"},{"taxonomy":"post_tag","embeddable":true,"href":"https:\/\/www.correiobraziliense.com.br\/aqui\/wp-json\/wp\/v2\/tags?post=35734"}],"curies":[{"name":"wp","href":"https:\/\/api.w.org\/{rel}","templated":true}]}}