{"id":35789,"date":"2026-07-31T16:54:00","date_gmt":"2026-07-31T19:54:00","guid":{"rendered":"https:\/\/www.correiobraziliense.com.br\/aqui\/?p=35789"},"modified":"2026-07-31T15:18:44","modified_gmt":"2026-07-31T18:18:44","slug":"foz-do-iguacu-paraguai-e-argentina-roteiro-de-3-dias-na-triplice-fronteira","status":"publish","type":"post","link":"https:\/\/www.correiobraziliense.com.br\/aqui\/2026\/07\/31\/foz-do-iguacu-paraguai-e-argentina-roteiro-de-3-dias-na-triplice-fronteira\/","title":{"rendered":"Foz do Igua\u00e7u, Paraguai e Argentina: roteiro de 3 dias na Tr\u00edplice Fronteira"},"content":{"rendered":"\n<p>Explorar a regi\u00e3o da Tr\u00edplice Fronteira \u00e9 uma experi\u00eancia \u00fanica, que permite visitar tr\u00eas pa\u00edses em poucos dias. Para quem planeja uma viagem \u00e0 regi\u00e3o, um roteiro de tr\u00eas dias \u00e9 ideal para combinar as <a target=\"_blank\" rel=\"noreferrer noopener\" href=\"https:\/\/www.correiobraziliense.com.br\/revista-do-correio\/2025\/04\/7101533-7-atracoes-imperdiveis-em-foz-do-iguacu.html\">belezas naturais de Foz do Igua\u00e7u<\/a>, as compras em Ciudad del Este, no Paraguai, e a gastronomia de Puerto Iguaz\u00fa, na Argentina.<\/p>\n\n\n\n<p>Organizar a viagem com um cronograma definido ajuda a otimizar o tempo e aproveitar o melhor de cada pa\u00eds sem correria. A log\u00edstica entre as cidades \u00e9 simples e pode ser feita com transporte por aplicativo, t\u00e1xis ou vans de turismo que operam na regi\u00e3o.<\/p>\n\n\n\n<h2 class=\"wp-block-heading\">Roteiro de viagem pela Tr\u00edplice Fronteira<\/h2>\n\n\n\n<p><strong>Dia 1: a impon\u00eancia do lado brasileiro<\/strong><\/p>\n\n\n\n<p>Reserve o primeiro dia para o lado brasileiro das Cataratas do Igua\u00e7u. O <a target=\"_blank\" rel=\"noreferrer noopener\" href=\"https:\/\/www.correiobraziliense.com.br\/brasil\/2026\/07\/7467397-cataratas-do-iguacu-a-atracao-brasileira-mais-vendida-a-estrangeiros.html\">Parque Nacional do Igua\u00e7u<\/a> oferece uma vista panor\u00e2mica das quedas, com passarelas que levam os visitantes a pontos de observa\u00e7\u00e3o estrat\u00e9gicos, como o mirante pr\u00f3ximo \u00e0 Garganta do Diabo. O passeio \u00e9 mais contemplativo e permite ter a dimens\u00e3o completa do conjunto de quedas.<\/p>\n\n\n\n<p>Na sa\u00edda do parque, uma visita ao <a href=\"https:\/\/www.correiobraziliense.com.br\/revista-do-correio\/2025\/03\/7073155-para-alem-das-cataratas-as-belezas-e-diversoes-de-foz-do-iguacu.html\" target=\"_blank\" rel=\"noreferrer noopener\">Parque das Aves<\/a> \u00e9 quase obrigat\u00f3ria. O local abriga mais de 1.300 aves de 150 esp\u00e9cies diferentes, muitas delas resgatadas de maus-tratos e do tr\u00e1fico de animais. Os viveiros de imers\u00e3o permitem um contato pr\u00f3ximo e seguro com tucanos, araras e outras aves da Mata Atl\u00e2ntica.<\/p>\n\n\n\n<p><strong>Dia 2: compras e tecnologia no Paraguai<\/strong><\/p>\n\n\n\n<p>O segundo dia \u00e9 dedicado a atravessar a Ponte da Amizade rumo a Ciudad del Este, no Paraguai. O foco principal \u00e9 o com\u00e9rcio, conhecido pelos pre\u00e7os atrativos de eletr\u00f4nicos, perfumes, bebidas e roupas. Para uma experi\u00eancia mais segura, concentre suas compras em grandes shoppings e lojas de departamento, que oferecem garantia e produtos originais.<\/p>\n\n\n\n<p>Lembre-se que a cota de isen\u00e7\u00e3o de impostos para compras feitas por via terrestre \u00e9 de 500 d\u00f3lares por pessoa. O real \u00e9 amplamente aceito no com\u00e9rcio local, mas pagar em d\u00f3lar pode garantir uma cota\u00e7\u00e3o mais vantajosa. Fique atento ao hor\u00e1rio de funcionamento das lojas, que costumam fechar no meio da tarde.<\/p>\n\n\n\n<p><strong>Dia 3: natureza e sabor na Argentina<\/strong><\/p>\n\n\n\n<p>No \u00faltimo dia, cruze a fronteira para Puerto Iguaz\u00fa, na Argentina. O lado argentino das Cataratas proporciona uma experi\u00eancia diferente, mais imersiva. Os circuitos de passarelas, como o Circuito Superior e o Inferior, colocam o visitante muito perto das quedas d&#8217;\u00e1gua, culminando na passarela que leva diretamente sobre a Garganta do Diabo.<\/p>\n\n\n\n<p>\u00c0 noite, a dica \u00e9 aproveitar a gastronomia local. A feirinha de Puerto Iguaz\u00fa e os restaurantes do centro s\u00e3o famosos por vender produtos t\u00edpicos, como alfajores, azeitonas e vinhos. Finalize a viagem com um jantar em uma aut\u00eantica <a target=\"_blank\" rel=\"noreferrer noopener\" href=\"https:\/\/www.correiobraziliense.com.br\/turismo\/2025\/09\/7248344-do-luxo-a-diversao-em-familia-como-e-se-hospedar-em-tres-diferentes-hoteis-de-foz-do-iguacu-a-fronteira-turistica-do-brasil.html\">parrilla argentina<\/a>, experimentando cortes de carne e empanadas tradicionais.<\/p>\n","protected":false},"excerpt":{"rendered":"<p>Explore a Tr\u00edplice Fronteira com um roteiro que une as cataratas, compras em Ciudad del Este e a gastronomia de Puerto Iguaz\u00fa.<\/p>\n","protected":false},"author":8,"featured_media":35790,"comment_status":"open","ping_status":"open","sticky":false,"template":"","format":"standard","meta":{"jnews-multi-image_gallery":[],"jnews_single_post":{"format":"standard"},"jnews_primary_category":[],"jnews_social_meta":[],"jnews_override_counter":[],"footnotes":""},"categories":[148],"tags":[801,3864,11797,7965,759,8457,11796,146],"class_list":["post-35789","post","type-post","status-publish","format-standard","has-post-thumbnail","hentry","category-turismo","tag-argentina","tag-dicas-de-viagem","tag-foz-do-iguacu","tag-guia-de-viagem","tag-paraguai","tag-roteiro-de-viagem","tag-triplice-fronteira","tag-turismo"],"yoast_head":"<!-- This site is optimized with the Yoast SEO plugin v25.1 - https:\/\/yoast.com\/wordpress\/plugins\/seo\/ -->\n<title>Foz do Igua\u00e7u, Paraguai e Argentina: roteiro de 3 dias na Tr\u00edplice Fronteira - Correio Braziliense - Aqui<\/title>\n<meta name=\"description\" content=\"Explore a Tr\u00edplice Fronteira com um roteiro que une as cataratas, compras em Ciudad del Este e a gastronomia de Puerto Iguaz\u00fa.\" \/>\n<meta name=\"robots\" content=\"index, follow, max-snippet:-1, max-image-preview:large, max-video-preview:-1\" \/>\n<link rel=\"canonical\" href=\"https:\/\/www.correiobraziliense.com.br\/aqui\/2026\/07\/31\/foz-do-iguacu-paraguai-e-argentina-roteiro-de-3-dias-na-triplice-fronteira\/\" \/>\n<meta property=\"og:locale\" content=\"pt_BR\" \/>\n<meta property=\"og:type\" content=\"article\" \/>\n<meta property=\"og:title\" content=\"Foz do Igua\u00e7u, Paraguai e Argentina: roteiro de 3 dias na Tr\u00edplice Fronteira - Correio Braziliense - Aqui\" \/>\n<meta property=\"og:description\" content=\"Explore a Tr\u00edplice Fronteira com um roteiro que une as cataratas, compras em Ciudad del Este e a gastronomia de Puerto Iguaz\u00fa.\" \/>\n<meta property=\"og:url\" content=\"https:\/\/www.correiobraziliense.com.br\/aqui\/2026\/07\/31\/foz-do-iguacu-paraguai-e-argentina-roteiro-de-3-dias-na-triplice-fronteira\/\" \/>\n<meta property=\"og:site_name\" content=\"Correio Braziliense - Aqui\" \/>\n<meta property=\"article:published_time\" content=\"2026-07-31T19:54:00+00:00\" \/>\n<meta property=\"og:image\" content=\"https:\/\/www.correiobraziliense.com.br\/aqui\/wp-content\/uploads\/2026\/07\/Triplice-Fronteira_1785521838504.jpg\" \/>\n\t<meta property=\"og:image:width\" content=\"1280\" \/>\n\t<meta property=\"og:image:height\" content=\"720\" \/>\n\t<meta property=\"og:image:type\" content=\"image\/jpeg\" \/>\n<meta name=\"author\" content=\"Lara\" \/>\n<meta name=\"twitter:card\" content=\"summary_large_image\" \/>\n<meta name=\"twitter:label1\" content=\"Escrito por\" \/>\n\t<meta name=\"twitter:data1\" content=\"Lara\" \/>\n\t<meta name=\"twitter:label2\" content=\"Est. tempo de leitura\" \/>\n\t<meta name=\"twitter:data2\" content=\"3 minutos\" \/>\n<!-- \/ Yoast SEO plugin. -->","yoast_head_json":{"title":"Foz do Igua\u00e7u, Paraguai e Argentina: roteiro de 3 dias na Tr\u00edplice Fronteira - Correio Braziliense - Aqui","description":"Explore a Tr\u00edplice Fronteira com um roteiro que une as cataratas, compras em Ciudad del Este e a gastronomia de Puerto Iguaz\u00fa.","robots":{"index":"index","follow":"follow","max-snippet":"max-snippet:-1","max-image-preview":"max-image-preview:large","max-video-preview":"max-video-preview:-1"},"canonical":"https:\/\/www.correiobraziliense.com.br\/aqui\/2026\/07\/31\/foz-do-iguacu-paraguai-e-argentina-roteiro-de-3-dias-na-triplice-fronteira\/","og_locale":"pt_BR","og_type":"article","og_title":"Foz do Igua\u00e7u, Paraguai e Argentina: roteiro de 3 dias na Tr\u00edplice Fronteira - Correio Braziliense - Aqui","og_description":"Explore a Tr\u00edplice Fronteira com um roteiro que une as cataratas, compras em Ciudad del Este e a gastronomia de Puerto Iguaz\u00fa.","og_url":"https:\/\/www.correiobraziliense.com.br\/aqui\/2026\/07\/31\/foz-do-iguacu-paraguai-e-argentina-roteiro-de-3-dias-na-triplice-fronteira\/","og_site_name":"Correio Braziliense - Aqui","article_published_time":"2026-07-31T19:54:00+00:00","og_image":[{"width":1280,"height":720,"url":"https:\/\/www.correiobraziliense.com.br\/aqui\/wp-content\/uploads\/2026\/07\/Triplice-Fronteira_1785521838504.jpg","type":"image\/jpeg"}],"author":"Lara","twitter_card":"summary_large_image","twitter_misc":{"Escrito por":"Lara","Est. tempo de leitura":"3 minutos"},"schema":{"@context":"https:\/\/schema.org","@graph":[{"@type":"WebPage","@id":"https:\/\/www.correiobraziliense.com.br\/aqui\/2026\/07\/31\/foz-do-iguacu-paraguai-e-argentina-roteiro-de-3-dias-na-triplice-fronteira\/","url":"https:\/\/www.correiobraziliense.com.br\/aqui\/2026\/07\/31\/foz-do-iguacu-paraguai-e-argentina-roteiro-de-3-dias-na-triplice-fronteira\/","name":"Foz do Igua\u00e7u, Paraguai e Argentina: roteiro de 3 dias na Tr\u00edplice Fronteira - Correio Braziliense - Aqui","isPartOf":{"@id":"https:\/\/www.correiobraziliense.com.br\/aqui\/#website"},"primaryImageOfPage":{"@id":"https:\/\/www.correiobraziliense.com.br\/aqui\/2026\/07\/31\/foz-do-iguacu-paraguai-e-argentina-roteiro-de-3-dias-na-triplice-fronteira\/#primaryimage"},"image":{"@id":"https:\/\/www.correiobraziliense.com.br\/aqui\/2026\/07\/31\/foz-do-iguacu-paraguai-e-argentina-roteiro-de-3-dias-na-triplice-fronteira\/#primaryimage"},"thumbnailUrl":"https:\/\/www.correiobraziliense.com.br\/aqui\/wp-content\/uploads\/2026\/07\/Triplice-Fronteira_1785521838504.jpg","datePublished":"2026-07-31T19:54:00+00:00","author":{"@id":"https:\/\/www.correiobraziliense.com.br\/aqui\/#\/schema\/person\/5d6e4d99fecc86ab1a7ed1a0369afb65"},"description":"Explore a Tr\u00edplice Fronteira com um roteiro que une as cataratas, compras em Ciudad del Este e a gastronomia de Puerto Iguaz\u00fa.","breadcrumb":{"@id":"https:\/\/www.correiobraziliense.com.br\/aqui\/2026\/07\/31\/foz-do-iguacu-paraguai-e-argentina-roteiro-de-3-dias-na-triplice-fronteira\/#breadcrumb"},"inLanguage":"pt-BR","potentialAction":[{"@type":"ReadAction","target":["https:\/\/www.correiobraziliense.com.br\/aqui\/2026\/07\/31\/foz-do-iguacu-paraguai-e-argentina-roteiro-de-3-dias-na-triplice-fronteira\/"]}]},{"@type":"ImageObject","inLanguage":"pt-BR","@id":"https:\/\/www.correiobraziliense.com.br\/aqui\/2026\/07\/31\/foz-do-iguacu-paraguai-e-argentina-roteiro-de-3-dias-na-triplice-fronteira\/#primaryimage","url":"https:\/\/www.correiobraziliense.com.br\/aqui\/wp-content\/uploads\/2026\/07\/Triplice-Fronteira_1785521838504.jpg","contentUrl":"https:\/\/www.correiobraziliense.com.br\/aqui\/wp-content\/uploads\/2026\/07\/Triplice-Fronteira_1785521838504.jpg","width":1280,"height":720,"caption":"Cr\u00e9ditos: depositphotos.com \/ zaschnaus"},{"@type":"BreadcrumbList","@id":"https:\/\/www.correiobraziliense.com.br\/aqui\/2026\/07\/31\/foz-do-iguacu-paraguai-e-argentina-roteiro-de-3-dias-na-triplice-fronteira\/#breadcrumb","itemListElement":[{"@type":"ListItem","position":1,"name":"In\u00edcio","item":"https:\/\/www.correiobraziliense.com.br\/aqui\/"},{"@type":"ListItem","position":2,"name":"Foz do Igua\u00e7u, Paraguai e Argentina: roteiro de 3 dias na Tr\u00edplice Fronteira"}]},{"@type":"WebSite","@id":"https:\/\/www.correiobraziliense.com.br\/aqui\/#website","url":"https:\/\/www.correiobraziliense.com.br\/aqui\/","name":"Correio Braziliense - Aqui","description":"O Correio Braziliense (CB) \u00e9 o mais importante canal de not\u00edcias de Bras\u00edlia. Aqui voc\u00ea encontra as \u00faltimas not\u00edcias do DF, do Brasil e do mundo.","potentialAction":[{"@type":"SearchAction","target":{"@type":"EntryPoint","urlTemplate":"https:\/\/www.correiobraziliense.com.br\/aqui\/?s={search_term_string}"},"query-input":{"@type":"PropertyValueSpecification","valueRequired":true,"valueName":"search_term_string"}}],"inLanguage":"pt-BR"},{"@type":"Person","@id":"https:\/\/www.correiobraziliense.com.br\/aqui\/#\/schema\/person\/5d6e4d99fecc86ab1a7ed1a0369afb65","name":"Lara","image":{"@type":"ImageObject","inLanguage":"pt-BR","@id":"https:\/\/www.correiobraziliense.com.br\/aqui\/#\/schema\/person\/image\/","url":"https:\/\/secure.gravatar.com\/avatar\/57056c5c343a6d8a6669688d3d2c04916d9d280b352b6e50e66a8d39b2517e00?s=96&d=mm&r=g","contentUrl":"https:\/\/secure.gravatar.com\/avatar\/57056c5c343a6d8a6669688d3d2c04916d9d280b352b6e50e66a8d39b2517e00?s=96&d=mm&r=g","caption":"Lara"},"url":"https:\/\/www.correiobraziliense.com.br\/aqui\/author\/laraaqui\/"}]}},"_links":{"self":[{"href":"https:\/\/www.correiobraziliense.com.br\/aqui\/wp-json\/wp\/v2\/posts\/35789","targetHints":{"allow":["GET"]}}],"collection":[{"href":"https:\/\/www.correiobraziliense.com.br\/aqui\/wp-json\/wp\/v2\/posts"}],"about":[{"href":"https:\/\/www.correiobraziliense.com.br\/aqui\/wp-json\/wp\/v2\/types\/post"}],"author":[{"embeddable":true,"href":"https:\/\/www.correiobraziliense.com.br\/aqui\/wp-json\/wp\/v2\/users\/8"}],"replies":[{"embeddable":true,"href":"https:\/\/www.correiobraziliense.com.br\/aqui\/wp-json\/wp\/v2\/comments?post=35789"}],"version-history":[{"count":1,"href":"https:\/\/www.correiobraziliense.com.br\/aqui\/wp-json\/wp\/v2\/posts\/35789\/revisions"}],"predecessor-version":[{"id":35791,"href":"https:\/\/www.correiobraziliense.com.br\/aqui\/wp-json\/wp\/v2\/posts\/35789\/revisions\/35791"}],"wp:featuredmedia":[{"embeddable":true,"href":"https:\/\/www.correiobraziliense.com.br\/aqui\/wp-json\/wp\/v2\/media\/35790"}],"wp:attachment":[{"href":"https:\/\/www.correiobraziliense.com.br\/aqui\/wp-json\/wp\/v2\/media?parent=35789"}],"wp:term":[{"taxonomy":"category","embeddable":true,"href":"https:\/\/www.correiobraziliense.com.br\/aqui\/wp-json\/wp\/v2\/categories?post=35789"},{"taxonomy":"post_tag","embeddable":true,"href":"https:\/\/www.correiobraziliense.com.br\/aqui\/wp-json\/wp\/v2\/tags?post=35789"}],"curies":[{"name":"wp","href":"https:\/\/api.w.org\/{rel}","templated":true}]}}