{"id":35806,"date":"2026-07-31T19:59:00","date_gmt":"2026-07-31T22:59:00","guid":{"rendered":"https:\/\/www.correiobraziliense.com.br\/aqui\/?p=35806"},"modified":"2026-07-31T15:42:41","modified_gmt":"2026-07-31T18:42:41","slug":"carne-de-sol-e-rubacao-sabores-do-sertao-que-definem-a-culinaria-paraibana","status":"publish","type":"post","link":"https:\/\/www.correiobraziliense.com.br\/aqui\/2026\/07\/31\/carne-de-sol-e-rubacao-sabores-do-sertao-que-definem-a-culinaria-paraibana\/","title":{"rendered":"Carne de sol e rubac\u00e3o: sabores do sert\u00e3o que definem a culin\u00e1ria paraibana"},"content":{"rendered":"\n<p>Quando se fala em Para\u00edba, muitos pensam nas praias, mas a verdadeira identidade gastron\u00f4mica do estado se revela no interior. Pratos como a carne de sol com macaxeira e o rubac\u00e3o s\u00e3o pilares da culin\u00e1ria do sert\u00e3o e do agreste, oferecendo sabores que contam a hist\u00f3ria e a cultura da regi\u00e3o.<\/p>\n\n\n\n<h2 class=\"wp-block-heading\">A tradi\u00e7\u00e3o da carne de sol<\/h2>\n\n\n\n<p>A carne de sol \u00e9 um verdadeiro patrim\u00f4nio paraibano, com fama que se espalhou a partir da cidade de Picu\u00ed. O preparo artesanal consiste em salgar levemente <a target=\"_blank\" rel=\"noreferrer noopener\" href=\"https:\/\/www.correiobraziliense.com.br\/revista-do-correio\/2025\/11\/7297818-7-receitas-com-maminha-para-o-almoco.html\">cortes nobres de carne bovina<\/a> e deix\u00e1-los curar por algumas horas em local arejado. Diferente da carne-seca, o processo preserva a umidade e a maciez da pe\u00e7a.<\/p>\n\n\n\n<p>Na hora de servir, a carne \u00e9 geralmente frita ou grelhada na manteiga de garrafa, o que confere um sabor inconfund\u00edvel. Os <a target=\"_blank\" rel=\"noreferrer noopener\" href=\"https:\/\/www.correiobraziliense.com.br\/revista-do-correio\/2025\/06\/7178370-7-receitas-de-acompanhamento-para-churrasco.html\">acompanhamentos<\/a> s\u00e3o essenciais para a experi\u00eancia completa: macaxeira cozida, farofa d&#8217;\u00e1gua, vinagrete e, claro, o indispens\u00e1vel queijo de coalho assado.<\/p>\n\n\n\n<h2 class=\"wp-block-heading\">Rubac\u00e3o: o prato que abra\u00e7a<\/h2>\n\n\n\n<p>O rubac\u00e3o \u00e9 outro prato que define a mesa do interior da Para\u00edba. Considerado por muitos uma vers\u00e3o mais cremosa e elaborada do bai\u00e3o de dois, ele combina arroz e feij\u00e3o-verde cozidos juntos, peda\u00e7os de <a target=\"_blank\" rel=\"noreferrer noopener\" href=\"https:\/\/www.correiobraziliense.com.br\/divirtasemais\/2025\/08\/7229991-casas-tradicionais-da-capital-reunem-os-sabores-de-todas-as-regioes.html\">carne de sol<\/a> ou charque e queijo de coalho em cubos.<\/p>\n\n\n\n<p>O toque final, que garante a cremosidade caracter\u00edstica, \u00e9 a adi\u00e7\u00e3o de nata fresca ou leite. O resultado \u00e9 uma refei\u00e7\u00e3o substanciosa, que conforta e representa a fartura da cozinha sertaneja, sendo comum em almo\u00e7os de fam\u00edlia e festas tradicionais.<\/p>\n\n\n\n<h2 class=\"wp-block-heading\">Outras joias da cozinha sertaneja<\/h2>\n\n\n\n<p>A culin\u00e1ria do interior vai al\u00e9m desses dois cl\u00e1ssicos. A galinha de capoeira guisada, com seu molho rico e <a href=\"https:\/\/www.correiobraziliense.com.br\/revista-do-correio\/2025\/11\/7293009-carne-de-panela-7-receitas-que-vao-te-surpreender.html\" target=\"_blank\" rel=\"noreferrer noopener\">carne macia<\/a>, \u00e9 outra iguaria muito apreciada. Para os mais aventureiros, a buchada de bode oferece um sabor intenso e uma textura \u00fanica, sendo um prato de grande tradi\u00e7\u00e3o. Nenhum prato est\u00e1 completo sem a manteiga de garrafa, com seu sabor amendoado, e o onipresente cuscuz de milho.<\/p>\n\n\n\n<p><strong>Mais que comida, uma hist\u00f3ria<\/strong><\/p>\n\n\n\n<p>Esses pratos s\u00e3o um elo com a hist\u00f3ria e o modo de vida do povo sertanejo. A carne de sol, por exemplo, nasceu da necessidade de conservar a carne em um clima quente, muito antes da populariza\u00e7\u00e3o da refrigera\u00e7\u00e3o. Hoje, simboliza celebra\u00e7\u00e3o e hospitalidade.<\/p>\n\n\n\n<p><strong>Onde encontrar esses sabores<\/strong><\/p>\n\n\n\n<p>Para experimentar esses sabores aut\u00eanticos, o ideal \u00e9 visitar cidades do interior, como Campina Grande, Patos ou Sousa. Restaurantes de comida regional e feiras livres s\u00e3o os melhores lugares para encontrar essas iguarias preparadas de forma tradicional, garantindo uma imers\u00e3o completa na cultura local.<\/p>\n","protected":false},"excerpt":{"rendered":"<p>Descubra os sabores do sert\u00e3o e do agreste com pratos como carne de sol e rubac\u00e3o, verdadeiros s\u00edmbolos da gastronomia regional.<\/p>\n","protected":false},"author":8,"featured_media":35807,"comment_status":"open","ping_status":"open","sticky":false,"template":"","format":"standard","meta":{"jnews-multi-image_gallery":[],"jnews_single_post":{"format":"standard"},"jnews_primary_category":[],"jnews_social_meta":[],"jnews_override_counter":[],"footnotes":""},"categories":[121],"tags":[11809,11810,119,11811],"class_list":["post-35806","post","type-post","status-publish","format-standard","has-post-thumbnail","hentry","category-gastronomia","tag-carne-de-sol","tag-culinaria-paraibana","tag-gastronomia","tag-rubacao"],"yoast_head":"<!-- This site is optimized with the Yoast SEO plugin v25.1 - https:\/\/yoast.com\/wordpress\/plugins\/seo\/ -->\n<title>Carne de sol e rubac\u00e3o: sabores do sert\u00e3o que definem a culin\u00e1ria paraibana - Correio Braziliense - Aqui<\/title>\n<meta name=\"description\" content=\"Descubra os sabores do sert\u00e3o e do agreste com pratos como carne de sol e rubac\u00e3o, verdadeiros s\u00edmbolos da gastronomia regional.\" \/>\n<meta name=\"robots\" content=\"index, follow, max-snippet:-1, max-image-preview:large, max-video-preview:-1\" \/>\n<link rel=\"canonical\" href=\"https:\/\/www.correiobraziliense.com.br\/aqui\/2026\/07\/31\/carne-de-sol-e-rubacao-sabores-do-sertao-que-definem-a-culinaria-paraibana\/\" \/>\n<meta property=\"og:locale\" content=\"pt_BR\" \/>\n<meta property=\"og:type\" content=\"article\" \/>\n<meta property=\"og:title\" content=\"Carne de sol e rubac\u00e3o: sabores do sert\u00e3o que definem a culin\u00e1ria paraibana - Correio Braziliense - Aqui\" \/>\n<meta property=\"og:description\" content=\"Descubra os sabores do sert\u00e3o e do agreste com pratos como carne de sol e rubac\u00e3o, verdadeiros s\u00edmbolos da gastronomia regional.\" \/>\n<meta property=\"og:url\" content=\"https:\/\/www.correiobraziliense.com.br\/aqui\/2026\/07\/31\/carne-de-sol-e-rubacao-sabores-do-sertao-que-definem-a-culinaria-paraibana\/\" \/>\n<meta property=\"og:site_name\" content=\"Correio Braziliense - Aqui\" \/>\n<meta property=\"article:published_time\" content=\"2026-07-31T22:59:00+00:00\" \/>\n<meta property=\"og:image\" content=\"https:\/\/www.correiobraziliense.com.br\/aqui\/wp-content\/uploads\/2026\/07\/carne-de-sol_1785523206057.jpg\" \/>\n\t<meta property=\"og:image:width\" content=\"1280\" \/>\n\t<meta property=\"og:image:height\" content=\"720\" \/>\n\t<meta property=\"og:image:type\" content=\"image\/jpeg\" \/>\n<meta name=\"author\" content=\"Lara\" \/>\n<meta name=\"twitter:card\" content=\"summary_large_image\" \/>\n<meta name=\"twitter:label1\" content=\"Escrito por\" \/>\n\t<meta name=\"twitter:data1\" content=\"Lara\" \/>\n\t<meta name=\"twitter:label2\" content=\"Est. tempo de leitura\" \/>\n\t<meta name=\"twitter:data2\" content=\"3 minutos\" \/>\n<!-- \/ Yoast SEO plugin. -->","yoast_head_json":{"title":"Carne de sol e rubac\u00e3o: sabores do sert\u00e3o que definem a culin\u00e1ria paraibana - Correio Braziliense - Aqui","description":"Descubra os sabores do sert\u00e3o e do agreste com pratos como carne de sol e rubac\u00e3o, verdadeiros s\u00edmbolos da gastronomia regional.","robots":{"index":"index","follow":"follow","max-snippet":"max-snippet:-1","max-image-preview":"max-image-preview:large","max-video-preview":"max-video-preview:-1"},"canonical":"https:\/\/www.correiobraziliense.com.br\/aqui\/2026\/07\/31\/carne-de-sol-e-rubacao-sabores-do-sertao-que-definem-a-culinaria-paraibana\/","og_locale":"pt_BR","og_type":"article","og_title":"Carne de sol e rubac\u00e3o: sabores do sert\u00e3o que definem a culin\u00e1ria paraibana - Correio Braziliense - Aqui","og_description":"Descubra os sabores do sert\u00e3o e do agreste com pratos como carne de sol e rubac\u00e3o, verdadeiros s\u00edmbolos da gastronomia regional.","og_url":"https:\/\/www.correiobraziliense.com.br\/aqui\/2026\/07\/31\/carne-de-sol-e-rubacao-sabores-do-sertao-que-definem-a-culinaria-paraibana\/","og_site_name":"Correio Braziliense - Aqui","article_published_time":"2026-07-31T22:59:00+00:00","og_image":[{"width":1280,"height":720,"url":"https:\/\/www.correiobraziliense.com.br\/aqui\/wp-content\/uploads\/2026\/07\/carne-de-sol_1785523206057.jpg","type":"image\/jpeg"}],"author":"Lara","twitter_card":"summary_large_image","twitter_misc":{"Escrito por":"Lara","Est. tempo de leitura":"3 minutos"},"schema":{"@context":"https:\/\/schema.org","@graph":[{"@type":"WebPage","@id":"https:\/\/www.correiobraziliense.com.br\/aqui\/2026\/07\/31\/carne-de-sol-e-rubacao-sabores-do-sertao-que-definem-a-culinaria-paraibana\/","url":"https:\/\/www.correiobraziliense.com.br\/aqui\/2026\/07\/31\/carne-de-sol-e-rubacao-sabores-do-sertao-que-definem-a-culinaria-paraibana\/","name":"Carne de sol e rubac\u00e3o: sabores do sert\u00e3o que definem a culin\u00e1ria paraibana - Correio Braziliense - Aqui","isPartOf":{"@id":"https:\/\/www.correiobraziliense.com.br\/aqui\/#website"},"primaryImageOfPage":{"@id":"https:\/\/www.correiobraziliense.com.br\/aqui\/2026\/07\/31\/carne-de-sol-e-rubacao-sabores-do-sertao-que-definem-a-culinaria-paraibana\/#primaryimage"},"image":{"@id":"https:\/\/www.correiobraziliense.com.br\/aqui\/2026\/07\/31\/carne-de-sol-e-rubacao-sabores-do-sertao-que-definem-a-culinaria-paraibana\/#primaryimage"},"thumbnailUrl":"https:\/\/www.correiobraziliense.com.br\/aqui\/wp-content\/uploads\/2026\/07\/carne-de-sol_1785523206057.jpg","datePublished":"2026-07-31T22:59:00+00:00","author":{"@id":"https:\/\/www.correiobraziliense.com.br\/aqui\/#\/schema\/person\/5d6e4d99fecc86ab1a7ed1a0369afb65"},"description":"Descubra os sabores do sert\u00e3o e do agreste com pratos como carne de sol e rubac\u00e3o, verdadeiros s\u00edmbolos da gastronomia regional.","breadcrumb":{"@id":"https:\/\/www.correiobraziliense.com.br\/aqui\/2026\/07\/31\/carne-de-sol-e-rubacao-sabores-do-sertao-que-definem-a-culinaria-paraibana\/#breadcrumb"},"inLanguage":"pt-BR","potentialAction":[{"@type":"ReadAction","target":["https:\/\/www.correiobraziliense.com.br\/aqui\/2026\/07\/31\/carne-de-sol-e-rubacao-sabores-do-sertao-que-definem-a-culinaria-paraibana\/"]}]},{"@type":"ImageObject","inLanguage":"pt-BR","@id":"https:\/\/www.correiobraziliense.com.br\/aqui\/2026\/07\/31\/carne-de-sol-e-rubacao-sabores-do-sertao-que-definem-a-culinaria-paraibana\/#primaryimage","url":"https:\/\/www.correiobraziliense.com.br\/aqui\/wp-content\/uploads\/2026\/07\/carne-de-sol_1785523206057.jpg","contentUrl":"https:\/\/www.correiobraziliense.com.br\/aqui\/wp-content\/uploads\/2026\/07\/carne-de-sol_1785523206057.jpg","width":1280,"height":720,"caption":"Cr\u00e9ditos: depositphotos.com \/ sochodolak.pa@gmail.com"},{"@type":"BreadcrumbList","@id":"https:\/\/www.correiobraziliense.com.br\/aqui\/2026\/07\/31\/carne-de-sol-e-rubacao-sabores-do-sertao-que-definem-a-culinaria-paraibana\/#breadcrumb","itemListElement":[{"@type":"ListItem","position":1,"name":"In\u00edcio","item":"https:\/\/www.correiobraziliense.com.br\/aqui\/"},{"@type":"ListItem","position":2,"name":"Carne de sol e rubac\u00e3o: sabores do sert\u00e3o que definem a culin\u00e1ria paraibana"}]},{"@type":"WebSite","@id":"https:\/\/www.correiobraziliense.com.br\/aqui\/#website","url":"https:\/\/www.correiobraziliense.com.br\/aqui\/","name":"Correio Braziliense - Aqui","description":"O Correio Braziliense (CB) \u00e9 o mais importante canal de not\u00edcias de Bras\u00edlia. Aqui voc\u00ea encontra as \u00faltimas not\u00edcias do DF, do Brasil e do mundo.","potentialAction":[{"@type":"SearchAction","target":{"@type":"EntryPoint","urlTemplate":"https:\/\/www.correiobraziliense.com.br\/aqui\/?s={search_term_string}"},"query-input":{"@type":"PropertyValueSpecification","valueRequired":true,"valueName":"search_term_string"}}],"inLanguage":"pt-BR"},{"@type":"Person","@id":"https:\/\/www.correiobraziliense.com.br\/aqui\/#\/schema\/person\/5d6e4d99fecc86ab1a7ed1a0369afb65","name":"Lara","image":{"@type":"ImageObject","inLanguage":"pt-BR","@id":"https:\/\/www.correiobraziliense.com.br\/aqui\/#\/schema\/person\/image\/","url":"https:\/\/secure.gravatar.com\/avatar\/57056c5c343a6d8a6669688d3d2c04916d9d280b352b6e50e66a8d39b2517e00?s=96&d=mm&r=g","contentUrl":"https:\/\/secure.gravatar.com\/avatar\/57056c5c343a6d8a6669688d3d2c04916d9d280b352b6e50e66a8d39b2517e00?s=96&d=mm&r=g","caption":"Lara"},"url":"https:\/\/www.correiobraziliense.com.br\/aqui\/author\/laraaqui\/"}]}},"_links":{"self":[{"href":"https:\/\/www.correiobraziliense.com.br\/aqui\/wp-json\/wp\/v2\/posts\/35806","targetHints":{"allow":["GET"]}}],"collection":[{"href":"https:\/\/www.correiobraziliense.com.br\/aqui\/wp-json\/wp\/v2\/posts"}],"about":[{"href":"https:\/\/www.correiobraziliense.com.br\/aqui\/wp-json\/wp\/v2\/types\/post"}],"author":[{"embeddable":true,"href":"https:\/\/www.correiobraziliense.com.br\/aqui\/wp-json\/wp\/v2\/users\/8"}],"replies":[{"embeddable":true,"href":"https:\/\/www.correiobraziliense.com.br\/aqui\/wp-json\/wp\/v2\/comments?post=35806"}],"version-history":[{"count":2,"href":"https:\/\/www.correiobraziliense.com.br\/aqui\/wp-json\/wp\/v2\/posts\/35806\/revisions"}],"predecessor-version":[{"id":35809,"href":"https:\/\/www.correiobraziliense.com.br\/aqui\/wp-json\/wp\/v2\/posts\/35806\/revisions\/35809"}],"wp:featuredmedia":[{"embeddable":true,"href":"https:\/\/www.correiobraziliense.com.br\/aqui\/wp-json\/wp\/v2\/media\/35807"}],"wp:attachment":[{"href":"https:\/\/www.correiobraziliense.com.br\/aqui\/wp-json\/wp\/v2\/media?parent=35806"}],"wp:term":[{"taxonomy":"category","embeddable":true,"href":"https:\/\/www.correiobraziliense.com.br\/aqui\/wp-json\/wp\/v2\/categories?post=35806"},{"taxonomy":"post_tag","embeddable":true,"href":"https:\/\/www.correiobraziliense.com.br\/aqui\/wp-json\/wp\/v2\/tags?post=35806"}],"curies":[{"name":"wp","href":"https:\/\/api.w.org\/{rel}","templated":true}]}}