{"id":35820,"date":"2026-07-31T18:01:36","date_gmt":"2026-07-31T21:01:36","guid":{"rendered":"https:\/\/www.correiobraziliense.com.br\/aqui\/?p=35820"},"modified":"2026-07-31T18:01:53","modified_gmt":"2026-07-31T21:01:53","slug":"indenizacao-por-perda-de-tempo-quando-o-seu-tempo-vale-dinheiro","status":"publish","type":"post","link":"https:\/\/www.correiobraziliense.com.br\/aqui\/2026\/07\/31\/indenizacao-por-perda-de-tempo-quando-o-seu-tempo-vale-dinheiro\/","title":{"rendered":"Indeniza\u00e7\u00e3o por &#8216;perda de tempo&#8217;: quando o seu tempo vale dinheiro?"},"content":{"rendered":"\n<p>Seu tempo \u00e9 valioso e a Justi\u00e7a brasileira reconhece isso. A chamada &#8220;indeniza\u00e7\u00e3o por perda de tempo \u00fatil&#8221; \u00e9 um direito do consumidor que tem sido cada vez mais aplicado em casos de mau atendimento ou falha na presta\u00e7\u00e3o de servi\u00e7os. A decis\u00e3o se baseia na ideia de que o tempo desperdi\u00e7ado para resolver um problema que n\u00e3o foi criado por voc\u00ea \u00e9 um recurso perdido e que merece repara\u00e7\u00e3o.<\/p>\n\n\n\n<p>Essa compensa\u00e7\u00e3o financeira n\u00e3o se aplica a qualquer aborrecimento do dia a dia. Ela \u00e9 v\u00e1lida para situa\u00e7\u00f5es que fogem da normalidade, quando o consumidor \u00e9 for\u00e7ado a desviar horas de seu trabalho, lazer ou descanso para solucionar falhas de um fornecedor. \u00c9 o tempo gasto em in\u00fameras liga\u00e7\u00f5es, idas e vindas a uma loja ou longas esperas que poderiam ser evitadas.<\/p>\n\n\n\n<p>A tese, formalmente conhecida como &#8220;desvio produtivo do consumidor&#8221;, foi consolidada pelo Superior Tribunal de Justi\u00e7a (STJ). O entendimento \u00e9 que for\u00e7ar o cliente a resolver um problema que a pr\u00f3pria empresa causou gera um dano que vai al\u00e9m do preju\u00edzo material, atingindo diretamente um bem precioso: o tempo.<\/p>\n\n\n\n<h2 class=\"wp-block-heading\">Quando a indeniza\u00e7\u00e3o pode ser solicitada?<\/h2>\n\n\n\n<p>A perda de tempo \u00fatil pode ser caracterizada em diversas situa\u00e7\u00f5es. O ponto central \u00e9 a demonstra\u00e7\u00e3o de que o consumidor fez um esfor\u00e7o excessivo e desnecess\u00e1rio para resolver a quest\u00e3o. Alguns dos cen\u00e1rios mais comuns que podem gerar o direito \u00e0 indeniza\u00e7\u00e3o incluem:<\/p>\n\n\n\n<ul class=\"wp-block-list\">\n<li><strong>Servi\u00e7os de telecomunica\u00e7\u00f5es:<\/strong> problemas recorrentes com <a href=\"https:\/\/www.correiobraziliense.com.br\/cidades-df\/2025\/06\/7171685-direito-do-consumidor-lei-garante-a-suspensao-de-servicos-veja.html\" target=\"_blank\" rel=\"noreferrer noopener\">internet, TV ou telefone<\/a> que exigem in\u00fameros contatos com a central de atendimento sem uma solu\u00e7\u00e3o definitiva.<\/li>\n\n\n\n<li><strong>Atendimento banc\u00e1rio:<\/strong> filas de espera em ag\u00eancias que ultrapassam o tempo m\u00e1ximo definido por lei municipal ou estadual, ou a dificuldade excessiva para cancelar um cart\u00e3o de cr\u00e9dito.<\/li>\n\n\n\n<li><strong>Com\u00e9rcio eletr\u00f4nico:<\/strong> atraso injustificado na entrega de um produto, entrega de item errado e a demora para realizar a troca ou devolver o dinheiro.<\/li>\n\n\n\n<li><a href=\"https:\/\/www.correiobraziliense.com.br\/cidades-df\/2026\/07\/7467084-voar-sem-aborrecimentos-saiba-como-evitar-problemas-na-viagem.html\" target=\"_blank\" rel=\"noreferrer noopener\">Companhias a\u00e9reas<\/a>: cancelamentos de voos que obrigam o passageiro a passar horas no aeroporto em busca de informa\u00e7\u00f5es ou reacomoda\u00e7\u00e3o.<\/li>\n\n\n\n<li><strong>Servi\u00e7os essenciais:<\/strong> interrup\u00e7\u00f5es indevidas no fornecimento de \u00e1gua ou energia el\u00e9trica, com demora excessiva para o restabelecimento.<\/li>\n<\/ul>\n\n\n\n<p>\u00c9 importante ressaltar que a teoria do desvio produtivo n\u00e3o \u00e9 aplicada automaticamente e depende da comprova\u00e7\u00e3o de circunst\u00e2ncias que demonstrem uma perda de tempo excessiva. Embora os valores variem, a jurisprud\u00eancia recente aponta para indeniza\u00e7\u00f5es que costumam variar entre R$ 3.000 e R$ 5.000, dependendo da gravidade do caso.<\/p>\n\n\n\n<h2 class=\"wp-block-heading\">Como comprovar e buscar o direito<\/h2>\n\n\n\n<p>Para que o pedido de indeniza\u00e7\u00e3o tenha sucesso, \u00e9 fundamental documentar todo o processo. Guarde todos os registros poss\u00edveis: n\u00fameros de protocolo de atendimento, e-mails trocados, capturas de tela de conversas em aplicativos e faturas com cobran\u00e7as indevidas. Anotar datas, hor\u00e1rios e nomes dos atendentes tamb\u00e9m fortalece a argumenta\u00e7\u00e3o.<\/p>\n\n\n\n<p>O primeiro passo \u00e9 sempre tentar resolver a quest\u00e3o diretamente com a empresa. Se n\u00e3o houver solu\u00e7\u00e3o, o consumidor pode registrar uma reclama\u00e7\u00e3o em \u00f3rg\u00e3os de defesa, como o Procon. Outro caminho \u00e9 acionar a Justi\u00e7a por meio dos Juizados Especiais C\u00edveis (JEC), que aceitam causas de at\u00e9 40 sal\u00e1rios m\u00ednimos. Para valores de at\u00e9 20 sal\u00e1rios m\u00ednimos, a presen\u00e7a de <a target=\"_blank\" rel=\"noreferrer noopener\" href=\"https:\/\/www.correiobraziliense.com.br\/brasil\/2026\/06\/7449277-7-situacoes-do-dia-a-dia-em-que-voce-pode-precisar-de-um-advogado.html\">advogado<\/a> \u00e9 facultativa.<\/p>\n\n\n\n<p><\/p>\n\n\n\n<p><\/p>\n","protected":false},"excerpt":{"rendered":"<p>Seu tempo \u00e9 valioso e a Justi\u00e7a brasileira reconhece isso. A chamada &#8220;indeniza\u00e7\u00e3o por perda de tempo \u00fatil&#8221; \u00e9 um direito do consumidor que tem sido cada vez mais aplicado em casos de mau atendimento ou falha na presta\u00e7\u00e3o de servi\u00e7os. A decis\u00e3o se baseia na ideia de que o tempo desperdi\u00e7ado para resolver um [&hellip;]<\/p>\n","protected":false},"author":9,"featured_media":35821,"comment_status":"open","ping_status":"open","sticky":false,"template":"","format":"standard","meta":{"jnews-multi-image_gallery":[],"jnews_single_post":{"format":"standard"},"jnews_primary_category":[],"jnews_social_meta":[],"jnews_override_counter":[],"footnotes":""},"categories":[120],"tags":[9955,11817],"class_list":["post-35820","post","type-post","status-publish","format-standard","has-post-thumbnail","hentry","category-curiosidades","tag-indenizacao","tag-perda-de-tempo"],"yoast_head":"<!-- This site is optimized with the Yoast SEO plugin v25.1 - https:\/\/yoast.com\/wordpress\/plugins\/seo\/ -->\n<title>Indeniza\u00e7\u00e3o por &#039;perda de tempo&#039;: quando o seu tempo vale dinheiro? - Correio Braziliense - Aqui<\/title>\n<meta name=\"description\" content=\"Entenda o que a Justi\u00e7a considera como &quot;perda de tempo \u00fatil&quot; e em quais situa\u00e7\u00f5es voc\u00ea pode pedir uma indeniza\u00e7\u00e3o por um mau servi\u00e7o prestado\" \/>\n<meta name=\"robots\" content=\"index, follow, max-snippet:-1, max-image-preview:large, max-video-preview:-1\" \/>\n<link rel=\"canonical\" href=\"https:\/\/www.correiobraziliense.com.br\/aqui\/2026\/07\/31\/indenizacao-por-perda-de-tempo-quando-o-seu-tempo-vale-dinheiro\/\" \/>\n<meta property=\"og:locale\" content=\"pt_BR\" \/>\n<meta property=\"og:type\" content=\"article\" \/>\n<meta property=\"og:title\" content=\"Indeniza\u00e7\u00e3o por &#039;perda de tempo&#039;: quando o seu tempo vale dinheiro? - Correio Braziliense - Aqui\" \/>\n<meta property=\"og:description\" content=\"Entenda o que a Justi\u00e7a considera como &quot;perda de tempo \u00fatil&quot; e em quais situa\u00e7\u00f5es voc\u00ea pode pedir uma indeniza\u00e7\u00e3o por um mau servi\u00e7o prestado\" \/>\n<meta property=\"og:url\" content=\"https:\/\/www.correiobraziliense.com.br\/aqui\/2026\/07\/31\/indenizacao-por-perda-de-tempo-quando-o-seu-tempo-vale-dinheiro\/\" \/>\n<meta property=\"og:site_name\" content=\"Correio Braziliense - Aqui\" \/>\n<meta property=\"article:published_time\" content=\"2026-07-31T21:01:36+00:00\" \/>\n<meta property=\"article:modified_time\" content=\"2026-07-31T21:01:53+00:00\" \/>\n<meta property=\"og:image\" content=\"https:\/\/www.correiobraziliense.com.br\/aqui\/wp-content\/uploads\/2026\/07\/tempo_1785531663787.jpg\" \/>\n\t<meta property=\"og:image:width\" content=\"1280\" \/>\n\t<meta property=\"og:image:height\" content=\"720\" \/>\n\t<meta property=\"og:image:type\" content=\"image\/jpeg\" \/>\n<meta name=\"author\" content=\"Lucas\" \/>\n<meta name=\"twitter:card\" content=\"summary_large_image\" \/>\n<meta name=\"twitter:label1\" content=\"Escrito por\" \/>\n\t<meta name=\"twitter:data1\" content=\"Lucas\" \/>\n\t<meta name=\"twitter:label2\" content=\"Est. tempo de leitura\" \/>\n\t<meta name=\"twitter:data2\" content=\"4 minutos\" \/>\n<!-- \/ Yoast SEO plugin. -->","yoast_head_json":{"title":"Indeniza\u00e7\u00e3o por 'perda de tempo': quando o seu tempo vale dinheiro? - Correio Braziliense - Aqui","description":"Entenda o que a Justi\u00e7a considera como \"perda de tempo \u00fatil\" e em quais situa\u00e7\u00f5es voc\u00ea pode pedir uma indeniza\u00e7\u00e3o por um mau servi\u00e7o prestado","robots":{"index":"index","follow":"follow","max-snippet":"max-snippet:-1","max-image-preview":"max-image-preview:large","max-video-preview":"max-video-preview:-1"},"canonical":"https:\/\/www.correiobraziliense.com.br\/aqui\/2026\/07\/31\/indenizacao-por-perda-de-tempo-quando-o-seu-tempo-vale-dinheiro\/","og_locale":"pt_BR","og_type":"article","og_title":"Indeniza\u00e7\u00e3o por 'perda de tempo': quando o seu tempo vale dinheiro? - Correio Braziliense - Aqui","og_description":"Entenda o que a Justi\u00e7a considera como \"perda de tempo \u00fatil\" e em quais situa\u00e7\u00f5es voc\u00ea pode pedir uma indeniza\u00e7\u00e3o por um mau servi\u00e7o prestado","og_url":"https:\/\/www.correiobraziliense.com.br\/aqui\/2026\/07\/31\/indenizacao-por-perda-de-tempo-quando-o-seu-tempo-vale-dinheiro\/","og_site_name":"Correio Braziliense - Aqui","article_published_time":"2026-07-31T21:01:36+00:00","article_modified_time":"2026-07-31T21:01:53+00:00","og_image":[{"width":1280,"height":720,"url":"https:\/\/www.correiobraziliense.com.br\/aqui\/wp-content\/uploads\/2026\/07\/tempo_1785531663787.jpg","type":"image\/jpeg"}],"author":"Lucas","twitter_card":"summary_large_image","twitter_misc":{"Escrito por":"Lucas","Est. tempo de leitura":"4 minutos"},"schema":{"@context":"https:\/\/schema.org","@graph":[{"@type":"WebPage","@id":"https:\/\/www.correiobraziliense.com.br\/aqui\/2026\/07\/31\/indenizacao-por-perda-de-tempo-quando-o-seu-tempo-vale-dinheiro\/","url":"https:\/\/www.correiobraziliense.com.br\/aqui\/2026\/07\/31\/indenizacao-por-perda-de-tempo-quando-o-seu-tempo-vale-dinheiro\/","name":"Indeniza\u00e7\u00e3o por 'perda de tempo': quando o seu tempo vale dinheiro? - Correio Braziliense - Aqui","isPartOf":{"@id":"https:\/\/www.correiobraziliense.com.br\/aqui\/#website"},"primaryImageOfPage":{"@id":"https:\/\/www.correiobraziliense.com.br\/aqui\/2026\/07\/31\/indenizacao-por-perda-de-tempo-quando-o-seu-tempo-vale-dinheiro\/#primaryimage"},"image":{"@id":"https:\/\/www.correiobraziliense.com.br\/aqui\/2026\/07\/31\/indenizacao-por-perda-de-tempo-quando-o-seu-tempo-vale-dinheiro\/#primaryimage"},"thumbnailUrl":"https:\/\/www.correiobraziliense.com.br\/aqui\/wp-content\/uploads\/2026\/07\/tempo_1785531663787.jpg","datePublished":"2026-07-31T21:01:36+00:00","dateModified":"2026-07-31T21:01:53+00:00","author":{"@id":"https:\/\/www.correiobraziliense.com.br\/aqui\/#\/schema\/person\/36d094a725ba56bbeb370a877862a002"},"description":"Entenda o que a Justi\u00e7a considera como \"perda de tempo \u00fatil\" e em quais situa\u00e7\u00f5es voc\u00ea pode pedir uma indeniza\u00e7\u00e3o por um mau servi\u00e7o prestado","breadcrumb":{"@id":"https:\/\/www.correiobraziliense.com.br\/aqui\/2026\/07\/31\/indenizacao-por-perda-de-tempo-quando-o-seu-tempo-vale-dinheiro\/#breadcrumb"},"inLanguage":"pt-BR","potentialAction":[{"@type":"ReadAction","target":["https:\/\/www.correiobraziliense.com.br\/aqui\/2026\/07\/31\/indenizacao-por-perda-de-tempo-quando-o-seu-tempo-vale-dinheiro\/"]}]},{"@type":"ImageObject","inLanguage":"pt-BR","@id":"https:\/\/www.correiobraziliense.com.br\/aqui\/2026\/07\/31\/indenizacao-por-perda-de-tempo-quando-o-seu-tempo-vale-dinheiro\/#primaryimage","url":"https:\/\/www.correiobraziliense.com.br\/aqui\/wp-content\/uploads\/2026\/07\/tempo_1785531663787.jpg","contentUrl":"https:\/\/www.correiobraziliense.com.br\/aqui\/wp-content\/uploads\/2026\/07\/tempo_1785531663787.jpg","width":1280,"height":720,"caption":"Indeniza\u00e7\u00e3o por 'perda de tempo': quando o seu tempo vale dinheiro?"},{"@type":"BreadcrumbList","@id":"https:\/\/www.correiobraziliense.com.br\/aqui\/2026\/07\/31\/indenizacao-por-perda-de-tempo-quando-o-seu-tempo-vale-dinheiro\/#breadcrumb","itemListElement":[{"@type":"ListItem","position":1,"name":"In\u00edcio","item":"https:\/\/www.correiobraziliense.com.br\/aqui\/"},{"@type":"ListItem","position":2,"name":"Indeniza\u00e7\u00e3o por &#8216;perda de tempo&#8217;: quando o seu tempo vale dinheiro?"}]},{"@type":"WebSite","@id":"https:\/\/www.correiobraziliense.com.br\/aqui\/#website","url":"https:\/\/www.correiobraziliense.com.br\/aqui\/","name":"Correio Braziliense - Aqui","description":"O Correio Braziliense (CB) \u00e9 o mais importante canal de not\u00edcias de Bras\u00edlia. Aqui voc\u00ea encontra as \u00faltimas not\u00edcias do DF, do Brasil e do mundo.","potentialAction":[{"@type":"SearchAction","target":{"@type":"EntryPoint","urlTemplate":"https:\/\/www.correiobraziliense.com.br\/aqui\/?s={search_term_string}"},"query-input":{"@type":"PropertyValueSpecification","valueRequired":true,"valueName":"search_term_string"}}],"inLanguage":"pt-BR"},{"@type":"Person","@id":"https:\/\/www.correiobraziliense.com.br\/aqui\/#\/schema\/person\/36d094a725ba56bbeb370a877862a002","name":"Lucas","image":{"@type":"ImageObject","inLanguage":"pt-BR","@id":"https:\/\/www.correiobraziliense.com.br\/aqui\/#\/schema\/person\/image\/","url":"https:\/\/secure.gravatar.com\/avatar\/eb1dd4a751dca39c233b091fb7b8ce9ef1608850325ab98ff1fbe898fcef0908?s=96&d=mm&r=g","contentUrl":"https:\/\/secure.gravatar.com\/avatar\/eb1dd4a751dca39c233b091fb7b8ce9ef1608850325ab98ff1fbe898fcef0908?s=96&d=mm&r=g","caption":"Lucas"},"url":"https:\/\/www.correiobraziliense.com.br\/aqui\/author\/lucasaqui\/"}]}},"_links":{"self":[{"href":"https:\/\/www.correiobraziliense.com.br\/aqui\/wp-json\/wp\/v2\/posts\/35820","targetHints":{"allow":["GET"]}}],"collection":[{"href":"https:\/\/www.correiobraziliense.com.br\/aqui\/wp-json\/wp\/v2\/posts"}],"about":[{"href":"https:\/\/www.correiobraziliense.com.br\/aqui\/wp-json\/wp\/v2\/types\/post"}],"author":[{"embeddable":true,"href":"https:\/\/www.correiobraziliense.com.br\/aqui\/wp-json\/wp\/v2\/users\/9"}],"replies":[{"embeddable":true,"href":"https:\/\/www.correiobraziliense.com.br\/aqui\/wp-json\/wp\/v2\/comments?post=35820"}],"version-history":[{"count":1,"href":"https:\/\/www.correiobraziliense.com.br\/aqui\/wp-json\/wp\/v2\/posts\/35820\/revisions"}],"predecessor-version":[{"id":35822,"href":"https:\/\/www.correiobraziliense.com.br\/aqui\/wp-json\/wp\/v2\/posts\/35820\/revisions\/35822"}],"wp:featuredmedia":[{"embeddable":true,"href":"https:\/\/www.correiobraziliense.com.br\/aqui\/wp-json\/wp\/v2\/media\/35821"}],"wp:attachment":[{"href":"https:\/\/www.correiobraziliense.com.br\/aqui\/wp-json\/wp\/v2\/media?parent=35820"}],"wp:term":[{"taxonomy":"category","embeddable":true,"href":"https:\/\/www.correiobraziliense.com.br\/aqui\/wp-json\/wp\/v2\/categories?post=35820"},{"taxonomy":"post_tag","embeddable":true,"href":"https:\/\/www.correiobraziliense.com.br\/aqui\/wp-json\/wp\/v2\/tags?post=35820"}],"curies":[{"name":"wp","href":"https:\/\/api.w.org\/{rel}","templated":true}]}}