{"id":35979,"date":"2026-08-04T10:20:00","date_gmt":"2026-08-04T13:20:00","guid":{"rendered":"https:\/\/www.correiobraziliense.com.br\/aqui\/?p=35979"},"modified":"2026-08-04T09:31:40","modified_gmt":"2026-08-04T12:31:40","slug":"vitima-de-agressao-saiba-como-fazer-uma-denuncia","status":"publish","type":"post","link":"https:\/\/www.correiobraziliense.com.br\/aqui\/2026\/08\/04\/vitima-de-agressao-saiba-como-fazer-uma-denuncia\/","title":{"rendered":"V\u00edtima de agress\u00e3o: saiba como fazer uma den\u00fancia"},"content":{"rendered":"\n<p>Sofrer uma agress\u00e3o \u00e9 uma experi\u00eancia traum\u00e1tica, e saber como agir nos momentos seguintes \u00e9 fundamental para garantir seguran\u00e7a e justi\u00e7a. O caminho para formalizar uma den\u00fancia pode parecer complexo, mas seguir as etapas corretas assegura que os direitos da v\u00edtima sejam protegidos e que as provas sejam devidamente coletadas.<\/p>\n\n\n\n<p>O primeiro passo \u00e9 sempre priorizar a pr\u00f3pria seguran\u00e7a. Afaste-se do agressor e procure um local seguro, seja na casa de um amigo, parente ou em um estabelecimento p\u00fablico. Se houver ferimentos, a busca por atendimento m\u00e9dico \u00e9 imediata e essencial, antes mesmo de ir \u00e0 delegacia. Voc\u00ea pode ligar para o SAMU (192) ou ir a uma Unidade de Pronto Atendimento (UPA) ou hospital.<\/p>\n\n\n\n<p>\u00c9 crucial pedir um laudo ou relat\u00f3rio m\u00e9dico detalhado. Este documento descreve as les\u00f5es sofridas e servir\u00e1 como uma prova importante no processo. Se poss\u00edvel, fotografe os ferimentos e n\u00e3o lave as roupas usadas durante o ocorrido, pois elas tamb\u00e9m podem conter vest\u00edgios importantes para a investiga\u00e7\u00e3o.<\/p>\n\n\n\n<h2 class=\"wp-block-heading\">Onde e como fazer a den\u00fancia contra agress\u00e3o<\/h2>\n\n\n\n<p>Com a seguran\u00e7a e a sa\u00fade estabilizadas, o pr\u00f3ximo passo \u00e9 ir a uma <a target=\"_blank\" rel=\"noreferrer noopener\" href=\"https:\/\/www.correiobraziliense.com.br\/cidades-df\/2025\/07\/7211335-homem-e-preso-por-violencia-domestica-em-sobradinho.html\">delegacia de pol\u00edcia<\/a> para registrar um Boletim de Ocorr\u00eancia (B.O.). Embora qualquer delegacia possa registrar o fato, as Delegacias Especializadas de Atendimento \u00e0 Mulher (DEAMs) s\u00e3o os locais mais indicados para v\u00edtimas do sexo feminino, pois contam com equipes preparadas para um acolhimento especializado. Para orienta\u00e7\u00e3o e apoio, tamb\u00e9m \u00e9 poss\u00edvel contatar a Central de Atendimento \u00e0 Mulher pelo n\u00famero 180. Verifique se seu estado oferece a op\u00e7\u00e3o de registro do B.O. de forma online, o que pode ser uma alternativa em alguns casos.<\/p>\n\n\n\n<p>Ao registrar o B.O., narre os fatos com o m\u00e1ximo de detalhes poss\u00edvel: o que aconteceu, quando, onde e quem estava presente. A autoridade policial ir\u00e1 colher seu depoimento e solicitar o exame de corpo de delito, que deve ser feito no Instituto M\u00e9dico Legal (IML). Este exame t\u00e9cnico \u00e9 indispens\u00e1vel para comprovar a exist\u00eancia e a extens\u00e3o das les\u00f5es f\u00edsicas. Em casos de <a target=\"_blank\" rel=\"noreferrer noopener\" href=\"https:\/\/www.correiobraziliense.com.br\/cidades-df\/2025\/11\/7284937-homem-e-preso-por-violencia-domestica-e-posse-de-arma-de-fogo.html\">viol\u00eancia dom\u00e9stica<\/a>, \u00e9 poss\u00edvel solicitar medidas protetivas de urg\u00eancia no momento da den\u00fancia.<\/p>\n\n\n\n<h2 class=\"wp-block-heading\">Quais documentos s\u00e3o necess\u00e1rios<\/h2>\n\n\n\n<p>Para agilizar o atendimento na delegacia, \u00e9 \u00fatil levar alguns documentos e informa\u00e7\u00f5es. Ter tudo em m\u00e3os facilita o trabalho da pol\u00edcia e fortalece o registro da ocorr\u00eancia. Veja o que \u00e9 importante apresentar:<\/p>\n\n\n\n<ul class=\"wp-block-list\">\n<li>Documento de identifica\u00e7\u00e3o com foto, como RG ou CNH.<\/li>\n\n\n\n<li>O laudo m\u00e9dico recebido no primeiro atendimento hospitalar.<\/li>\n\n\n\n<li>Qualquer prova que possua, como fotos, v\u00eddeos ou mensagens trocadas com o agressor.<\/li>\n\n\n\n<li>Nome e contato de poss\u00edveis testemunhas que presenciaram a agress\u00e3o.<\/li>\n<\/ul>\n","protected":false},"excerpt":{"rendered":"<p>Saber como agir ap\u00f3s um ato de viol\u00eancia \u00e9 fundamental; veja o que fazer, onde ir e quais documentos s\u00e3o necess\u00e1rios para garantir seus direitos<\/p>\n","protected":false},"author":10,"featured_media":29401,"comment_status":"open","ping_status":"open","sticky":false,"template":"","format":"standard","meta":{"jnews-multi-image_gallery":[],"jnews_single_post":{"format":"standard"},"jnews_primary_category":[],"jnews_social_meta":[],"jnews_override_counter":[],"footnotes":""},"categories":[1279],"tags":[],"class_list":["post-35979","post","type-post","status-publish","format-standard","has-post-thumbnail","hentry","category-noticias"],"yoast_head":"<!-- This site is optimized with the Yoast SEO plugin v25.1 - https:\/\/yoast.com\/wordpress\/plugins\/seo\/ -->\n<title>V\u00edtima de agress\u00e3o: saiba como fazer uma den\u00fancia - Correio Braziliense - Aqui<\/title>\n<meta name=\"description\" content=\"Saber como agir ap\u00f3s ser v\u00edtima de agress\u00e3o \u00e9 fundamental; veja como denunciar e quais documentos s\u00e3o necess\u00e1rios para garantir seus direitos\" \/>\n<meta name=\"robots\" content=\"index, follow, max-snippet:-1, max-image-preview:large, max-video-preview:-1\" \/>\n<link rel=\"canonical\" href=\"https:\/\/www.correiobraziliense.com.br\/aqui\/2026\/08\/04\/vitima-de-agressao-saiba-como-fazer-uma-denuncia\/\" \/>\n<meta property=\"og:locale\" content=\"pt_BR\" \/>\n<meta property=\"og:type\" content=\"article\" \/>\n<meta property=\"og:title\" content=\"V\u00edtima de agress\u00e3o: saiba como fazer uma den\u00fancia - Correio Braziliense - Aqui\" \/>\n<meta property=\"og:description\" content=\"Saber como agir ap\u00f3s ser v\u00edtima de agress\u00e3o \u00e9 fundamental; veja como denunciar e quais documentos s\u00e3o necess\u00e1rios para garantir seus direitos\" \/>\n<meta property=\"og:url\" content=\"https:\/\/www.correiobraziliense.com.br\/aqui\/2026\/08\/04\/vitima-de-agressao-saiba-como-fazer-uma-denuncia\/\" \/>\n<meta property=\"og:site_name\" content=\"Correio Braziliense - Aqui\" \/>\n<meta property=\"article:published_time\" content=\"2026-08-04T13:20:00+00:00\" \/>\n<meta property=\"og:image\" content=\"https:\/\/www.correiobraziliense.com.br\/aqui\/wp-content\/uploads\/2026\/05\/violencia-mulher_1778676105202.jpg\" \/>\n\t<meta property=\"og:image:width\" content=\"1280\" \/>\n\t<meta property=\"og:image:height\" content=\"720\" \/>\n\t<meta property=\"og:image:type\" content=\"image\/jpeg\" \/>\n<meta name=\"author\" content=\"Larissa\" \/>\n<meta name=\"twitter:card\" content=\"summary_large_image\" \/>\n<meta name=\"twitter:label1\" content=\"Escrito por\" \/>\n\t<meta name=\"twitter:data1\" content=\"Larissa\" \/>\n\t<meta name=\"twitter:label2\" content=\"Est. tempo de leitura\" \/>\n\t<meta name=\"twitter:data2\" content=\"3 minutos\" \/>\n<!-- \/ Yoast SEO plugin. -->","yoast_head_json":{"title":"V\u00edtima de agress\u00e3o: saiba como fazer uma den\u00fancia - Correio Braziliense - Aqui","description":"Saber como agir ap\u00f3s ser v\u00edtima de agress\u00e3o \u00e9 fundamental; veja como denunciar e quais documentos s\u00e3o necess\u00e1rios para garantir seus direitos","robots":{"index":"index","follow":"follow","max-snippet":"max-snippet:-1","max-image-preview":"max-image-preview:large","max-video-preview":"max-video-preview:-1"},"canonical":"https:\/\/www.correiobraziliense.com.br\/aqui\/2026\/08\/04\/vitima-de-agressao-saiba-como-fazer-uma-denuncia\/","og_locale":"pt_BR","og_type":"article","og_title":"V\u00edtima de agress\u00e3o: saiba como fazer uma den\u00fancia - Correio Braziliense - Aqui","og_description":"Saber como agir ap\u00f3s ser v\u00edtima de agress\u00e3o \u00e9 fundamental; veja como denunciar e quais documentos s\u00e3o necess\u00e1rios para garantir seus direitos","og_url":"https:\/\/www.correiobraziliense.com.br\/aqui\/2026\/08\/04\/vitima-de-agressao-saiba-como-fazer-uma-denuncia\/","og_site_name":"Correio Braziliense - Aqui","article_published_time":"2026-08-04T13:20:00+00:00","og_image":[{"width":1280,"height":720,"url":"https:\/\/www.correiobraziliense.com.br\/aqui\/wp-content\/uploads\/2026\/05\/violencia-mulher_1778676105202.jpg","type":"image\/jpeg"}],"author":"Larissa","twitter_card":"summary_large_image","twitter_misc":{"Escrito por":"Larissa","Est. tempo de leitura":"3 minutos"},"schema":{"@context":"https:\/\/schema.org","@graph":[{"@type":"WebPage","@id":"https:\/\/www.correiobraziliense.com.br\/aqui\/2026\/08\/04\/vitima-de-agressao-saiba-como-fazer-uma-denuncia\/","url":"https:\/\/www.correiobraziliense.com.br\/aqui\/2026\/08\/04\/vitima-de-agressao-saiba-como-fazer-uma-denuncia\/","name":"V\u00edtima de agress\u00e3o: saiba como fazer uma den\u00fancia - Correio Braziliense - Aqui","isPartOf":{"@id":"https:\/\/www.correiobraziliense.com.br\/aqui\/#website"},"primaryImageOfPage":{"@id":"https:\/\/www.correiobraziliense.com.br\/aqui\/2026\/08\/04\/vitima-de-agressao-saiba-como-fazer-uma-denuncia\/#primaryimage"},"image":{"@id":"https:\/\/www.correiobraziliense.com.br\/aqui\/2026\/08\/04\/vitima-de-agressao-saiba-como-fazer-uma-denuncia\/#primaryimage"},"thumbnailUrl":"https:\/\/www.correiobraziliense.com.br\/aqui\/wp-content\/uploads\/2026\/05\/violencia-mulher_1778676105202.jpg","datePublished":"2026-08-04T13:20:00+00:00","author":{"@id":"https:\/\/www.correiobraziliense.com.br\/aqui\/#\/schema\/person\/775f50a8c1ac31704d56816e99b29041"},"description":"Saber como agir ap\u00f3s ser v\u00edtima de agress\u00e3o \u00e9 fundamental; veja como denunciar e quais documentos s\u00e3o necess\u00e1rios para garantir seus direitos","breadcrumb":{"@id":"https:\/\/www.correiobraziliense.com.br\/aqui\/2026\/08\/04\/vitima-de-agressao-saiba-como-fazer-uma-denuncia\/#breadcrumb"},"inLanguage":"pt-BR","potentialAction":[{"@type":"ReadAction","target":["https:\/\/www.correiobraziliense.com.br\/aqui\/2026\/08\/04\/vitima-de-agressao-saiba-como-fazer-uma-denuncia\/"]}]},{"@type":"ImageObject","inLanguage":"pt-BR","@id":"https:\/\/www.correiobraziliense.com.br\/aqui\/2026\/08\/04\/vitima-de-agressao-saiba-como-fazer-uma-denuncia\/#primaryimage","url":"https:\/\/www.correiobraziliense.com.br\/aqui\/wp-content\/uploads\/2026\/05\/violencia-mulher_1778676105202.jpg","contentUrl":"https:\/\/www.correiobraziliense.com.br\/aqui\/wp-content\/uploads\/2026\/05\/violencia-mulher_1778676105202.jpg","width":1280,"height":720,"caption":"Cr\u00e9ditos: depositphotos.com \/ lucidwaters"},{"@type":"BreadcrumbList","@id":"https:\/\/www.correiobraziliense.com.br\/aqui\/2026\/08\/04\/vitima-de-agressao-saiba-como-fazer-uma-denuncia\/#breadcrumb","itemListElement":[{"@type":"ListItem","position":1,"name":"In\u00edcio","item":"https:\/\/www.correiobraziliense.com.br\/aqui\/"},{"@type":"ListItem","position":2,"name":"V\u00edtima de agress\u00e3o: saiba como fazer uma den\u00fancia"}]},{"@type":"WebSite","@id":"https:\/\/www.correiobraziliense.com.br\/aqui\/#website","url":"https:\/\/www.correiobraziliense.com.br\/aqui\/","name":"Correio Braziliense - Aqui","description":"O Correio Braziliense (CB) \u00e9 o mais importante canal de not\u00edcias de Bras\u00edlia. Aqui voc\u00ea encontra as \u00faltimas not\u00edcias do DF, do Brasil e do mundo.","potentialAction":[{"@type":"SearchAction","target":{"@type":"EntryPoint","urlTemplate":"https:\/\/www.correiobraziliense.com.br\/aqui\/?s={search_term_string}"},"query-input":{"@type":"PropertyValueSpecification","valueRequired":true,"valueName":"search_term_string"}}],"inLanguage":"pt-BR"},{"@type":"Person","@id":"https:\/\/www.correiobraziliense.com.br\/aqui\/#\/schema\/person\/775f50a8c1ac31704d56816e99b29041","name":"Larissa","image":{"@type":"ImageObject","inLanguage":"pt-BR","@id":"https:\/\/www.correiobraziliense.com.br\/aqui\/#\/schema\/person\/image\/","url":"https:\/\/secure.gravatar.com\/avatar\/62f5b2e99de671d075ab98e19f03c3c38c80a93f5d06f51075cf4431a4e76458?s=96&d=mm&r=g","contentUrl":"https:\/\/secure.gravatar.com\/avatar\/62f5b2e99de671d075ab98e19f03c3c38c80a93f5d06f51075cf4431a4e76458?s=96&d=mm&r=g","caption":"Larissa"},"url":"https:\/\/www.correiobraziliense.com.br\/aqui\/author\/larissaaqui\/"}]}},"_links":{"self":[{"href":"https:\/\/www.correiobraziliense.com.br\/aqui\/wp-json\/wp\/v2\/posts\/35979","targetHints":{"allow":["GET"]}}],"collection":[{"href":"https:\/\/www.correiobraziliense.com.br\/aqui\/wp-json\/wp\/v2\/posts"}],"about":[{"href":"https:\/\/www.correiobraziliense.com.br\/aqui\/wp-json\/wp\/v2\/types\/post"}],"author":[{"embeddable":true,"href":"https:\/\/www.correiobraziliense.com.br\/aqui\/wp-json\/wp\/v2\/users\/10"}],"replies":[{"embeddable":true,"href":"https:\/\/www.correiobraziliense.com.br\/aqui\/wp-json\/wp\/v2\/comments?post=35979"}],"version-history":[{"count":5,"href":"https:\/\/www.correiobraziliense.com.br\/aqui\/wp-json\/wp\/v2\/posts\/35979\/revisions"}],"predecessor-version":[{"id":35984,"href":"https:\/\/www.correiobraziliense.com.br\/aqui\/wp-json\/wp\/v2\/posts\/35979\/revisions\/35984"}],"wp:featuredmedia":[{"embeddable":true,"href":"https:\/\/www.correiobraziliense.com.br\/aqui\/wp-json\/wp\/v2\/media\/29401"}],"wp:attachment":[{"href":"https:\/\/www.correiobraziliense.com.br\/aqui\/wp-json\/wp\/v2\/media?parent=35979"}],"wp:term":[{"taxonomy":"category","embeddable":true,"href":"https:\/\/www.correiobraziliense.com.br\/aqui\/wp-json\/wp\/v2\/categories?post=35979"},{"taxonomy":"post_tag","embeddable":true,"href":"https:\/\/www.correiobraziliense.com.br\/aqui\/wp-json\/wp\/v2\/tags?post=35979"}],"curies":[{"name":"wp","href":"https:\/\/api.w.org\/{rel}","templated":true}]}}