{"id":36032,"date":"2026-08-04T17:58:00","date_gmt":"2026-08-04T20:58:00","guid":{"rendered":"https:\/\/www.correiobraziliense.com.br\/aqui\/?p=36032"},"modified":"2026-08-04T15:03:04","modified_gmt":"2026-08-04T18:03:04","slug":"fragrancias-no-prato-como-perfumes-comestiveis-elevam-a-experiencia-gastronomica","status":"publish","type":"post","link":"https:\/\/www.correiobraziliense.com.br\/aqui\/2026\/08\/04\/fragrancias-no-prato-como-perfumes-comestiveis-elevam-a-experiencia-gastronomica\/","title":{"rendered":"Fragr\u00e2ncias no prato: como &#8216;perfumes comest\u00edveis&#8217; elevam a experi\u00eancia gastron\u00f4mica"},"content":{"rendered":"\n<p>Na busca por experi\u00eancias sensoriais completas, chefs de cozinha e mixologistas est\u00e3o explorando uma nova fronteira: o uso de aromas para temperar pratos e bebidas. A t\u00e9cnica, por vezes chamada de &#8216;perfumes comest\u00edveis&#8217;, transforma refei\u00e7\u00f5es em momentos olfativos complexos e memor\u00e1veis, que ativam o paladar antes mesmo da primeira garfada.<\/p>\n\n\n\n<p>Diferente do que o nome pode sugerir, a pr\u00e1tica n\u00e3o envolve borrifar fragr\u00e2ncias tradicionais na comida. O processo utiliza borrifadores com extratos, hidrolatos e <a target=\"_blank\" rel=\"noreferrer noopener\" href=\"https:\/\/www.correiobraziliense.com.br\/revista-do-correio\/2025\/12\/7300758-aroma-e-terapia-entre-ciencia-tradicao-e-o-novo-ritual-de-bem-estar.html\">\u00f3leos essenciais<\/a> totalmente seguros para o consumo. Esses ingredientes s\u00e3o obtidos a partir de <a target=\"_blank\" rel=\"noreferrer noopener\" href=\"https:\/\/www.correiobraziliense.com.br\/opiniao\/2025\/03\/7074731-flores-comestiveis-nova-aposta-da-gastronomia-e-oportunidade-aos-horticultores.html\">flores<\/a>, ervas, especiarias e frutas, como lavanda, rosas, jasmim, cardamomo e capim-lim\u00e3o.<\/p>\n\n\n\n<p>A aplica\u00e7\u00e3o geralmente ocorre no momento de servir o prato ou a bebida. O objetivo \u00e9 criar uma n\u00e9voa arom\u00e1tica que envolve o cliente. Essa camada de aroma <a target=\"_blank\" rel=\"noreferrer noopener\" href=\"https:\/\/www.correiobraziliense.com.br\/ciencia-e-saude\/2025\/03\/7074320-bluetooth-de-paladar-permite-sentir-gostos-a-distancia.html\">prepara o paladar<\/a> e complementa os sabores presentes na receita, ativando mem\u00f3rias e emo\u00e7\u00f5es de uma forma que o gosto sozinho n\u00e3o conseguiria.<\/p>\n\n\n\n<h2 class=\"wp-block-heading\">Como a experi\u00eancia dos &#8216;perfumes comest\u00edveis&#8217; funciona na pr\u00e1tica<\/h2>\n\n\n\n<p>Imagine receber um prato de frutos do mar e, antes de prov\u00e1-lo, sentir uma brisa com aroma de maresia e lim\u00e3o-siciliano. Ou, ao pegar uma sobremesa de chocolate, ser envolvido por uma nuvem com notas de caf\u00e9 e baunilha. \u00c9 exatamente essa a proposta: usar o olfato como um guia para a degusta\u00e7\u00e3o, tornando o ato de comer mais imersivo.<\/p>\n\n\n\n<p>Essa t\u00e9cnica \u00e9 explorada na alta gastronomia e na coquetelaria de vanguarda. Em sobremesas, \u00e1guas de flor de laranjeira e de rosas j\u00e1 s\u00e3o velhas conhecidas, mas a aplica\u00e7\u00e3o se expande para pratos salgados, saladas e drinks. O aroma funciona como um tempero invis\u00edvel, que intensifica a percep\u00e7\u00e3o de sabor.<\/p>\n\n\n\n<p>Para quem deseja experimentar em casa, a forma mais simples \u00e9 come\u00e7ar com hidrolatos, tamb\u00e9m conhecidos como \u00e1guas florais. Algumas gotas de \u00e1gua de rosas em um manjar ou de \u00e1gua de flor de laranjeira em uma salada de frutas j\u00e1 proporcionam um toque sensorial diferente. A chave \u00e9 o equil\u00edbrio, para que o aroma complemente e n\u00e3o domine o sabor original dos alimentos.<\/p>\n","protected":false},"excerpt":{"rendered":"<p>Perfumes comest\u00edveis transformam pratos e bebidas em experi\u00eancias sensoriais; entenda como a t\u00e9cnica funciona e como aplic\u00e1-la.<\/p>\n","protected":false},"author":8,"featured_media":36033,"comment_status":"open","ping_status":"open","sticky":false,"template":"","format":"standard","meta":{"jnews-multi-image_gallery":[],"jnews_single_post":{"format":"standard"},"jnews_primary_category":[],"jnews_social_meta":[],"jnews_override_counter":[],"footnotes":""},"categories":[121],"tags":[11864,119,11863],"class_list":["post-36032","post","type-post","status-publish","format-standard","has-post-thumbnail","hentry","category-gastronomia","tag-fragrancias-comestiveis","tag-gastronomia","tag-perfumes-comestiveis"],"yoast_head":"<!-- This site is optimized with the Yoast SEO plugin v25.1 - https:\/\/yoast.com\/wordpress\/plugins\/seo\/ -->\n<title>Fragr\u00e2ncias no prato: como &#039;perfumes comest\u00edveis&#039; elevam a experi\u00eancia gastron\u00f4mica - Correio Braziliense - Aqui<\/title>\n<meta name=\"description\" content=\"Perfumes comest\u00edveis transformam pratos e bebidas em experi\u00eancias sensoriais; entenda como a t\u00e9cnica funciona e como aplic\u00e1-la.\" \/>\n<meta name=\"robots\" content=\"index, follow, max-snippet:-1, max-image-preview:large, max-video-preview:-1\" \/>\n<link rel=\"canonical\" href=\"https:\/\/www.correiobraziliense.com.br\/aqui\/2026\/08\/04\/fragrancias-no-prato-como-perfumes-comestiveis-elevam-a-experiencia-gastronomica\/\" \/>\n<meta property=\"og:locale\" content=\"pt_BR\" \/>\n<meta property=\"og:type\" content=\"article\" \/>\n<meta property=\"og:title\" content=\"Fragr\u00e2ncias no prato: como &#039;perfumes comest\u00edveis&#039; elevam a experi\u00eancia gastron\u00f4mica - Correio Braziliense - Aqui\" \/>\n<meta property=\"og:description\" content=\"Perfumes comest\u00edveis transformam pratos e bebidas em experi\u00eancias sensoriais; entenda como a t\u00e9cnica funciona e como aplic\u00e1-la.\" \/>\n<meta property=\"og:url\" content=\"https:\/\/www.correiobraziliense.com.br\/aqui\/2026\/08\/04\/fragrancias-no-prato-como-perfumes-comestiveis-elevam-a-experiencia-gastronomica\/\" \/>\n<meta property=\"og:site_name\" content=\"Correio Braziliense - Aqui\" \/>\n<meta property=\"article:published_time\" content=\"2026-08-04T20:58:00+00:00\" \/>\n<meta property=\"og:image\" content=\"https:\/\/www.correiobraziliense.com.br\/aqui\/wp-content\/uploads\/2026\/08\/perfume-comida_1785866501814.jpg\" \/>\n\t<meta property=\"og:image:width\" content=\"1280\" \/>\n\t<meta property=\"og:image:height\" content=\"720\" \/>\n\t<meta property=\"og:image:type\" content=\"image\/jpeg\" \/>\n<meta name=\"author\" content=\"Lara\" \/>\n<meta name=\"twitter:card\" content=\"summary_large_image\" \/>\n<meta name=\"twitter:label1\" content=\"Escrito por\" \/>\n\t<meta name=\"twitter:data1\" content=\"Lara\" \/>\n\t<meta name=\"twitter:label2\" content=\"Est. tempo de leitura\" \/>\n\t<meta name=\"twitter:data2\" content=\"3 minutos\" \/>\n<!-- \/ Yoast SEO plugin. -->","yoast_head_json":{"title":"Fragr\u00e2ncias no prato: como 'perfumes comest\u00edveis' elevam a experi\u00eancia gastron\u00f4mica - Correio Braziliense - Aqui","description":"Perfumes comest\u00edveis transformam pratos e bebidas em experi\u00eancias sensoriais; entenda como a t\u00e9cnica funciona e como aplic\u00e1-la.","robots":{"index":"index","follow":"follow","max-snippet":"max-snippet:-1","max-image-preview":"max-image-preview:large","max-video-preview":"max-video-preview:-1"},"canonical":"https:\/\/www.correiobraziliense.com.br\/aqui\/2026\/08\/04\/fragrancias-no-prato-como-perfumes-comestiveis-elevam-a-experiencia-gastronomica\/","og_locale":"pt_BR","og_type":"article","og_title":"Fragr\u00e2ncias no prato: como 'perfumes comest\u00edveis' elevam a experi\u00eancia gastron\u00f4mica - Correio Braziliense - Aqui","og_description":"Perfumes comest\u00edveis transformam pratos e bebidas em experi\u00eancias sensoriais; entenda como a t\u00e9cnica funciona e como aplic\u00e1-la.","og_url":"https:\/\/www.correiobraziliense.com.br\/aqui\/2026\/08\/04\/fragrancias-no-prato-como-perfumes-comestiveis-elevam-a-experiencia-gastronomica\/","og_site_name":"Correio Braziliense - Aqui","article_published_time":"2026-08-04T20:58:00+00:00","og_image":[{"width":1280,"height":720,"url":"https:\/\/www.correiobraziliense.com.br\/aqui\/wp-content\/uploads\/2026\/08\/perfume-comida_1785866501814.jpg","type":"image\/jpeg"}],"author":"Lara","twitter_card":"summary_large_image","twitter_misc":{"Escrito por":"Lara","Est. tempo de leitura":"3 minutos"},"schema":{"@context":"https:\/\/schema.org","@graph":[{"@type":"WebPage","@id":"https:\/\/www.correiobraziliense.com.br\/aqui\/2026\/08\/04\/fragrancias-no-prato-como-perfumes-comestiveis-elevam-a-experiencia-gastronomica\/","url":"https:\/\/www.correiobraziliense.com.br\/aqui\/2026\/08\/04\/fragrancias-no-prato-como-perfumes-comestiveis-elevam-a-experiencia-gastronomica\/","name":"Fragr\u00e2ncias no prato: como 'perfumes comest\u00edveis' elevam a experi\u00eancia gastron\u00f4mica - Correio Braziliense - Aqui","isPartOf":{"@id":"https:\/\/www.correiobraziliense.com.br\/aqui\/#website"},"primaryImageOfPage":{"@id":"https:\/\/www.correiobraziliense.com.br\/aqui\/2026\/08\/04\/fragrancias-no-prato-como-perfumes-comestiveis-elevam-a-experiencia-gastronomica\/#primaryimage"},"image":{"@id":"https:\/\/www.correiobraziliense.com.br\/aqui\/2026\/08\/04\/fragrancias-no-prato-como-perfumes-comestiveis-elevam-a-experiencia-gastronomica\/#primaryimage"},"thumbnailUrl":"https:\/\/www.correiobraziliense.com.br\/aqui\/wp-content\/uploads\/2026\/08\/perfume-comida_1785866501814.jpg","datePublished":"2026-08-04T20:58:00+00:00","author":{"@id":"https:\/\/www.correiobraziliense.com.br\/aqui\/#\/schema\/person\/5d6e4d99fecc86ab1a7ed1a0369afb65"},"description":"Perfumes comest\u00edveis transformam pratos e bebidas em experi\u00eancias sensoriais; entenda como a t\u00e9cnica funciona e como aplic\u00e1-la.","breadcrumb":{"@id":"https:\/\/www.correiobraziliense.com.br\/aqui\/2026\/08\/04\/fragrancias-no-prato-como-perfumes-comestiveis-elevam-a-experiencia-gastronomica\/#breadcrumb"},"inLanguage":"pt-BR","potentialAction":[{"@type":"ReadAction","target":["https:\/\/www.correiobraziliense.com.br\/aqui\/2026\/08\/04\/fragrancias-no-prato-como-perfumes-comestiveis-elevam-a-experiencia-gastronomica\/"]}]},{"@type":"ImageObject","inLanguage":"pt-BR","@id":"https:\/\/www.correiobraziliense.com.br\/aqui\/2026\/08\/04\/fragrancias-no-prato-como-perfumes-comestiveis-elevam-a-experiencia-gastronomica\/#primaryimage","url":"https:\/\/www.correiobraziliense.com.br\/aqui\/wp-content\/uploads\/2026\/08\/perfume-comida_1785866501814.jpg","contentUrl":"https:\/\/www.correiobraziliense.com.br\/aqui\/wp-content\/uploads\/2026\/08\/perfume-comida_1785866501814.jpg","width":1280,"height":720,"caption":"Cr\u00e9ditos: depositphotos.com \/ serezniy"},{"@type":"BreadcrumbList","@id":"https:\/\/www.correiobraziliense.com.br\/aqui\/2026\/08\/04\/fragrancias-no-prato-como-perfumes-comestiveis-elevam-a-experiencia-gastronomica\/#breadcrumb","itemListElement":[{"@type":"ListItem","position":1,"name":"In\u00edcio","item":"https:\/\/www.correiobraziliense.com.br\/aqui\/"},{"@type":"ListItem","position":2,"name":"Fragr\u00e2ncias no prato: como &#8216;perfumes comest\u00edveis&#8217; elevam a experi\u00eancia gastron\u00f4mica"}]},{"@type":"WebSite","@id":"https:\/\/www.correiobraziliense.com.br\/aqui\/#website","url":"https:\/\/www.correiobraziliense.com.br\/aqui\/","name":"Correio Braziliense - Aqui","description":"O Correio Braziliense (CB) \u00e9 o mais importante canal de not\u00edcias de Bras\u00edlia. Aqui voc\u00ea encontra as \u00faltimas not\u00edcias do DF, do Brasil e do mundo.","potentialAction":[{"@type":"SearchAction","target":{"@type":"EntryPoint","urlTemplate":"https:\/\/www.correiobraziliense.com.br\/aqui\/?s={search_term_string}"},"query-input":{"@type":"PropertyValueSpecification","valueRequired":true,"valueName":"search_term_string"}}],"inLanguage":"pt-BR"},{"@type":"Person","@id":"https:\/\/www.correiobraziliense.com.br\/aqui\/#\/schema\/person\/5d6e4d99fecc86ab1a7ed1a0369afb65","name":"Lara","image":{"@type":"ImageObject","inLanguage":"pt-BR","@id":"https:\/\/www.correiobraziliense.com.br\/aqui\/#\/schema\/person\/image\/","url":"https:\/\/secure.gravatar.com\/avatar\/57056c5c343a6d8a6669688d3d2c04916d9d280b352b6e50e66a8d39b2517e00?s=96&d=mm&r=g","contentUrl":"https:\/\/secure.gravatar.com\/avatar\/57056c5c343a6d8a6669688d3d2c04916d9d280b352b6e50e66a8d39b2517e00?s=96&d=mm&r=g","caption":"Lara"},"url":"https:\/\/www.correiobraziliense.com.br\/aqui\/author\/laraaqui\/"}]}},"_links":{"self":[{"href":"https:\/\/www.correiobraziliense.com.br\/aqui\/wp-json\/wp\/v2\/posts\/36032","targetHints":{"allow":["GET"]}}],"collection":[{"href":"https:\/\/www.correiobraziliense.com.br\/aqui\/wp-json\/wp\/v2\/posts"}],"about":[{"href":"https:\/\/www.correiobraziliense.com.br\/aqui\/wp-json\/wp\/v2\/types\/post"}],"author":[{"embeddable":true,"href":"https:\/\/www.correiobraziliense.com.br\/aqui\/wp-json\/wp\/v2\/users\/8"}],"replies":[{"embeddable":true,"href":"https:\/\/www.correiobraziliense.com.br\/aqui\/wp-json\/wp\/v2\/comments?post=36032"}],"version-history":[{"count":1,"href":"https:\/\/www.correiobraziliense.com.br\/aqui\/wp-json\/wp\/v2\/posts\/36032\/revisions"}],"predecessor-version":[{"id":36034,"href":"https:\/\/www.correiobraziliense.com.br\/aqui\/wp-json\/wp\/v2\/posts\/36032\/revisions\/36034"}],"wp:featuredmedia":[{"embeddable":true,"href":"https:\/\/www.correiobraziliense.com.br\/aqui\/wp-json\/wp\/v2\/media\/36033"}],"wp:attachment":[{"href":"https:\/\/www.correiobraziliense.com.br\/aqui\/wp-json\/wp\/v2\/media?parent=36032"}],"wp:term":[{"taxonomy":"category","embeddable":true,"href":"https:\/\/www.correiobraziliense.com.br\/aqui\/wp-json\/wp\/v2\/categories?post=36032"},{"taxonomy":"post_tag","embeddable":true,"href":"https:\/\/www.correiobraziliense.com.br\/aqui\/wp-json\/wp\/v2\/tags?post=36032"}],"curies":[{"name":"wp","href":"https:\/\/api.w.org\/{rel}","templated":true}]}}