{"id":36106,"date":"2026-08-05T10:25:00","date_gmt":"2026-08-05T13:25:00","guid":{"rendered":"https:\/\/www.correiobraziliense.com.br\/aqui\/?p=36106"},"modified":"2026-08-05T09:39:51","modified_gmt":"2026-08-05T12:39:51","slug":"sete-praias-do-brasil-que-exigem-atencao-redobrada-de-banhistas","status":"publish","type":"post","link":"https:\/\/www.correiobraziliense.com.br\/aqui\/2026\/08\/05\/sete-praias-do-brasil-que-exigem-atencao-redobrada-de-banhistas\/","title":{"rendered":"Sete praias do Brasil que exigem aten\u00e7\u00e3o redobrada de banhistas"},"content":{"rendered":"\n<p>O Brasil, com seu vasto litoral, atrai milh\u00f5es de banhistas anualmente, mas a <a href=\"https:\/\/www.correiobraziliense.com.br\/aqui\/2026\/06\/02\/e-seguro-nadar-em-recife-veja-as-praias-com-e-sem-risco-de-tubarao\/\">beleza de suas praias pode esconder perigos<\/a>. Dados da Sociedade Brasileira de Salvamento Aqu\u00e1tico (Sobrasa) acendem um alerta sobre o alto n\u00famero de afogamentos no pa\u00eds, muitos deles causados por condi\u00e7\u00f5es mar\u00edtimas adversas que exigem cuidado redobrado de moradores e turistas.<\/p>\n\n\n\n<p>Muitas vezes, os riscos n\u00e3o s\u00e3o vis\u00edveis e v\u00e3o al\u00e9m de ondas fortes. As correntes de retorno, conhecidas como &#8220;rip currents&#8221;, s\u00e3o as principais causas de afogamento. Elas s\u00e3o canais estreitos de \u00e1gua que se movem rapidamente para longe da costa, podendo arrastar at\u00e9 mesmo nadadores experientes para o fundo.<\/p>\n\n\n\n<p>Mudan\u00e7as s\u00fabitas de profundidade, com a forma\u00e7\u00e3o de buracos, e a presen\u00e7a de animais marinhos, como tubar\u00f5es e caravelas, tamb\u00e9m representam amea\u00e7as significativas em certas regi\u00f5es. Conhecer as caracter\u00edsticas de cada local \u00e9 fundamental para garantir a seguran\u00e7a de todos.<\/p>\n\n\n\n<h2 class=\"wp-block-heading\">Praias brasileiras que merecem aten\u00e7\u00e3o<\/h2>\n\n\n\n<p>A seguir, apresentamos sete praias brasileiras conhecidas por suas condi\u00e7\u00f5es desafiadoras, que exigem aten\u00e7\u00e3o especial de banhistas e turistas:<\/p>\n\n\n\n<p><strong>Praia de Boa Viagem (Recife, PE):<\/strong> \u00c9 uma das praias mais conhecidas do pa\u00eds pelos incidentes com tubar\u00f5es. Apesar das in\u00fameras placas de sinaliza\u00e7\u00e3o e alertas, muitos banhistas se arriscam. A recomenda\u00e7\u00e3o \u00e9 evitar entrar no mar, principalmente nas \u00e1reas mais fundas e durante a mar\u00e9 alta.<\/p>\n\n\n\n<p><strong>Praia do Tombo (Guaruj\u00e1, SP):<\/strong> O nome j\u00e1 indica sua principal caracter\u00edstica: as ondas fortes e a correnteza que &#8220;derruba&#8221; os banhistas. \u00c9 um local muito procurado por surfistas, mas perigoso para quem busca apenas um mergulho tranquilo. A praia possui buracos e um declive acentuado.<\/p>\n\n\n\n<p><strong>Praia do Futuro (Fortaleza, CE):<\/strong> Conhecida por suas barracas estruturadas e ventos fortes, tamb\u00e9m \u00e9 famosa por suas correntezas violentas e ondas altas. Os afogamentos s\u00e3o comuns na \u00e1rea, que exige aten\u00e7\u00e3o constante, mesmo na parte considerada mais rasa.<\/p>\n\n\n\n<p><strong>Praia da Joaquina (Florian\u00f3polis, SC):<\/strong> Cen\u00e1rio de campeonatos de surfe, a &#8220;Joaca&#8221; tem um mar agitado e fortes correntes de retorno. \u00c9 uma praia de tombo, ou seja, fica funda rapidamente, o que surpreende muitos visitantes desavisados.<\/p>\n\n\n\n<p><strong>Praia de Itapu\u00e3 (Salvador, BA):<\/strong> Apesar da apar\u00eancia calma, com piscinas naturais formadas por rochas, a praia possui pontos com buracos e correntes trai\u00e7oeiras que refor\u00e7am a necessidade de cautela ao entrar no mar.<\/p>\n\n\n\n<p><strong>Praia de Copacabana (Rio de Janeiro, RJ):<\/strong> Um dos cart\u00f5es-postais mais famosos do mundo tamb\u00e9m esconde perigos. A praia tem trechos com forte repuxo e correntes de retorno. Segundo o Grupamento Mar\u00edtimo, foram registrados mais de 1.100 casos de afogamento na regi\u00e3o em um ano recente, evidenciando a necessidade de aten\u00e7\u00e3o constante \u00e0 sinaliza\u00e7\u00e3o dos bombeiros.<\/p>\n\n\n\n<p><strong>Praia do Calhau (S\u00e3o Lu\u00eds, MA):<\/strong> A grande varia\u00e7\u00e3o da mar\u00e9 \u00e9 o principal risco. A \u00e1gua pode subir muito rapidamente, pegando de surpresa quem est\u00e1 em bancos de areia ou pr\u00f3ximo \u00e0s pedras. As correntes tamb\u00e9m s\u00e3o fortes na regi\u00e3o.<\/p>\n\n\n\n<h2 class=\"wp-block-heading\">Cuidados essenciais para evitar acidentes<\/h2>\n\n\n\n<p>Para aproveitar a praia com seguran\u00e7a, algumas medidas simples s\u00e3o eficazes. A principal delas \u00e9 sempre procurar locais supervisionados por salva-vidas e respeitar as bandeiras de sinaliza\u00e7\u00e3o. A bandeira vermelha indica perigo alto, enquanto a verde aponta condi\u00e7\u00f5es seguras para o banho.<\/p>\n\n\n\n<p>Outras dicas importantes incluem:<\/p>\n\n\n\n<ul class=\"wp-block-list\">\n<li>N\u00e3o entre no mar ap\u00f3s consumir bebidas alco\u00f3licas.<\/li>\n\n\n\n<li>Evite nadar sozinho ou em locais desertos.<\/li>\n\n\n\n<li>Avise a um amigo ou familiar para onde est\u00e1 indo.<\/li>\n\n\n\n<li>Se for pego por uma corrente de retorno, n\u00e3o nade contra ela. Mantenha a calma e nade na diagonal, em dire\u00e7\u00e3o \u00e0 areia.<\/li>\n\n\n\n<li>Observe o comportamento do mar antes de entrar e desconfie de \u00e1reas onde as ondas n\u00e3o quebram, pois pode ser um sinal de correnteza.<\/li>\n<\/ul>\n","protected":false},"excerpt":{"rendered":"<p>Correntes de retorno, mar agitado e tubar\u00f5es s\u00e3o riscos em locais famosos do litoral; veja lista e como se proteger<\/p>\n","protected":false},"author":10,"featured_media":36110,"comment_status":"open","ping_status":"open","sticky":false,"template":"","format":"standard","meta":{"jnews-multi-image_gallery":[],"jnews_single_post":{"format":"standard"},"jnews_primary_category":[],"jnews_social_meta":[],"jnews_override_counter":[],"footnotes":""},"categories":[154],"tags":[157,673],"class_list":["post-36106","post","type-post","status-publish","format-standard","has-post-thumbnail","hentry","category-brasil","tag-brasil","tag-praias"],"yoast_head":"<!-- This site is optimized with the Yoast SEO plugin v25.1 - https:\/\/yoast.com\/wordpress\/plugins\/seo\/ -->\n<title>Sete praias do Brasil que exigem aten\u00e7\u00e3o redobrada de banhistas - Correio Braziliense - Aqui<\/title>\n<meta name=\"description\" content=\"Correntes de retorno, mar agitado e tubar\u00f5es s\u00e3o riscos do litoral; veja lista de praias que exige muita aten\u00e7\u00e3o dos banhistas\" \/>\n<meta name=\"robots\" content=\"index, follow, max-snippet:-1, max-image-preview:large, max-video-preview:-1\" \/>\n<link rel=\"canonical\" href=\"https:\/\/www.correiobraziliense.com.br\/aqui\/2026\/08\/05\/sete-praias-do-brasil-que-exigem-atencao-redobrada-de-banhistas\/\" \/>\n<meta property=\"og:locale\" content=\"pt_BR\" \/>\n<meta property=\"og:type\" content=\"article\" \/>\n<meta property=\"og:title\" content=\"Sete praias do Brasil que exigem aten\u00e7\u00e3o redobrada de banhistas - Correio Braziliense - Aqui\" \/>\n<meta property=\"og:description\" content=\"Correntes de retorno, mar agitado e tubar\u00f5es s\u00e3o riscos do litoral; veja lista de praias que exige muita aten\u00e7\u00e3o dos banhistas\" \/>\n<meta property=\"og:url\" content=\"https:\/\/www.correiobraziliense.com.br\/aqui\/2026\/08\/05\/sete-praias-do-brasil-que-exigem-atencao-redobrada-de-banhistas\/\" \/>\n<meta property=\"og:site_name\" content=\"Correio Braziliense - Aqui\" \/>\n<meta property=\"article:published_time\" content=\"2026-08-05T13:25:00+00:00\" \/>\n<meta property=\"og:image\" content=\"https:\/\/www.correiobraziliense.com.br\/aqui\/wp-content\/uploads\/2026\/08\/praia-em-recife-Brasil_1785933184305.jpg\" \/>\n\t<meta property=\"og:image:width\" content=\"1280\" \/>\n\t<meta property=\"og:image:height\" content=\"720\" \/>\n\t<meta property=\"og:image:type\" content=\"image\/jpeg\" \/>\n<meta name=\"author\" content=\"Larissa\" \/>\n<meta name=\"twitter:card\" content=\"summary_large_image\" \/>\n<meta name=\"twitter:label1\" content=\"Escrito por\" \/>\n\t<meta name=\"twitter:data1\" content=\"Larissa\" \/>\n\t<meta name=\"twitter:label2\" content=\"Est. tempo de leitura\" \/>\n\t<meta name=\"twitter:data2\" content=\"4 minutos\" \/>\n<!-- \/ Yoast SEO plugin. -->","yoast_head_json":{"title":"Sete praias do Brasil que exigem aten\u00e7\u00e3o redobrada de banhistas - Correio Braziliense - Aqui","description":"Correntes de retorno, mar agitado e tubar\u00f5es s\u00e3o riscos do litoral; veja lista de praias que exige muita aten\u00e7\u00e3o dos banhistas","robots":{"index":"index","follow":"follow","max-snippet":"max-snippet:-1","max-image-preview":"max-image-preview:large","max-video-preview":"max-video-preview:-1"},"canonical":"https:\/\/www.correiobraziliense.com.br\/aqui\/2026\/08\/05\/sete-praias-do-brasil-que-exigem-atencao-redobrada-de-banhistas\/","og_locale":"pt_BR","og_type":"article","og_title":"Sete praias do Brasil que exigem aten\u00e7\u00e3o redobrada de banhistas - Correio Braziliense - Aqui","og_description":"Correntes de retorno, mar agitado e tubar\u00f5es s\u00e3o riscos do litoral; veja lista de praias que exige muita aten\u00e7\u00e3o dos banhistas","og_url":"https:\/\/www.correiobraziliense.com.br\/aqui\/2026\/08\/05\/sete-praias-do-brasil-que-exigem-atencao-redobrada-de-banhistas\/","og_site_name":"Correio Braziliense - Aqui","article_published_time":"2026-08-05T13:25:00+00:00","og_image":[{"width":1280,"height":720,"url":"https:\/\/www.correiobraziliense.com.br\/aqui\/wp-content\/uploads\/2026\/08\/praia-em-recife-Brasil_1785933184305.jpg","type":"image\/jpeg"}],"author":"Larissa","twitter_card":"summary_large_image","twitter_misc":{"Escrito por":"Larissa","Est. tempo de leitura":"4 minutos"},"schema":{"@context":"https:\/\/schema.org","@graph":[{"@type":"WebPage","@id":"https:\/\/www.correiobraziliense.com.br\/aqui\/2026\/08\/05\/sete-praias-do-brasil-que-exigem-atencao-redobrada-de-banhistas\/","url":"https:\/\/www.correiobraziliense.com.br\/aqui\/2026\/08\/05\/sete-praias-do-brasil-que-exigem-atencao-redobrada-de-banhistas\/","name":"Sete praias do Brasil que exigem aten\u00e7\u00e3o redobrada de banhistas - Correio Braziliense - Aqui","isPartOf":{"@id":"https:\/\/www.correiobraziliense.com.br\/aqui\/#website"},"primaryImageOfPage":{"@id":"https:\/\/www.correiobraziliense.com.br\/aqui\/2026\/08\/05\/sete-praias-do-brasil-que-exigem-atencao-redobrada-de-banhistas\/#primaryimage"},"image":{"@id":"https:\/\/www.correiobraziliense.com.br\/aqui\/2026\/08\/05\/sete-praias-do-brasil-que-exigem-atencao-redobrada-de-banhistas\/#primaryimage"},"thumbnailUrl":"https:\/\/www.correiobraziliense.com.br\/aqui\/wp-content\/uploads\/2026\/08\/praia-em-recife-Brasil_1785933184305.jpg","datePublished":"2026-08-05T13:25:00+00:00","author":{"@id":"https:\/\/www.correiobraziliense.com.br\/aqui\/#\/schema\/person\/775f50a8c1ac31704d56816e99b29041"},"description":"Correntes de retorno, mar agitado e tubar\u00f5es s\u00e3o riscos do litoral; veja lista de praias que exige muita aten\u00e7\u00e3o dos banhistas","breadcrumb":{"@id":"https:\/\/www.correiobraziliense.com.br\/aqui\/2026\/08\/05\/sete-praias-do-brasil-que-exigem-atencao-redobrada-de-banhistas\/#breadcrumb"},"inLanguage":"pt-BR","potentialAction":[{"@type":"ReadAction","target":["https:\/\/www.correiobraziliense.com.br\/aqui\/2026\/08\/05\/sete-praias-do-brasil-que-exigem-atencao-redobrada-de-banhistas\/"]}]},{"@type":"ImageObject","inLanguage":"pt-BR","@id":"https:\/\/www.correiobraziliense.com.br\/aqui\/2026\/08\/05\/sete-praias-do-brasil-que-exigem-atencao-redobrada-de-banhistas\/#primaryimage","url":"https:\/\/www.correiobraziliense.com.br\/aqui\/wp-content\/uploads\/2026\/08\/praia-em-recife-Brasil_1785933184305.jpg","contentUrl":"https:\/\/www.correiobraziliense.com.br\/aqui\/wp-content\/uploads\/2026\/08\/praia-em-recife-Brasil_1785933184305.jpg","width":1280,"height":720,"caption":"Cr\u00e9ditos: depositphotos.com \/ gustavofrazao"},{"@type":"BreadcrumbList","@id":"https:\/\/www.correiobraziliense.com.br\/aqui\/2026\/08\/05\/sete-praias-do-brasil-que-exigem-atencao-redobrada-de-banhistas\/#breadcrumb","itemListElement":[{"@type":"ListItem","position":1,"name":"In\u00edcio","item":"https:\/\/www.correiobraziliense.com.br\/aqui\/"},{"@type":"ListItem","position":2,"name":"Sete praias do Brasil que exigem aten\u00e7\u00e3o redobrada de banhistas"}]},{"@type":"WebSite","@id":"https:\/\/www.correiobraziliense.com.br\/aqui\/#website","url":"https:\/\/www.correiobraziliense.com.br\/aqui\/","name":"Correio Braziliense - Aqui","description":"O Correio Braziliense (CB) \u00e9 o mais importante canal de not\u00edcias de Bras\u00edlia. Aqui voc\u00ea encontra as \u00faltimas not\u00edcias do DF, do Brasil e do mundo.","potentialAction":[{"@type":"SearchAction","target":{"@type":"EntryPoint","urlTemplate":"https:\/\/www.correiobraziliense.com.br\/aqui\/?s={search_term_string}"},"query-input":{"@type":"PropertyValueSpecification","valueRequired":true,"valueName":"search_term_string"}}],"inLanguage":"pt-BR"},{"@type":"Person","@id":"https:\/\/www.correiobraziliense.com.br\/aqui\/#\/schema\/person\/775f50a8c1ac31704d56816e99b29041","name":"Larissa","image":{"@type":"ImageObject","inLanguage":"pt-BR","@id":"https:\/\/www.correiobraziliense.com.br\/aqui\/#\/schema\/person\/image\/","url":"https:\/\/secure.gravatar.com\/avatar\/62f5b2e99de671d075ab98e19f03c3c38c80a93f5d06f51075cf4431a4e76458?s=96&d=mm&r=g","contentUrl":"https:\/\/secure.gravatar.com\/avatar\/62f5b2e99de671d075ab98e19f03c3c38c80a93f5d06f51075cf4431a4e76458?s=96&d=mm&r=g","caption":"Larissa"},"url":"https:\/\/www.correiobraziliense.com.br\/aqui\/author\/larissaaqui\/"}]}},"_links":{"self":[{"href":"https:\/\/www.correiobraziliense.com.br\/aqui\/wp-json\/wp\/v2\/posts\/36106","targetHints":{"allow":["GET"]}}],"collection":[{"href":"https:\/\/www.correiobraziliense.com.br\/aqui\/wp-json\/wp\/v2\/posts"}],"about":[{"href":"https:\/\/www.correiobraziliense.com.br\/aqui\/wp-json\/wp\/v2\/types\/post"}],"author":[{"embeddable":true,"href":"https:\/\/www.correiobraziliense.com.br\/aqui\/wp-json\/wp\/v2\/users\/10"}],"replies":[{"embeddable":true,"href":"https:\/\/www.correiobraziliense.com.br\/aqui\/wp-json\/wp\/v2\/comments?post=36106"}],"version-history":[{"count":4,"href":"https:\/\/www.correiobraziliense.com.br\/aqui\/wp-json\/wp\/v2\/posts\/36106\/revisions"}],"predecessor-version":[{"id":36111,"href":"https:\/\/www.correiobraziliense.com.br\/aqui\/wp-json\/wp\/v2\/posts\/36106\/revisions\/36111"}],"wp:featuredmedia":[{"embeddable":true,"href":"https:\/\/www.correiobraziliense.com.br\/aqui\/wp-json\/wp\/v2\/media\/36110"}],"wp:attachment":[{"href":"https:\/\/www.correiobraziliense.com.br\/aqui\/wp-json\/wp\/v2\/media?parent=36106"}],"wp:term":[{"taxonomy":"category","embeddable":true,"href":"https:\/\/www.correiobraziliense.com.br\/aqui\/wp-json\/wp\/v2\/categories?post=36106"},{"taxonomy":"post_tag","embeddable":true,"href":"https:\/\/www.correiobraziliense.com.br\/aqui\/wp-json\/wp\/v2\/tags?post=36106"}],"curies":[{"name":"wp","href":"https:\/\/api.w.org\/{rel}","templated":true}]}}