{"id":37148,"date":"2026-08-23T19:00:00","date_gmt":"2026-08-23T22:00:00","guid":{"rendered":"https:\/\/www.correiobraziliense.com.br\/aqui\/?p=37148"},"modified":"2026-08-17T16:30:44","modified_gmt":"2026-08-17T19:30:44","slug":"rio-de-janeiro-politico-roteiro-pelos-locais-historicos-da-cidade","status":"publish","type":"post","link":"https:\/\/www.correiobraziliense.com.br\/aqui\/2026\/08\/23\/rio-de-janeiro-politico-roteiro-pelos-locais-historicos-da-cidade\/","title":{"rendered":"Rio de Janeiro pol\u00edtico: roteiro pelos locais hist\u00f3ricos da cidade"},"content":{"rendered":"\n<p>O in\u00edcio da campanha eleitoral nas ruas neste m\u00eas colocou o Rio de Janeiro novamente no centro do debate pol\u00edtico nacional. A escolha da Praia de Copacabana por candidatos para o pontap\u00e9 inicial n\u00e3o \u00e9 coincid\u00eancia e refor\u00e7a o papel da cidade como um palco hist\u00f3rico de grandes manifesta\u00e7\u00f5es e decis\u00f5es que moldaram o pa\u00eds.<\/p>\n\n\n\n<p>A cidade, que foi <a target=\"_blank\" rel=\"noreferrer noopener\" href=\"https:\/\/www.correiobraziliense.com.br\/cidades-df\/2025\/06\/7173002-artigo-unanime-a-constituinte-aprova-a-mudanca-da-capital.html\">capital federal at\u00e9 1960<\/a>, guarda em suas ruas e edif\u00edcios as marcas de momentos cruciais. Conhecer esses locais \u00e9 fazer uma viagem pela hist\u00f3ria do poder no Brasil, de um jeito que os livros nem sempre conseguem contar.<\/p>\n\n\n\n<h2 class=\"wp-block-heading\">Alguns locais hist\u00f3ricos do Rio de Janeiro<\/h2>\n\n\n\n<p><strong>Praia de Copacabana: o term\u00f4metro popular<\/strong><\/p>\n\n\n\n<p>Muito al\u00e9m de um cart\u00e3o-postal, a orla de Copacabana \u00e9 um tradicional ponto de encontro para manifesta\u00e7\u00f5es pol\u00edticas. Desde os com\u00edcios das \u201cDiretas J\u00e1\u201d, nos anos 1980, at\u00e9 os protestos mais recentes, a praia se consolidou como um espa\u00e7o onde a voz popular ecoa e ganha visibilidade nacional.<\/p>\n\n\n\n<p>Na mesma regi\u00e3o, o Forte de Copacabana foi palco da Revolta dos 18 do Forte, em 1922, um dos primeiros levantes do movimento tenentista. O epis\u00f3dio marcou o in\u00edcio de uma s\u00e9rie de contesta\u00e7\u00f5es ao poder da Rep\u00fablica Velha.<\/p>\n\n\n\n<p><strong>Pal\u00e1cio do Catete: o centro do poder<\/strong><\/p>\n\n\n\n<p>Antiga sede da Presid\u00eancia da Rep\u00fablica, de 1897 a 1960, o Pal\u00e1cio do Catete foi o local onde foram tomadas as decis\u00f5es mais importantes do pa\u00eds por mais de seis d\u00e9cadas. Atualmente, funciona como o Museu da Rep\u00fablica.<\/p>\n\n\n\n<p>Suas salas testemunharam negocia\u00e7\u00f5es, crises e momentos de virada, mas o local ficou marcado principalmente pelo <a href=\"https:\/\/www.correiobraziliense.com.br\/cidades-df\/2025\/08\/7237525-saiba-como-a-volta-de-getulio-ao-poder-impactou-a-mudanca-do-governo-central.html\" target=\"_blank\" rel=\"noreferrer noopener\">suic\u00eddio do presidente Get\u00falio Vargas, em 1954<\/a>, em seu quarto no terceiro andar. O evento abalou profundamente a pol\u00edtica brasileira e ainda hoje \u00e9 lembrado como um de seus cap\u00edtulos mais dram\u00e1ticos.<\/p>\n\n\n\n<p><strong>Cinel\u00e2ndia: a \u00e1gora carioca<\/strong><\/p>\n\n\n\n<p>A Pra\u00e7a Floriano, conhecida como Cinel\u00e2ndia, foi o cora\u00e7\u00e3o pulsante da vida pol\u00edtica e cultural da antiga capital. Com o Theatro Municipal, a Biblioteca Nacional e o antigo pr\u00e9dio do Supremo Tribunal Federal, a \u00e1rea concentrava os poderes e a intelectualidade do Brasil.<\/p>\n\n\n\n<p>Ali tamb\u00e9m ficava o Pal\u00e1cio Monroe, antiga sede do Senado Federal, demolido em 1976. A pra\u00e7a era o epicentro dos debates p\u00fablicos, onde a popula\u00e7\u00e3o se reunia para discutir os rumos da na\u00e7\u00e3o, tornando-se um s\u00edmbolo da participa\u00e7\u00e3o c\u00edvica.<\/p>\n\n\n\n<p><strong>Pal\u00e1cio Guanabara: da monarquia \u00e0 sede do poder<\/strong><\/p>\n\n\n\n<p>Antes de se tornar a atual sede do governo do estado do Rio de Janeiro, o pal\u00e1cio foi a resid\u00eancia da Princesa Isabel e do Conde d&#8217;Eu. Ap\u00f3s a Proclama\u00e7\u00e3o da Rep\u00fablica, em 15 de novembro de 1889, o im\u00f3vel foi confiscado e transformado na resid\u00eancia oficial de alguns dos primeiros presidentes do Brasil.<\/p>\n\n\n\n<p><strong>Pal\u00e1cio Tiradentes: a casa do Congresso<\/strong><\/p>\n\n\n\n<p>Sede da Assembleia Legislativa do Estado do Rio de Janeiro (Alerj), o imponente pr\u00e9dio j\u00e1 abrigou o Congresso Nacional. Foi ali que os deputados e senadores atuaram at\u00e9 a transfer\u00eancia da capital para <a target=\"_blank\" rel=\"noreferrer noopener\" href=\"https:\/\/www.correiobraziliense.com.br\/cidades-df\/2025\/09\/7242414-os-militares-definem-o-sitio-da-nova-capital.html\">Bras\u00edlia<\/a>. O local presenciou a elabora\u00e7\u00e3o de Constitui\u00e7\u00f5es e debates que definiram o futuro do pa\u00eds.<\/p>\n","protected":false},"excerpt":{"rendered":"<p>De Copacabana ao Pal\u00e1cio Guanabara, conhe\u00e7a os pontos que marcaram a hist\u00f3ria pol\u00edtica brasileira no Rio de Janeiro<\/p>\n","protected":false},"author":8,"featured_media":37149,"comment_status":"open","ping_status":"open","sticky":false,"template":"","format":"standard","meta":{"jnews-multi-image_gallery":[],"jnews_single_post":{"format":"standard"},"jnews_primary_category":[],"jnews_social_meta":[],"jnews_override_counter":[],"footnotes":""},"categories":[148],"tags":[12159,12156,12158,12160,12161,3970,12157,357,12155,146],"class_list":["post-37148","post","type-post","status-publish","format-standard","has-post-thumbnail","hentry","category-turismo","tag-cinelandia","tag-locais-historicos","tag-palacio-do-catete","tag-palacio-guanabara","tag-palacio-tiradentes","tag-politica-brasileira","tag-praia-de-copacabana","tag-rio-de-janeiro","tag-rio-de-janeiro-politico","tag-turismo"],"yoast_head":"<!-- This site is optimized with the Yoast SEO plugin v25.1 - https:\/\/yoast.com\/wordpress\/plugins\/seo\/ -->\n<title>Rio de Janeiro pol\u00edtico: roteiro pelos locais hist\u00f3ricos da cidade - Correio Braziliense - Aqui<\/title>\n<meta name=\"description\" content=\"De Copacabana ao Pal\u00e1cio Guanabara, conhe\u00e7a os pontos que marcaram a hist\u00f3ria pol\u00edtica brasileira no Rio de Janeiro\" \/>\n<meta name=\"robots\" content=\"index, follow, max-snippet:-1, max-image-preview:large, max-video-preview:-1\" \/>\n<link rel=\"canonical\" href=\"https:\/\/www.correiobraziliense.com.br\/aqui\/2026\/08\/23\/rio-de-janeiro-politico-roteiro-pelos-locais-historicos-da-cidade\/\" \/>\n<meta property=\"og:locale\" content=\"pt_BR\" \/>\n<meta property=\"og:type\" content=\"article\" \/>\n<meta property=\"og:title\" content=\"Rio de Janeiro pol\u00edtico: roteiro pelos locais hist\u00f3ricos da cidade - Correio Braziliense - Aqui\" \/>\n<meta property=\"og:description\" content=\"De Copacabana ao Pal\u00e1cio Guanabara, conhe\u00e7a os pontos que marcaram a hist\u00f3ria pol\u00edtica brasileira no Rio de Janeiro\" \/>\n<meta property=\"og:url\" content=\"https:\/\/www.correiobraziliense.com.br\/aqui\/2026\/08\/23\/rio-de-janeiro-politico-roteiro-pelos-locais-historicos-da-cidade\/\" \/>\n<meta property=\"og:site_name\" content=\"Correio Braziliense - Aqui\" \/>\n<meta property=\"article:published_time\" content=\"2026-08-23T22:00:00+00:00\" \/>\n<meta property=\"og:image\" content=\"https:\/\/www.correiobraziliense.com.br\/aqui\/wp-content\/uploads\/2026\/08\/praia-de-copacabana_1786994826844.jpg\" \/>\n\t<meta property=\"og:image:width\" content=\"1280\" \/>\n\t<meta property=\"og:image:height\" content=\"720\" \/>\n\t<meta property=\"og:image:type\" content=\"image\/jpeg\" \/>\n<meta name=\"author\" content=\"Lara\" \/>\n<meta name=\"twitter:card\" content=\"summary_large_image\" \/>\n<meta name=\"twitter:label1\" content=\"Escrito por\" \/>\n\t<meta name=\"twitter:data1\" content=\"Lara\" \/>\n\t<meta name=\"twitter:label2\" content=\"Est. tempo de leitura\" \/>\n\t<meta name=\"twitter:data2\" content=\"3 minutos\" \/>\n<!-- \/ Yoast SEO plugin. -->","yoast_head_json":{"title":"Rio de Janeiro pol\u00edtico: roteiro pelos locais hist\u00f3ricos da cidade - Correio Braziliense - Aqui","description":"De Copacabana ao Pal\u00e1cio Guanabara, conhe\u00e7a os pontos que marcaram a hist\u00f3ria pol\u00edtica brasileira no Rio de Janeiro","robots":{"index":"index","follow":"follow","max-snippet":"max-snippet:-1","max-image-preview":"max-image-preview:large","max-video-preview":"max-video-preview:-1"},"canonical":"https:\/\/www.correiobraziliense.com.br\/aqui\/2026\/08\/23\/rio-de-janeiro-politico-roteiro-pelos-locais-historicos-da-cidade\/","og_locale":"pt_BR","og_type":"article","og_title":"Rio de Janeiro pol\u00edtico: roteiro pelos locais hist\u00f3ricos da cidade - Correio Braziliense - Aqui","og_description":"De Copacabana ao Pal\u00e1cio Guanabara, conhe\u00e7a os pontos que marcaram a hist\u00f3ria pol\u00edtica brasileira no Rio de Janeiro","og_url":"https:\/\/www.correiobraziliense.com.br\/aqui\/2026\/08\/23\/rio-de-janeiro-politico-roteiro-pelos-locais-historicos-da-cidade\/","og_site_name":"Correio Braziliense - Aqui","article_published_time":"2026-08-23T22:00:00+00:00","og_image":[{"width":1280,"height":720,"url":"https:\/\/www.correiobraziliense.com.br\/aqui\/wp-content\/uploads\/2026\/08\/praia-de-copacabana_1786994826844.jpg","type":"image\/jpeg"}],"author":"Lara","twitter_card":"summary_large_image","twitter_misc":{"Escrito por":"Lara","Est. tempo de leitura":"3 minutos"},"schema":{"@context":"https:\/\/schema.org","@graph":[{"@type":"WebPage","@id":"https:\/\/www.correiobraziliense.com.br\/aqui\/2026\/08\/23\/rio-de-janeiro-politico-roteiro-pelos-locais-historicos-da-cidade\/","url":"https:\/\/www.correiobraziliense.com.br\/aqui\/2026\/08\/23\/rio-de-janeiro-politico-roteiro-pelos-locais-historicos-da-cidade\/","name":"Rio de Janeiro pol\u00edtico: roteiro pelos locais hist\u00f3ricos da cidade - Correio Braziliense - Aqui","isPartOf":{"@id":"https:\/\/www.correiobraziliense.com.br\/aqui\/#website"},"primaryImageOfPage":{"@id":"https:\/\/www.correiobraziliense.com.br\/aqui\/2026\/08\/23\/rio-de-janeiro-politico-roteiro-pelos-locais-historicos-da-cidade\/#primaryimage"},"image":{"@id":"https:\/\/www.correiobraziliense.com.br\/aqui\/2026\/08\/23\/rio-de-janeiro-politico-roteiro-pelos-locais-historicos-da-cidade\/#primaryimage"},"thumbnailUrl":"https:\/\/www.correiobraziliense.com.br\/aqui\/wp-content\/uploads\/2026\/08\/praia-de-copacabana_1786994826844.jpg","datePublished":"2026-08-23T22:00:00+00:00","author":{"@id":"https:\/\/www.correiobraziliense.com.br\/aqui\/#\/schema\/person\/5d6e4d99fecc86ab1a7ed1a0369afb65"},"description":"De Copacabana ao Pal\u00e1cio Guanabara, conhe\u00e7a os pontos que marcaram a hist\u00f3ria pol\u00edtica brasileira no Rio de Janeiro","breadcrumb":{"@id":"https:\/\/www.correiobraziliense.com.br\/aqui\/2026\/08\/23\/rio-de-janeiro-politico-roteiro-pelos-locais-historicos-da-cidade\/#breadcrumb"},"inLanguage":"pt-BR","potentialAction":[{"@type":"ReadAction","target":["https:\/\/www.correiobraziliense.com.br\/aqui\/2026\/08\/23\/rio-de-janeiro-politico-roteiro-pelos-locais-historicos-da-cidade\/"]}]},{"@type":"ImageObject","inLanguage":"pt-BR","@id":"https:\/\/www.correiobraziliense.com.br\/aqui\/2026\/08\/23\/rio-de-janeiro-politico-roteiro-pelos-locais-historicos-da-cidade\/#primaryimage","url":"https:\/\/www.correiobraziliense.com.br\/aqui\/wp-content\/uploads\/2026\/08\/praia-de-copacabana_1786994826844.jpg","contentUrl":"https:\/\/www.correiobraziliense.com.br\/aqui\/wp-content\/uploads\/2026\/08\/praia-de-copacabana_1786994826844.jpg","width":1280,"height":720,"caption":"Cr\u00e9ditos: depositphotos.com \/ brunomartins246"},{"@type":"BreadcrumbList","@id":"https:\/\/www.correiobraziliense.com.br\/aqui\/2026\/08\/23\/rio-de-janeiro-politico-roteiro-pelos-locais-historicos-da-cidade\/#breadcrumb","itemListElement":[{"@type":"ListItem","position":1,"name":"In\u00edcio","item":"https:\/\/www.correiobraziliense.com.br\/aqui\/"},{"@type":"ListItem","position":2,"name":"Rio de Janeiro pol\u00edtico: roteiro pelos locais hist\u00f3ricos da cidade"}]},{"@type":"WebSite","@id":"https:\/\/www.correiobraziliense.com.br\/aqui\/#website","url":"https:\/\/www.correiobraziliense.com.br\/aqui\/","name":"Correio Braziliense - Aqui","description":"O Correio Braziliense (CB) \u00e9 o mais importante canal de not\u00edcias de Bras\u00edlia. Aqui voc\u00ea encontra as \u00faltimas not\u00edcias do DF, do Brasil e do mundo.","potentialAction":[{"@type":"SearchAction","target":{"@type":"EntryPoint","urlTemplate":"https:\/\/www.correiobraziliense.com.br\/aqui\/?s={search_term_string}"},"query-input":{"@type":"PropertyValueSpecification","valueRequired":true,"valueName":"search_term_string"}}],"inLanguage":"pt-BR"},{"@type":"Person","@id":"https:\/\/www.correiobraziliense.com.br\/aqui\/#\/schema\/person\/5d6e4d99fecc86ab1a7ed1a0369afb65","name":"Lara","image":{"@type":"ImageObject","inLanguage":"pt-BR","@id":"https:\/\/www.correiobraziliense.com.br\/aqui\/#\/schema\/person\/image\/","url":"https:\/\/secure.gravatar.com\/avatar\/57056c5c343a6d8a6669688d3d2c04916d9d280b352b6e50e66a8d39b2517e00?s=96&d=mm&r=g","contentUrl":"https:\/\/secure.gravatar.com\/avatar\/57056c5c343a6d8a6669688d3d2c04916d9d280b352b6e50e66a8d39b2517e00?s=96&d=mm&r=g","caption":"Lara"},"url":"https:\/\/www.correiobraziliense.com.br\/aqui\/author\/laraaqui\/"}]}},"_links":{"self":[{"href":"https:\/\/www.correiobraziliense.com.br\/aqui\/wp-json\/wp\/v2\/posts\/37148","targetHints":{"allow":["GET"]}}],"collection":[{"href":"https:\/\/www.correiobraziliense.com.br\/aqui\/wp-json\/wp\/v2\/posts"}],"about":[{"href":"https:\/\/www.correiobraziliense.com.br\/aqui\/wp-json\/wp\/v2\/types\/post"}],"author":[{"embeddable":true,"href":"https:\/\/www.correiobraziliense.com.br\/aqui\/wp-json\/wp\/v2\/users\/8"}],"replies":[{"embeddable":true,"href":"https:\/\/www.correiobraziliense.com.br\/aqui\/wp-json\/wp\/v2\/comments?post=37148"}],"version-history":[{"count":2,"href":"https:\/\/www.correiobraziliense.com.br\/aqui\/wp-json\/wp\/v2\/posts\/37148\/revisions"}],"predecessor-version":[{"id":37151,"href":"https:\/\/www.correiobraziliense.com.br\/aqui\/wp-json\/wp\/v2\/posts\/37148\/revisions\/37151"}],"wp:featuredmedia":[{"embeddable":true,"href":"https:\/\/www.correiobraziliense.com.br\/aqui\/wp-json\/wp\/v2\/media\/37149"}],"wp:attachment":[{"href":"https:\/\/www.correiobraziliense.com.br\/aqui\/wp-json\/wp\/v2\/media?parent=37148"}],"wp:term":[{"taxonomy":"category","embeddable":true,"href":"https:\/\/www.correiobraziliense.com.br\/aqui\/wp-json\/wp\/v2\/categories?post=37148"},{"taxonomy":"post_tag","embeddable":true,"href":"https:\/\/www.correiobraziliense.com.br\/aqui\/wp-json\/wp\/v2\/tags?post=37148"}],"curies":[{"name":"wp","href":"https:\/\/api.w.org\/{rel}","templated":true}]}}