{"id":37152,"date":"2026-08-30T15:00:00","date_gmt":"2026-08-30T18:00:00","guid":{"rendered":"https:\/\/www.correiobraziliense.com.br\/aqui\/?p=37152"},"modified":"2026-08-17T16:35:39","modified_gmt":"2026-08-17T19:35:39","slug":"18-novos-destinos-da-latam-quais-cidades-podem-ganhar-voos","status":"publish","type":"post","link":"https:\/\/www.correiobraziliense.com.br\/aqui\/2026\/08\/30\/18-novos-destinos-da-latam-quais-cidades-podem-ganhar-voos\/","title":{"rendered":"18 novos destinos da Latam: quais cidades podem ganhar voos"},"content":{"rendered":"\n<p>A Latam Brasil planeja uma expans\u00e3o significativa em sua malha a\u00e9rea e j\u00e1 avalia 18 novos destinos regionais no pa\u00eds at\u00e9 2027. O CEO da companhia ressaltou, no entanto, que essa an\u00e1lise n\u00e3o significa necessariamente a abertura de 18 novos destinos, pois cada mercado passa por estudos detalhados de viabilidade. O an\u00fancio faz parte de uma estrat\u00e9gia para conectar cidades do interior aos grandes centros, viabilizada pela incorpora\u00e7\u00e3o de novas aeronaves da Embraer.<\/p>\n\n\n\n<p>Essa movimenta\u00e7\u00e3o refor\u00e7a o foco da empresa no mercado brasileiro. Apenas no primeiro semestre de 2026, nove dos 13 <a target=\"_blank\" rel=\"noreferrer noopener\" href=\"https:\/\/www.correiobraziliense.com.br\/brasil\/2026\/06\/7437735-latam-apressenta-jato-da-embaer-que-estreia-nova-fase-da-frota.html\">novos avi\u00f5es<\/a> recebidos por todo o grupo Latam foram destinados para a opera\u00e7\u00e3o no Brasil, evidenciando a prioridade do pa\u00eds nos planos de crescimento.<\/p>\n\n\n\n<p>Recentemente, a companhia j\u00e1 havia confirmado a cria\u00e7\u00e3o de oito novas rotas e a inclus\u00e3o de quatro destinos in\u00e9ditos em sua rede: Cabo Frio (RJ), Ji-Paran\u00e1 (RO), Maca\u00e9 (RJ) e Rondon\u00f3polis (MT). A an\u00e1lise de mais 18 cidades representa o pr\u00f3ximo passo desse projeto de amplia\u00e7\u00e3o, que busca atender \u00e0 crescente demanda por voos regionais.<\/p>\n\n\n\n<h2 class=\"wp-block-heading\">O papel das novas aeronaves<\/h2>\n\n\n\n<p>A chave para essa expans\u00e3o est\u00e1 na utiliza\u00e7\u00e3o dos jatos Embraer E195-E2. Com capacidade para 136 passageiros na configura\u00e7\u00e3o da Latam, esses avi\u00f5es s\u00e3o ideais para rotas com demanda moderada, onde aeronaves maiores, como as da <a target=\"_blank\" rel=\"noreferrer noopener\" href=\"https:\/\/www.correiobraziliense.com.br\/economia\/2025\/12\/7316175-airbus-projeta-alta-de-145-no-trafego-aereo-de-passageiros-no-brasil-ate-2044.html\">fam\u00edlia Airbus<\/a>, seriam economicamente invi\u00e1veis.<\/p>\n\n\n\n<p>A efici\u00eancia desses modelos permite que a Latam explore mercados at\u00e9 ent\u00e3o n\u00e3o atendidos ou com pouca oferta de voos. A estrat\u00e9gia \u00e9 usar essas aeronaves para alimentar os principais hubs da companhia, como os aeroportos de Guarulhos (SP) e <a target=\"_blank\" rel=\"noreferrer noopener\" href=\"https:\/\/www.correiobraziliense.com.br\/economia\/2025\/06\/7176554-latam-aumenta-voos-de-brasilia-para-curitiba-e-sao-luis.html\">Bras\u00edlia (DF)<\/a>, a partir de cidades menores.<\/p>\n\n\n\n<p>Dessa forma, passageiros de localidades do interior conseguem se conectar com mais facilidade a voos nacionais e internacionais, otimizando a malha a\u00e9rea da empresa e aumentando a capilaridade de suas opera\u00e7\u00f5es em todo o territ\u00f3rio nacional.<\/p>\n\n\n\n<h2 class=\"wp-block-heading\">Quais s\u00e3o os poss\u00edveis destinos escolhidos pela Latam?<\/h2>\n\n\n\n<p>A Latam ainda n\u00e3o divulgou a lista oficial das 18 cidades que est\u00e3o sob an\u00e1lise. No entanto, a expectativa \u00e9 que a sele\u00e7\u00e3o siga o perfil dos \u00faltimos an\u00fancios, priorizando munic\u00edpios com relev\u00e2ncia econ\u00f4mica regional e potencial tur\u00edstico, mas que atualmente possuem pouca ou nenhuma conex\u00e3o a\u00e9rea direta.<\/p>\n\n\n\n<p>A iniciativa visa fortalecer a presen\u00e7a da companhia em todas as regi\u00f5es do Brasil, oferecendo mais op\u00e7\u00f5es de voos diretos e reduzindo a necessidade de longos deslocamentos terrestres para os passageiros. A sele\u00e7\u00e3o final das novas cidades depender\u00e1 de an\u00e1lises detalhadas de viabilidade operacional e demanda de mercado. O plano de expans\u00e3o deve se consolidar nos pr\u00f3ximos anos, \u00e0 medida que mais <a target=\"_blank\" rel=\"noreferrer noopener\" href=\"https:\/\/www.correiobraziliense.com.br\/mundo\/2026\/07\/7471951-embraer-vive-oportunidade-rara-para-desafiar-airbus-e-boeing-diz-the-economist.html\">aeronaves Embraer<\/a> forem integradas \u00e0 frota.<\/p>\n","protected":false},"excerpt":{"rendered":"<p>CEO da Latam revelou que est\u00e1 analisando mais destinos para 2027; entenda como aeronaves Embraer E195-E2 viabilizam a expans\u00e3o regional<\/p>\n","protected":false},"author":8,"featured_media":37154,"comment_status":"open","ping_status":"open","sticky":false,"template":"","format":"standard","meta":{"jnews-multi-image_gallery":[],"jnews_single_post":{"format":"standard"},"jnews_primary_category":[],"jnews_social_meta":[],"jnews_override_counter":[],"footnotes":""},"categories":[148],"tags":[9683,12162,12163,146,3866],"class_list":["post-37152","post","type-post","status-publish","format-standard","has-post-thumbnail","hentry","category-turismo","tag-latam","tag-latam-brasil","tag-novos-destinos","tag-turismo","tag-voos"],"yoast_head":"<!-- This site is optimized with the Yoast SEO plugin v25.1 - https:\/\/yoast.com\/wordpress\/plugins\/seo\/ -->\n<title>18 novos destinos da Latam: quais cidades podem ganhar voos - Correio Braziliense - Aqui<\/title>\n<meta name=\"description\" content=\"CEO da Latam revelou que est\u00e1 analisando mais destinos para 2027; entenda como aeronaves Embraer E195-E2 viabilizam a expans\u00e3o regional\" \/>\n<meta name=\"robots\" content=\"index, follow, max-snippet:-1, max-image-preview:large, max-video-preview:-1\" \/>\n<link rel=\"canonical\" href=\"https:\/\/www.correiobraziliense.com.br\/aqui\/2026\/08\/30\/18-novos-destinos-da-latam-quais-cidades-podem-ganhar-voos\/\" \/>\n<meta property=\"og:locale\" content=\"pt_BR\" \/>\n<meta property=\"og:type\" content=\"article\" \/>\n<meta property=\"og:title\" content=\"18 novos destinos da Latam: quais cidades podem ganhar voos - Correio Braziliense - Aqui\" \/>\n<meta property=\"og:description\" content=\"CEO da Latam revelou que est\u00e1 analisando mais destinos para 2027; entenda como aeronaves Embraer E195-E2 viabilizam a expans\u00e3o regional\" \/>\n<meta property=\"og:url\" content=\"https:\/\/www.correiobraziliense.com.br\/aqui\/2026\/08\/30\/18-novos-destinos-da-latam-quais-cidades-podem-ganhar-voos\/\" \/>\n<meta property=\"og:site_name\" content=\"Correio Braziliense - Aqui\" \/>\n<meta property=\"article:published_time\" content=\"2026-08-30T18:00:00+00:00\" \/>\n<meta property=\"og:image\" content=\"https:\/\/www.correiobraziliense.com.br\/aqui\/wp-content\/uploads\/2026\/08\/latam-brasil_1786995257821.jpg\" \/>\n\t<meta property=\"og:image:width\" content=\"1280\" \/>\n\t<meta property=\"og:image:height\" content=\"720\" \/>\n\t<meta property=\"og:image:type\" content=\"image\/jpeg\" \/>\n<meta name=\"author\" content=\"Lara\" \/>\n<meta name=\"twitter:card\" content=\"summary_large_image\" \/>\n<meta name=\"twitter:label1\" content=\"Escrito por\" \/>\n\t<meta name=\"twitter:data1\" content=\"Lara\" \/>\n\t<meta name=\"twitter:label2\" content=\"Est. tempo de leitura\" \/>\n\t<meta name=\"twitter:data2\" content=\"3 minutos\" \/>\n<!-- \/ Yoast SEO plugin. -->","yoast_head_json":{"title":"18 novos destinos da Latam: quais cidades podem ganhar voos - Correio Braziliense - Aqui","description":"CEO da Latam revelou que est\u00e1 analisando mais destinos para 2027; entenda como aeronaves Embraer E195-E2 viabilizam a expans\u00e3o regional","robots":{"index":"index","follow":"follow","max-snippet":"max-snippet:-1","max-image-preview":"max-image-preview:large","max-video-preview":"max-video-preview:-1"},"canonical":"https:\/\/www.correiobraziliense.com.br\/aqui\/2026\/08\/30\/18-novos-destinos-da-latam-quais-cidades-podem-ganhar-voos\/","og_locale":"pt_BR","og_type":"article","og_title":"18 novos destinos da Latam: quais cidades podem ganhar voos - Correio Braziliense - Aqui","og_description":"CEO da Latam revelou que est\u00e1 analisando mais destinos para 2027; entenda como aeronaves Embraer E195-E2 viabilizam a expans\u00e3o regional","og_url":"https:\/\/www.correiobraziliense.com.br\/aqui\/2026\/08\/30\/18-novos-destinos-da-latam-quais-cidades-podem-ganhar-voos\/","og_site_name":"Correio Braziliense - Aqui","article_published_time":"2026-08-30T18:00:00+00:00","og_image":[{"width":1280,"height":720,"url":"https:\/\/www.correiobraziliense.com.br\/aqui\/wp-content\/uploads\/2026\/08\/latam-brasil_1786995257821.jpg","type":"image\/jpeg"}],"author":"Lara","twitter_card":"summary_large_image","twitter_misc":{"Escrito por":"Lara","Est. tempo de leitura":"3 minutos"},"schema":{"@context":"https:\/\/schema.org","@graph":[{"@type":"WebPage","@id":"https:\/\/www.correiobraziliense.com.br\/aqui\/2026\/08\/30\/18-novos-destinos-da-latam-quais-cidades-podem-ganhar-voos\/","url":"https:\/\/www.correiobraziliense.com.br\/aqui\/2026\/08\/30\/18-novos-destinos-da-latam-quais-cidades-podem-ganhar-voos\/","name":"18 novos destinos da Latam: quais cidades podem ganhar voos - Correio Braziliense - Aqui","isPartOf":{"@id":"https:\/\/www.correiobraziliense.com.br\/aqui\/#website"},"primaryImageOfPage":{"@id":"https:\/\/www.correiobraziliense.com.br\/aqui\/2026\/08\/30\/18-novos-destinos-da-latam-quais-cidades-podem-ganhar-voos\/#primaryimage"},"image":{"@id":"https:\/\/www.correiobraziliense.com.br\/aqui\/2026\/08\/30\/18-novos-destinos-da-latam-quais-cidades-podem-ganhar-voos\/#primaryimage"},"thumbnailUrl":"https:\/\/www.correiobraziliense.com.br\/aqui\/wp-content\/uploads\/2026\/08\/latam-brasil_1786995257821.jpg","datePublished":"2026-08-30T18:00:00+00:00","author":{"@id":"https:\/\/www.correiobraziliense.com.br\/aqui\/#\/schema\/person\/5d6e4d99fecc86ab1a7ed1a0369afb65"},"description":"CEO da Latam revelou que est\u00e1 analisando mais destinos para 2027; entenda como aeronaves Embraer E195-E2 viabilizam a expans\u00e3o regional","breadcrumb":{"@id":"https:\/\/www.correiobraziliense.com.br\/aqui\/2026\/08\/30\/18-novos-destinos-da-latam-quais-cidades-podem-ganhar-voos\/#breadcrumb"},"inLanguage":"pt-BR","potentialAction":[{"@type":"ReadAction","target":["https:\/\/www.correiobraziliense.com.br\/aqui\/2026\/08\/30\/18-novos-destinos-da-latam-quais-cidades-podem-ganhar-voos\/"]}]},{"@type":"ImageObject","inLanguage":"pt-BR","@id":"https:\/\/www.correiobraziliense.com.br\/aqui\/2026\/08\/30\/18-novos-destinos-da-latam-quais-cidades-podem-ganhar-voos\/#primaryimage","url":"https:\/\/www.correiobraziliense.com.br\/aqui\/wp-content\/uploads\/2026\/08\/latam-brasil_1786995257821.jpg","contentUrl":"https:\/\/www.correiobraziliense.com.br\/aqui\/wp-content\/uploads\/2026\/08\/latam-brasil_1786995257821.jpg","width":1280,"height":720,"caption":"Cr\u00e9ditos: depositphotos.com \/ rafapress"},{"@type":"BreadcrumbList","@id":"https:\/\/www.correiobraziliense.com.br\/aqui\/2026\/08\/30\/18-novos-destinos-da-latam-quais-cidades-podem-ganhar-voos\/#breadcrumb","itemListElement":[{"@type":"ListItem","position":1,"name":"In\u00edcio","item":"https:\/\/www.correiobraziliense.com.br\/aqui\/"},{"@type":"ListItem","position":2,"name":"18 novos destinos da Latam: quais cidades podem ganhar voos"}]},{"@type":"WebSite","@id":"https:\/\/www.correiobraziliense.com.br\/aqui\/#website","url":"https:\/\/www.correiobraziliense.com.br\/aqui\/","name":"Correio Braziliense - Aqui","description":"O Correio Braziliense (CB) \u00e9 o mais importante canal de not\u00edcias de Bras\u00edlia. Aqui voc\u00ea encontra as \u00faltimas not\u00edcias do DF, do Brasil e do mundo.","potentialAction":[{"@type":"SearchAction","target":{"@type":"EntryPoint","urlTemplate":"https:\/\/www.correiobraziliense.com.br\/aqui\/?s={search_term_string}"},"query-input":{"@type":"PropertyValueSpecification","valueRequired":true,"valueName":"search_term_string"}}],"inLanguage":"pt-BR"},{"@type":"Person","@id":"https:\/\/www.correiobraziliense.com.br\/aqui\/#\/schema\/person\/5d6e4d99fecc86ab1a7ed1a0369afb65","name":"Lara","image":{"@type":"ImageObject","inLanguage":"pt-BR","@id":"https:\/\/www.correiobraziliense.com.br\/aqui\/#\/schema\/person\/image\/","url":"https:\/\/secure.gravatar.com\/avatar\/57056c5c343a6d8a6669688d3d2c04916d9d280b352b6e50e66a8d39b2517e00?s=96&d=mm&r=g","contentUrl":"https:\/\/secure.gravatar.com\/avatar\/57056c5c343a6d8a6669688d3d2c04916d9d280b352b6e50e66a8d39b2517e00?s=96&d=mm&r=g","caption":"Lara"},"url":"https:\/\/www.correiobraziliense.com.br\/aqui\/author\/laraaqui\/"}]}},"_links":{"self":[{"href":"https:\/\/www.correiobraziliense.com.br\/aqui\/wp-json\/wp\/v2\/posts\/37152","targetHints":{"allow":["GET"]}}],"collection":[{"href":"https:\/\/www.correiobraziliense.com.br\/aqui\/wp-json\/wp\/v2\/posts"}],"about":[{"href":"https:\/\/www.correiobraziliense.com.br\/aqui\/wp-json\/wp\/v2\/types\/post"}],"author":[{"embeddable":true,"href":"https:\/\/www.correiobraziliense.com.br\/aqui\/wp-json\/wp\/v2\/users\/8"}],"replies":[{"embeddable":true,"href":"https:\/\/www.correiobraziliense.com.br\/aqui\/wp-json\/wp\/v2\/comments?post=37152"}],"version-history":[{"count":1,"href":"https:\/\/www.correiobraziliense.com.br\/aqui\/wp-json\/wp\/v2\/posts\/37152\/revisions"}],"predecessor-version":[{"id":37155,"href":"https:\/\/www.correiobraziliense.com.br\/aqui\/wp-json\/wp\/v2\/posts\/37152\/revisions\/37155"}],"wp:featuredmedia":[{"embeddable":true,"href":"https:\/\/www.correiobraziliense.com.br\/aqui\/wp-json\/wp\/v2\/media\/37154"}],"wp:attachment":[{"href":"https:\/\/www.correiobraziliense.com.br\/aqui\/wp-json\/wp\/v2\/media?parent=37152"}],"wp:term":[{"taxonomy":"category","embeddable":true,"href":"https:\/\/www.correiobraziliense.com.br\/aqui\/wp-json\/wp\/v2\/categories?post=37152"},{"taxonomy":"post_tag","embeddable":true,"href":"https:\/\/www.correiobraziliense.com.br\/aqui\/wp-json\/wp\/v2\/tags?post=37152"}],"curies":[{"name":"wp","href":"https:\/\/api.w.org\/{rel}","templated":true}]}}