{"id":37485,"date":"2026-08-30T17:00:00","date_gmt":"2026-08-30T20:00:00","guid":{"rendered":"https:\/\/www.correiobraziliense.com.br\/aqui\/?p=37485"},"modified":"2026-08-20T15:33:07","modified_gmt":"2026-08-20T18:33:07","slug":"sinais-de-que-uma-dor-de-dente-pode-estar-evoluindo-para-sepse","status":"publish","type":"post","link":"https:\/\/www.correiobraziliense.com.br\/aqui\/2026\/08\/30\/sinais-de-que-uma-dor-de-dente-pode-estar-evoluindo-para-sepse\/","title":{"rendered":"Sinais de que uma dor de dente pode estar evoluindo para sepse"},"content":{"rendered":"\n<p>Uma dor de dente pode parecer um problema simples, mas, em alguns casos, pode indicar uma infec\u00e7\u00e3o que exige atendimento m\u00e9dico. Quando n\u00e3o tratadas adequadamente, infec\u00e7\u00f5es de origem bucal podem se agravar e, em situa\u00e7\u00f5es mais graves, levar a complica\u00e7\u00f5es como a sepse.<\/p>\n\n\n\n<p>Uma infec\u00e7\u00e3o dent\u00e1ria, como um abscesso causado por uma <a target=\"_blank\" rel=\"noreferrer noopener\" href=\"https:\/\/www.correiobraziliense.com.br\/revista-do-correio\/2025\/04\/7122696-veja-as-causas-e-os-sintomas-da-carie-no-dente.html\">c\u00e1rie profunda<\/a>, geralmente fica restrita \u00e0 boca. O perigo aumenta quando as bact\u00e9rias respons\u00e1veis por essa infec\u00e7\u00e3o conseguem romper a barreira local e entram na corrente sangu\u00ednea. A partir da\u00ed, elas podem se espalhar pelo corpo, desencadeando uma resposta inflamat\u00f3ria sist\u00eamica.<\/p>\n\n\n\n<p>A <a target=\"_blank\" rel=\"noreferrer noopener\" href=\"https:\/\/www.correiobraziliense.com.br\/revista-do-correio\/2025\/10\/7264845-cada-minuto-conta-o-perigo-da-sepse-e-a-importancia-do-diagnostico-precoce.html\">sepse<\/a>, que ocorre quando uma infec\u00e7\u00e3o provoca uma resposta inflamat\u00f3ria exagerada do organismo, faz com que o sistema imunol\u00f3gico ataque os pr\u00f3prios tecidos e \u00f3rg\u00e3os do corpo, podendo levar \u00e0 fal\u00eancia m\u00faltipla de \u00f3rg\u00e3os e \u00e0 morte em poucas horas se n\u00e3o for tratada rapidamente. Por isso, \u00e9 fundamental reconhecer os sinais de que a infec\u00e7\u00e3o n\u00e3o est\u00e1 mais contida apenas no dente.<\/p>\n\n\n\n<h2 class=\"wp-block-heading\">Quando a dor de dente vira um alerta vermelho<\/h2>\n\n\n\n<p>Uma dor de dente comum, mesmo que forte, n\u00e3o \u00e9 sin\u00f4nimo de sepse. O problema \u00e9 a combina\u00e7\u00e3o dessa dor com outros sintomas que indicam que a infec\u00e7\u00e3o est\u00e1 se espalhando pelo organismo. Fique atento aos seguintes sinais de alerta:<\/p>\n\n\n\n<ul class=\"wp-block-list\">\n<li><strong>Febre alta e persistente:<\/strong> temperatura acima de 38\u00b0C, que pode ser acompanhada de calafrios.<\/li>\n\n\n\n<li><strong>Incha\u00e7o no rosto ou pesco\u00e7o:<\/strong> um incha\u00e7o que se espalha para al\u00e9m da gengiva, atingindo bochecha, mand\u00edbula ou pesco\u00e7o.<\/li>\n\n\n\n<li><strong>Dificuldade para engolir ou respirar:<\/strong> o incha\u00e7o pode come\u00e7ar a pressionar as vias a\u00e9reas, tornando a respira\u00e7\u00e3o e a degluti\u00e7\u00e3o dif\u00edceis e dolorosas.<\/li>\n\n\n\n<li><strong>Mal-estar extremo:<\/strong> uma sensa\u00e7\u00e3o de fraqueza intensa, confus\u00e3o mental, tontura ou desmaio.<\/li>\n\n\n\n<li><strong>Batimentos card\u00edacos acelerados:<\/strong> o cora\u00e7\u00e3o bate mais r\u00e1pido que o normal, mesmo em estado de repouso.<\/li>\n<\/ul>\n\n\n\n<p>Ao perceber a presen\u00e7a de uma dor de dente juntamente com um ou mais desses sintomas sist\u00eamicos, a recomenda\u00e7\u00e3o \u00e9 procurar um pronto-socorro imediatamente. N\u00e3o \u00e9 necess\u00e1rio esperar a combina\u00e7\u00e3o de v\u00e1rios sinais; um \u00fanico sintoma grave j\u00e1 \u00e9 motivo para alerta. Nesses casos, o tratamento emergencial \u00e9 feito em ambiente hospitalar, com antibi\u00f3ticos intravenosos para combater a infec\u00e7\u00e3o de forma r\u00e1pida e eficaz, antes que cause danos irrevers\u00edveis aos \u00f3rg\u00e3os.<\/p>\n\n\n\n<p>\u00c9 fundamental ressaltar a <a target=\"_blank\" rel=\"noreferrer noopener\" href=\"https:\/\/www.correiobraziliense.com.br\/cidades-df\/2026\/07\/7458337-saude-bucal-exige-prevencao-da-infancia-a-velhice-alerta-dentista.html\">import\u00e2ncia da preven\u00e7\u00e3o<\/a>. Visitas regulares ao dentista e uma boa higiene bucal podem tratar problemas como c\u00e1ries e abscessos antes que se tornem infec\u00e7\u00f5es graves, evitando complica\u00e7\u00f5es s\u00e9rias como a sepse.<\/p>\n","protected":false},"excerpt":{"rendered":"<p>Dor de dente com febre, incha\u00e7o no pesco\u00e7o ou dificuldade para engolir pode indicar uma infec\u00e7\u00e3o grave; saiba quando buscar emerg\u00eancia.<\/p>\n","protected":false},"author":8,"featured_media":37486,"comment_status":"open","ping_status":"open","sticky":false,"template":"","format":"standard","meta":{"jnews-multi-image_gallery":[],"jnews_single_post":{"format":"standard"},"jnews_primary_category":[],"jnews_social_meta":[],"jnews_override_counter":[],"footnotes":""},"categories":[123],"tags":[12241,141,12240,514],"class_list":["post-37485","post","type-post","status-publish","format-standard","has-post-thumbnail","hentry","category-saude","tag-dor-de-dente","tag-saude","tag-sepse","tag-sintomas"],"yoast_head":"<!-- This site is optimized with the Yoast SEO plugin v25.1 - https:\/\/yoast.com\/wordpress\/plugins\/seo\/ -->\n<title>Sinais de que uma dor de dente pode estar evoluindo para sepse - Correio Braziliense - Aqui<\/title>\n<meta name=\"description\" content=\"Dor de dente com febre, incha\u00e7o no pesco\u00e7o ou dificuldade para engolir pode indicar uma infec\u00e7\u00e3o grave; saiba quando buscar emerg\u00eancia.\" \/>\n<meta name=\"robots\" content=\"index, follow, max-snippet:-1, max-image-preview:large, max-video-preview:-1\" \/>\n<link rel=\"canonical\" href=\"https:\/\/www.correiobraziliense.com.br\/aqui\/2026\/08\/30\/sinais-de-que-uma-dor-de-dente-pode-estar-evoluindo-para-sepse\/\" \/>\n<meta property=\"og:locale\" content=\"pt_BR\" \/>\n<meta property=\"og:type\" content=\"article\" \/>\n<meta property=\"og:title\" content=\"Sinais de que uma dor de dente pode estar evoluindo para sepse - Correio Braziliense - Aqui\" \/>\n<meta property=\"og:description\" content=\"Dor de dente com febre, incha\u00e7o no pesco\u00e7o ou dificuldade para engolir pode indicar uma infec\u00e7\u00e3o grave; saiba quando buscar emerg\u00eancia.\" \/>\n<meta property=\"og:url\" content=\"https:\/\/www.correiobraziliense.com.br\/aqui\/2026\/08\/30\/sinais-de-que-uma-dor-de-dente-pode-estar-evoluindo-para-sepse\/\" \/>\n<meta property=\"og:site_name\" content=\"Correio Braziliense - Aqui\" \/>\n<meta property=\"article:published_time\" content=\"2026-08-30T20:00:00+00:00\" \/>\n<meta property=\"og:image\" content=\"https:\/\/www.correiobraziliense.com.br\/aqui\/wp-content\/uploads\/2026\/08\/dor-de-dente_1787250569479.jpg\" \/>\n\t<meta property=\"og:image:width\" content=\"1280\" \/>\n\t<meta property=\"og:image:height\" content=\"720\" \/>\n\t<meta property=\"og:image:type\" content=\"image\/jpeg\" \/>\n<meta name=\"author\" content=\"Lara\" \/>\n<meta name=\"twitter:card\" content=\"summary_large_image\" \/>\n<meta name=\"twitter:label1\" content=\"Escrito por\" \/>\n\t<meta name=\"twitter:data1\" content=\"Lara\" \/>\n\t<meta name=\"twitter:label2\" content=\"Est. tempo de leitura\" \/>\n\t<meta name=\"twitter:data2\" content=\"3 minutos\" \/>\n<!-- \/ Yoast SEO plugin. -->","yoast_head_json":{"title":"Sinais de que uma dor de dente pode estar evoluindo para sepse - Correio Braziliense - Aqui","description":"Dor de dente com febre, incha\u00e7o no pesco\u00e7o ou dificuldade para engolir pode indicar uma infec\u00e7\u00e3o grave; saiba quando buscar emerg\u00eancia.","robots":{"index":"index","follow":"follow","max-snippet":"max-snippet:-1","max-image-preview":"max-image-preview:large","max-video-preview":"max-video-preview:-1"},"canonical":"https:\/\/www.correiobraziliense.com.br\/aqui\/2026\/08\/30\/sinais-de-que-uma-dor-de-dente-pode-estar-evoluindo-para-sepse\/","og_locale":"pt_BR","og_type":"article","og_title":"Sinais de que uma dor de dente pode estar evoluindo para sepse - Correio Braziliense - Aqui","og_description":"Dor de dente com febre, incha\u00e7o no pesco\u00e7o ou dificuldade para engolir pode indicar uma infec\u00e7\u00e3o grave; saiba quando buscar emerg\u00eancia.","og_url":"https:\/\/www.correiobraziliense.com.br\/aqui\/2026\/08\/30\/sinais-de-que-uma-dor-de-dente-pode-estar-evoluindo-para-sepse\/","og_site_name":"Correio Braziliense - Aqui","article_published_time":"2026-08-30T20:00:00+00:00","og_image":[{"width":1280,"height":720,"url":"https:\/\/www.correiobraziliense.com.br\/aqui\/wp-content\/uploads\/2026\/08\/dor-de-dente_1787250569479.jpg","type":"image\/jpeg"}],"author":"Lara","twitter_card":"summary_large_image","twitter_misc":{"Escrito por":"Lara","Est. tempo de leitura":"3 minutos"},"schema":{"@context":"https:\/\/schema.org","@graph":[{"@type":"WebPage","@id":"https:\/\/www.correiobraziliense.com.br\/aqui\/2026\/08\/30\/sinais-de-que-uma-dor-de-dente-pode-estar-evoluindo-para-sepse\/","url":"https:\/\/www.correiobraziliense.com.br\/aqui\/2026\/08\/30\/sinais-de-que-uma-dor-de-dente-pode-estar-evoluindo-para-sepse\/","name":"Sinais de que uma dor de dente pode estar evoluindo para sepse - Correio Braziliense - Aqui","isPartOf":{"@id":"https:\/\/www.correiobraziliense.com.br\/aqui\/#website"},"primaryImageOfPage":{"@id":"https:\/\/www.correiobraziliense.com.br\/aqui\/2026\/08\/30\/sinais-de-que-uma-dor-de-dente-pode-estar-evoluindo-para-sepse\/#primaryimage"},"image":{"@id":"https:\/\/www.correiobraziliense.com.br\/aqui\/2026\/08\/30\/sinais-de-que-uma-dor-de-dente-pode-estar-evoluindo-para-sepse\/#primaryimage"},"thumbnailUrl":"https:\/\/www.correiobraziliense.com.br\/aqui\/wp-content\/uploads\/2026\/08\/dor-de-dente_1787250569479.jpg","datePublished":"2026-08-30T20:00:00+00:00","author":{"@id":"https:\/\/www.correiobraziliense.com.br\/aqui\/#\/schema\/person\/5d6e4d99fecc86ab1a7ed1a0369afb65"},"description":"Dor de dente com febre, incha\u00e7o no pesco\u00e7o ou dificuldade para engolir pode indicar uma infec\u00e7\u00e3o grave; saiba quando buscar emerg\u00eancia.","breadcrumb":{"@id":"https:\/\/www.correiobraziliense.com.br\/aqui\/2026\/08\/30\/sinais-de-que-uma-dor-de-dente-pode-estar-evoluindo-para-sepse\/#breadcrumb"},"inLanguage":"pt-BR","potentialAction":[{"@type":"ReadAction","target":["https:\/\/www.correiobraziliense.com.br\/aqui\/2026\/08\/30\/sinais-de-que-uma-dor-de-dente-pode-estar-evoluindo-para-sepse\/"]}]},{"@type":"ImageObject","inLanguage":"pt-BR","@id":"https:\/\/www.correiobraziliense.com.br\/aqui\/2026\/08\/30\/sinais-de-que-uma-dor-de-dente-pode-estar-evoluindo-para-sepse\/#primaryimage","url":"https:\/\/www.correiobraziliense.com.br\/aqui\/wp-content\/uploads\/2026\/08\/dor-de-dente_1787250569479.jpg","contentUrl":"https:\/\/www.correiobraziliense.com.br\/aqui\/wp-content\/uploads\/2026\/08\/dor-de-dente_1787250569479.jpg","width":1280,"height":720,"caption":"Cr\u00e9ditos: depositphotos.com \/ Milkos"},{"@type":"BreadcrumbList","@id":"https:\/\/www.correiobraziliense.com.br\/aqui\/2026\/08\/30\/sinais-de-que-uma-dor-de-dente-pode-estar-evoluindo-para-sepse\/#breadcrumb","itemListElement":[{"@type":"ListItem","position":1,"name":"In\u00edcio","item":"https:\/\/www.correiobraziliense.com.br\/aqui\/"},{"@type":"ListItem","position":2,"name":"Sinais de que uma dor de dente pode estar evoluindo para sepse"}]},{"@type":"WebSite","@id":"https:\/\/www.correiobraziliense.com.br\/aqui\/#website","url":"https:\/\/www.correiobraziliense.com.br\/aqui\/","name":"Correio Braziliense - Aqui","description":"O Correio Braziliense (CB) \u00e9 o mais importante canal de not\u00edcias de Bras\u00edlia. Aqui voc\u00ea encontra as \u00faltimas not\u00edcias do DF, do Brasil e do mundo.","potentialAction":[{"@type":"SearchAction","target":{"@type":"EntryPoint","urlTemplate":"https:\/\/www.correiobraziliense.com.br\/aqui\/?s={search_term_string}"},"query-input":{"@type":"PropertyValueSpecification","valueRequired":true,"valueName":"search_term_string"}}],"inLanguage":"pt-BR"},{"@type":"Person","@id":"https:\/\/www.correiobraziliense.com.br\/aqui\/#\/schema\/person\/5d6e4d99fecc86ab1a7ed1a0369afb65","name":"Lara","image":{"@type":"ImageObject","inLanguage":"pt-BR","@id":"https:\/\/www.correiobraziliense.com.br\/aqui\/#\/schema\/person\/image\/","url":"https:\/\/secure.gravatar.com\/avatar\/57056c5c343a6d8a6669688d3d2c04916d9d280b352b6e50e66a8d39b2517e00?s=96&d=mm&r=g","contentUrl":"https:\/\/secure.gravatar.com\/avatar\/57056c5c343a6d8a6669688d3d2c04916d9d280b352b6e50e66a8d39b2517e00?s=96&d=mm&r=g","caption":"Lara"},"url":"https:\/\/www.correiobraziliense.com.br\/aqui\/author\/laraaqui\/"}]}},"_links":{"self":[{"href":"https:\/\/www.correiobraziliense.com.br\/aqui\/wp-json\/wp\/v2\/posts\/37485","targetHints":{"allow":["GET"]}}],"collection":[{"href":"https:\/\/www.correiobraziliense.com.br\/aqui\/wp-json\/wp\/v2\/posts"}],"about":[{"href":"https:\/\/www.correiobraziliense.com.br\/aqui\/wp-json\/wp\/v2\/types\/post"}],"author":[{"embeddable":true,"href":"https:\/\/www.correiobraziliense.com.br\/aqui\/wp-json\/wp\/v2\/users\/8"}],"replies":[{"embeddable":true,"href":"https:\/\/www.correiobraziliense.com.br\/aqui\/wp-json\/wp\/v2\/comments?post=37485"}],"version-history":[{"count":2,"href":"https:\/\/www.correiobraziliense.com.br\/aqui\/wp-json\/wp\/v2\/posts\/37485\/revisions"}],"predecessor-version":[{"id":37488,"href":"https:\/\/www.correiobraziliense.com.br\/aqui\/wp-json\/wp\/v2\/posts\/37485\/revisions\/37488"}],"wp:featuredmedia":[{"embeddable":true,"href":"https:\/\/www.correiobraziliense.com.br\/aqui\/wp-json\/wp\/v2\/media\/37486"}],"wp:attachment":[{"href":"https:\/\/www.correiobraziliense.com.br\/aqui\/wp-json\/wp\/v2\/media?parent=37485"}],"wp:term":[{"taxonomy":"category","embeddable":true,"href":"https:\/\/www.correiobraziliense.com.br\/aqui\/wp-json\/wp\/v2\/categories?post=37485"},{"taxonomy":"post_tag","embeddable":true,"href":"https:\/\/www.correiobraziliense.com.br\/aqui\/wp-json\/wp\/v2\/tags?post=37485"}],"curies":[{"name":"wp","href":"https:\/\/api.w.org\/{rel}","templated":true}]}}