{"id":37611,"date":"2026-08-24T09:18:00","date_gmt":"2026-08-24T12:18:00","guid":{"rendered":"https:\/\/www.correiobraziliense.com.br\/aqui\/?p=37611"},"modified":"2026-08-24T09:12:48","modified_gmt":"2026-08-24T12:12:48","slug":"doencas-prionicas-como-prions-atacam-o-cerebro-sem-ser-virus","status":"publish","type":"post","link":"https:\/\/www.correiobraziliense.com.br\/aqui\/2026\/08\/24\/doencas-prionicas-como-prions-atacam-o-cerebro-sem-ser-virus\/","title":{"rendered":"Doen\u00e7as pri\u00f4nicas: como pr\u00edons atacam o c\u00e9rebro sem ser v\u00edrus"},"content":{"rendered":"\n<p>O diagn\u00f3stico do especialista em avia\u00e7\u00e3o Lito Sousa, do canal &#8220;Avi\u00f5es e M\u00fasicas&#8221;, com a rara e agressiva doen\u00e7a de Creutzfeldt-Jakob (DCJ) trouxe \u00e0 tona um tema complexo: os pr\u00edons. Confirmada pela fam\u00edlia em agosto de 2026, a condi\u00e7\u00e3o n\u00e3o \u00e9 causada por v\u00edrus, bact\u00e9rias ou fungos, mas por uma vers\u00e3o defeituosa de uma prote\u00edna que todos n\u00f3s temos no c\u00e9rebro. O caso chamou aten\u00e7\u00e3o por apresentar caracter\u00edsticas at\u00edpicas, como a perda de fun\u00e7\u00f5es motoras antes de um decl\u00ednio cognitivo severo, diferente do padr\u00e3o mais comum da doen\u00e7a.<\/p>\n\n\n\n<p>Os <a target=\"_blank\" rel=\"noreferrer noopener\" href=\"https:\/\/www.correiobraziliense.com.br\/revista-do-correio\/2026\/08\/7484838-doenca-de-creutzfeldt-jakob-entenda-o-que-e-a-condicao-neurologica-rara-sem-cura-e-que-avanca-rapidamente.html\">pr\u00edons<\/a> s\u00e3o part\u00edculas proteicas que, por motivos ainda n\u00e3o totalmente esclarecidos, adotam uma forma anormal. O problema \u00e9 que, uma vez modificada, essa prote\u00edna age como um molde e induz outras prote\u00ednas saud\u00e1veis a mudarem de formato tamb\u00e9m. O processo cria um efeito domin\u00f3 que se espalha pelo sistema nervoso.<\/p>\n\n\n\n<p>Essa rea\u00e7\u00e3o em cadeia leva ao ac\u00famulo de prote\u00ednas in\u00fateis, que formam agregados t\u00f3xicos. Com o tempo, esses aglomerados causam a morte de neur\u00f4nios, criando les\u00f5es microsc\u00f3picas que deixam o tecido cerebral com um aspecto esponjoso. Da\u00ed vem o termo &#8220;encefalopatia espongiforme&#8221;, associado a v\u00e1rias dessas doen\u00e7as.<\/p>\n\n\n\n<p>Um dos maiores desafios no combate a essas <a target=\"_blank\" rel=\"noreferrer noopener\" href=\"https:\/\/www.correiobraziliense.com.br\/ciencia-e-saude\/2026\/08\/7484498-creutzfeld-jacob-entenda-doenca-rara-e-sem-cura-de-lito-sousa.html\">doen\u00e7as pri\u00f4nicas<\/a> \u00e9 a extrema resist\u00eancia dos pr\u00edons. Eles n\u00e3o s\u00e3o destru\u00eddos por m\u00e9todos de desinfec\u00e7\u00e3o convencionais, como \u00e1lcool, calor ou radia\u00e7\u00e3o, o que torna a esteriliza\u00e7\u00e3o de materiais cir\u00fargicos um processo complexo e rigoroso para evitar a transmiss\u00e3o.<\/p>\n\n\n\n<h2 class=\"wp-block-heading\">Quais s\u00e3o as doen\u00e7as pri\u00f4nicas?<\/h2>\n\n\n\n<p>As doen\u00e7as causadas por pr\u00edons s\u00e3o progressivas, sempre fatais e n\u00e3o possuem cura. Elas podem afetar tanto humanos quanto animais. As mais conhecidas incluem:<\/p>\n\n\n\n<p><a target=\"_blank\" rel=\"noreferrer noopener\" href=\"https:\/\/www.correiobraziliense.com.br\/mundo\/2026\/08\/7484617-o-que-e-a-doenca-de-creutzfeldt-jakob-diagnosticada-no-influenciador-lito-sousa.html\"><strong>Doen\u00e7a de Creutzfeldt-Jakob (DCJ)<\/strong><\/a><strong>:<\/strong> \u00e9 a forma mais comum em humanos. Manifesta-se geralmente com dem\u00eancia de r\u00e1pida progress\u00e3o, perda de coordena\u00e7\u00e3o motora e espasmos musculares. A maioria dos casos \u00e9 espor\u00e1dica, sem causa definida, e a evolu\u00e7\u00e3o costuma ser fatal em at\u00e9 um ano ap\u00f3s o in\u00edcio dos sintomas.<\/p>\n\n\n\n<p><strong>Mal da vaca louca:<\/strong> tecnicamente chamada de encefalopatia espongiforme bovina, afeta o gado. Humanos podem contrair uma variante da DCJ ao consumir carne contaminada. A condi\u00e7\u00e3o ficou mundialmente conhecida ap\u00f3s um surto no Reino Unido nos anos 1990.<\/p>\n\n\n\n<p><strong>Kuru:<\/strong> doen\u00e7a hist\u00f3rica que atingiu o povo Fore, na Papua-Nova Guin\u00e9. Sua transmiss\u00e3o ocorria por meio de rituais de canibalismo funer\u00e1rio, pr\u00e1tica que j\u00e1 foi abandonada.<\/p>\n\n\n\n<p><strong>Ins\u00f4nia Familiar Fatal:<\/strong> uma forma heredit\u00e1ria rara que, como o nome sugere, tem como principal sintoma uma ins\u00f4nia severa e intrat\u00e1vel, que evolui para outros problemas neurol\u00f3gicos.<\/p>\n\n\n\n<p>O tratamento para todas as doen\u00e7as pri\u00f4nicas \u00e9 focado apenas em aliviar os sintomas e oferecer <a target=\"_blank\" rel=\"noreferrer noopener\" href=\"https:\/\/www.correiobraziliense.com.br\/ciencia-e-saude\/2026\/08\/7485078-cuidados-paliativos-na-doenca-de-creutzfeldt-jakob-guia-pratico.html\">cuidados paliativos<\/a>, j\u00e1 que n\u00e3o h\u00e1 terapia capaz de reverter ou frear a degenera\u00e7\u00e3o cerebral.<\/p>\n\n\n\n<p><\/p>\n","protected":false},"excerpt":{"rendered":"<p>Prote\u00ednas anormais causam Creutzfeldt-Jakob e mal da vaca louca; part\u00edculas s\u00e3o resistentes a desinfec\u00e7\u00e3o convencional<\/p>\n","protected":false},"author":10,"featured_media":29987,"comment_status":"open","ping_status":"open","sticky":false,"template":"","format":"standard","meta":{"jnews-multi-image_gallery":[],"jnews_single_post":{"format":"standard"},"jnews_primary_category":[],"jnews_social_meta":[],"jnews_override_counter":[],"footnotes":""},"categories":[123],"tags":[2976,141],"class_list":["post-37611","post","type-post","status-publish","format-standard","has-post-thumbnail","hentry","category-saude","tag-cerebro","tag-saude"],"yoast_head":"<!-- This site is optimized with the Yoast SEO plugin v25.1 - https:\/\/yoast.com\/wordpress\/plugins\/seo\/ -->\n<title>Doen\u00e7as pri\u00f4nicas: como pr\u00edons atacam o c\u00e9rebro sem ser v\u00edrus - Correio Braziliense - Aqui<\/title>\n<meta name=\"description\" content=\"Prote\u00ednas anormais causam Creutzfeldt-Jakob e mal da vaca louca; pos pr\u00edons s\u00e3o resistentes a desinfec\u00e7\u00e3o convencional\" \/>\n<meta name=\"robots\" content=\"index, follow, max-snippet:-1, max-image-preview:large, max-video-preview:-1\" \/>\n<link rel=\"canonical\" href=\"https:\/\/www.correiobraziliense.com.br\/aqui\/2026\/08\/24\/doencas-prionicas-como-prions-atacam-o-cerebro-sem-ser-virus\/\" \/>\n<meta property=\"og:locale\" content=\"pt_BR\" \/>\n<meta property=\"og:type\" content=\"article\" \/>\n<meta property=\"og:title\" content=\"Doen\u00e7as pri\u00f4nicas: como pr\u00edons atacam o c\u00e9rebro sem ser v\u00edrus - Correio Braziliense - Aqui\" \/>\n<meta property=\"og:description\" content=\"Prote\u00ednas anormais causam Creutzfeldt-Jakob e mal da vaca louca; pos pr\u00edons s\u00e3o resistentes a desinfec\u00e7\u00e3o convencional\" \/>\n<meta property=\"og:url\" content=\"https:\/\/www.correiobraziliense.com.br\/aqui\/2026\/08\/24\/doencas-prionicas-como-prions-atacam-o-cerebro-sem-ser-virus\/\" \/>\n<meta property=\"og:site_name\" content=\"Correio Braziliense - Aqui\" \/>\n<meta property=\"article:published_time\" content=\"2026-08-24T12:18:00+00:00\" \/>\n<meta property=\"og:image\" content=\"https:\/\/www.correiobraziliense.com.br\/aqui\/wp-content\/uploads\/2026\/05\/trabalhador-cansado_1779282980334.jpg\" \/>\n\t<meta property=\"og:image:width\" content=\"1280\" \/>\n\t<meta property=\"og:image:height\" content=\"720\" \/>\n\t<meta property=\"og:image:type\" content=\"image\/jpeg\" \/>\n<meta name=\"author\" content=\"Larissa\" \/>\n<meta name=\"twitter:card\" content=\"summary_large_image\" \/>\n<meta name=\"twitter:label1\" content=\"Escrito por\" \/>\n\t<meta name=\"twitter:data1\" content=\"Larissa\" \/>\n\t<meta name=\"twitter:label2\" content=\"Est. tempo de leitura\" \/>\n\t<meta name=\"twitter:data2\" content=\"3 minutos\" \/>\n<!-- \/ Yoast SEO plugin. -->","yoast_head_json":{"title":"Doen\u00e7as pri\u00f4nicas: como pr\u00edons atacam o c\u00e9rebro sem ser v\u00edrus - Correio Braziliense - Aqui","description":"Prote\u00ednas anormais causam Creutzfeldt-Jakob e mal da vaca louca; pos pr\u00edons s\u00e3o resistentes a desinfec\u00e7\u00e3o convencional","robots":{"index":"index","follow":"follow","max-snippet":"max-snippet:-1","max-image-preview":"max-image-preview:large","max-video-preview":"max-video-preview:-1"},"canonical":"https:\/\/www.correiobraziliense.com.br\/aqui\/2026\/08\/24\/doencas-prionicas-como-prions-atacam-o-cerebro-sem-ser-virus\/","og_locale":"pt_BR","og_type":"article","og_title":"Doen\u00e7as pri\u00f4nicas: como pr\u00edons atacam o c\u00e9rebro sem ser v\u00edrus - Correio Braziliense - Aqui","og_description":"Prote\u00ednas anormais causam Creutzfeldt-Jakob e mal da vaca louca; pos pr\u00edons s\u00e3o resistentes a desinfec\u00e7\u00e3o convencional","og_url":"https:\/\/www.correiobraziliense.com.br\/aqui\/2026\/08\/24\/doencas-prionicas-como-prions-atacam-o-cerebro-sem-ser-virus\/","og_site_name":"Correio Braziliense - Aqui","article_published_time":"2026-08-24T12:18:00+00:00","og_image":[{"width":1280,"height":720,"url":"https:\/\/www.correiobraziliense.com.br\/aqui\/wp-content\/uploads\/2026\/05\/trabalhador-cansado_1779282980334.jpg","type":"image\/jpeg"}],"author":"Larissa","twitter_card":"summary_large_image","twitter_misc":{"Escrito por":"Larissa","Est. tempo de leitura":"3 minutos"},"schema":{"@context":"https:\/\/schema.org","@graph":[{"@type":"WebPage","@id":"https:\/\/www.correiobraziliense.com.br\/aqui\/2026\/08\/24\/doencas-prionicas-como-prions-atacam-o-cerebro-sem-ser-virus\/","url":"https:\/\/www.correiobraziliense.com.br\/aqui\/2026\/08\/24\/doencas-prionicas-como-prions-atacam-o-cerebro-sem-ser-virus\/","name":"Doen\u00e7as pri\u00f4nicas: como pr\u00edons atacam o c\u00e9rebro sem ser v\u00edrus - Correio Braziliense - Aqui","isPartOf":{"@id":"https:\/\/www.correiobraziliense.com.br\/aqui\/#website"},"primaryImageOfPage":{"@id":"https:\/\/www.correiobraziliense.com.br\/aqui\/2026\/08\/24\/doencas-prionicas-como-prions-atacam-o-cerebro-sem-ser-virus\/#primaryimage"},"image":{"@id":"https:\/\/www.correiobraziliense.com.br\/aqui\/2026\/08\/24\/doencas-prionicas-como-prions-atacam-o-cerebro-sem-ser-virus\/#primaryimage"},"thumbnailUrl":"https:\/\/www.correiobraziliense.com.br\/aqui\/wp-content\/uploads\/2026\/05\/trabalhador-cansado_1779282980334.jpg","datePublished":"2026-08-24T12:18:00+00:00","author":{"@id":"https:\/\/www.correiobraziliense.com.br\/aqui\/#\/schema\/person\/775f50a8c1ac31704d56816e99b29041"},"description":"Prote\u00ednas anormais causam Creutzfeldt-Jakob e mal da vaca louca; pos pr\u00edons s\u00e3o resistentes a desinfec\u00e7\u00e3o convencional","breadcrumb":{"@id":"https:\/\/www.correiobraziliense.com.br\/aqui\/2026\/08\/24\/doencas-prionicas-como-prions-atacam-o-cerebro-sem-ser-virus\/#breadcrumb"},"inLanguage":"pt-BR","potentialAction":[{"@type":"ReadAction","target":["https:\/\/www.correiobraziliense.com.br\/aqui\/2026\/08\/24\/doencas-prionicas-como-prions-atacam-o-cerebro-sem-ser-virus\/"]}]},{"@type":"ImageObject","inLanguage":"pt-BR","@id":"https:\/\/www.correiobraziliense.com.br\/aqui\/2026\/08\/24\/doencas-prionicas-como-prions-atacam-o-cerebro-sem-ser-virus\/#primaryimage","url":"https:\/\/www.correiobraziliense.com.br\/aqui\/wp-content\/uploads\/2026\/05\/trabalhador-cansado_1779282980334.jpg","contentUrl":"https:\/\/www.correiobraziliense.com.br\/aqui\/wp-content\/uploads\/2026\/05\/trabalhador-cansado_1779282980334.jpg","width":1280,"height":720,"caption":"Cr\u00e9ditos: depositphotos.com \/ stokkete"},{"@type":"BreadcrumbList","@id":"https:\/\/www.correiobraziliense.com.br\/aqui\/2026\/08\/24\/doencas-prionicas-como-prions-atacam-o-cerebro-sem-ser-virus\/#breadcrumb","itemListElement":[{"@type":"ListItem","position":1,"name":"In\u00edcio","item":"https:\/\/www.correiobraziliense.com.br\/aqui\/"},{"@type":"ListItem","position":2,"name":"Doen\u00e7as pri\u00f4nicas: como pr\u00edons atacam o c\u00e9rebro sem ser v\u00edrus"}]},{"@type":"WebSite","@id":"https:\/\/www.correiobraziliense.com.br\/aqui\/#website","url":"https:\/\/www.correiobraziliense.com.br\/aqui\/","name":"Correio Braziliense - Aqui","description":"O Correio Braziliense (CB) \u00e9 o mais importante canal de not\u00edcias de Bras\u00edlia. Aqui voc\u00ea encontra as \u00faltimas not\u00edcias do DF, do Brasil e do mundo.","potentialAction":[{"@type":"SearchAction","target":{"@type":"EntryPoint","urlTemplate":"https:\/\/www.correiobraziliense.com.br\/aqui\/?s={search_term_string}"},"query-input":{"@type":"PropertyValueSpecification","valueRequired":true,"valueName":"search_term_string"}}],"inLanguage":"pt-BR"},{"@type":"Person","@id":"https:\/\/www.correiobraziliense.com.br\/aqui\/#\/schema\/person\/775f50a8c1ac31704d56816e99b29041","name":"Larissa","image":{"@type":"ImageObject","inLanguage":"pt-BR","@id":"https:\/\/www.correiobraziliense.com.br\/aqui\/#\/schema\/person\/image\/","url":"https:\/\/secure.gravatar.com\/avatar\/62f5b2e99de671d075ab98e19f03c3c38c80a93f5d06f51075cf4431a4e76458?s=96&d=mm&r=g","contentUrl":"https:\/\/secure.gravatar.com\/avatar\/62f5b2e99de671d075ab98e19f03c3c38c80a93f5d06f51075cf4431a4e76458?s=96&d=mm&r=g","caption":"Larissa"},"url":"https:\/\/www.correiobraziliense.com.br\/aqui\/author\/larissaaqui\/"}]}},"_links":{"self":[{"href":"https:\/\/www.correiobraziliense.com.br\/aqui\/wp-json\/wp\/v2\/posts\/37611","targetHints":{"allow":["GET"]}}],"collection":[{"href":"https:\/\/www.correiobraziliense.com.br\/aqui\/wp-json\/wp\/v2\/posts"}],"about":[{"href":"https:\/\/www.correiobraziliense.com.br\/aqui\/wp-json\/wp\/v2\/types\/post"}],"author":[{"embeddable":true,"href":"https:\/\/www.correiobraziliense.com.br\/aqui\/wp-json\/wp\/v2\/users\/10"}],"replies":[{"embeddable":true,"href":"https:\/\/www.correiobraziliense.com.br\/aqui\/wp-json\/wp\/v2\/comments?post=37611"}],"version-history":[{"count":4,"href":"https:\/\/www.correiobraziliense.com.br\/aqui\/wp-json\/wp\/v2\/posts\/37611\/revisions"}],"predecessor-version":[{"id":37615,"href":"https:\/\/www.correiobraziliense.com.br\/aqui\/wp-json\/wp\/v2\/posts\/37611\/revisions\/37615"}],"wp:featuredmedia":[{"embeddable":true,"href":"https:\/\/www.correiobraziliense.com.br\/aqui\/wp-json\/wp\/v2\/media\/29987"}],"wp:attachment":[{"href":"https:\/\/www.correiobraziliense.com.br\/aqui\/wp-json\/wp\/v2\/media?parent=37611"}],"wp:term":[{"taxonomy":"category","embeddable":true,"href":"https:\/\/www.correiobraziliense.com.br\/aqui\/wp-json\/wp\/v2\/categories?post=37611"},{"taxonomy":"post_tag","embeddable":true,"href":"https:\/\/www.correiobraziliense.com.br\/aqui\/wp-json\/wp\/v2\/tags?post=37611"}],"curies":[{"name":"wp","href":"https:\/\/api.w.org\/{rel}","templated":true}]}}