{"id":37616,"date":"2026-08-24T09:50:00","date_gmt":"2026-08-24T12:50:00","guid":{"rendered":"https:\/\/www.correiobraziliense.com.br\/aqui\/?p=37616"},"modified":"2026-08-24T09:28:00","modified_gmt":"2026-08-24T12:28:00","slug":"debate-em-podcast-conheca-a-novidade-das-eleicoes-2026","status":"publish","type":"post","link":"https:\/\/www.correiobraziliense.com.br\/aqui\/2026\/08\/24\/debate-em-podcast-conheca-a-novidade-das-eleicoes-2026\/","title":{"rendered":"Debate em podcast: conhe\u00e7a a novidade das elei\u00e7\u00f5es 2026"},"content":{"rendered":"\n<p>As elei\u00e7\u00f5es presidenciais de 2026 ganhar\u00e3o um palco in\u00e9dito e alinhado \u00e0s novas formas de consumo de conte\u00fado. O podcast &#8220;Intelig\u00eancia Ltda&#8221;, o portal de not\u00edcias Metr\u00f3poles e o G4 anunciaram a realiza\u00e7\u00e3o de um debate entre candidatos \u00e0 presid\u00eancia em formato de podcast. O encontro est\u00e1 previsto para o dia 18 de setembro, \u00e0s 19h, no espa\u00e7o do G4, na Vila Ol\u00edmpia, zona sul da capital paulista.<\/p>\n\n\n\n<p>A iniciativa representa uma mudan\u00e7a significativa na forma como os <a target=\"_blank\" rel=\"noreferrer noopener\" href=\"https:\/\/www.correiobraziliense.com.br\/mundo\/2026\/08\/7474501-debates-das-eleicoes-2026-veja-calendario-datas-e-regras-dos-principais-debates-presidenciais.html\">debates pol\u00edticos<\/a> s\u00e3o tradicionalmente conduzidos no Brasil. O objetivo \u00e9 abandonar os modelos r\u00edgidos da televis\u00e3o, com blocos tem\u00e1ticos e tempos cronometrados, para adotar um formato de conversa mais fluido e aprofundado. A proposta \u00e9 permitir que os candidatos desenvolvam suas ideias com mais liberdade e tempo.<\/p>\n\n\n\n<p>Essa nova abordagem busca alcan\u00e7ar um p\u00fablico que majoritariamente n\u00e3o acompanha a programa\u00e7\u00e3o da TV aberta. Ao levar o principal evento do <a target=\"_blank\" rel=\"noreferrer noopener\" href=\"https:\/\/www.correiobraziliense.com.br\/mundo\/2026\/08\/7479249-guia-do-eleitor-tudo-o-que-voce-precisa-saber-sobre-as-eleicoes-de-2026.html\">calend\u00e1rio eleitoral<\/a> para o ambiente dos podcasts e do YouTube, os organizadores pretendem engajar eleitores mais jovens e conectados, que j\u00e1 utilizam essas plataformas como principal fonte de informa\u00e7\u00e3o e entretenimento.<\/p>\n\n\n\n<h2 class=\"wp-block-heading\">Um formato mais din\u00e2mico<\/h2>\n\n\n\n<p>Diferente dos confrontos televisivos, o debate em podcast n\u00e3o ter\u00e1 a figura do mediador com controle estrito do tempo. A condu\u00e7\u00e3o ficar\u00e1 a cargo do apresentador do &#8220;Intelig\u00eancia Ltda&#8221;, que promover\u00e1 um di\u00e1logo direto entre os presidenci\u00e1veis. A expectativa \u00e9 que o modelo favore\u00e7a a espontaneidade e permita uma an\u00e1lise mais completa das propostas de cada um.<\/p>\n\n\n\n<p>A transmiss\u00e3o ser\u00e1 ao vivo, simultaneamente nos canais do YouTube do podcast, do Metr\u00f3poles e do G4, plataformas que somam milh\u00f5es de inscritos e visualiza\u00e7\u00f5es. A estrutura planejada no espa\u00e7o do G4 contar\u00e1 com plateia, mas o foco principal ser\u00e1 a experi\u00eancia de quem acompanha a transmiss\u00e3o online, com alta qualidade de \u00e1udio e v\u00eddeo.<\/p>\n\n\n\n<h2 class=\"wp-block-heading\">Novo cen\u00e1rio para a pol\u00edtica<\/h2>\n\n\n\n<p>A escolha do formato reflete uma tend\u00eancia global de adapta\u00e7\u00e3o da <a target=\"_blank\" rel=\"noreferrer noopener\" href=\"https:\/\/www.correiobraziliense.com.br\/direito-e-justica\/2026\/08\/7482588-eleicoes-2026-e-a-nova-disputa-pelo-controle-da-percepcao-publica.html\">comunica\u00e7\u00e3o pol\u00edtica aos meios digitais<\/a>. Campanhas eleitorais em todo o mundo j\u00e1 utilizam intensivamente redes sociais e plataformas de streaming para dialogar diretamente com o eleitorado, sem a intermedia\u00e7\u00e3o da m\u00eddia tradicional. A realiza\u00e7\u00e3o de um debate presidencial nesse ambiente consolida essa transforma\u00e7\u00e3o no Brasil.<\/p>\n\n\n\n<p>Os convites formais aos candidatos e a defini\u00e7\u00e3o das regras finais do encontro devem ocorrer mais perto do per\u00edodo eleitoral. A iniciativa, no entanto, j\u00e1 movimenta os bastidores da pol\u00edtica e sinaliza como a tecnologia e os novos h\u00e1bitos de consumo de m\u00eddia devem moldar as pr\u00f3ximas disputas pelo <a target=\"_blank\" rel=\"noreferrer noopener\" href=\"https:\/\/www.correiobraziliense.com.br\/mundo\/2026\/08\/7485400-sem-lula-e-flavio-bolsonaro-os-debates-ainda-importam-o-que-dizem-os-especialistas.html\">Pal\u00e1cio do Planalto<\/a>.<\/p>\n","protected":false},"excerpt":{"rendered":"<p>Intelig\u00eancia Ltda, Metr\u00f3poles e G4 promovem debate presidencial em podcast; evento acontece dia 18 de setembro na Vila Ol\u00edmpia<\/p>\n","protected":false},"author":10,"featured_media":37620,"comment_status":"open","ping_status":"open","sticky":false,"template":"","format":"standard","meta":{"jnews-multi-image_gallery":[],"jnews_single_post":{"format":"standard"},"jnews_primary_category":[],"jnews_social_meta":[],"jnews_override_counter":[],"footnotes":""},"categories":[1279],"tags":[157,6266],"class_list":["post-37616","post","type-post","status-publish","format-standard","has-post-thumbnail","hentry","category-noticias","tag-brasil","tag-eleicoes-2026"],"yoast_head":"<!-- This site is optimized with the Yoast SEO plugin v25.1 - https:\/\/yoast.com\/wordpress\/plugins\/seo\/ -->\n<title>Debate em podcast: conhe\u00e7a a novidade das elei\u00e7\u00f5es 2026 - Correio Braziliense - Aqui<\/title>\n<meta name=\"description\" content=\"Intelig\u00eancia Ltda, Metr\u00f3poles e G4 promovem debate presidencial em podcast; evento acontece dia 18 de setembro na Vila Ol\u00edmpia\" \/>\n<meta name=\"robots\" content=\"index, follow, max-snippet:-1, max-image-preview:large, max-video-preview:-1\" \/>\n<link rel=\"canonical\" href=\"https:\/\/www.correiobraziliense.com.br\/aqui\/2026\/08\/24\/debate-em-podcast-conheca-a-novidade-das-eleicoes-2026\/\" \/>\n<meta property=\"og:locale\" content=\"pt_BR\" \/>\n<meta property=\"og:type\" content=\"article\" \/>\n<meta property=\"og:title\" content=\"Debate em podcast: conhe\u00e7a a novidade das elei\u00e7\u00f5es 2026 - Correio Braziliense - Aqui\" \/>\n<meta property=\"og:description\" content=\"Intelig\u00eancia Ltda, Metr\u00f3poles e G4 promovem debate presidencial em podcast; evento acontece dia 18 de setembro na Vila Ol\u00edmpia\" \/>\n<meta property=\"og:url\" content=\"https:\/\/www.correiobraziliense.com.br\/aqui\/2026\/08\/24\/debate-em-podcast-conheca-a-novidade-das-eleicoes-2026\/\" \/>\n<meta property=\"og:site_name\" content=\"Correio Braziliense - Aqui\" \/>\n<meta property=\"article:published_time\" content=\"2026-08-24T12:50:00+00:00\" \/>\n<meta property=\"og:image\" content=\"https:\/\/www.correiobraziliense.com.br\/aqui\/wp-content\/uploads\/2026\/08\/pexels-abdellahbnz-33923596-scaled.jpg\" \/>\n\t<meta property=\"og:image:width\" content=\"2560\" \/>\n\t<meta property=\"og:image:height\" content=\"1707\" \/>\n\t<meta property=\"og:image:type\" content=\"image\/jpeg\" \/>\n<meta name=\"author\" content=\"Larissa\" \/>\n<meta name=\"twitter:card\" content=\"summary_large_image\" \/>\n<meta name=\"twitter:label1\" content=\"Escrito por\" \/>\n\t<meta name=\"twitter:data1\" content=\"Larissa\" \/>\n\t<meta name=\"twitter:label2\" content=\"Est. tempo de leitura\" \/>\n\t<meta name=\"twitter:data2\" content=\"3 minutos\" \/>\n<!-- \/ Yoast SEO plugin. -->","yoast_head_json":{"title":"Debate em podcast: conhe\u00e7a a novidade das elei\u00e7\u00f5es 2026 - Correio Braziliense - Aqui","description":"Intelig\u00eancia Ltda, Metr\u00f3poles e G4 promovem debate presidencial em podcast; evento acontece dia 18 de setembro na Vila Ol\u00edmpia","robots":{"index":"index","follow":"follow","max-snippet":"max-snippet:-1","max-image-preview":"max-image-preview:large","max-video-preview":"max-video-preview:-1"},"canonical":"https:\/\/www.correiobraziliense.com.br\/aqui\/2026\/08\/24\/debate-em-podcast-conheca-a-novidade-das-eleicoes-2026\/","og_locale":"pt_BR","og_type":"article","og_title":"Debate em podcast: conhe\u00e7a a novidade das elei\u00e7\u00f5es 2026 - Correio Braziliense - Aqui","og_description":"Intelig\u00eancia Ltda, Metr\u00f3poles e G4 promovem debate presidencial em podcast; evento acontece dia 18 de setembro na Vila Ol\u00edmpia","og_url":"https:\/\/www.correiobraziliense.com.br\/aqui\/2026\/08\/24\/debate-em-podcast-conheca-a-novidade-das-eleicoes-2026\/","og_site_name":"Correio Braziliense - Aqui","article_published_time":"2026-08-24T12:50:00+00:00","og_image":[{"width":2560,"height":1707,"url":"https:\/\/www.correiobraziliense.com.br\/aqui\/wp-content\/uploads\/2026\/08\/pexels-abdellahbnz-33923596-scaled.jpg","type":"image\/jpeg"}],"author":"Larissa","twitter_card":"summary_large_image","twitter_misc":{"Escrito por":"Larissa","Est. tempo de leitura":"3 minutos"},"schema":{"@context":"https:\/\/schema.org","@graph":[{"@type":"WebPage","@id":"https:\/\/www.correiobraziliense.com.br\/aqui\/2026\/08\/24\/debate-em-podcast-conheca-a-novidade-das-eleicoes-2026\/","url":"https:\/\/www.correiobraziliense.com.br\/aqui\/2026\/08\/24\/debate-em-podcast-conheca-a-novidade-das-eleicoes-2026\/","name":"Debate em podcast: conhe\u00e7a a novidade das elei\u00e7\u00f5es 2026 - Correio Braziliense - Aqui","isPartOf":{"@id":"https:\/\/www.correiobraziliense.com.br\/aqui\/#website"},"primaryImageOfPage":{"@id":"https:\/\/www.correiobraziliense.com.br\/aqui\/2026\/08\/24\/debate-em-podcast-conheca-a-novidade-das-eleicoes-2026\/#primaryimage"},"image":{"@id":"https:\/\/www.correiobraziliense.com.br\/aqui\/2026\/08\/24\/debate-em-podcast-conheca-a-novidade-das-eleicoes-2026\/#primaryimage"},"thumbnailUrl":"https:\/\/www.correiobraziliense.com.br\/aqui\/wp-content\/uploads\/2026\/08\/pexels-abdellahbnz-33923596-scaled.jpg","datePublished":"2026-08-24T12:50:00+00:00","author":{"@id":"https:\/\/www.correiobraziliense.com.br\/aqui\/#\/schema\/person\/775f50a8c1ac31704d56816e99b29041"},"description":"Intelig\u00eancia Ltda, Metr\u00f3poles e G4 promovem debate presidencial em podcast; evento acontece dia 18 de setembro na Vila Ol\u00edmpia","breadcrumb":{"@id":"https:\/\/www.correiobraziliense.com.br\/aqui\/2026\/08\/24\/debate-em-podcast-conheca-a-novidade-das-eleicoes-2026\/#breadcrumb"},"inLanguage":"pt-BR","potentialAction":[{"@type":"ReadAction","target":["https:\/\/www.correiobraziliense.com.br\/aqui\/2026\/08\/24\/debate-em-podcast-conheca-a-novidade-das-eleicoes-2026\/"]}]},{"@type":"ImageObject","inLanguage":"pt-BR","@id":"https:\/\/www.correiobraziliense.com.br\/aqui\/2026\/08\/24\/debate-em-podcast-conheca-a-novidade-das-eleicoes-2026\/#primaryimage","url":"https:\/\/www.correiobraziliense.com.br\/aqui\/wp-content\/uploads\/2026\/08\/pexels-abdellahbnz-33923596-scaled.jpg","contentUrl":"https:\/\/www.correiobraziliense.com.br\/aqui\/wp-content\/uploads\/2026\/08\/pexels-abdellahbnz-33923596-scaled.jpg","width":2560,"height":1707,"caption":"Debate em podcast: conhe\u00e7a a novidade das elei\u00e7\u00f5es 2026"},{"@type":"BreadcrumbList","@id":"https:\/\/www.correiobraziliense.com.br\/aqui\/2026\/08\/24\/debate-em-podcast-conheca-a-novidade-das-eleicoes-2026\/#breadcrumb","itemListElement":[{"@type":"ListItem","position":1,"name":"In\u00edcio","item":"https:\/\/www.correiobraziliense.com.br\/aqui\/"},{"@type":"ListItem","position":2,"name":"Debate em podcast: conhe\u00e7a a novidade das elei\u00e7\u00f5es 2026"}]},{"@type":"WebSite","@id":"https:\/\/www.correiobraziliense.com.br\/aqui\/#website","url":"https:\/\/www.correiobraziliense.com.br\/aqui\/","name":"Correio Braziliense - Aqui","description":"O Correio Braziliense (CB) \u00e9 o mais importante canal de not\u00edcias de Bras\u00edlia. Aqui voc\u00ea encontra as \u00faltimas not\u00edcias do DF, do Brasil e do mundo.","potentialAction":[{"@type":"SearchAction","target":{"@type":"EntryPoint","urlTemplate":"https:\/\/www.correiobraziliense.com.br\/aqui\/?s={search_term_string}"},"query-input":{"@type":"PropertyValueSpecification","valueRequired":true,"valueName":"search_term_string"}}],"inLanguage":"pt-BR"},{"@type":"Person","@id":"https:\/\/www.correiobraziliense.com.br\/aqui\/#\/schema\/person\/775f50a8c1ac31704d56816e99b29041","name":"Larissa","image":{"@type":"ImageObject","inLanguage":"pt-BR","@id":"https:\/\/www.correiobraziliense.com.br\/aqui\/#\/schema\/person\/image\/","url":"https:\/\/secure.gravatar.com\/avatar\/62f5b2e99de671d075ab98e19f03c3c38c80a93f5d06f51075cf4431a4e76458?s=96&d=mm&r=g","contentUrl":"https:\/\/secure.gravatar.com\/avatar\/62f5b2e99de671d075ab98e19f03c3c38c80a93f5d06f51075cf4431a4e76458?s=96&d=mm&r=g","caption":"Larissa"},"url":"https:\/\/www.correiobraziliense.com.br\/aqui\/author\/larissaaqui\/"}]}},"_links":{"self":[{"href":"https:\/\/www.correiobraziliense.com.br\/aqui\/wp-json\/wp\/v2\/posts\/37616","targetHints":{"allow":["GET"]}}],"collection":[{"href":"https:\/\/www.correiobraziliense.com.br\/aqui\/wp-json\/wp\/v2\/posts"}],"about":[{"href":"https:\/\/www.correiobraziliense.com.br\/aqui\/wp-json\/wp\/v2\/types\/post"}],"author":[{"embeddable":true,"href":"https:\/\/www.correiobraziliense.com.br\/aqui\/wp-json\/wp\/v2\/users\/10"}],"replies":[{"embeddable":true,"href":"https:\/\/www.correiobraziliense.com.br\/aqui\/wp-json\/wp\/v2\/comments?post=37616"}],"version-history":[{"count":3,"href":"https:\/\/www.correiobraziliense.com.br\/aqui\/wp-json\/wp\/v2\/posts\/37616\/revisions"}],"predecessor-version":[{"id":37619,"href":"https:\/\/www.correiobraziliense.com.br\/aqui\/wp-json\/wp\/v2\/posts\/37616\/revisions\/37619"}],"wp:featuredmedia":[{"embeddable":true,"href":"https:\/\/www.correiobraziliense.com.br\/aqui\/wp-json\/wp\/v2\/media\/37620"}],"wp:attachment":[{"href":"https:\/\/www.correiobraziliense.com.br\/aqui\/wp-json\/wp\/v2\/media?parent=37616"}],"wp:term":[{"taxonomy":"category","embeddable":true,"href":"https:\/\/www.correiobraziliense.com.br\/aqui\/wp-json\/wp\/v2\/categories?post=37616"},{"taxonomy":"post_tag","embeddable":true,"href":"https:\/\/www.correiobraziliense.com.br\/aqui\/wp-json\/wp\/v2\/tags?post=37616"}],"curies":[{"name":"wp","href":"https:\/\/api.w.org\/{rel}","templated":true}]}}