{"id":37659,"date":"2026-08-24T17:55:00","date_gmt":"2026-08-24T20:55:00","guid":{"rendered":"https:\/\/www.correiobraziliense.com.br\/aqui\/?p=37659"},"modified":"2026-08-24T15:08:26","modified_gmt":"2026-08-24T18:08:26","slug":"dose-zero-do-sarampo-quando-o-bebe-precisa-tomar-a-vacina","status":"publish","type":"post","link":"https:\/\/www.correiobraziliense.com.br\/aqui\/2026\/08\/24\/dose-zero-do-sarampo-quando-o-bebe-precisa-tomar-a-vacina\/","title":{"rendered":"Dose zero do sarampo: quando o beb\u00ea precisa tomar a vacina"},"content":{"rendered":"\n<p>O Minist\u00e9rio da Sa\u00fade iniciou a aplica\u00e7\u00e3o da chamada \u201cdose zero\u201d da vacina contra o sarampo em beb\u00eas de 6 a 11 meses. A medida vale para as cidades de S\u00e3o Paulo, Guarulhos e S\u00e3o Bernardo do Campo e ocorre ap\u00f3s a identifica\u00e7\u00e3o de novos casos da doen\u00e7a, relacionados \u00e0 importa\u00e7\u00e3o do v\u00edrus.<\/p>\n\n\n\n<p>Essa estrat\u00e9gia de vacina\u00e7\u00e3o antecipada busca criar uma barreira de prote\u00e7\u00e3o e impedir que o v\u00edrus se espalhe. A a\u00e7\u00e3o faz parte da <a target=\"_blank\" rel=\"noreferrer noopener\" href=\"https:\/\/www.correiobraziliense.com.br\/brasil\/2026\/08\/7472716-campanha-nacional-de-multivacinacao-comeca-nesta-segunda-feira.html\">Campanha Nacional de Multivacina\u00e7\u00e3o<\/a>, que tem como objetivo atualizar a caderneta de vacina\u00e7\u00e3o da popula\u00e7\u00e3o e aumentar a cobertura contra diversas doen\u00e7as.<\/p>\n\n\n\n<p>O sarampo \u00e9 uma doen\u00e7a infecciosa grave, causada por um v\u00edrus que pode ser fatal. A vacina\u00e7\u00e3o \u00e9 a forma mais eficaz de preven\u00e7\u00e3o. O <a target=\"_blank\" rel=\"noreferrer noopener\" href=\"https:\/\/www.correiobraziliense.com.br\/brasil\/2026\/08\/7476783-sarampo-volta-ao-brasil-e-fake-news-sobre-as-vacinas-tambem.html\">retorno de casos no pa\u00eds<\/a> acende um alerta para a import\u00e2ncia de manter o esquema vacinal completo e atualizado.<\/p>\n\n\n\n<h2 class=\"wp-block-heading\">Essa dose substitui o calend\u00e1rio vacinal?<\/h2>\n\n\n\n<p>\u00c9 fundamental entender que a \u201cdose zero\u201d n\u00e3o substitui as vacinas do calend\u00e1rio oficial. Ela funciona como uma prote\u00e7\u00e3o extra e tempor\u00e1ria para os beb\u00eas mais novos, que s\u00e3o mais vulner\u00e1veis a complica\u00e7\u00f5es graves da doen\u00e7a.<\/p>\n\n\n\n<p>Por isso, mesmo ap\u00f3s receberem essa dose antecipada, as crian\u00e7as devem seguir o esquema de imuniza\u00e7\u00e3o regular. A primeira dose da <a target=\"_blank\" rel=\"noreferrer noopener\" href=\"https:\/\/www.correiobraziliense.com.br\/opiniao\/2025\/04\/7106612-a-ameaca-do-sarampo.html\">vacina tr\u00edplice viral<\/a> (sarampo, caxumba e rub\u00e9ola) continua sendo aplicada aos 12 meses de idade.<\/p>\n\n\n\n<p>J\u00e1 a segunda dose, com a vacina tetra viral (que protege tamb\u00e9m contra a varicela), deve ser administrada aos 15 meses. O cumprimento rigoroso dessas etapas garante a prote\u00e7\u00e3o duradoura contra o sarampo.<\/p>\n\n\n\n<h2 class=\"wp-block-heading\">Quem mais deve se vacinar contra o sarampo?<\/h2>\n\n\n\n<p>A campanha de intensifica\u00e7\u00e3o n\u00e3o se limita apenas aos beb\u00eas. A recomenda\u00e7\u00e3o \u00e9 que todas as pessoas de 6 meses a 59 anos que vivem nessas tr\u00eas cidades paulistas procurem um posto de sa\u00fade para verificar sua situa\u00e7\u00e3o.<\/p>\n\n\n\n<p>Quem n\u00e3o tiver o <a target=\"_blank\" rel=\"noreferrer noopener\" href=\"https:\/\/www.correiobraziliense.com.br\/mundo\/2026\/08\/7477124-sarampo-volta-a-acender-alerta-no-brasil-quem-precisa-se-vacinar-veja-perguntas-e-respostas-sobre-a-doenca.html\">esquema completo<\/a> ou n\u00e3o souber se j\u00e1 foi vacinado deve receber o imunizante. O objetivo \u00e9 garantir que o maior n\u00famero poss\u00edvel de pessoas esteja protegido, dificultando a circula\u00e7\u00e3o do v\u00edrus na comunidade.<\/p>\n\n\n\n<p>Para receber a vacina, basta comparecer a uma Unidade B\u00e1sica de Sa\u00fade (UBS) com um documento de identifica\u00e7\u00e3o e, se poss\u00edvel, a caderneta de vacina\u00e7\u00e3o. A apresenta\u00e7\u00e3o da caderneta ajuda os profissionais de sa\u00fade a avaliar o hist\u00f3rico e aplicar apenas as doses necess\u00e1rias.<\/p>\n","protected":false},"excerpt":{"rendered":"<p>A vacina contra o sarampo est\u00e1 sendo aplicado em crian\u00e7as de 6 a 11 meses em SP; pediatras explicam diferen\u00e7a para o esquema vacinal padr\u00e3o<\/p>\n","protected":false},"author":8,"featured_media":37660,"comment_status":"open","ping_status":"open","sticky":false,"template":"","format":"standard","meta":{"jnews-multi-image_gallery":[],"jnews_single_post":{"format":"standard"},"jnews_primary_category":[],"jnews_social_meta":[],"jnews_override_counter":[],"footnotes":""},"categories":[123],"tags":[1137,12309,11785,141,12047,6115],"class_list":["post-37659","post","type-post","status-publish","format-standard","has-post-thumbnail","hentry","category-saude","tag-bebe","tag-dose-zero","tag-sarampo","tag-saude","tag-triplice-viral","tag-vacina"],"yoast_head":"<!-- This site is optimized with the Yoast SEO plugin v25.1 - https:\/\/yoast.com\/wordpress\/plugins\/seo\/ -->\n<title>Dose zero do sarampo: quando o beb\u00ea precisa tomar a vacina - Correio Braziliense - Aqui<\/title>\n<meta name=\"description\" content=\"A vacina contra o sarampo est\u00e1 sendo aplicado em crian\u00e7as de 6 a 11 meses em SP; pediatras explicam diferen\u00e7a para o esquema vacinal padr\u00e3o\" \/>\n<meta name=\"robots\" content=\"index, follow, max-snippet:-1, max-image-preview:large, max-video-preview:-1\" \/>\n<link rel=\"canonical\" href=\"https:\/\/www.correiobraziliense.com.br\/aqui\/2026\/08\/24\/dose-zero-do-sarampo-quando-o-bebe-precisa-tomar-a-vacina\/\" \/>\n<meta property=\"og:locale\" content=\"pt_BR\" \/>\n<meta property=\"og:type\" content=\"article\" \/>\n<meta property=\"og:title\" content=\"Dose zero do sarampo: quando o beb\u00ea precisa tomar a vacina - Correio Braziliense - Aqui\" \/>\n<meta property=\"og:description\" content=\"A vacina contra o sarampo est\u00e1 sendo aplicado em crian\u00e7as de 6 a 11 meses em SP; pediatras explicam diferen\u00e7a para o esquema vacinal padr\u00e3o\" \/>\n<meta property=\"og:url\" content=\"https:\/\/www.correiobraziliense.com.br\/aqui\/2026\/08\/24\/dose-zero-do-sarampo-quando-o-bebe-precisa-tomar-a-vacina\/\" \/>\n<meta property=\"og:site_name\" content=\"Correio Braziliense - Aqui\" \/>\n<meta property=\"article:published_time\" content=\"2026-08-24T20:55:00+00:00\" \/>\n<meta property=\"og:image\" content=\"https:\/\/www.correiobraziliense.com.br\/aqui\/wp-content\/uploads\/2026\/08\/vacina-sarampo_1787594800430.jpg\" \/>\n\t<meta property=\"og:image:width\" content=\"1280\" \/>\n\t<meta property=\"og:image:height\" content=\"720\" \/>\n\t<meta property=\"og:image:type\" content=\"image\/jpeg\" \/>\n<meta name=\"author\" content=\"Lara\" \/>\n<meta name=\"twitter:card\" content=\"summary_large_image\" \/>\n<meta name=\"twitter:label1\" content=\"Escrito por\" \/>\n\t<meta name=\"twitter:data1\" content=\"Lara\" \/>\n\t<meta name=\"twitter:label2\" content=\"Est. tempo de leitura\" \/>\n\t<meta name=\"twitter:data2\" content=\"3 minutos\" \/>\n<!-- \/ Yoast SEO plugin. -->","yoast_head_json":{"title":"Dose zero do sarampo: quando o beb\u00ea precisa tomar a vacina - Correio Braziliense - Aqui","description":"A vacina contra o sarampo est\u00e1 sendo aplicado em crian\u00e7as de 6 a 11 meses em SP; pediatras explicam diferen\u00e7a para o esquema vacinal padr\u00e3o","robots":{"index":"index","follow":"follow","max-snippet":"max-snippet:-1","max-image-preview":"max-image-preview:large","max-video-preview":"max-video-preview:-1"},"canonical":"https:\/\/www.correiobraziliense.com.br\/aqui\/2026\/08\/24\/dose-zero-do-sarampo-quando-o-bebe-precisa-tomar-a-vacina\/","og_locale":"pt_BR","og_type":"article","og_title":"Dose zero do sarampo: quando o beb\u00ea precisa tomar a vacina - Correio Braziliense - Aqui","og_description":"A vacina contra o sarampo est\u00e1 sendo aplicado em crian\u00e7as de 6 a 11 meses em SP; pediatras explicam diferen\u00e7a para o esquema vacinal padr\u00e3o","og_url":"https:\/\/www.correiobraziliense.com.br\/aqui\/2026\/08\/24\/dose-zero-do-sarampo-quando-o-bebe-precisa-tomar-a-vacina\/","og_site_name":"Correio Braziliense - Aqui","article_published_time":"2026-08-24T20:55:00+00:00","og_image":[{"width":1280,"height":720,"url":"https:\/\/www.correiobraziliense.com.br\/aqui\/wp-content\/uploads\/2026\/08\/vacina-sarampo_1787594800430.jpg","type":"image\/jpeg"}],"author":"Lara","twitter_card":"summary_large_image","twitter_misc":{"Escrito por":"Lara","Est. tempo de leitura":"3 minutos"},"schema":{"@context":"https:\/\/schema.org","@graph":[{"@type":"WebPage","@id":"https:\/\/www.correiobraziliense.com.br\/aqui\/2026\/08\/24\/dose-zero-do-sarampo-quando-o-bebe-precisa-tomar-a-vacina\/","url":"https:\/\/www.correiobraziliense.com.br\/aqui\/2026\/08\/24\/dose-zero-do-sarampo-quando-o-bebe-precisa-tomar-a-vacina\/","name":"Dose zero do sarampo: quando o beb\u00ea precisa tomar a vacina - Correio Braziliense - Aqui","isPartOf":{"@id":"https:\/\/www.correiobraziliense.com.br\/aqui\/#website"},"primaryImageOfPage":{"@id":"https:\/\/www.correiobraziliense.com.br\/aqui\/2026\/08\/24\/dose-zero-do-sarampo-quando-o-bebe-precisa-tomar-a-vacina\/#primaryimage"},"image":{"@id":"https:\/\/www.correiobraziliense.com.br\/aqui\/2026\/08\/24\/dose-zero-do-sarampo-quando-o-bebe-precisa-tomar-a-vacina\/#primaryimage"},"thumbnailUrl":"https:\/\/www.correiobraziliense.com.br\/aqui\/wp-content\/uploads\/2026\/08\/vacina-sarampo_1787594800430.jpg","datePublished":"2026-08-24T20:55:00+00:00","author":{"@id":"https:\/\/www.correiobraziliense.com.br\/aqui\/#\/schema\/person\/5d6e4d99fecc86ab1a7ed1a0369afb65"},"description":"A vacina contra o sarampo est\u00e1 sendo aplicado em crian\u00e7as de 6 a 11 meses em SP; pediatras explicam diferen\u00e7a para o esquema vacinal padr\u00e3o","breadcrumb":{"@id":"https:\/\/www.correiobraziliense.com.br\/aqui\/2026\/08\/24\/dose-zero-do-sarampo-quando-o-bebe-precisa-tomar-a-vacina\/#breadcrumb"},"inLanguage":"pt-BR","potentialAction":[{"@type":"ReadAction","target":["https:\/\/www.correiobraziliense.com.br\/aqui\/2026\/08\/24\/dose-zero-do-sarampo-quando-o-bebe-precisa-tomar-a-vacina\/"]}]},{"@type":"ImageObject","inLanguage":"pt-BR","@id":"https:\/\/www.correiobraziliense.com.br\/aqui\/2026\/08\/24\/dose-zero-do-sarampo-quando-o-bebe-precisa-tomar-a-vacina\/#primaryimage","url":"https:\/\/www.correiobraziliense.com.br\/aqui\/wp-content\/uploads\/2026\/08\/vacina-sarampo_1787594800430.jpg","contentUrl":"https:\/\/www.correiobraziliense.com.br\/aqui\/wp-content\/uploads\/2026\/08\/vacina-sarampo_1787594800430.jpg","width":1280,"height":720,"caption":"Cr\u00e9ditos: depositphotos.com \/ milastokerpro"},{"@type":"BreadcrumbList","@id":"https:\/\/www.correiobraziliense.com.br\/aqui\/2026\/08\/24\/dose-zero-do-sarampo-quando-o-bebe-precisa-tomar-a-vacina\/#breadcrumb","itemListElement":[{"@type":"ListItem","position":1,"name":"In\u00edcio","item":"https:\/\/www.correiobraziliense.com.br\/aqui\/"},{"@type":"ListItem","position":2,"name":"Dose zero do sarampo: quando o beb\u00ea precisa tomar a vacina"}]},{"@type":"WebSite","@id":"https:\/\/www.correiobraziliense.com.br\/aqui\/#website","url":"https:\/\/www.correiobraziliense.com.br\/aqui\/","name":"Correio Braziliense - Aqui","description":"O Correio Braziliense (CB) \u00e9 o mais importante canal de not\u00edcias de Bras\u00edlia. Aqui voc\u00ea encontra as \u00faltimas not\u00edcias do DF, do Brasil e do mundo.","potentialAction":[{"@type":"SearchAction","target":{"@type":"EntryPoint","urlTemplate":"https:\/\/www.correiobraziliense.com.br\/aqui\/?s={search_term_string}"},"query-input":{"@type":"PropertyValueSpecification","valueRequired":true,"valueName":"search_term_string"}}],"inLanguage":"pt-BR"},{"@type":"Person","@id":"https:\/\/www.correiobraziliense.com.br\/aqui\/#\/schema\/person\/5d6e4d99fecc86ab1a7ed1a0369afb65","name":"Lara","image":{"@type":"ImageObject","inLanguage":"pt-BR","@id":"https:\/\/www.correiobraziliense.com.br\/aqui\/#\/schema\/person\/image\/","url":"https:\/\/secure.gravatar.com\/avatar\/57056c5c343a6d8a6669688d3d2c04916d9d280b352b6e50e66a8d39b2517e00?s=96&d=mm&r=g","contentUrl":"https:\/\/secure.gravatar.com\/avatar\/57056c5c343a6d8a6669688d3d2c04916d9d280b352b6e50e66a8d39b2517e00?s=96&d=mm&r=g","caption":"Lara"},"url":"https:\/\/www.correiobraziliense.com.br\/aqui\/author\/laraaqui\/"}]}},"_links":{"self":[{"href":"https:\/\/www.correiobraziliense.com.br\/aqui\/wp-json\/wp\/v2\/posts\/37659","targetHints":{"allow":["GET"]}}],"collection":[{"href":"https:\/\/www.correiobraziliense.com.br\/aqui\/wp-json\/wp\/v2\/posts"}],"about":[{"href":"https:\/\/www.correiobraziliense.com.br\/aqui\/wp-json\/wp\/v2\/types\/post"}],"author":[{"embeddable":true,"href":"https:\/\/www.correiobraziliense.com.br\/aqui\/wp-json\/wp\/v2\/users\/8"}],"replies":[{"embeddable":true,"href":"https:\/\/www.correiobraziliense.com.br\/aqui\/wp-json\/wp\/v2\/comments?post=37659"}],"version-history":[{"count":2,"href":"https:\/\/www.correiobraziliense.com.br\/aqui\/wp-json\/wp\/v2\/posts\/37659\/revisions"}],"predecessor-version":[{"id":37662,"href":"https:\/\/www.correiobraziliense.com.br\/aqui\/wp-json\/wp\/v2\/posts\/37659\/revisions\/37662"}],"wp:featuredmedia":[{"embeddable":true,"href":"https:\/\/www.correiobraziliense.com.br\/aqui\/wp-json\/wp\/v2\/media\/37660"}],"wp:attachment":[{"href":"https:\/\/www.correiobraziliense.com.br\/aqui\/wp-json\/wp\/v2\/media?parent=37659"}],"wp:term":[{"taxonomy":"category","embeddable":true,"href":"https:\/\/www.correiobraziliense.com.br\/aqui\/wp-json\/wp\/v2\/categories?post=37659"},{"taxonomy":"post_tag","embeddable":true,"href":"https:\/\/www.correiobraziliense.com.br\/aqui\/wp-json\/wp\/v2\/tags?post=37659"}],"curies":[{"name":"wp","href":"https:\/\/api.w.org\/{rel}","templated":true}]}}