{"id":37666,"date":"2026-08-24T18:55:00","date_gmt":"2026-08-24T21:55:00","guid":{"rendered":"https:\/\/www.correiobraziliense.com.br\/aqui\/?p=37666"},"modified":"2026-08-24T15:18:24","modified_gmt":"2026-08-24T18:18:24","slug":"como-otimizar-seu-perfil-no-linkedin-para-atrair-recrutadores","status":"publish","type":"post","link":"https:\/\/www.correiobraziliense.com.br\/aqui\/2026\/08\/24\/como-otimizar-seu-perfil-no-linkedin-para-atrair-recrutadores\/","title":{"rendered":"Como otimizar seu perfil no LinkedIn para atrair recrutadores"},"content":{"rendered":"\n<p>Em um mercado de trabalho cada vez mais competitivo, ter um perfil no LinkedIn bem ajustado deixou de ser um diferencial para se tornar uma necessidade. A plataforma funciona como um \u00edm\u00e3 para recrutadores que buscam ativamente por talentos, e pequenos detalhes na sua p\u00e1gina podem definir se voc\u00ea ser\u00e1 encontrado ou permanecer\u00e1 invis\u00edvel para as melhores oportunidades.<\/p>\n\n\n\n<p>A otimiza\u00e7\u00e3o vai muito al\u00e9m de simplesmente preencher os campos. Trata-se de uma estrat\u00e9gia para aumentar sua visibilidade nos resultados de busca da pr\u00f3pria rede social. Ajustes simples, focados em palavras-chave e na apresenta\u00e7\u00e3o de resultados, podem multiplicar as visitas ao seu perfil e, consequentemente, o n\u00famero de convites para <a target=\"_blank\" rel=\"noreferrer noopener\" href=\"https:\/\/www.correiobraziliense.com.br\/revista-do-correio\/2025\/03\/7090226-5-dicas-para-mandar-bem-na-entrevista-de-emprego.html\">entrevistas<\/a>.<\/p>\n\n\n\n<h2 class=\"wp-block-heading\">A foto e o t\u00edtulo profissional importam<\/h2>\n\n\n\n<p>A primeira impress\u00e3o come\u00e7a na foto do perfil. Segundo o pr\u00f3prio LinkedIn, perfis com uma <a target=\"_blank\" rel=\"noreferrer noopener\" href=\"https:\/\/www.correiobraziliense.com.br\/revista-do-correio\/2025\/03\/7093437-5-dicas-para-fortalecer-sua-imagem-profissional.html\">imagem profissional<\/a> recebem at\u00e9 21 vezes mais visualiza\u00e7\u00f5es. Ela deve ter um fundo neutro, boa ilumina\u00e7\u00e3o e transmitir confian\u00e7a. Logo abaixo, o t\u00edtulo profissional \u00e9 um dos campos mais importantes para o algoritmo. Evite usar apenas seu cargo atual.<\/p>\n\n\n\n<p>O ideal \u00e9 incluir palavras-chave que descrevam suas principais compet\u00eancias e a \u00e1rea em que deseja atuar. Em vez de apenas \u201cGerente de Vendas\u201d, experimente algo como \u201cGerente de Vendas | Lideran\u00e7a de Equipes | Prospec\u00e7\u00e3o e CRM\u201d. Isso amplia suas chances de aparecer em buscas variadas feitas por recrutadores.<\/p>\n\n\n\n<h2 class=\"wp-block-heading\">O resumo \u00e9 sua vitrine principal<\/h2>\n\n\n\n<p>O campo \u201cSobre\u201d \u00e9 sua chance de contar uma hist\u00f3ria profissional concisa e vendedora. Use a primeira pessoa para criar uma conex\u00e3o com o leitor. Apresente sua trajet\u00f3ria, destaque suas principais habilidades e mostre suas maiores conquistas, de prefer\u00eancia com n\u00fameros que comprovem os resultados. Por exemplo: \u201cLiderei um projeto que aumentou a efici\u00eancia do setor em 20%\u201d.<\/p>\n\n\n\n<p>Aproveite este espa\u00e7o para inserir, de forma natural, as palavras-chave mais relevantes para sua \u00e1rea. Pense em quais termos um recrutador usaria para encontrar um profissional como voc\u00ea e distribua-os ao longo do texto. Mantenha os par\u00e1grafos curtos para facilitar a leitura em dispositivos m\u00f3veis.<\/p>\n\n\n\n<h2 class=\"wp-block-heading\">Checklist: pontos essenciais para revisar agora no LinkedIn<\/h2>\n\n\n\n<ul class=\"wp-block-list\">\n<li><strong>URL personalizada:<\/strong> Altere o endere\u00e7o do seu perfil para algo como \u201clinkedin.com\/in\/seunome\u201d. \u00c9 mais profissional e f\u00e1cil de compartilhar.<\/li>\n\n\n\n<li><strong>Banner personalizado:<\/strong> Utilize a imagem de capa (banner) para refor\u00e7ar sua <a href=\"https:\/\/www.correiobraziliense.com.br\/revista-do-correio\/2025\/09\/7244059-confira-atitudes-que-ajudam-e-prejudicam-sua-imagem-no-trabalho.html\" target=\"_blank\" rel=\"noreferrer noopener\">marca pessoal<\/a> ou \u00e1rea de atua\u00e7\u00e3o. \u00c9 um espa\u00e7o visual valioso e muitas vezes subutilizado.<\/li>\n\n\n\n<li><strong>Experi\u00eancias com resultados:<\/strong> Em cada cargo listado, n\u00e3o descreva apenas suas fun\u00e7\u00f5es. Use t\u00f3picos para mostrar suas realiza\u00e7\u00f5es e o impacto que voc\u00ea gerou.<\/li>\n\n\n\n<li><strong>Compet\u00eancias validadas:<\/strong> Liste suas principais habilidades e pe\u00e7a para colegas de trabalho as validarem. Perfis com compet\u00eancias endossadas ganham mais destaque.<\/li>\n\n\n\n<li><strong>Selo &#8220;Open to Work&#8221;:<\/strong> Ative a funcionalidade para sinalizar aos recrutadores que voc\u00ea est\u00e1 aberto a novas oportunidades. \u00c9 poss\u00edvel configurar para que apenas recrutadores vejam essa informa\u00e7\u00e3o.<\/li>\n\n\n\n<li><a href=\"https:\/\/www.correiobraziliense.com.br\/revista-do-correio\/2025\/07\/7204804-10-dicas-para-melhorar-o-networking-e-alavancar-sua-carreira.html\" target=\"_blank\" rel=\"noreferrer noopener\"><strong>Atividade na rede<\/strong><\/a><strong>:<\/strong> Comentar em publica\u00e7\u00f5es relevantes e compartilhar conte\u00fado de qualidade aumenta a visibilidade do seu perfil e mostra que voc\u00ea est\u00e1 atualizado sobre as tend\u00eancias do seu mercado.<\/li>\n<\/ul>\n","protected":false},"excerpt":{"rendered":"<p>Especialistas revelam como usar o LinkedIn para aumentar a visibilidade, com palavras-chave essenciais e estrat\u00e9gias de otimiza\u00e7\u00e3o.<\/p>\n","protected":false},"author":8,"featured_media":37668,"comment_status":"open","ping_status":"open","sticky":false,"template":"","format":"standard","meta":{"jnews-multi-image_gallery":[],"jnews_single_post":{"format":"standard"},"jnews_primary_category":[],"jnews_social_meta":[],"jnews_override_counter":[],"footnotes":""},"categories":[120],"tags":[8976,12311,1125,5561,12312,12313],"class_list":["post-37666","post","type-post","status-publish","format-standard","has-post-thumbnail","hentry","category-curiosidades","tag-carreiras","tag-como-otimizar","tag-curiosidades","tag-linkedin","tag-perfil-do-linkedin","tag-recrutadores"],"yoast_head":"<!-- This site is optimized with the Yoast SEO plugin v25.1 - https:\/\/yoast.com\/wordpress\/plugins\/seo\/ -->\n<title>Como otimizar seu perfil no LinkedIn para atrair recrutadores - Correio Braziliense - Aqui<\/title>\n<meta name=\"description\" content=\"Especialistas revelam como usar o LinkedIn para aumentar a visibilidade, com palavras-chave essenciais e estrat\u00e9gias de otimiza\u00e7\u00e3o.\" \/>\n<meta name=\"robots\" content=\"index, follow, max-snippet:-1, max-image-preview:large, max-video-preview:-1\" \/>\n<link rel=\"canonical\" href=\"https:\/\/www.correiobraziliense.com.br\/aqui\/2026\/08\/24\/como-otimizar-seu-perfil-no-linkedin-para-atrair-recrutadores\/\" \/>\n<meta property=\"og:locale\" content=\"pt_BR\" \/>\n<meta property=\"og:type\" content=\"article\" \/>\n<meta property=\"og:title\" content=\"Como otimizar seu perfil no LinkedIn para atrair recrutadores - Correio Braziliense - Aqui\" \/>\n<meta property=\"og:description\" content=\"Especialistas revelam como usar o LinkedIn para aumentar a visibilidade, com palavras-chave essenciais e estrat\u00e9gias de otimiza\u00e7\u00e3o.\" \/>\n<meta property=\"og:url\" content=\"https:\/\/www.correiobraziliense.com.br\/aqui\/2026\/08\/24\/como-otimizar-seu-perfil-no-linkedin-para-atrair-recrutadores\/\" \/>\n<meta property=\"og:site_name\" content=\"Correio Braziliense - Aqui\" \/>\n<meta property=\"article:published_time\" content=\"2026-08-24T21:55:00+00:00\" \/>\n<meta property=\"og:image\" content=\"https:\/\/www.correiobraziliense.com.br\/aqui\/wp-content\/uploads\/2026\/08\/linkedin_1787595380146.jpg\" \/>\n\t<meta property=\"og:image:width\" content=\"1280\" \/>\n\t<meta property=\"og:image:height\" content=\"720\" \/>\n\t<meta property=\"og:image:type\" content=\"image\/jpeg\" \/>\n<meta name=\"author\" content=\"Lara\" \/>\n<meta name=\"twitter:card\" content=\"summary_large_image\" \/>\n<meta name=\"twitter:label1\" content=\"Escrito por\" \/>\n\t<meta name=\"twitter:data1\" content=\"Lara\" \/>\n\t<meta name=\"twitter:label2\" content=\"Est. tempo de leitura\" \/>\n\t<meta name=\"twitter:data2\" content=\"3 minutos\" \/>\n<!-- \/ Yoast SEO plugin. -->","yoast_head_json":{"title":"Como otimizar seu perfil no LinkedIn para atrair recrutadores - Correio Braziliense - Aqui","description":"Especialistas revelam como usar o LinkedIn para aumentar a visibilidade, com palavras-chave essenciais e estrat\u00e9gias de otimiza\u00e7\u00e3o.","robots":{"index":"index","follow":"follow","max-snippet":"max-snippet:-1","max-image-preview":"max-image-preview:large","max-video-preview":"max-video-preview:-1"},"canonical":"https:\/\/www.correiobraziliense.com.br\/aqui\/2026\/08\/24\/como-otimizar-seu-perfil-no-linkedin-para-atrair-recrutadores\/","og_locale":"pt_BR","og_type":"article","og_title":"Como otimizar seu perfil no LinkedIn para atrair recrutadores - Correio Braziliense - Aqui","og_description":"Especialistas revelam como usar o LinkedIn para aumentar a visibilidade, com palavras-chave essenciais e estrat\u00e9gias de otimiza\u00e7\u00e3o.","og_url":"https:\/\/www.correiobraziliense.com.br\/aqui\/2026\/08\/24\/como-otimizar-seu-perfil-no-linkedin-para-atrair-recrutadores\/","og_site_name":"Correio Braziliense - Aqui","article_published_time":"2026-08-24T21:55:00+00:00","og_image":[{"width":1280,"height":720,"url":"https:\/\/www.correiobraziliense.com.br\/aqui\/wp-content\/uploads\/2026\/08\/linkedin_1787595380146.jpg","type":"image\/jpeg"}],"author":"Lara","twitter_card":"summary_large_image","twitter_misc":{"Escrito por":"Lara","Est. tempo de leitura":"3 minutos"},"schema":{"@context":"https:\/\/schema.org","@graph":[{"@type":"WebPage","@id":"https:\/\/www.correiobraziliense.com.br\/aqui\/2026\/08\/24\/como-otimizar-seu-perfil-no-linkedin-para-atrair-recrutadores\/","url":"https:\/\/www.correiobraziliense.com.br\/aqui\/2026\/08\/24\/como-otimizar-seu-perfil-no-linkedin-para-atrair-recrutadores\/","name":"Como otimizar seu perfil no LinkedIn para atrair recrutadores - Correio Braziliense - Aqui","isPartOf":{"@id":"https:\/\/www.correiobraziliense.com.br\/aqui\/#website"},"primaryImageOfPage":{"@id":"https:\/\/www.correiobraziliense.com.br\/aqui\/2026\/08\/24\/como-otimizar-seu-perfil-no-linkedin-para-atrair-recrutadores\/#primaryimage"},"image":{"@id":"https:\/\/www.correiobraziliense.com.br\/aqui\/2026\/08\/24\/como-otimizar-seu-perfil-no-linkedin-para-atrair-recrutadores\/#primaryimage"},"thumbnailUrl":"https:\/\/www.correiobraziliense.com.br\/aqui\/wp-content\/uploads\/2026\/08\/linkedin_1787595380146.jpg","datePublished":"2026-08-24T21:55:00+00:00","author":{"@id":"https:\/\/www.correiobraziliense.com.br\/aqui\/#\/schema\/person\/5d6e4d99fecc86ab1a7ed1a0369afb65"},"description":"Especialistas revelam como usar o LinkedIn para aumentar a visibilidade, com palavras-chave essenciais e estrat\u00e9gias de otimiza\u00e7\u00e3o.","breadcrumb":{"@id":"https:\/\/www.correiobraziliense.com.br\/aqui\/2026\/08\/24\/como-otimizar-seu-perfil-no-linkedin-para-atrair-recrutadores\/#breadcrumb"},"inLanguage":"pt-BR","potentialAction":[{"@type":"ReadAction","target":["https:\/\/www.correiobraziliense.com.br\/aqui\/2026\/08\/24\/como-otimizar-seu-perfil-no-linkedin-para-atrair-recrutadores\/"]}]},{"@type":"ImageObject","inLanguage":"pt-BR","@id":"https:\/\/www.correiobraziliense.com.br\/aqui\/2026\/08\/24\/como-otimizar-seu-perfil-no-linkedin-para-atrair-recrutadores\/#primaryimage","url":"https:\/\/www.correiobraziliense.com.br\/aqui\/wp-content\/uploads\/2026\/08\/linkedin_1787595380146.jpg","contentUrl":"https:\/\/www.correiobraziliense.com.br\/aqui\/wp-content\/uploads\/2026\/08\/linkedin_1787595380146.jpg","width":1280,"height":720,"caption":"Cr\u00e9ditos: depositphotos.com \/ JarTee"},{"@type":"BreadcrumbList","@id":"https:\/\/www.correiobraziliense.com.br\/aqui\/2026\/08\/24\/como-otimizar-seu-perfil-no-linkedin-para-atrair-recrutadores\/#breadcrumb","itemListElement":[{"@type":"ListItem","position":1,"name":"In\u00edcio","item":"https:\/\/www.correiobraziliense.com.br\/aqui\/"},{"@type":"ListItem","position":2,"name":"Como otimizar seu perfil no LinkedIn para atrair recrutadores"}]},{"@type":"WebSite","@id":"https:\/\/www.correiobraziliense.com.br\/aqui\/#website","url":"https:\/\/www.correiobraziliense.com.br\/aqui\/","name":"Correio Braziliense - Aqui","description":"O Correio Braziliense (CB) \u00e9 o mais importante canal de not\u00edcias de Bras\u00edlia. Aqui voc\u00ea encontra as \u00faltimas not\u00edcias do DF, do Brasil e do mundo.","potentialAction":[{"@type":"SearchAction","target":{"@type":"EntryPoint","urlTemplate":"https:\/\/www.correiobraziliense.com.br\/aqui\/?s={search_term_string}"},"query-input":{"@type":"PropertyValueSpecification","valueRequired":true,"valueName":"search_term_string"}}],"inLanguage":"pt-BR"},{"@type":"Person","@id":"https:\/\/www.correiobraziliense.com.br\/aqui\/#\/schema\/person\/5d6e4d99fecc86ab1a7ed1a0369afb65","name":"Lara","image":{"@type":"ImageObject","inLanguage":"pt-BR","@id":"https:\/\/www.correiobraziliense.com.br\/aqui\/#\/schema\/person\/image\/","url":"https:\/\/secure.gravatar.com\/avatar\/57056c5c343a6d8a6669688d3d2c04916d9d280b352b6e50e66a8d39b2517e00?s=96&d=mm&r=g","contentUrl":"https:\/\/secure.gravatar.com\/avatar\/57056c5c343a6d8a6669688d3d2c04916d9d280b352b6e50e66a8d39b2517e00?s=96&d=mm&r=g","caption":"Lara"},"url":"https:\/\/www.correiobraziliense.com.br\/aqui\/author\/laraaqui\/"}]}},"_links":{"self":[{"href":"https:\/\/www.correiobraziliense.com.br\/aqui\/wp-json\/wp\/v2\/posts\/37666","targetHints":{"allow":["GET"]}}],"collection":[{"href":"https:\/\/www.correiobraziliense.com.br\/aqui\/wp-json\/wp\/v2\/posts"}],"about":[{"href":"https:\/\/www.correiobraziliense.com.br\/aqui\/wp-json\/wp\/v2\/types\/post"}],"author":[{"embeddable":true,"href":"https:\/\/www.correiobraziliense.com.br\/aqui\/wp-json\/wp\/v2\/users\/8"}],"replies":[{"embeddable":true,"href":"https:\/\/www.correiobraziliense.com.br\/aqui\/wp-json\/wp\/v2\/comments?post=37666"}],"version-history":[{"count":2,"href":"https:\/\/www.correiobraziliense.com.br\/aqui\/wp-json\/wp\/v2\/posts\/37666\/revisions"}],"predecessor-version":[{"id":37669,"href":"https:\/\/www.correiobraziliense.com.br\/aqui\/wp-json\/wp\/v2\/posts\/37666\/revisions\/37669"}],"wp:featuredmedia":[{"embeddable":true,"href":"https:\/\/www.correiobraziliense.com.br\/aqui\/wp-json\/wp\/v2\/media\/37668"}],"wp:attachment":[{"href":"https:\/\/www.correiobraziliense.com.br\/aqui\/wp-json\/wp\/v2\/media?parent=37666"}],"wp:term":[{"taxonomy":"category","embeddable":true,"href":"https:\/\/www.correiobraziliense.com.br\/aqui\/wp-json\/wp\/v2\/categories?post=37666"},{"taxonomy":"post_tag","embeddable":true,"href":"https:\/\/www.correiobraziliense.com.br\/aqui\/wp-json\/wp\/v2\/tags?post=37666"}],"curies":[{"name":"wp","href":"https:\/\/api.w.org\/{rel}","templated":true}]}}