{"id":37687,"date":"2026-08-24T17:48:02","date_gmt":"2026-08-24T20:48:02","guid":{"rendered":"https:\/\/www.correiobraziliense.com.br\/aqui\/?p=37687"},"modified":"2026-08-24T17:48:04","modified_gmt":"2026-08-24T20:48:04","slug":"como-e-a-preparacao-do-corpo-de-bombeiros-para-resgates-dificeis","status":"publish","type":"post","link":"https:\/\/www.correiobraziliense.com.br\/aqui\/2026\/08\/24\/como-e-a-preparacao-do-corpo-de-bombeiros-para-resgates-dificeis\/","title":{"rendered":"Como \u00e9 a prepara\u00e7\u00e3o do Corpo de Bombeiros para resgates dif\u00edceis"},"content":{"rendered":"\n<p>Resgates em ribanceiras e locais de dif\u00edcil acesso, como parques e \u00e1reas montanhosas, exigem uma intensa prepara\u00e7\u00e3o do Corpo de Bombeiros. Atuar em matas fechadas e penhascos demanda um conjunto de habilidades que v\u00e3o muito al\u00e9m da for\u00e7a f\u00edsica, envolvendo t\u00e9cnica apurada e controle emocional.<\/p>\n\n\n\n<p>Para miss\u00f5es dessa natureza, os profissionais passam por um treinamento cont\u00ednuo e rigoroso. O <a target=\"_blank\" rel=\"noreferrer noopener\" href=\"https:\/\/www.correiobraziliense.com.br\/cidades-df\/2026\/07\/7469735-homens-aranha-do-cerrado-parkour-ganha-espaco-no-distrito-federal.html\">preparo f\u00edsico<\/a> \u00e9 a base de tudo, com avalia\u00e7\u00f5es peri\u00f3dicas que testam resist\u00eancia cardiovascular, for\u00e7a e agilidade. A rotina inclui corridas, nata\u00e7\u00e3o e exerc\u00edcios espec\u00edficos para suportar o peso dos equipamentos em terrenos acidentados.<\/p>\n\n\n\n<p>Contudo, a for\u00e7a sozinha n\u00e3o \u00e9 suficiente. A capacidade de manter a calma sob press\u00e3o e tomar decis\u00f5es r\u00e1pidas e assertivas \u00e9 igualmente crucial. O equil\u00edbrio mental \u00e9 testado em simula\u00e7\u00f5es que replicam o estresse de uma situa\u00e7\u00e3o real, preparando a equipe para lidar com o inesperado e com o peso emocional de cada ocorr\u00eancia.<\/p>\n\n\n\n<h2 class=\"wp-block-heading\">T\u00e9cnicas de salvamento em altura<\/h2>\n\n\n\n<p>O <a target=\"_blank\" rel=\"noreferrer noopener\" href=\"https:\/\/www.correiobraziliense.com.br\/brasil\/2025\/10\/7279100-atleta-de-esporte-radical-se-enrosca-em-arvore-e-precisa-de-resgate.html\">salvamento em ribanceiras<\/a> \u00e9 uma especialidade conhecida como salvamento em altura. O treinamento foca em t\u00e9cnicas de rapel, que permitem a descida controlada por cordas em locais verticais. Os bombeiros aprendem a montar sistemas de ancoragem seguros, utilizando pontos fixos na natureza, como \u00e1rvores e rochas, para garantir a estabilidade da opera\u00e7\u00e3o.<\/p>\n\n\n\n<p>Cada membro da equipe precisa dominar a confec\u00e7\u00e3o de n\u00f3s e amarra\u00e7\u00f5es, al\u00e9m de <a target=\"_blank\" rel=\"noreferrer noopener\" href=\"https:\/\/www.correiobraziliense.com.br\/cidades-df\/2025\/08\/7216222-equipamentos-sao-prioritarios-no-combate-aos-incendios-florestais.html\">manusear equipamentos<\/a> como mosquet\u00f5es, freios e polias. Esses conhecimentos s\u00e3o essenciais para descer com seguran\u00e7a, resgatar uma v\u00edtima e realizar a subida, que muitas vezes \u00e9 a parte mais desgastante da miss\u00e3o.<\/p>\n\n\n\n<p>Os treinamentos s\u00e3o realizados tanto em torres artificiais quanto em ambientes naturais, para que os bombeiros se adaptem a diferentes cen\u00e1rios. A pr\u00e1tica constante garante que as t\u00e9cnicas se tornem autom\u00e1ticas, minimizando riscos para a equipe e para a pessoa a ser resgatada.<\/p>\n\n\n\n<p>Todo esse preparo assegura que, diante de um chamado, os profissionais estejam prontos para aplicar o conhecimento t\u00e9cnico de forma r\u00e1pida e eficiente. \u00c9 a combina\u00e7\u00e3o de preparo f\u00edsico, mental e t\u00e9cnico que permite ao <a target=\"_blank\" rel=\"noreferrer noopener\" href=\"https:\/\/www.correiobraziliense.com.br\/cidades-df\/2026\/06\/7440166-corpo-de-bombeiros-forma-nova-turma-de-mergulhadores.html\">Corpo de Bombeiros<\/a> superar os desafios impostos pela natureza e cumprir sua miss\u00e3o.<\/p>\n\n\n\n<p><\/p>\n","protected":false},"excerpt":{"rendered":"<p>Resgates em ribanceiras e locais de dif\u00edcil acesso, como parques e \u00e1reas montanhosas, exigem uma intensa prepara\u00e7\u00e3o do Corpo de Bombeiros. Atuar em matas fechadas e penhascos demanda um conjunto de habilidades que v\u00e3o muito al\u00e9m da for\u00e7a f\u00edsica, envolvendo t\u00e9cnica apurada e controle emocional. Para miss\u00f5es dessa natureza, os profissionais passam por um treinamento [&hellip;]<\/p>\n","protected":false},"author":9,"featured_media":37688,"comment_status":"open","ping_status":"open","sticky":false,"template":"","format":"standard","meta":{"jnews-multi-image_gallery":[],"jnews_single_post":{"format":"standard"},"jnews_primary_category":[],"jnews_social_meta":[],"jnews_override_counter":[],"footnotes":""},"categories":[120],"tags":[6243,7699,12328,12327],"class_list":["post-37687","post","type-post","status-publish","format-standard","has-post-thumbnail","hentry","category-curiosidades","tag-bombeiros","tag-como","tag-preparacao","tag-resgates"],"yoast_head":"<!-- This site is optimized with the Yoast SEO plugin v25.1 - https:\/\/yoast.com\/wordpress\/plugins\/seo\/ -->\n<title>Como \u00e9 a prepara\u00e7\u00e3o do Corpo de Bombeiros para resgates dif\u00edceis - Correio Braziliense - Aqui<\/title>\n<meta name=\"description\" content=\"Conhe\u00e7a as habilidades t\u00e9cnicas, treinamentos de rapel e exig\u00eancias f\u00edsicas necess\u00e1rias para atuar em opera\u00e7\u00f5es de salvamento em ribanceiras.\" \/>\n<meta name=\"robots\" content=\"index, follow, max-snippet:-1, max-image-preview:large, max-video-preview:-1\" \/>\n<link rel=\"canonical\" href=\"https:\/\/www.correiobraziliense.com.br\/aqui\/2026\/08\/24\/como-e-a-preparacao-do-corpo-de-bombeiros-para-resgates-dificeis\/\" \/>\n<meta property=\"og:locale\" content=\"pt_BR\" \/>\n<meta property=\"og:type\" content=\"article\" \/>\n<meta property=\"og:title\" content=\"Como \u00e9 a prepara\u00e7\u00e3o do Corpo de Bombeiros para resgates dif\u00edceis - Correio Braziliense - Aqui\" \/>\n<meta property=\"og:description\" content=\"Conhe\u00e7a as habilidades t\u00e9cnicas, treinamentos de rapel e exig\u00eancias f\u00edsicas necess\u00e1rias para atuar em opera\u00e7\u00f5es de salvamento em ribanceiras.\" \/>\n<meta property=\"og:url\" content=\"https:\/\/www.correiobraziliense.com.br\/aqui\/2026\/08\/24\/como-e-a-preparacao-do-corpo-de-bombeiros-para-resgates-dificeis\/\" \/>\n<meta property=\"og:site_name\" content=\"Correio Braziliense - Aqui\" \/>\n<meta property=\"article:published_time\" content=\"2026-08-24T20:48:02+00:00\" \/>\n<meta property=\"article:modified_time\" content=\"2026-08-24T20:48:04+00:00\" \/>\n<meta property=\"og:image\" content=\"https:\/\/www.correiobraziliense.com.br\/aqui\/wp-content\/uploads\/2026\/08\/bombeiros_1787604467734.jpg\" \/>\n\t<meta property=\"og:image:width\" content=\"1280\" \/>\n\t<meta property=\"og:image:height\" content=\"720\" \/>\n\t<meta property=\"og:image:type\" content=\"image\/jpeg\" \/>\n<meta name=\"author\" content=\"Lucas\" \/>\n<meta name=\"twitter:card\" content=\"summary_large_image\" \/>\n<meta name=\"twitter:label1\" content=\"Escrito por\" \/>\n\t<meta name=\"twitter:data1\" content=\"Lucas\" \/>\n\t<meta name=\"twitter:label2\" content=\"Est. tempo de leitura\" \/>\n\t<meta name=\"twitter:data2\" content=\"3 minutos\" \/>\n<!-- \/ Yoast SEO plugin. -->","yoast_head_json":{"title":"Como \u00e9 a prepara\u00e7\u00e3o do Corpo de Bombeiros para resgates dif\u00edceis - Correio Braziliense - Aqui","description":"Conhe\u00e7a as habilidades t\u00e9cnicas, treinamentos de rapel e exig\u00eancias f\u00edsicas necess\u00e1rias para atuar em opera\u00e7\u00f5es de salvamento em ribanceiras.","robots":{"index":"index","follow":"follow","max-snippet":"max-snippet:-1","max-image-preview":"max-image-preview:large","max-video-preview":"max-video-preview:-1"},"canonical":"https:\/\/www.correiobraziliense.com.br\/aqui\/2026\/08\/24\/como-e-a-preparacao-do-corpo-de-bombeiros-para-resgates-dificeis\/","og_locale":"pt_BR","og_type":"article","og_title":"Como \u00e9 a prepara\u00e7\u00e3o do Corpo de Bombeiros para resgates dif\u00edceis - Correio Braziliense - Aqui","og_description":"Conhe\u00e7a as habilidades t\u00e9cnicas, treinamentos de rapel e exig\u00eancias f\u00edsicas necess\u00e1rias para atuar em opera\u00e7\u00f5es de salvamento em ribanceiras.","og_url":"https:\/\/www.correiobraziliense.com.br\/aqui\/2026\/08\/24\/como-e-a-preparacao-do-corpo-de-bombeiros-para-resgates-dificeis\/","og_site_name":"Correio Braziliense - Aqui","article_published_time":"2026-08-24T20:48:02+00:00","article_modified_time":"2026-08-24T20:48:04+00:00","og_image":[{"width":1280,"height":720,"url":"https:\/\/www.correiobraziliense.com.br\/aqui\/wp-content\/uploads\/2026\/08\/bombeiros_1787604467734.jpg","type":"image\/jpeg"}],"author":"Lucas","twitter_card":"summary_large_image","twitter_misc":{"Escrito por":"Lucas","Est. tempo de leitura":"3 minutos"},"schema":{"@context":"https:\/\/schema.org","@graph":[{"@type":"WebPage","@id":"https:\/\/www.correiobraziliense.com.br\/aqui\/2026\/08\/24\/como-e-a-preparacao-do-corpo-de-bombeiros-para-resgates-dificeis\/","url":"https:\/\/www.correiobraziliense.com.br\/aqui\/2026\/08\/24\/como-e-a-preparacao-do-corpo-de-bombeiros-para-resgates-dificeis\/","name":"Como \u00e9 a prepara\u00e7\u00e3o do Corpo de Bombeiros para resgates dif\u00edceis - Correio Braziliense - Aqui","isPartOf":{"@id":"https:\/\/www.correiobraziliense.com.br\/aqui\/#website"},"primaryImageOfPage":{"@id":"https:\/\/www.correiobraziliense.com.br\/aqui\/2026\/08\/24\/como-e-a-preparacao-do-corpo-de-bombeiros-para-resgates-dificeis\/#primaryimage"},"image":{"@id":"https:\/\/www.correiobraziliense.com.br\/aqui\/2026\/08\/24\/como-e-a-preparacao-do-corpo-de-bombeiros-para-resgates-dificeis\/#primaryimage"},"thumbnailUrl":"https:\/\/www.correiobraziliense.com.br\/aqui\/wp-content\/uploads\/2026\/08\/bombeiros_1787604467734.jpg","datePublished":"2026-08-24T20:48:02+00:00","dateModified":"2026-08-24T20:48:04+00:00","author":{"@id":"https:\/\/www.correiobraziliense.com.br\/aqui\/#\/schema\/person\/36d094a725ba56bbeb370a877862a002"},"description":"Conhe\u00e7a as habilidades t\u00e9cnicas, treinamentos de rapel e exig\u00eancias f\u00edsicas necess\u00e1rias para atuar em opera\u00e7\u00f5es de salvamento em ribanceiras.","breadcrumb":{"@id":"https:\/\/www.correiobraziliense.com.br\/aqui\/2026\/08\/24\/como-e-a-preparacao-do-corpo-de-bombeiros-para-resgates-dificeis\/#breadcrumb"},"inLanguage":"pt-BR","potentialAction":[{"@type":"ReadAction","target":["https:\/\/www.correiobraziliense.com.br\/aqui\/2026\/08\/24\/como-e-a-preparacao-do-corpo-de-bombeiros-para-resgates-dificeis\/"]}]},{"@type":"ImageObject","inLanguage":"pt-BR","@id":"https:\/\/www.correiobraziliense.com.br\/aqui\/2026\/08\/24\/como-e-a-preparacao-do-corpo-de-bombeiros-para-resgates-dificeis\/#primaryimage","url":"https:\/\/www.correiobraziliense.com.br\/aqui\/wp-content\/uploads\/2026\/08\/bombeiros_1787604467734.jpg","contentUrl":"https:\/\/www.correiobraziliense.com.br\/aqui\/wp-content\/uploads\/2026\/08\/bombeiros_1787604467734.jpg","width":1280,"height":720,"caption":"Cr\u00e9ditos: depositphotos.com \/ arisha108"},{"@type":"BreadcrumbList","@id":"https:\/\/www.correiobraziliense.com.br\/aqui\/2026\/08\/24\/como-e-a-preparacao-do-corpo-de-bombeiros-para-resgates-dificeis\/#breadcrumb","itemListElement":[{"@type":"ListItem","position":1,"name":"In\u00edcio","item":"https:\/\/www.correiobraziliense.com.br\/aqui\/"},{"@type":"ListItem","position":2,"name":"Como \u00e9 a prepara\u00e7\u00e3o do Corpo de Bombeiros para resgates dif\u00edceis"}]},{"@type":"WebSite","@id":"https:\/\/www.correiobraziliense.com.br\/aqui\/#website","url":"https:\/\/www.correiobraziliense.com.br\/aqui\/","name":"Correio Braziliense - Aqui","description":"O Correio Braziliense (CB) \u00e9 o mais importante canal de not\u00edcias de Bras\u00edlia. Aqui voc\u00ea encontra as \u00faltimas not\u00edcias do DF, do Brasil e do mundo.","potentialAction":[{"@type":"SearchAction","target":{"@type":"EntryPoint","urlTemplate":"https:\/\/www.correiobraziliense.com.br\/aqui\/?s={search_term_string}"},"query-input":{"@type":"PropertyValueSpecification","valueRequired":true,"valueName":"search_term_string"}}],"inLanguage":"pt-BR"},{"@type":"Person","@id":"https:\/\/www.correiobraziliense.com.br\/aqui\/#\/schema\/person\/36d094a725ba56bbeb370a877862a002","name":"Lucas","image":{"@type":"ImageObject","inLanguage":"pt-BR","@id":"https:\/\/www.correiobraziliense.com.br\/aqui\/#\/schema\/person\/image\/","url":"https:\/\/secure.gravatar.com\/avatar\/eb1dd4a751dca39c233b091fb7b8ce9ef1608850325ab98ff1fbe898fcef0908?s=96&d=mm&r=g","contentUrl":"https:\/\/secure.gravatar.com\/avatar\/eb1dd4a751dca39c233b091fb7b8ce9ef1608850325ab98ff1fbe898fcef0908?s=96&d=mm&r=g","caption":"Lucas"},"url":"https:\/\/www.correiobraziliense.com.br\/aqui\/author\/lucasaqui\/"}]}},"_links":{"self":[{"href":"https:\/\/www.correiobraziliense.com.br\/aqui\/wp-json\/wp\/v2\/posts\/37687","targetHints":{"allow":["GET"]}}],"collection":[{"href":"https:\/\/www.correiobraziliense.com.br\/aqui\/wp-json\/wp\/v2\/posts"}],"about":[{"href":"https:\/\/www.correiobraziliense.com.br\/aqui\/wp-json\/wp\/v2\/types\/post"}],"author":[{"embeddable":true,"href":"https:\/\/www.correiobraziliense.com.br\/aqui\/wp-json\/wp\/v2\/users\/9"}],"replies":[{"embeddable":true,"href":"https:\/\/www.correiobraziliense.com.br\/aqui\/wp-json\/wp\/v2\/comments?post=37687"}],"version-history":[{"count":1,"href":"https:\/\/www.correiobraziliense.com.br\/aqui\/wp-json\/wp\/v2\/posts\/37687\/revisions"}],"predecessor-version":[{"id":37689,"href":"https:\/\/www.correiobraziliense.com.br\/aqui\/wp-json\/wp\/v2\/posts\/37687\/revisions\/37689"}],"wp:featuredmedia":[{"embeddable":true,"href":"https:\/\/www.correiobraziliense.com.br\/aqui\/wp-json\/wp\/v2\/media\/37688"}],"wp:attachment":[{"href":"https:\/\/www.correiobraziliense.com.br\/aqui\/wp-json\/wp\/v2\/media?parent=37687"}],"wp:term":[{"taxonomy":"category","embeddable":true,"href":"https:\/\/www.correiobraziliense.com.br\/aqui\/wp-json\/wp\/v2\/categories?post=37687"},{"taxonomy":"post_tag","embeddable":true,"href":"https:\/\/www.correiobraziliense.com.br\/aqui\/wp-json\/wp\/v2\/tags?post=37687"}],"curies":[{"name":"wp","href":"https:\/\/api.w.org\/{rel}","templated":true}]}}