{"id":37697,"date":"2026-08-24T18:03:17","date_gmt":"2026-08-24T21:03:17","guid":{"rendered":"https:\/\/www.correiobraziliense.com.br\/aqui\/?p=37697"},"modified":"2026-08-24T18:03:19","modified_gmt":"2026-08-24T21:03:19","slug":"crimes-de-tortura-e-trabalho-escravo-saiba-o-que-diz-a-legislacao","status":"publish","type":"post","link":"https:\/\/www.correiobraziliense.com.br\/aqui\/2026\/08\/24\/crimes-de-tortura-e-trabalho-escravo-saiba-o-que-diz-a-legislacao\/","title":{"rendered":"Crimes de tortura e trabalho escravo: saiba o que diz a legisla\u00e7\u00e3o"},"content":{"rendered":"\n<p>A\u00e7\u00f5es recentes de for\u00e7as de seguran\u00e7a contra a explora\u00e7\u00e3o de trabalhadores e a viol\u00eancia em abordagens policiais trouxeram \u00e0 tona o debate sobre dois crimes graves: o trabalho an\u00e1logo \u00e0 escravid\u00e3o e a tortura. Embora distintos, ambos representam viola\u00e7\u00f5es severas dos direitos humanos e s\u00e3o punidos com rigor pela legisla\u00e7\u00e3o brasileira.<\/p>\n\n\n\n<p>Compreender o que a lei diz sobre cada um desses crimes \u00e9 fundamental para identificar as situa\u00e7\u00f5es e entender as consequ\u00eancias para os respons\u00e1veis. As penas podem chegar a mais de uma d\u00e9cada de pris\u00e3o, dependendo das circunst\u00e2ncias e dos resultados das agress\u00f5es ou da explora\u00e7\u00e3o.<\/p>\n\n\n\n<h2 class=\"wp-block-heading\">O que \u00e9 trabalho an\u00e1logo \u00e0 escravid\u00e3o?<\/h2>\n\n\n\n<p>O C\u00f3digo Penal brasileiro, em seu artigo 149, define como crime submeter uma pessoa a <a target=\"_blank\" rel=\"noreferrer noopener\" href=\"https:\/\/www.correiobraziliense.com.br\/brasil\/2025\/04\/7099627-escravidao-contemporanea-brasil-resgatou-65-mil-trabalhadores-em-30-anos.html\">condi\u00e7\u00f5es an\u00e1logas \u00e0s de escravo<\/a>. A pena prevista \u00e9 de reclus\u00e3o de dois a oito anos, al\u00e9m de multa. A puni\u00e7\u00e3o pode ser aumentada se o crime for cometido contra crian\u00e7a ou adolescente ou por motivo de preconceito.<\/p>\n\n\n\n<p>A lei caracteriza essa pr\u00e1tica a partir de quatro situa\u00e7\u00f5es espec\u00edficas, que podem ocorrer de forma isolada ou combinada:<\/p>\n\n\n\n<ul class=\"wp-block-list\">\n<li><a href=\"https:\/\/www.correiobraziliense.com.br\/direito-e-justica\/2025\/09\/7255713-trabalho-escravo-no-brasil-numeros-que-chocam.html\" target=\"_blank\" rel=\"noreferrer noopener\"><strong>Trabalho for\u00e7ado<\/strong><\/a><strong>:<\/strong> quando a pessoa \u00e9 obrigada a trabalhar contra sua vontade, sob amea\u00e7a ou viol\u00eancia.<\/li>\n\n\n\n<li><strong>Jornada exaustiva:<\/strong> carga hor\u00e1ria excessiva que coloca em risco a sa\u00fade e a seguran\u00e7a do trabalhador.<\/li>\n\n\n\n<li><strong>Condi\u00e7\u00f5es degradantes:<\/strong> alojamento prec\u00e1rio, falta de saneamento b\u00e1sico, alimenta\u00e7\u00e3o inadequada e aus\u00eancia de equipamentos de prote\u00e7\u00e3o.<\/li>\n\n\n\n<li><strong>Restri\u00e7\u00e3o de locomo\u00e7\u00e3o:<\/strong> impedir que o trabalhador deixe o local por meio de <a href=\"https:\/\/www.correiobraziliense.com.br\/brasil\/2026\/07\/7460449-familia-e-resgatada-apos-18-anos-de-trabalho-analogo-a-escravidao-no-ceara.html\" target=\"_blank\" rel=\"noreferrer noopener\">d\u00edvidas fraudulentas<\/a> (servid\u00e3o por d\u00edvida), vigil\u00e2ncia ostensiva ou reten\u00e7\u00e3o de documentos.<\/li>\n<\/ul>\n\n\n\n<p>O entendimento dos tribunais superiores, incluindo o Supremo Tribunal Federal (STF), \u00e9 firme no sentido de que basta a presen\u00e7a de uma dessas quatro modalidades para configurar o crime, independentemente do consentimento da v\u00edtima.<\/p>\n\n\n\n<h2 class=\"wp-block-heading\">Como a lei define o crime de tortura?<\/h2>\n\n\n\n<p>A tortura \u00e9 definida pela Lei n\u00ba 9.455\/1997 como o ato de constranger algu\u00e9m com emprego de viol\u00eancia ou grave amea\u00e7a, causando-lhe sofrimento f\u00edsico ou mental. Conforme a Constitui\u00e7\u00e3o, \u00e9 um crime inafian\u00e7\u00e1vel e insuscet\u00edvel de gra\u00e7a ou anistia, o que significa que o acusado n\u00e3o pode pagar fian\u00e7a para responder em liberdade nem receber perd\u00e3o da pena.<\/p>\n\n\n\n<p>A legisla\u00e7\u00e3o estabelece que a tortura ocorre com finalidades espec\u00edficas, como obter informa\u00e7\u00e3o, declara\u00e7\u00e3o ou confiss\u00e3o da v\u00edtima. Tamb\u00e9m se enquadra quando a viol\u00eancia \u00e9 usada para provocar uma a\u00e7\u00e3o criminosa ou em raz\u00e3o de discrimina\u00e7\u00e3o racial ou religiosa. A pena \u00e9 de reclus\u00e3o de dois a oito anos.<\/p>\n\n\n\n<p>A puni\u00e7\u00e3o se torna mais severa se a tortura resultar em les\u00e3o corporal grave ou grav\u00edssima, com a pena subindo para reclus\u00e3o de quatro a dez anos. Caso a v\u00edtima morra, a pena aplicada \u00e9 de oito a dezesseis anos de pris\u00e3o. A lei tamb\u00e9m pune o agente p\u00fablico que, mesmo sem participar, se omite diante da pr\u00e1tica do crime.<\/p>\n\n\n\n<p><\/p>\n","protected":false},"excerpt":{"rendered":"<p>A\u00e7\u00f5es recentes de for\u00e7as de seguran\u00e7a contra a explora\u00e7\u00e3o de trabalhadores e a viol\u00eancia em abordagens policiais trouxeram \u00e0 tona o debate sobre dois crimes graves: o trabalho an\u00e1logo \u00e0 escravid\u00e3o e a tortura. Embora distintos, ambos representam viola\u00e7\u00f5es severas dos direitos humanos e s\u00e3o punidos com rigor pela legisla\u00e7\u00e3o brasileira. Compreender o que a [&hellip;]<\/p>\n","protected":false},"author":9,"featured_media":37698,"comment_status":"open","ping_status":"open","sticky":false,"template":"","format":"standard","meta":{"jnews-multi-image_gallery":[],"jnews_single_post":{"format":"standard"},"jnews_primary_category":[],"jnews_social_meta":[],"jnews_override_counter":[],"footnotes":""},"categories":[120],"tags":[1154,1442,12337,12336],"class_list":["post-37697","post","type-post","status-publish","format-standard","has-post-thumbnail","hentry","category-curiosidades","tag-legislacao","tag-lei","tag-tortura","tag-trabalho-escravo"],"yoast_head":"<!-- This site is optimized with the Yoast SEO plugin v25.1 - https:\/\/yoast.com\/wordpress\/plugins\/seo\/ -->\n<title>Crimes de tortura e trabalho escravo: saiba o que diz a legisla\u00e7\u00e3o - Correio Braziliense - Aqui<\/title>\n<meta name=\"description\" content=\"Entenda o enquadramento penal para a explora\u00e7\u00e3o degradante de trabalhadores e conhe\u00e7a as puni\u00e7\u00f5es previstas pela legisla\u00e7\u00e3o.\" \/>\n<meta name=\"robots\" content=\"index, follow, max-snippet:-1, max-image-preview:large, max-video-preview:-1\" \/>\n<link rel=\"canonical\" href=\"https:\/\/www.correiobraziliense.com.br\/aqui\/2026\/08\/24\/crimes-de-tortura-e-trabalho-escravo-saiba-o-que-diz-a-legislacao\/\" \/>\n<meta property=\"og:locale\" content=\"pt_BR\" \/>\n<meta property=\"og:type\" content=\"article\" \/>\n<meta property=\"og:title\" content=\"Crimes de tortura e trabalho escravo: saiba o que diz a legisla\u00e7\u00e3o - Correio Braziliense - Aqui\" \/>\n<meta property=\"og:description\" content=\"Entenda o enquadramento penal para a explora\u00e7\u00e3o degradante de trabalhadores e conhe\u00e7a as puni\u00e7\u00f5es previstas pela legisla\u00e7\u00e3o.\" \/>\n<meta property=\"og:url\" content=\"https:\/\/www.correiobraziliense.com.br\/aqui\/2026\/08\/24\/crimes-de-tortura-e-trabalho-escravo-saiba-o-que-diz-a-legislacao\/\" \/>\n<meta property=\"og:site_name\" content=\"Correio Braziliense - Aqui\" \/>\n<meta property=\"article:published_time\" content=\"2026-08-24T21:03:17+00:00\" \/>\n<meta property=\"article:modified_time\" content=\"2026-08-24T21:03:19+00:00\" \/>\n<meta property=\"og:image\" content=\"https:\/\/www.correiobraziliense.com.br\/aqui\/wp-content\/uploads\/2026\/08\/trabalho-escravo_1787604986951.jpg\" \/>\n\t<meta property=\"og:image:width\" content=\"1280\" \/>\n\t<meta property=\"og:image:height\" content=\"720\" \/>\n\t<meta property=\"og:image:type\" content=\"image\/jpeg\" \/>\n<meta name=\"author\" content=\"Lucas\" \/>\n<meta name=\"twitter:card\" content=\"summary_large_image\" \/>\n<meta name=\"twitter:label1\" content=\"Escrito por\" \/>\n\t<meta name=\"twitter:data1\" content=\"Lucas\" \/>\n\t<meta name=\"twitter:label2\" content=\"Est. tempo de leitura\" \/>\n\t<meta name=\"twitter:data2\" content=\"3 minutos\" \/>\n<!-- \/ Yoast SEO plugin. -->","yoast_head_json":{"title":"Crimes de tortura e trabalho escravo: saiba o que diz a legisla\u00e7\u00e3o - Correio Braziliense - Aqui","description":"Entenda o enquadramento penal para a explora\u00e7\u00e3o degradante de trabalhadores e conhe\u00e7a as puni\u00e7\u00f5es previstas pela legisla\u00e7\u00e3o.","robots":{"index":"index","follow":"follow","max-snippet":"max-snippet:-1","max-image-preview":"max-image-preview:large","max-video-preview":"max-video-preview:-1"},"canonical":"https:\/\/www.correiobraziliense.com.br\/aqui\/2026\/08\/24\/crimes-de-tortura-e-trabalho-escravo-saiba-o-que-diz-a-legislacao\/","og_locale":"pt_BR","og_type":"article","og_title":"Crimes de tortura e trabalho escravo: saiba o que diz a legisla\u00e7\u00e3o - Correio Braziliense - Aqui","og_description":"Entenda o enquadramento penal para a explora\u00e7\u00e3o degradante de trabalhadores e conhe\u00e7a as puni\u00e7\u00f5es previstas pela legisla\u00e7\u00e3o.","og_url":"https:\/\/www.correiobraziliense.com.br\/aqui\/2026\/08\/24\/crimes-de-tortura-e-trabalho-escravo-saiba-o-que-diz-a-legislacao\/","og_site_name":"Correio Braziliense - Aqui","article_published_time":"2026-08-24T21:03:17+00:00","article_modified_time":"2026-08-24T21:03:19+00:00","og_image":[{"width":1280,"height":720,"url":"https:\/\/www.correiobraziliense.com.br\/aqui\/wp-content\/uploads\/2026\/08\/trabalho-escravo_1787604986951.jpg","type":"image\/jpeg"}],"author":"Lucas","twitter_card":"summary_large_image","twitter_misc":{"Escrito por":"Lucas","Est. tempo de leitura":"3 minutos"},"schema":{"@context":"https:\/\/schema.org","@graph":[{"@type":"WebPage","@id":"https:\/\/www.correiobraziliense.com.br\/aqui\/2026\/08\/24\/crimes-de-tortura-e-trabalho-escravo-saiba-o-que-diz-a-legislacao\/","url":"https:\/\/www.correiobraziliense.com.br\/aqui\/2026\/08\/24\/crimes-de-tortura-e-trabalho-escravo-saiba-o-que-diz-a-legislacao\/","name":"Crimes de tortura e trabalho escravo: saiba o que diz a legisla\u00e7\u00e3o - Correio Braziliense - Aqui","isPartOf":{"@id":"https:\/\/www.correiobraziliense.com.br\/aqui\/#website"},"primaryImageOfPage":{"@id":"https:\/\/www.correiobraziliense.com.br\/aqui\/2026\/08\/24\/crimes-de-tortura-e-trabalho-escravo-saiba-o-que-diz-a-legislacao\/#primaryimage"},"image":{"@id":"https:\/\/www.correiobraziliense.com.br\/aqui\/2026\/08\/24\/crimes-de-tortura-e-trabalho-escravo-saiba-o-que-diz-a-legislacao\/#primaryimage"},"thumbnailUrl":"https:\/\/www.correiobraziliense.com.br\/aqui\/wp-content\/uploads\/2026\/08\/trabalho-escravo_1787604986951.jpg","datePublished":"2026-08-24T21:03:17+00:00","dateModified":"2026-08-24T21:03:19+00:00","author":{"@id":"https:\/\/www.correiobraziliense.com.br\/aqui\/#\/schema\/person\/36d094a725ba56bbeb370a877862a002"},"description":"Entenda o enquadramento penal para a explora\u00e7\u00e3o degradante de trabalhadores e conhe\u00e7a as puni\u00e7\u00f5es previstas pela legisla\u00e7\u00e3o.","breadcrumb":{"@id":"https:\/\/www.correiobraziliense.com.br\/aqui\/2026\/08\/24\/crimes-de-tortura-e-trabalho-escravo-saiba-o-que-diz-a-legislacao\/#breadcrumb"},"inLanguage":"pt-BR","potentialAction":[{"@type":"ReadAction","target":["https:\/\/www.correiobraziliense.com.br\/aqui\/2026\/08\/24\/crimes-de-tortura-e-trabalho-escravo-saiba-o-que-diz-a-legislacao\/"]}]},{"@type":"ImageObject","inLanguage":"pt-BR","@id":"https:\/\/www.correiobraziliense.com.br\/aqui\/2026\/08\/24\/crimes-de-tortura-e-trabalho-escravo-saiba-o-que-diz-a-legislacao\/#primaryimage","url":"https:\/\/www.correiobraziliense.com.br\/aqui\/wp-content\/uploads\/2026\/08\/trabalho-escravo_1787604986951.jpg","contentUrl":"https:\/\/www.correiobraziliense.com.br\/aqui\/wp-content\/uploads\/2026\/08\/trabalho-escravo_1787604986951.jpg","width":1280,"height":720,"caption":"Cr\u00e9ditos: depositphotos.com \/ anankkml"},{"@type":"BreadcrumbList","@id":"https:\/\/www.correiobraziliense.com.br\/aqui\/2026\/08\/24\/crimes-de-tortura-e-trabalho-escravo-saiba-o-que-diz-a-legislacao\/#breadcrumb","itemListElement":[{"@type":"ListItem","position":1,"name":"In\u00edcio","item":"https:\/\/www.correiobraziliense.com.br\/aqui\/"},{"@type":"ListItem","position":2,"name":"Crimes de tortura e trabalho escravo: saiba o que diz a legisla\u00e7\u00e3o"}]},{"@type":"WebSite","@id":"https:\/\/www.correiobraziliense.com.br\/aqui\/#website","url":"https:\/\/www.correiobraziliense.com.br\/aqui\/","name":"Correio Braziliense - Aqui","description":"O Correio Braziliense (CB) \u00e9 o mais importante canal de not\u00edcias de Bras\u00edlia. Aqui voc\u00ea encontra as \u00faltimas not\u00edcias do DF, do Brasil e do mundo.","potentialAction":[{"@type":"SearchAction","target":{"@type":"EntryPoint","urlTemplate":"https:\/\/www.correiobraziliense.com.br\/aqui\/?s={search_term_string}"},"query-input":{"@type":"PropertyValueSpecification","valueRequired":true,"valueName":"search_term_string"}}],"inLanguage":"pt-BR"},{"@type":"Person","@id":"https:\/\/www.correiobraziliense.com.br\/aqui\/#\/schema\/person\/36d094a725ba56bbeb370a877862a002","name":"Lucas","image":{"@type":"ImageObject","inLanguage":"pt-BR","@id":"https:\/\/www.correiobraziliense.com.br\/aqui\/#\/schema\/person\/image\/","url":"https:\/\/secure.gravatar.com\/avatar\/eb1dd4a751dca39c233b091fb7b8ce9ef1608850325ab98ff1fbe898fcef0908?s=96&d=mm&r=g","contentUrl":"https:\/\/secure.gravatar.com\/avatar\/eb1dd4a751dca39c233b091fb7b8ce9ef1608850325ab98ff1fbe898fcef0908?s=96&d=mm&r=g","caption":"Lucas"},"url":"https:\/\/www.correiobraziliense.com.br\/aqui\/author\/lucasaqui\/"}]}},"_links":{"self":[{"href":"https:\/\/www.correiobraziliense.com.br\/aqui\/wp-json\/wp\/v2\/posts\/37697","targetHints":{"allow":["GET"]}}],"collection":[{"href":"https:\/\/www.correiobraziliense.com.br\/aqui\/wp-json\/wp\/v2\/posts"}],"about":[{"href":"https:\/\/www.correiobraziliense.com.br\/aqui\/wp-json\/wp\/v2\/types\/post"}],"author":[{"embeddable":true,"href":"https:\/\/www.correiobraziliense.com.br\/aqui\/wp-json\/wp\/v2\/users\/9"}],"replies":[{"embeddable":true,"href":"https:\/\/www.correiobraziliense.com.br\/aqui\/wp-json\/wp\/v2\/comments?post=37697"}],"version-history":[{"count":1,"href":"https:\/\/www.correiobraziliense.com.br\/aqui\/wp-json\/wp\/v2\/posts\/37697\/revisions"}],"predecessor-version":[{"id":37699,"href":"https:\/\/www.correiobraziliense.com.br\/aqui\/wp-json\/wp\/v2\/posts\/37697\/revisions\/37699"}],"wp:featuredmedia":[{"embeddable":true,"href":"https:\/\/www.correiobraziliense.com.br\/aqui\/wp-json\/wp\/v2\/media\/37698"}],"wp:attachment":[{"href":"https:\/\/www.correiobraziliense.com.br\/aqui\/wp-json\/wp\/v2\/media?parent=37697"}],"wp:term":[{"taxonomy":"category","embeddable":true,"href":"https:\/\/www.correiobraziliense.com.br\/aqui\/wp-json\/wp\/v2\/categories?post=37697"},{"taxonomy":"post_tag","embeddable":true,"href":"https:\/\/www.correiobraziliense.com.br\/aqui\/wp-json\/wp\/v2\/tags?post=37697"}],"curies":[{"name":"wp","href":"https:\/\/api.w.org\/{rel}","templated":true}]}}