{"id":37705,"date":"2026-08-24T18:10:14","date_gmt":"2026-08-24T21:10:14","guid":{"rendered":"https:\/\/www.correiobraziliense.com.br\/aqui\/?p=37705"},"modified":"2026-08-24T18:10:16","modified_gmt":"2026-08-24T21:10:16","slug":"sintomas-do-sarampo-como-identificar-a-doenca-em-criancas-e-adultos","status":"publish","type":"post","link":"https:\/\/www.correiobraziliense.com.br\/aqui\/2026\/08\/24\/sintomas-do-sarampo-como-identificar-a-doenca-em-criancas-e-adultos\/","title":{"rendered":"Sintomas do sarampo: como identificar a doen\u00e7a em crian\u00e7as e adultos"},"content":{"rendered":"\n<p>O alerta sobre o sarampo voltou a acender no Brasil, impulsionado pela confirma\u00e7\u00e3o de novos casos e pela necessidade de manter a cobertura vacinal. A doen\u00e7a, altamente contagiosa, pode causar complica\u00e7\u00f5es graves, tornando essencial o reconhecimento r\u00e1pido de seus sintomas tanto em crian\u00e7as quanto em adultos.<\/p>\n\n\n\n<p>Os <a target=\"_blank\" rel=\"noreferrer noopener\" href=\"https:\/\/www.correiobraziliense.com.br\/revista-do-correio\/2026\/07\/7460933-sarampo-conheca-os-sintomas-e-o-esquema-de-vacinacao-para-adultos-e-criancas.html\">sintomas iniciais<\/a> costumam aparecer de 7 a 21 dias ap\u00f3s a exposi\u00e7\u00e3o ao v\u00edrus, com uma m\u00e9dia de 10 a 12 dias, e podem ser facilmente confundidos com um resfriado comum. Os sintomas iniciais incluem febre alta, que pode atingir 39-40\u00b0C, acompanhada de tosse seca persistente, coriza e olhos avermelhados e lacrimejantes (conjuntivite).<\/p>\n\n\n\n<p>Nessa fase inicial, tamb\u00e9m podem surgir pequenos pontos brancos na parte interna da bochecha, conhecidos como manchas de Koplik. Esses pontos s\u00e3o um indicativo claro de sarampo, mas nem sempre s\u00e3o facilmente vis\u00edveis e costumam desaparecer em 12 a 72 horas.<\/p>\n\n\n\n<h2 class=\"wp-block-heading\">A marca registrada do sarampo<\/h2>\n\n\n\n<p>Ap\u00f3s tr\u00eas a cinco dias do in\u00edcio dos sintomas, surge a manifesta\u00e7\u00e3o mais conhecida da doen\u00e7a: as manchas vermelhas na pele. Elas aparecem primeiro no rosto e atr\u00e1s das orelhas, espalhando-se progressivamente para o pesco\u00e7o, tronco, bra\u00e7os e pernas.<\/p>\n\n\n\n<p>Essas erup\u00e7\u00f5es cut\u00e2neas s\u00e3o planas e, com o tempo, podem se agrupar, formando grandes \u00e1reas avermelhadas. As manchas do sarampo podem apresentar coceira vari\u00e1vel, especialmente nas orelhas e pesco\u00e7o. A febre geralmente permanece alta durante o per\u00edodo em que as manchas est\u00e3o presentes.<\/p>\n\n\n\n<h2 class=\"wp-block-heading\">Quando procurar ajuda m\u00e9dica<\/h2>\n\n\n\n<p>Ao notar a combina\u00e7\u00e3o de febre alta com o surgimento de manchas vermelhas, \u00e9 fundamental buscar atendimento m\u00e9dico imediatamente. A pessoa infectada pode <a target=\"_blank\" rel=\"noreferrer noopener\" href=\"https:\/\/www.correiobraziliense.com.br\/cidades-df\/2025\/03\/7089335-sarampo-e-transmitido-muito-mais-facil-que-a-covid-19.html\">transmitir o v\u00edrus<\/a> de quatro dias antes at\u00e9 quatro dias ap\u00f3s o aparecimento das manchas, por isso a recomenda\u00e7\u00e3o \u00e9 entrar em contato com a unidade de sa\u00fade por telefone antes de se dirigir ao local. Essa medida ajuda a evitar a transmiss\u00e3o para outras pessoas na sala de espera.<\/p>\n\n\n\n<p>O diagn\u00f3stico \u00e9 cl\u00ednico, baseado nos sintomas, mas pode ser confirmado por exames de sangue. N\u00e3o h\u00e1 um tratamento espec\u00edfico para o sarampo, apenas medicamentos para aliviar os sintomas, como a febre e o mal-estar. O repouso e a hidrata\u00e7\u00e3o s\u00e3o essenciais para a recupera\u00e7\u00e3o e para evitar complica\u00e7\u00f5es graves como pneumonia e encefalite.<\/p>\n\n\n\n<p>A preven\u00e7\u00e3o \u00e9 a ferramenta mais eficaz contra a doen\u00e7a e \u00e9 feita por meio da <a target=\"_blank\" rel=\"noreferrer noopener\" href=\"https:\/\/www.correiobraziliense.com.br\/opiniao\/2025\/04\/7106612-a-ameaca-do-sarampo.html\">vacina tr\u00edplice viral<\/a>, que protege contra sarampo, caxumba e rub\u00e9ola. Manter a caderneta de vacina\u00e7\u00e3o em dia \u00e9 a principal forma de prote\u00e7\u00e3o individual e coletiva. A vacina est\u00e1 dispon\u00edvel gratuitamente no <a target=\"_blank\" rel=\"noreferrer noopener\" href=\"https:\/\/www.correiobraziliense.com.br\/cidades-df\/2025\/03\/7088484-sarampo-saiba-quais-postos-de-saude-disponibilizam-a-vacina-no-df.html\">Sistema \u00danico de Sa\u00fade (SUS)<\/a>.<\/p>\n\n\n\n<p><\/p>\n","protected":false},"excerpt":{"rendered":"<p>O alerta sobre o sarampo voltou a acender no Brasil, impulsionado pela confirma\u00e7\u00e3o de novos casos e pela necessidade de manter a cobertura vacinal. A doen\u00e7a, altamente contagiosa, pode causar complica\u00e7\u00f5es graves, tornando essencial o reconhecimento r\u00e1pido de seus sintomas tanto em crian\u00e7as quanto em adultos. Os sintomas iniciais costumam aparecer de 7 a 21 [&hellip;]<\/p>\n","protected":false},"author":9,"featured_media":36295,"comment_status":"open","ping_status":"open","sticky":false,"template":"","format":"standard","meta":{"jnews-multi-image_gallery":[],"jnews_single_post":{"format":"standard"},"jnews_primary_category":[],"jnews_social_meta":[],"jnews_override_counter":[],"footnotes":""},"categories":[123],"tags":[5698,3998,11785,5136,514],"class_list":["post-37705","post","type-post","status-publish","format-standard","has-post-thumbnail","hentry","category-saude","tag-adultos","tag-criancas","tag-sarampo","tag-sinais","tag-sintomas"],"yoast_head":"<!-- This site is optimized with the Yoast SEO plugin v25.1 - https:\/\/yoast.com\/wordpress\/plugins\/seo\/ -->\n<title>Sintomas do sarampo: como identificar a doen\u00e7a em crian\u00e7as e adultos - Correio Braziliense - Aqui<\/title>\n<meta name=\"description\" content=\"Febre alta, manchas vermelhas e tosse s\u00e3o sinais de alerta; saiba quando procurar atendimento m\u00e9dico e como evitar complica\u00e7\u00f5es.\" \/>\n<meta name=\"robots\" content=\"index, follow, max-snippet:-1, max-image-preview:large, max-video-preview:-1\" \/>\n<link rel=\"canonical\" href=\"https:\/\/www.correiobraziliense.com.br\/aqui\/2026\/08\/24\/sintomas-do-sarampo-como-identificar-a-doenca-em-criancas-e-adultos\/\" \/>\n<meta property=\"og:locale\" content=\"pt_BR\" \/>\n<meta property=\"og:type\" content=\"article\" \/>\n<meta property=\"og:title\" content=\"Sintomas do sarampo: como identificar a doen\u00e7a em crian\u00e7as e adultos - Correio Braziliense - Aqui\" \/>\n<meta property=\"og:description\" content=\"Febre alta, manchas vermelhas e tosse s\u00e3o sinais de alerta; saiba quando procurar atendimento m\u00e9dico e como evitar complica\u00e7\u00f5es.\" \/>\n<meta property=\"og:url\" content=\"https:\/\/www.correiobraziliense.com.br\/aqui\/2026\/08\/24\/sintomas-do-sarampo-como-identificar-a-doenca-em-criancas-e-adultos\/\" \/>\n<meta property=\"og:site_name\" content=\"Correio Braziliense - Aqui\" \/>\n<meta property=\"article:published_time\" content=\"2026-08-24T21:10:14+00:00\" \/>\n<meta property=\"article:modified_time\" content=\"2026-08-24T21:10:16+00:00\" \/>\n<meta property=\"og:image\" content=\"https:\/\/www.correiobraziliense.com.br\/aqui\/wp-content\/uploads\/2026\/08\/sarampo_1786049546674.jpg\" \/>\n\t<meta property=\"og:image:width\" content=\"1280\" \/>\n\t<meta property=\"og:image:height\" content=\"720\" \/>\n\t<meta property=\"og:image:type\" content=\"image\/jpeg\" \/>\n<meta name=\"author\" content=\"Lucas\" \/>\n<meta name=\"twitter:card\" content=\"summary_large_image\" \/>\n<meta name=\"twitter:label1\" content=\"Escrito por\" \/>\n\t<meta name=\"twitter:data1\" content=\"Lucas\" \/>\n\t<meta name=\"twitter:label2\" content=\"Est. tempo de leitura\" \/>\n\t<meta name=\"twitter:data2\" content=\"3 minutos\" \/>\n<!-- \/ Yoast SEO plugin. -->","yoast_head_json":{"title":"Sintomas do sarampo: como identificar a doen\u00e7a em crian\u00e7as e adultos - Correio Braziliense - Aqui","description":"Febre alta, manchas vermelhas e tosse s\u00e3o sinais de alerta; saiba quando procurar atendimento m\u00e9dico e como evitar complica\u00e7\u00f5es.","robots":{"index":"index","follow":"follow","max-snippet":"max-snippet:-1","max-image-preview":"max-image-preview:large","max-video-preview":"max-video-preview:-1"},"canonical":"https:\/\/www.correiobraziliense.com.br\/aqui\/2026\/08\/24\/sintomas-do-sarampo-como-identificar-a-doenca-em-criancas-e-adultos\/","og_locale":"pt_BR","og_type":"article","og_title":"Sintomas do sarampo: como identificar a doen\u00e7a em crian\u00e7as e adultos - Correio Braziliense - Aqui","og_description":"Febre alta, manchas vermelhas e tosse s\u00e3o sinais de alerta; saiba quando procurar atendimento m\u00e9dico e como evitar complica\u00e7\u00f5es.","og_url":"https:\/\/www.correiobraziliense.com.br\/aqui\/2026\/08\/24\/sintomas-do-sarampo-como-identificar-a-doenca-em-criancas-e-adultos\/","og_site_name":"Correio Braziliense - Aqui","article_published_time":"2026-08-24T21:10:14+00:00","article_modified_time":"2026-08-24T21:10:16+00:00","og_image":[{"width":1280,"height":720,"url":"https:\/\/www.correiobraziliense.com.br\/aqui\/wp-content\/uploads\/2026\/08\/sarampo_1786049546674.jpg","type":"image\/jpeg"}],"author":"Lucas","twitter_card":"summary_large_image","twitter_misc":{"Escrito por":"Lucas","Est. tempo de leitura":"3 minutos"},"schema":{"@context":"https:\/\/schema.org","@graph":[{"@type":"WebPage","@id":"https:\/\/www.correiobraziliense.com.br\/aqui\/2026\/08\/24\/sintomas-do-sarampo-como-identificar-a-doenca-em-criancas-e-adultos\/","url":"https:\/\/www.correiobraziliense.com.br\/aqui\/2026\/08\/24\/sintomas-do-sarampo-como-identificar-a-doenca-em-criancas-e-adultos\/","name":"Sintomas do sarampo: como identificar a doen\u00e7a em crian\u00e7as e adultos - Correio Braziliense - Aqui","isPartOf":{"@id":"https:\/\/www.correiobraziliense.com.br\/aqui\/#website"},"primaryImageOfPage":{"@id":"https:\/\/www.correiobraziliense.com.br\/aqui\/2026\/08\/24\/sintomas-do-sarampo-como-identificar-a-doenca-em-criancas-e-adultos\/#primaryimage"},"image":{"@id":"https:\/\/www.correiobraziliense.com.br\/aqui\/2026\/08\/24\/sintomas-do-sarampo-como-identificar-a-doenca-em-criancas-e-adultos\/#primaryimage"},"thumbnailUrl":"https:\/\/www.correiobraziliense.com.br\/aqui\/wp-content\/uploads\/2026\/08\/sarampo_1786049546674.jpg","datePublished":"2026-08-24T21:10:14+00:00","dateModified":"2026-08-24T21:10:16+00:00","author":{"@id":"https:\/\/www.correiobraziliense.com.br\/aqui\/#\/schema\/person\/36d094a725ba56bbeb370a877862a002"},"description":"Febre alta, manchas vermelhas e tosse s\u00e3o sinais de alerta; saiba quando procurar atendimento m\u00e9dico e como evitar complica\u00e7\u00f5es.","breadcrumb":{"@id":"https:\/\/www.correiobraziliense.com.br\/aqui\/2026\/08\/24\/sintomas-do-sarampo-como-identificar-a-doenca-em-criancas-e-adultos\/#breadcrumb"},"inLanguage":"pt-BR","potentialAction":[{"@type":"ReadAction","target":["https:\/\/www.correiobraziliense.com.br\/aqui\/2026\/08\/24\/sintomas-do-sarampo-como-identificar-a-doenca-em-criancas-e-adultos\/"]}]},{"@type":"ImageObject","inLanguage":"pt-BR","@id":"https:\/\/www.correiobraziliense.com.br\/aqui\/2026\/08\/24\/sintomas-do-sarampo-como-identificar-a-doenca-em-criancas-e-adultos\/#primaryimage","url":"https:\/\/www.correiobraziliense.com.br\/aqui\/wp-content\/uploads\/2026\/08\/sarampo_1786049546674.jpg","contentUrl":"https:\/\/www.correiobraziliense.com.br\/aqui\/wp-content\/uploads\/2026\/08\/sarampo_1786049546674.jpg","width":1280,"height":720,"caption":"Cr\u00e9ditos: depositphotos.com \/ rfphoto"},{"@type":"BreadcrumbList","@id":"https:\/\/www.correiobraziliense.com.br\/aqui\/2026\/08\/24\/sintomas-do-sarampo-como-identificar-a-doenca-em-criancas-e-adultos\/#breadcrumb","itemListElement":[{"@type":"ListItem","position":1,"name":"In\u00edcio","item":"https:\/\/www.correiobraziliense.com.br\/aqui\/"},{"@type":"ListItem","position":2,"name":"Sintomas do sarampo: como identificar a doen\u00e7a em crian\u00e7as e adultos"}]},{"@type":"WebSite","@id":"https:\/\/www.correiobraziliense.com.br\/aqui\/#website","url":"https:\/\/www.correiobraziliense.com.br\/aqui\/","name":"Correio Braziliense - Aqui","description":"O Correio Braziliense (CB) \u00e9 o mais importante canal de not\u00edcias de Bras\u00edlia. Aqui voc\u00ea encontra as \u00faltimas not\u00edcias do DF, do Brasil e do mundo.","potentialAction":[{"@type":"SearchAction","target":{"@type":"EntryPoint","urlTemplate":"https:\/\/www.correiobraziliense.com.br\/aqui\/?s={search_term_string}"},"query-input":{"@type":"PropertyValueSpecification","valueRequired":true,"valueName":"search_term_string"}}],"inLanguage":"pt-BR"},{"@type":"Person","@id":"https:\/\/www.correiobraziliense.com.br\/aqui\/#\/schema\/person\/36d094a725ba56bbeb370a877862a002","name":"Lucas","image":{"@type":"ImageObject","inLanguage":"pt-BR","@id":"https:\/\/www.correiobraziliense.com.br\/aqui\/#\/schema\/person\/image\/","url":"https:\/\/secure.gravatar.com\/avatar\/eb1dd4a751dca39c233b091fb7b8ce9ef1608850325ab98ff1fbe898fcef0908?s=96&d=mm&r=g","contentUrl":"https:\/\/secure.gravatar.com\/avatar\/eb1dd4a751dca39c233b091fb7b8ce9ef1608850325ab98ff1fbe898fcef0908?s=96&d=mm&r=g","caption":"Lucas"},"url":"https:\/\/www.correiobraziliense.com.br\/aqui\/author\/lucasaqui\/"}]}},"_links":{"self":[{"href":"https:\/\/www.correiobraziliense.com.br\/aqui\/wp-json\/wp\/v2\/posts\/37705","targetHints":{"allow":["GET"]}}],"collection":[{"href":"https:\/\/www.correiobraziliense.com.br\/aqui\/wp-json\/wp\/v2\/posts"}],"about":[{"href":"https:\/\/www.correiobraziliense.com.br\/aqui\/wp-json\/wp\/v2\/types\/post"}],"author":[{"embeddable":true,"href":"https:\/\/www.correiobraziliense.com.br\/aqui\/wp-json\/wp\/v2\/users\/9"}],"replies":[{"embeddable":true,"href":"https:\/\/www.correiobraziliense.com.br\/aqui\/wp-json\/wp\/v2\/comments?post=37705"}],"version-history":[{"count":1,"href":"https:\/\/www.correiobraziliense.com.br\/aqui\/wp-json\/wp\/v2\/posts\/37705\/revisions"}],"predecessor-version":[{"id":37706,"href":"https:\/\/www.correiobraziliense.com.br\/aqui\/wp-json\/wp\/v2\/posts\/37705\/revisions\/37706"}],"wp:featuredmedia":[{"embeddable":true,"href":"https:\/\/www.correiobraziliense.com.br\/aqui\/wp-json\/wp\/v2\/media\/36295"}],"wp:attachment":[{"href":"https:\/\/www.correiobraziliense.com.br\/aqui\/wp-json\/wp\/v2\/media?parent=37705"}],"wp:term":[{"taxonomy":"category","embeddable":true,"href":"https:\/\/www.correiobraziliense.com.br\/aqui\/wp-json\/wp\/v2\/categories?post=37705"},{"taxonomy":"post_tag","embeddable":true,"href":"https:\/\/www.correiobraziliense.com.br\/aqui\/wp-json\/wp\/v2\/tags?post=37705"}],"curies":[{"name":"wp","href":"https:\/\/api.w.org\/{rel}","templated":true}]}}