{"id":37710,"date":"2026-08-29T08:00:00","date_gmt":"2026-08-29T11:00:00","guid":{"rendered":"https:\/\/www.correiobraziliense.com.br\/aqui\/?p=37710"},"modified":"2026-08-24T22:49:56","modified_gmt":"2026-08-25T01:49:56","slug":"7-sinais-de-depressao-funcional-que-voce-nao-deve-ignorar","status":"publish","type":"post","link":"https:\/\/www.correiobraziliense.com.br\/aqui\/2026\/08\/29\/7-sinais-de-depressao-funcional-que-voce-nao-deve-ignorar\/","title":{"rendered":"7 sinais de depress\u00e3o funcional que voc\u00ea n\u00e3o deve ignorar"},"content":{"rendered":"\n<p>Manter a rotina de trabalho, os compromissos sociais e as tarefas de casa nem sempre \u00e9 sinal de que est\u00e1 tudo bem. Por tr\u00e1s de uma fachada de normalidade pode existir um quadro de <a href=\"https:\/\/www.correiobraziliense.com.br\/aqui\/2026\/08\/24\/diferenca-entre-depressao-funcional-e-burnout-saiba-identificar\/\">depress\u00e3o funcional<\/a>, um quadro frequentemente associado \u00e0 distimia (Transtorno Depressivo Persistente) ou chamado de depress\u00e3o de alto funcionamento. O transtorno se manifesta com sintomas depressivos persistentes, mas que n\u00e3o impedem a pessoa de cumprir suas obriga\u00e7\u00f5es di\u00e1rias.<\/p>\n\n\n\n<p>Essa capacidade de &#8220;funcionar&#8221; torna o diagn\u00f3stico mais dif\u00edcil, tanto para quem sofre quanto para as pessoas ao redor. A luta interna \u00e9 silenciosa e muitas vezes confundida com cansa\u00e7o, estresse ou apenas uma fase ruim. No entanto, ignorar os sinais pode agravar o quadro e comprometer seriamente a sa\u00fade mental e a qualidade de vida a longo prazo.<\/p>\n\n\n\n<p>Reconhecer os sintomas \u00e9 o primeiro passo para buscar ajuda e encontrar caminhos para o bem-estar. Fique atento a alguns dos sinais mais comuns que podem indicar a presen\u00e7a de um quadro de depress\u00e3o funcional.<\/p>\n\n\n\n<h2 class=\"wp-block-heading\">Sinais de alerta da depress\u00e3o funcional<\/h2>\n\n\n\n<ol class=\"wp-block-list\">\n<li><strong>Cansa\u00e7o que n\u00e3o passa<\/strong><br>N\u00e3o se trata de um cansa\u00e7o comum ap\u00f3s um dia cheio, mas de uma exaust\u00e3o f\u00edsica e mental constante. A pessoa j\u00e1 acorda se sentindo esgotada, e mesmo o descanso parece n\u00e3o ser suficiente para recarregar as energias.<\/li>\n\n\n\n<li><strong>Perda de interesse e prazer<\/strong><br>Atividades que antes eram fontes de alegria, como hobbies, encontros com amigos ou passatempos, perdem a gra\u00e7a. A pessoa continua a realiz\u00e1-las, muitas vezes por obriga\u00e7\u00e3o, mas sem sentir o prazer ou a satisfa\u00e7\u00e3o de antes.<\/li>\n\n\n\n<li><strong>Irritabilidade e &#8220;pavio curto&#8221;<\/strong><br>A tristeza n\u00e3o \u00e9 o \u00fanico sintoma. A depress\u00e3o funcional pode se manifestar por meio de irritabilidade constante, impaci\u00eancia e respostas r\u00edspidas a situa\u00e7\u00f5es cotidianas. Pequenos problemas podem gerar rea\u00e7\u00f5es desproporcionais.<\/li>\n\n\n\n<li><strong>Autocr\u00edtica excessiva<\/strong><br>H\u00e1 um sentimento persistente de inadequa\u00e7\u00e3o e uma voz interna que critica duramente cada falha, por menor que seja. A pessoa pode se sentir uma fraude ou acreditar que n\u00e3o \u00e9 boa o suficiente, mesmo quando recebe elogios.<\/li>\n\n\n\n<li><strong>Mudan\u00e7as no apetite ou sono<\/strong><br>Pode ocorrer uma vontade de comer muito mais do que o habitual, especialmente alimentos ricos em a\u00e7\u00facar ou gordura, ou uma perda significativa de apetite. O sono tamb\u00e9m \u00e9 afetado, com quadros de ins\u00f4nia ou necessidade de dormir por muitas horas.<\/li>\n\n\n\n<li><strong>Dificuldade de concentra\u00e7\u00e3o<\/strong><br>Tarefas que exigem foco se tornam um grande desafio. A mente parece nublada, o que dificulta a tomada de decis\u00f5es, a organiza\u00e7\u00e3o de pensamentos e a memoriza\u00e7\u00e3o de informa\u00e7\u00f5es importantes no trabalho ou nos estudos.<\/li>\n\n\n\n<li><strong>Isolamento social sutil<\/strong><br>A pessoa n\u00e3o deixa de ir aos eventos sociais, mas sua participa\u00e7\u00e3o \u00e9 passiva. Ela pode evitar conversas mais profundas, ir embora mais cedo ou se sentir completamente esgotada ap\u00f3s intera\u00e7\u00f5es, preferindo ficar sozinha.<\/li>\n<\/ol>\n","protected":false},"excerpt":{"rendered":"<p>Manter a rotina de trabalho, os compromissos sociais e as tarefas de casa nem sempre \u00e9 sinal de que est\u00e1 tudo bem. Por tr\u00e1s de uma fachada de normalidade pode existir um quadro de depress\u00e3o funcional, um quadro frequentemente associado \u00e0 distimia (Transtorno Depressivo Persistente) ou chamado de depress\u00e3o de alto funcionamento. O transtorno se [&hellip;]<\/p>\n","protected":false},"author":10,"featured_media":28031,"comment_status":"open","ping_status":"open","sticky":false,"template":"","format":"standard","meta":{"jnews-multi-image_gallery":[],"jnews_single_post":{"format":"standard"},"jnews_primary_category":[],"jnews_social_meta":[],"jnews_override_counter":[],"footnotes":""},"categories":[199,123],"tags":[140,12306,141],"class_list":["post-37710","post","type-post","status-publish","format-standard","has-post-thumbnail","hentry","category-bem-estar","category-saude","tag-bem-estar","tag-depressao-funcional","tag-saude"],"yoast_head":"<!-- This site is optimized with the Yoast SEO plugin v25.1 - https:\/\/yoast.com\/wordpress\/plugins\/seo\/ -->\n<title>7 sinais de depress\u00e3o funcional que voc\u00ea n\u00e3o deve ignorar - Correio Braziliense - Aqui<\/title>\n<meta name=\"description\" content=\"Tristeza persistente e cansa\u00e7o excessivo podem indicar depress\u00e3o funcional, mesmo quando a pessoa mant\u00e9m a rotina\" \/>\n<meta name=\"robots\" content=\"index, follow, max-snippet:-1, max-image-preview:large, max-video-preview:-1\" \/>\n<link rel=\"canonical\" href=\"https:\/\/www.correiobraziliense.com.br\/aqui\/2026\/08\/29\/7-sinais-de-depressao-funcional-que-voce-nao-deve-ignorar\/\" \/>\n<meta property=\"og:locale\" content=\"pt_BR\" \/>\n<meta property=\"og:type\" content=\"article\" \/>\n<meta property=\"og:title\" content=\"7 sinais de depress\u00e3o funcional que voc\u00ea n\u00e3o deve ignorar - Correio Braziliense - Aqui\" \/>\n<meta property=\"og:description\" content=\"Tristeza persistente e cansa\u00e7o excessivo podem indicar depress\u00e3o funcional, mesmo quando a pessoa mant\u00e9m a rotina\" \/>\n<meta property=\"og:url\" content=\"https:\/\/www.correiobraziliense.com.br\/aqui\/2026\/08\/29\/7-sinais-de-depressao-funcional-que-voce-nao-deve-ignorar\/\" \/>\n<meta property=\"og:site_name\" content=\"Correio Braziliense - Aqui\" \/>\n<meta property=\"article:published_time\" content=\"2026-08-29T11:00:00+00:00\" \/>\n<meta property=\"og:image\" content=\"https:\/\/www.correiobraziliense.com.br\/aqui\/wp-content\/uploads\/2026\/04\/mulher-chorando_1777286823328.jpg\" \/>\n\t<meta property=\"og:image:width\" content=\"1280\" \/>\n\t<meta property=\"og:image:height\" content=\"720\" \/>\n\t<meta property=\"og:image:type\" content=\"image\/jpeg\" \/>\n<meta name=\"author\" content=\"Larissa\" \/>\n<meta name=\"twitter:card\" content=\"summary_large_image\" \/>\n<meta name=\"twitter:label1\" content=\"Escrito por\" \/>\n\t<meta name=\"twitter:data1\" content=\"Larissa\" \/>\n\t<meta name=\"twitter:label2\" content=\"Est. tempo de leitura\" \/>\n\t<meta name=\"twitter:data2\" content=\"3 minutos\" \/>\n<!-- \/ Yoast SEO plugin. -->","yoast_head_json":{"title":"7 sinais de depress\u00e3o funcional que voc\u00ea n\u00e3o deve ignorar - Correio Braziliense - Aqui","description":"Tristeza persistente e cansa\u00e7o excessivo podem indicar depress\u00e3o funcional, mesmo quando a pessoa mant\u00e9m a rotina","robots":{"index":"index","follow":"follow","max-snippet":"max-snippet:-1","max-image-preview":"max-image-preview:large","max-video-preview":"max-video-preview:-1"},"canonical":"https:\/\/www.correiobraziliense.com.br\/aqui\/2026\/08\/29\/7-sinais-de-depressao-funcional-que-voce-nao-deve-ignorar\/","og_locale":"pt_BR","og_type":"article","og_title":"7 sinais de depress\u00e3o funcional que voc\u00ea n\u00e3o deve ignorar - Correio Braziliense - Aqui","og_description":"Tristeza persistente e cansa\u00e7o excessivo podem indicar depress\u00e3o funcional, mesmo quando a pessoa mant\u00e9m a rotina","og_url":"https:\/\/www.correiobraziliense.com.br\/aqui\/2026\/08\/29\/7-sinais-de-depressao-funcional-que-voce-nao-deve-ignorar\/","og_site_name":"Correio Braziliense - Aqui","article_published_time":"2026-08-29T11:00:00+00:00","og_image":[{"width":1280,"height":720,"url":"https:\/\/www.correiobraziliense.com.br\/aqui\/wp-content\/uploads\/2026\/04\/mulher-chorando_1777286823328.jpg","type":"image\/jpeg"}],"author":"Larissa","twitter_card":"summary_large_image","twitter_misc":{"Escrito por":"Larissa","Est. tempo de leitura":"3 minutos"},"schema":{"@context":"https:\/\/schema.org","@graph":[{"@type":"WebPage","@id":"https:\/\/www.correiobraziliense.com.br\/aqui\/2026\/08\/29\/7-sinais-de-depressao-funcional-que-voce-nao-deve-ignorar\/","url":"https:\/\/www.correiobraziliense.com.br\/aqui\/2026\/08\/29\/7-sinais-de-depressao-funcional-que-voce-nao-deve-ignorar\/","name":"7 sinais de depress\u00e3o funcional que voc\u00ea n\u00e3o deve ignorar - Correio Braziliense - Aqui","isPartOf":{"@id":"https:\/\/www.correiobraziliense.com.br\/aqui\/#website"},"primaryImageOfPage":{"@id":"https:\/\/www.correiobraziliense.com.br\/aqui\/2026\/08\/29\/7-sinais-de-depressao-funcional-que-voce-nao-deve-ignorar\/#primaryimage"},"image":{"@id":"https:\/\/www.correiobraziliense.com.br\/aqui\/2026\/08\/29\/7-sinais-de-depressao-funcional-que-voce-nao-deve-ignorar\/#primaryimage"},"thumbnailUrl":"https:\/\/www.correiobraziliense.com.br\/aqui\/wp-content\/uploads\/2026\/04\/mulher-chorando_1777286823328.jpg","datePublished":"2026-08-29T11:00:00+00:00","author":{"@id":"https:\/\/www.correiobraziliense.com.br\/aqui\/#\/schema\/person\/775f50a8c1ac31704d56816e99b29041"},"description":"Tristeza persistente e cansa\u00e7o excessivo podem indicar depress\u00e3o funcional, mesmo quando a pessoa mant\u00e9m a rotina","breadcrumb":{"@id":"https:\/\/www.correiobraziliense.com.br\/aqui\/2026\/08\/29\/7-sinais-de-depressao-funcional-que-voce-nao-deve-ignorar\/#breadcrumb"},"inLanguage":"pt-BR","potentialAction":[{"@type":"ReadAction","target":["https:\/\/www.correiobraziliense.com.br\/aqui\/2026\/08\/29\/7-sinais-de-depressao-funcional-que-voce-nao-deve-ignorar\/"]}]},{"@type":"ImageObject","inLanguage":"pt-BR","@id":"https:\/\/www.correiobraziliense.com.br\/aqui\/2026\/08\/29\/7-sinais-de-depressao-funcional-que-voce-nao-deve-ignorar\/#primaryimage","url":"https:\/\/www.correiobraziliense.com.br\/aqui\/wp-content\/uploads\/2026\/04\/mulher-chorando_1777286823328.jpg","contentUrl":"https:\/\/www.correiobraziliense.com.br\/aqui\/wp-content\/uploads\/2026\/04\/mulher-chorando_1777286823328.jpg","width":1280,"height":720,"caption":"Cr\u00e9ditos: depositphotos.com \/ IgorTishenko"},{"@type":"BreadcrumbList","@id":"https:\/\/www.correiobraziliense.com.br\/aqui\/2026\/08\/29\/7-sinais-de-depressao-funcional-que-voce-nao-deve-ignorar\/#breadcrumb","itemListElement":[{"@type":"ListItem","position":1,"name":"In\u00edcio","item":"https:\/\/www.correiobraziliense.com.br\/aqui\/"},{"@type":"ListItem","position":2,"name":"7 sinais de depress\u00e3o funcional que voc\u00ea n\u00e3o deve ignorar"}]},{"@type":"WebSite","@id":"https:\/\/www.correiobraziliense.com.br\/aqui\/#website","url":"https:\/\/www.correiobraziliense.com.br\/aqui\/","name":"Correio Braziliense - Aqui","description":"O Correio Braziliense (CB) \u00e9 o mais importante canal de not\u00edcias de Bras\u00edlia. Aqui voc\u00ea encontra as \u00faltimas not\u00edcias do DF, do Brasil e do mundo.","potentialAction":[{"@type":"SearchAction","target":{"@type":"EntryPoint","urlTemplate":"https:\/\/www.correiobraziliense.com.br\/aqui\/?s={search_term_string}"},"query-input":{"@type":"PropertyValueSpecification","valueRequired":true,"valueName":"search_term_string"}}],"inLanguage":"pt-BR"},{"@type":"Person","@id":"https:\/\/www.correiobraziliense.com.br\/aqui\/#\/schema\/person\/775f50a8c1ac31704d56816e99b29041","name":"Larissa","image":{"@type":"ImageObject","inLanguage":"pt-BR","@id":"https:\/\/www.correiobraziliense.com.br\/aqui\/#\/schema\/person\/image\/","url":"https:\/\/secure.gravatar.com\/avatar\/62f5b2e99de671d075ab98e19f03c3c38c80a93f5d06f51075cf4431a4e76458?s=96&d=mm&r=g","contentUrl":"https:\/\/secure.gravatar.com\/avatar\/62f5b2e99de671d075ab98e19f03c3c38c80a93f5d06f51075cf4431a4e76458?s=96&d=mm&r=g","caption":"Larissa"},"url":"https:\/\/www.correiobraziliense.com.br\/aqui\/author\/larissaaqui\/"}]}},"_links":{"self":[{"href":"https:\/\/www.correiobraziliense.com.br\/aqui\/wp-json\/wp\/v2\/posts\/37710","targetHints":{"allow":["GET"]}}],"collection":[{"href":"https:\/\/www.correiobraziliense.com.br\/aqui\/wp-json\/wp\/v2\/posts"}],"about":[{"href":"https:\/\/www.correiobraziliense.com.br\/aqui\/wp-json\/wp\/v2\/types\/post"}],"author":[{"embeddable":true,"href":"https:\/\/www.correiobraziliense.com.br\/aqui\/wp-json\/wp\/v2\/users\/10"}],"replies":[{"embeddable":true,"href":"https:\/\/www.correiobraziliense.com.br\/aqui\/wp-json\/wp\/v2\/comments?post=37710"}],"version-history":[{"count":2,"href":"https:\/\/www.correiobraziliense.com.br\/aqui\/wp-json\/wp\/v2\/posts\/37710\/revisions"}],"predecessor-version":[{"id":37712,"href":"https:\/\/www.correiobraziliense.com.br\/aqui\/wp-json\/wp\/v2\/posts\/37710\/revisions\/37712"}],"wp:featuredmedia":[{"embeddable":true,"href":"https:\/\/www.correiobraziliense.com.br\/aqui\/wp-json\/wp\/v2\/media\/28031"}],"wp:attachment":[{"href":"https:\/\/www.correiobraziliense.com.br\/aqui\/wp-json\/wp\/v2\/media?parent=37710"}],"wp:term":[{"taxonomy":"category","embeddable":true,"href":"https:\/\/www.correiobraziliense.com.br\/aqui\/wp-json\/wp\/v2\/categories?post=37710"},{"taxonomy":"post_tag","embeddable":true,"href":"https:\/\/www.correiobraziliense.com.br\/aqui\/wp-json\/wp\/v2\/tags?post=37710"}],"curies":[{"name":"wp","href":"https:\/\/api.w.org\/{rel}","templated":true}]}}