{"id":37728,"date":"2026-08-25T09:39:00","date_gmt":"2026-08-25T12:39:00","guid":{"rendered":"https:\/\/www.correiobraziliense.com.br\/aqui\/?p=37728"},"modified":"2026-08-25T09:06:19","modified_gmt":"2026-08-25T12:06:19","slug":"como-a-legislacao-regula-o-uso-de-verbas-na-producao-de-filmes","status":"publish","type":"post","link":"https:\/\/www.correiobraziliense.com.br\/aqui\/2026\/08\/25\/como-a-legislacao-regula-o-uso-de-verbas-na-producao-de-filmes\/","title":{"rendered":"Como a legisla\u00e7\u00e3o regula o uso de verbas na produ\u00e7\u00e3o de filmes"},"content":{"rendered":"\n<p>A recente decis\u00e3o do ministro Fl\u00e1vio Dino, do Supremo Tribunal Federal (STF), que autorizou a Pol\u00edcia Federal a acessar dados de investiga\u00e7\u00e3o sobre a produtora do filme \u201cDark Horse\u201d, cinebiografia sobre Jair Bolsonaro, colocou em evid\u00eancia uma d\u00favida comum: como o dinheiro p\u00fablico \u00e9 usado na produ\u00e7\u00e3o de filmes no Brasil? A investiga\u00e7\u00e3o da PF apura suspeitas de que emendas parlamentares possam ter sido usadas no financiamento da produ\u00e7\u00e3o, destacando a import\u00e2ncia dos mecanismos de controle que regulam o setor.<\/p>\n\n\n\n<p>O fomento ao cinema nacional \u00e9 estruturado principalmente por meio da <a target=\"_blank\" rel=\"noreferrer noopener\" href=\"https:\/\/www.correiobraziliense.com.br\/politica\/2026\/08\/7475161-ancine-instaura-processo-contra-produtora-de-cinebiografia-de-bolsonaro.html\">Ag\u00eancia Nacional do Cinema (Ancine)<\/a>, que gerencia os recursos e fiscaliza sua aplica\u00e7\u00e3o. As produtoras que buscam apoio estatal precisam seguir um caminho rigoroso, que come\u00e7a com a apresenta\u00e7\u00e3o de um projeto detalhado, incluindo roteiro, or\u00e7amento e plano de distribui\u00e7\u00e3o.<\/p>\n\n\n\n<h2 class=\"wp-block-heading\">As regras para o uso de verbas p\u00fablicas<\/h2>\n\n\n\n<p>Uma vez que um projeto \u00e9 aprovado pela Ancine, ele se torna apto a captar recursos. Existem duas modalidades principais de fomento: o direto, que utiliza verbas de fundos p\u00fablicos como o Fundo Setorial do Audiovisual (FSA), e o indireto, baseado em leis de incentivo fiscal, como a Lei do Audiovisual. Neste \u00faltimo caso, empresas podem abater parte de seus impostos ao investir em produ\u00e7\u00f5es culturais.<\/p>\n\n\n\n<p>Independentemente da origem, o dinheiro deve ser depositado em uma conta banc\u00e1ria espec\u00edfica para o projeto, movimentada exclusivamente para cobrir os custos previstos no or\u00e7amento aprovado. Todas as despesas, desde a contrata\u00e7\u00e3o de atores e equipes t\u00e9cnicas at\u00e9 gastos com loca\u00e7\u00e3o e p\u00f3s-produ\u00e7\u00e3o, precisam ser comprovadas.<\/p>\n\n\n\n<h2 class=\"wp-block-heading\">Fiscaliza\u00e7\u00e3o e presta\u00e7\u00e3o de contas<\/h2>\n\n\n\n<p>O controle sobre o uso das verbas \u00e9 constante. A <a target=\"_blank\" rel=\"noreferrer noopener\" href=\"https:\/\/www.correiobraziliense.com.br\/politica\/2026\/08\/7486073-dino-manda-policia-de-sp-enviar-dados-da-produtora-de-dark-horse-a-pf.html\">produtora respons\u00e1vel<\/a> \u00e9 obrigada a apresentar relat\u00f3rios peri\u00f3dicos e, ao final do projeto, uma presta\u00e7\u00e3o de contas completa \u00e0 Ancine. Essa documenta\u00e7\u00e3o inclui notas fiscais, contratos e extratos banc\u00e1rios que demonstrem que cada real foi gasto conforme o planejado.<\/p>\n\n\n\n<p>Caso sejam identificadas <a target=\"_blank\" rel=\"noreferrer noopener\" href=\"https:\/\/www.correiobraziliense.com.br\/politica\/2026\/07\/7467553-mp-de-contas-pede-apuracao-do-tcu-sobre-recursos-para-o-filme-dark-horse.html\">irregularidades<\/a>, como desvio de finalidade ou superfaturamento, a produtora pode sofrer san\u00e7\u00f5es severas. As puni\u00e7\u00f5es variam desde a obriga\u00e7\u00e3o de devolver todo o valor recebido, corrigido com juros e multas, at\u00e9 a inabilita\u00e7\u00e3o para receber novos fomentos p\u00fablicos e a abertura de processos civis e criminais.<\/p>\n\n\n\n<p>O objetivo desses mecanismos \u00e9 garantir que o <a target=\"_blank\" rel=\"noreferrer noopener\" href=\"https:\/\/www.correiobraziliense.com.br\/politica\/2026\/06\/7437756-documentos-indicam-caminho-de-rs-61-milhoes-de-vorcaro-a-filme.html\">investimento p\u00fablico<\/a> cumpra sua fun\u00e7\u00e3o de fortalecer a cultura e a economia do pa\u00eds, gerando empregos e promovendo a diversidade de narrativas no cinema brasileiro. A transpar\u00eancia e a fiscaliza\u00e7\u00e3o s\u00e3o ferramentas essenciais para assegurar a correta aplica\u00e7\u00e3o dos recursos da sociedade.<\/p>\n","protected":false},"excerpt":{"rendered":"<p>A recente decis\u00e3o do ministro Fl\u00e1vio Dino, do Supremo Tribunal Federal (STF), que autorizou a Pol\u00edcia Federal a acessar dados de investiga\u00e7\u00e3o sobre a produtora do filme \u201cDark Horse\u201d, cinebiografia sobre Jair Bolsonaro, colocou em evid\u00eancia uma d\u00favida comum: como o dinheiro p\u00fablico \u00e9 usado na produ\u00e7\u00e3o de filmes no Brasil? A investiga\u00e7\u00e3o da PF [&hellip;]<\/p>\n","protected":false},"author":10,"featured_media":28659,"comment_status":"open","ping_status":"open","sticky":false,"template":"","format":"standard","meta":{"jnews-multi-image_gallery":[],"jnews_single_post":{"format":"standard"},"jnews_primary_category":[],"jnews_social_meta":[],"jnews_override_counter":[],"footnotes":""},"categories":[154],"tags":[157,12339],"class_list":["post-37728","post","type-post","status-publish","format-standard","has-post-thumbnail","hentry","category-brasil","tag-brasil","tag-verbas-publicas"],"yoast_head":"<!-- This site is optimized with the Yoast SEO plugin v25.1 - https:\/\/yoast.com\/wordpress\/plugins\/seo\/ -->\n<title>Como a legisla\u00e7\u00e3o regula o uso de verbas na produ\u00e7\u00e3o de filmes - Correio Braziliense - Aqui<\/title>\n<meta name=\"description\" content=\"Saiba como funcionam os mecanismos de fiscaliza\u00e7\u00e3o e presta\u00e7\u00e3o de contas que orientam o uso de verbas p\u00fablicas no cinema nacional\" \/>\n<meta name=\"robots\" content=\"index, follow, max-snippet:-1, max-image-preview:large, max-video-preview:-1\" \/>\n<link rel=\"canonical\" href=\"https:\/\/www.correiobraziliense.com.br\/aqui\/2026\/08\/25\/como-a-legislacao-regula-o-uso-de-verbas-na-producao-de-filmes\/\" \/>\n<meta property=\"og:locale\" content=\"pt_BR\" \/>\n<meta property=\"og:type\" content=\"article\" \/>\n<meta property=\"og:title\" content=\"Como a legisla\u00e7\u00e3o regula o uso de verbas na produ\u00e7\u00e3o de filmes - Correio Braziliense - Aqui\" \/>\n<meta property=\"og:description\" content=\"Saiba como funcionam os mecanismos de fiscaliza\u00e7\u00e3o e presta\u00e7\u00e3o de contas que orientam o uso de verbas p\u00fablicas no cinema nacional\" \/>\n<meta property=\"og:url\" content=\"https:\/\/www.correiobraziliense.com.br\/aqui\/2026\/08\/25\/como-a-legislacao-regula-o-uso-de-verbas-na-producao-de-filmes\/\" \/>\n<meta property=\"og:site_name\" content=\"Correio Braziliense - Aqui\" \/>\n<meta property=\"article:published_time\" content=\"2026-08-25T12:39:00+00:00\" \/>\n<meta property=\"og:image\" content=\"https:\/\/www.correiobraziliense.com.br\/aqui\/wp-content\/uploads\/2026\/05\/salario-real_1777978049024.jpg\" \/>\n\t<meta property=\"og:image:width\" content=\"1280\" \/>\n\t<meta property=\"og:image:height\" content=\"720\" \/>\n\t<meta property=\"og:image:type\" content=\"image\/jpeg\" \/>\n<meta name=\"author\" content=\"Larissa\" \/>\n<meta name=\"twitter:card\" content=\"summary_large_image\" \/>\n<meta name=\"twitter:label1\" content=\"Escrito por\" \/>\n\t<meta name=\"twitter:data1\" content=\"Larissa\" \/>\n\t<meta name=\"twitter:label2\" content=\"Est. tempo de leitura\" \/>\n\t<meta name=\"twitter:data2\" content=\"3 minutos\" \/>\n<!-- \/ Yoast SEO plugin. -->","yoast_head_json":{"title":"Como a legisla\u00e7\u00e3o regula o uso de verbas na produ\u00e7\u00e3o de filmes - Correio Braziliense - Aqui","description":"Saiba como funcionam os mecanismos de fiscaliza\u00e7\u00e3o e presta\u00e7\u00e3o de contas que orientam o uso de verbas p\u00fablicas no cinema nacional","robots":{"index":"index","follow":"follow","max-snippet":"max-snippet:-1","max-image-preview":"max-image-preview:large","max-video-preview":"max-video-preview:-1"},"canonical":"https:\/\/www.correiobraziliense.com.br\/aqui\/2026\/08\/25\/como-a-legislacao-regula-o-uso-de-verbas-na-producao-de-filmes\/","og_locale":"pt_BR","og_type":"article","og_title":"Como a legisla\u00e7\u00e3o regula o uso de verbas na produ\u00e7\u00e3o de filmes - Correio Braziliense - Aqui","og_description":"Saiba como funcionam os mecanismos de fiscaliza\u00e7\u00e3o e presta\u00e7\u00e3o de contas que orientam o uso de verbas p\u00fablicas no cinema nacional","og_url":"https:\/\/www.correiobraziliense.com.br\/aqui\/2026\/08\/25\/como-a-legislacao-regula-o-uso-de-verbas-na-producao-de-filmes\/","og_site_name":"Correio Braziliense - Aqui","article_published_time":"2026-08-25T12:39:00+00:00","og_image":[{"width":1280,"height":720,"url":"https:\/\/www.correiobraziliense.com.br\/aqui\/wp-content\/uploads\/2026\/05\/salario-real_1777978049024.jpg","type":"image\/jpeg"}],"author":"Larissa","twitter_card":"summary_large_image","twitter_misc":{"Escrito por":"Larissa","Est. tempo de leitura":"3 minutos"},"schema":{"@context":"https:\/\/schema.org","@graph":[{"@type":"WebPage","@id":"https:\/\/www.correiobraziliense.com.br\/aqui\/2026\/08\/25\/como-a-legislacao-regula-o-uso-de-verbas-na-producao-de-filmes\/","url":"https:\/\/www.correiobraziliense.com.br\/aqui\/2026\/08\/25\/como-a-legislacao-regula-o-uso-de-verbas-na-producao-de-filmes\/","name":"Como a legisla\u00e7\u00e3o regula o uso de verbas na produ\u00e7\u00e3o de filmes - Correio Braziliense - Aqui","isPartOf":{"@id":"https:\/\/www.correiobraziliense.com.br\/aqui\/#website"},"primaryImageOfPage":{"@id":"https:\/\/www.correiobraziliense.com.br\/aqui\/2026\/08\/25\/como-a-legislacao-regula-o-uso-de-verbas-na-producao-de-filmes\/#primaryimage"},"image":{"@id":"https:\/\/www.correiobraziliense.com.br\/aqui\/2026\/08\/25\/como-a-legislacao-regula-o-uso-de-verbas-na-producao-de-filmes\/#primaryimage"},"thumbnailUrl":"https:\/\/www.correiobraziliense.com.br\/aqui\/wp-content\/uploads\/2026\/05\/salario-real_1777978049024.jpg","datePublished":"2026-08-25T12:39:00+00:00","author":{"@id":"https:\/\/www.correiobraziliense.com.br\/aqui\/#\/schema\/person\/775f50a8c1ac31704d56816e99b29041"},"description":"Saiba como funcionam os mecanismos de fiscaliza\u00e7\u00e3o e presta\u00e7\u00e3o de contas que orientam o uso de verbas p\u00fablicas no cinema nacional","breadcrumb":{"@id":"https:\/\/www.correiobraziliense.com.br\/aqui\/2026\/08\/25\/como-a-legislacao-regula-o-uso-de-verbas-na-producao-de-filmes\/#breadcrumb"},"inLanguage":"pt-BR","potentialAction":[{"@type":"ReadAction","target":["https:\/\/www.correiobraziliense.com.br\/aqui\/2026\/08\/25\/como-a-legislacao-regula-o-uso-de-verbas-na-producao-de-filmes\/"]}]},{"@type":"ImageObject","inLanguage":"pt-BR","@id":"https:\/\/www.correiobraziliense.com.br\/aqui\/2026\/08\/25\/como-a-legislacao-regula-o-uso-de-verbas-na-producao-de-filmes\/#primaryimage","url":"https:\/\/www.correiobraziliense.com.br\/aqui\/wp-content\/uploads\/2026\/05\/salario-real_1777978049024.jpg","contentUrl":"https:\/\/www.correiobraziliense.com.br\/aqui\/wp-content\/uploads\/2026\/05\/salario-real_1777978049024.jpg","width":1280,"height":720,"caption":"Cr\u00e9ditos: depositphotos.com \/ verganifotografia"},{"@type":"BreadcrumbList","@id":"https:\/\/www.correiobraziliense.com.br\/aqui\/2026\/08\/25\/como-a-legislacao-regula-o-uso-de-verbas-na-producao-de-filmes\/#breadcrumb","itemListElement":[{"@type":"ListItem","position":1,"name":"In\u00edcio","item":"https:\/\/www.correiobraziliense.com.br\/aqui\/"},{"@type":"ListItem","position":2,"name":"Como a legisla\u00e7\u00e3o regula o uso de verbas na produ\u00e7\u00e3o de filmes"}]},{"@type":"WebSite","@id":"https:\/\/www.correiobraziliense.com.br\/aqui\/#website","url":"https:\/\/www.correiobraziliense.com.br\/aqui\/","name":"Correio Braziliense - Aqui","description":"O Correio Braziliense (CB) \u00e9 o mais importante canal de not\u00edcias de Bras\u00edlia. Aqui voc\u00ea encontra as \u00faltimas not\u00edcias do DF, do Brasil e do mundo.","potentialAction":[{"@type":"SearchAction","target":{"@type":"EntryPoint","urlTemplate":"https:\/\/www.correiobraziliense.com.br\/aqui\/?s={search_term_string}"},"query-input":{"@type":"PropertyValueSpecification","valueRequired":true,"valueName":"search_term_string"}}],"inLanguage":"pt-BR"},{"@type":"Person","@id":"https:\/\/www.correiobraziliense.com.br\/aqui\/#\/schema\/person\/775f50a8c1ac31704d56816e99b29041","name":"Larissa","image":{"@type":"ImageObject","inLanguage":"pt-BR","@id":"https:\/\/www.correiobraziliense.com.br\/aqui\/#\/schema\/person\/image\/","url":"https:\/\/secure.gravatar.com\/avatar\/62f5b2e99de671d075ab98e19f03c3c38c80a93f5d06f51075cf4431a4e76458?s=96&d=mm&r=g","contentUrl":"https:\/\/secure.gravatar.com\/avatar\/62f5b2e99de671d075ab98e19f03c3c38c80a93f5d06f51075cf4431a4e76458?s=96&d=mm&r=g","caption":"Larissa"},"url":"https:\/\/www.correiobraziliense.com.br\/aqui\/author\/larissaaqui\/"}]}},"_links":{"self":[{"href":"https:\/\/www.correiobraziliense.com.br\/aqui\/wp-json\/wp\/v2\/posts\/37728","targetHints":{"allow":["GET"]}}],"collection":[{"href":"https:\/\/www.correiobraziliense.com.br\/aqui\/wp-json\/wp\/v2\/posts"}],"about":[{"href":"https:\/\/www.correiobraziliense.com.br\/aqui\/wp-json\/wp\/v2\/types\/post"}],"author":[{"embeddable":true,"href":"https:\/\/www.correiobraziliense.com.br\/aqui\/wp-json\/wp\/v2\/users\/10"}],"replies":[{"embeddable":true,"href":"https:\/\/www.correiobraziliense.com.br\/aqui\/wp-json\/wp\/v2\/comments?post=37728"}],"version-history":[{"count":2,"href":"https:\/\/www.correiobraziliense.com.br\/aqui\/wp-json\/wp\/v2\/posts\/37728\/revisions"}],"predecessor-version":[{"id":37730,"href":"https:\/\/www.correiobraziliense.com.br\/aqui\/wp-json\/wp\/v2\/posts\/37728\/revisions\/37730"}],"wp:featuredmedia":[{"embeddable":true,"href":"https:\/\/www.correiobraziliense.com.br\/aqui\/wp-json\/wp\/v2\/media\/28659"}],"wp:attachment":[{"href":"https:\/\/www.correiobraziliense.com.br\/aqui\/wp-json\/wp\/v2\/media?parent=37728"}],"wp:term":[{"taxonomy":"category","embeddable":true,"href":"https:\/\/www.correiobraziliense.com.br\/aqui\/wp-json\/wp\/v2\/categories?post=37728"},{"taxonomy":"post_tag","embeddable":true,"href":"https:\/\/www.correiobraziliense.com.br\/aqui\/wp-json\/wp\/v2\/tags?post=37728"}],"curies":[{"name":"wp","href":"https:\/\/api.w.org\/{rel}","templated":true}]}}