{"id":37731,"date":"2026-08-25T10:18:00","date_gmt":"2026-08-25T13:18:00","guid":{"rendered":"https:\/\/www.correiobraziliense.com.br\/aqui\/?p=37731"},"modified":"2026-08-25T09:12:44","modified_gmt":"2026-08-25T12:12:44","slug":"aguas-lindas-e-entorno-canais-de-denuncia-contra-a-violencia","status":"publish","type":"post","link":"https:\/\/www.correiobraziliense.com.br\/aqui\/2026\/08\/25\/aguas-lindas-e-entorno-canais-de-denuncia-contra-a-violencia\/","title":{"rendered":"\u00c1guas Lindas e Entorno: canais de den\u00fancia contra a viol\u00eancia"},"content":{"rendered":"\n<p>O resgate de uma jovem mantida em c\u00e1rcere privado pelo ex-companheiro em \u00c1guas Lindas de Goi\u00e1s acendeu um alerta na regi\u00e3o. O caso de Emiliane Tamara Nunes Carvalho, que passou cinco dias acorrentada e amorda\u00e7ada, refor\u00e7a a import\u00e2ncia de conhecer os canais de den\u00fancia e a rede de apoio dispon\u00edveis para mulheres em situa\u00e7\u00e3o de viol\u00eancia no Entorno do Distrito Federal.<\/p>\n\n\n\n<p>A den\u00fancia \u00e9 o primeiro e mais crucial passo para interromper o ciclo de abuso. Saber onde e como pedir ajuda pode salvar vidas. A estrutura de prote\u00e7\u00e3o envolve desde o atendimento emergencial at\u00e9 o suporte psicossocial para a reconstru\u00e7\u00e3o da vida da v\u00edtima.<\/p>\n\n\n\n<h2 class=\"wp-block-heading\">Den\u00fancia em \u00c1guas Lindas e regi\u00e3o<\/h2>\n\n\n\n<p>Para situa\u00e7\u00f5es de emerg\u00eancia, o primeiro contato deve ser com a <a target=\"_blank\" rel=\"noreferrer noopener\" href=\"https:\/\/www.correiobraziliense.com.br\/cidades-df\/2025\/06\/7180897-pmdf-apreende-arma-de-fogo-em-ocorrencia-de-violencia-domestica.html\">Pol\u00edcia Militar<\/a>, pelo n\u00famero 190. A liga\u00e7\u00e3o \u00e9 gratuita e o atendimento \u00e9 imediato, sendo essencial quando a mulher corre risco de vida.<\/p>\n\n\n\n<p>Para um atendimento especializado e registro formal da ocorr\u00eancia, o caminho \u00e9 a <a target=\"_blank\" rel=\"noreferrer noopener\" href=\"https:\/\/www.correiobraziliense.com.br\/cidades-df\/2026\/07\/7459564-homem-bate-ameaca-ex-companheira-e-vai-parar-na-cadeia.html\">Delegacia Especializada de Atendimento \u00e0 Mulher (DEAM)<\/a>. Essas unidades s\u00e3o preparadas para acolher a v\u00edtima de forma humanizada, ouvir o relato e iniciar a investiga\u00e7\u00e3o. Diversas cidades do Entorno contam com unidades especializadas. Caso n\u00e3o haja uma DEAM em seu munic\u00edpio ou ela esteja fechada, a den\u00fancia pode ser feita em qualquer delegacia de pol\u00edcia.<\/p>\n\n\n\n<p>Outros canais fundamentais s\u00e3o o Ligue 180 (Central de Atendimento \u00e0 Mulher) e o Disque 100 (Disque Direitos Humanos). Ambos funcionam 24 horas por dia, todos os dias da semana, com liga\u00e7\u00f5es gratuitas e confidenciais. Por meio deles, \u00e9 poss\u00edvel receber orienta\u00e7\u00e3o, fazer den\u00fancias e obter informa\u00e7\u00f5es sobre os servi\u00e7os mais pr\u00f3ximos. Verifique tamb\u00e9m os canais digitais, como sites e aplicativos da Pol\u00edcia Civil do seu estado, que podem permitir o registro de ocorr\u00eancias online.<\/p>\n\n\n\n<h2 class=\"wp-block-heading\">Apoio psicol\u00f3gico e social<\/h2>\n\n\n\n<p>Al\u00e9m do suporte policial, a <a target=\"_blank\" rel=\"noreferrer noopener\" href=\"https:\/\/www.correiobraziliense.com.br\/cidades-df\/2026\/08\/7473599-dpdf-atendeu-mais-de-6-mil-mulheres-vitimas-de-violencia-em-2026.html\">rede de prote\u00e7\u00e3o<\/a> oferece amparo para que a mulher consiga se reestruturar. Os Centros de Refer\u00eancia de Assist\u00eancia Social (CRAS) e os Centros de Refer\u00eancia Especializado de Assist\u00eancia Social (CREAS) s\u00e3o a porta de entrada para esse tipo de ajuda.<\/p>\n\n\n\n<p>Essas unidades oferecem acompanhamento com psic\u00f3logos e assistentes sociais, que auxiliam a v\u00edtima a superar o trauma da viol\u00eancia e a acessar programas sociais. Em casos de risco extremo, a rede de prote\u00e7\u00e3o pode encaminhar a mulher e seus filhos para casas-abrigo, locais seguros e sigilosos.<\/p>\n\n\n\n<p>Ao registrar a ocorr\u00eancia, a v\u00edtima tamb\u00e9m pode solicitar medidas protetivas de urg\u00eancia, previstas na Lei Maria da Penha. A Justi\u00e7a pode determinar o afastamento do agressor do lar e a proibi\u00e7\u00e3o de qualquer tipo de contato, garantindo a seguran\u00e7a da mulher enquanto o processo corre.<\/p>\n","protected":false},"excerpt":{"rendered":"<p>Onde encontrar delegacias especializadas, centros de acolhimento e suporte psicol\u00f3gico na regi\u00e3o metropolitana para denunciar .viol\u00eancia<\/p>\n","protected":false},"author":10,"featured_media":26899,"comment_status":"open","ping_status":"open","sticky":false,"template":"","format":"standard","meta":{"jnews-multi-image_gallery":[],"jnews_single_post":{"format":"standard"},"jnews_primary_category":[],"jnews_social_meta":[],"jnews_override_counter":[],"footnotes":""},"categories":[4973],"tags":[3437,7842,1552],"class_list":["post-37731","post","type-post","status-publish","format-standard","has-post-thumbnail","hentry","category-cidades","tag-denuncia","tag-df","tag-violencia"],"yoast_head":"<!-- This site is optimized with the Yoast SEO plugin v25.1 - https:\/\/yoast.com\/wordpress\/plugins\/seo\/ -->\n<title>\u00c1guas Lindas e Entorno: canais de den\u00fancia contra a viol\u00eancia - Correio Braziliense - Aqui<\/title>\n<meta name=\"description\" content=\"Onde encontrar delegacias especializadas, centros de acolhimento e suporte psicol\u00f3gico na regi\u00e3o metropolitana para fazer den\u00fancia\" \/>\n<meta name=\"robots\" content=\"index, follow, max-snippet:-1, max-image-preview:large, max-video-preview:-1\" \/>\n<link rel=\"canonical\" href=\"https:\/\/www.correiobraziliense.com.br\/aqui\/2026\/08\/25\/aguas-lindas-e-entorno-canais-de-denuncia-contra-a-violencia\/\" \/>\n<meta property=\"og:locale\" content=\"pt_BR\" \/>\n<meta property=\"og:type\" content=\"article\" \/>\n<meta property=\"og:title\" content=\"\u00c1guas Lindas e Entorno: canais de den\u00fancia contra a viol\u00eancia - Correio Braziliense - Aqui\" \/>\n<meta property=\"og:description\" content=\"Onde encontrar delegacias especializadas, centros de acolhimento e suporte psicol\u00f3gico na regi\u00e3o metropolitana para fazer den\u00fancia\" \/>\n<meta property=\"og:url\" content=\"https:\/\/www.correiobraziliense.com.br\/aqui\/2026\/08\/25\/aguas-lindas-e-entorno-canais-de-denuncia-contra-a-violencia\/\" \/>\n<meta property=\"og:site_name\" content=\"Correio Braziliense - Aqui\" \/>\n<meta property=\"article:published_time\" content=\"2026-08-25T13:18:00+00:00\" \/>\n<meta property=\"og:image\" content=\"https:\/\/www.correiobraziliense.com.br\/aqui\/wp-content\/uploads\/2026\/04\/violencia-contra-mulher_1776078290234.jpg\" \/>\n\t<meta property=\"og:image:width\" content=\"1280\" \/>\n\t<meta property=\"og:image:height\" content=\"720\" \/>\n\t<meta property=\"og:image:type\" content=\"image\/jpeg\" \/>\n<meta name=\"author\" content=\"Larissa\" \/>\n<meta name=\"twitter:card\" content=\"summary_large_image\" \/>\n<meta name=\"twitter:label1\" content=\"Escrito por\" \/>\n\t<meta name=\"twitter:data1\" content=\"Larissa\" \/>\n\t<meta name=\"twitter:label2\" content=\"Est. tempo de leitura\" \/>\n\t<meta name=\"twitter:data2\" content=\"3 minutos\" \/>\n<!-- \/ Yoast SEO plugin. -->","yoast_head_json":{"title":"\u00c1guas Lindas e Entorno: canais de den\u00fancia contra a viol\u00eancia - Correio Braziliense - Aqui","description":"Onde encontrar delegacias especializadas, centros de acolhimento e suporte psicol\u00f3gico na regi\u00e3o metropolitana para fazer den\u00fancia","robots":{"index":"index","follow":"follow","max-snippet":"max-snippet:-1","max-image-preview":"max-image-preview:large","max-video-preview":"max-video-preview:-1"},"canonical":"https:\/\/www.correiobraziliense.com.br\/aqui\/2026\/08\/25\/aguas-lindas-e-entorno-canais-de-denuncia-contra-a-violencia\/","og_locale":"pt_BR","og_type":"article","og_title":"\u00c1guas Lindas e Entorno: canais de den\u00fancia contra a viol\u00eancia - Correio Braziliense - Aqui","og_description":"Onde encontrar delegacias especializadas, centros de acolhimento e suporte psicol\u00f3gico na regi\u00e3o metropolitana para fazer den\u00fancia","og_url":"https:\/\/www.correiobraziliense.com.br\/aqui\/2026\/08\/25\/aguas-lindas-e-entorno-canais-de-denuncia-contra-a-violencia\/","og_site_name":"Correio Braziliense - Aqui","article_published_time":"2026-08-25T13:18:00+00:00","og_image":[{"width":1280,"height":720,"url":"https:\/\/www.correiobraziliense.com.br\/aqui\/wp-content\/uploads\/2026\/04\/violencia-contra-mulher_1776078290234.jpg","type":"image\/jpeg"}],"author":"Larissa","twitter_card":"summary_large_image","twitter_misc":{"Escrito por":"Larissa","Est. tempo de leitura":"3 minutos"},"schema":{"@context":"https:\/\/schema.org","@graph":[{"@type":"WebPage","@id":"https:\/\/www.correiobraziliense.com.br\/aqui\/2026\/08\/25\/aguas-lindas-e-entorno-canais-de-denuncia-contra-a-violencia\/","url":"https:\/\/www.correiobraziliense.com.br\/aqui\/2026\/08\/25\/aguas-lindas-e-entorno-canais-de-denuncia-contra-a-violencia\/","name":"\u00c1guas Lindas e Entorno: canais de den\u00fancia contra a viol\u00eancia - Correio Braziliense - Aqui","isPartOf":{"@id":"https:\/\/www.correiobraziliense.com.br\/aqui\/#website"},"primaryImageOfPage":{"@id":"https:\/\/www.correiobraziliense.com.br\/aqui\/2026\/08\/25\/aguas-lindas-e-entorno-canais-de-denuncia-contra-a-violencia\/#primaryimage"},"image":{"@id":"https:\/\/www.correiobraziliense.com.br\/aqui\/2026\/08\/25\/aguas-lindas-e-entorno-canais-de-denuncia-contra-a-violencia\/#primaryimage"},"thumbnailUrl":"https:\/\/www.correiobraziliense.com.br\/aqui\/wp-content\/uploads\/2026\/04\/violencia-contra-mulher_1776078290234.jpg","datePublished":"2026-08-25T13:18:00+00:00","author":{"@id":"https:\/\/www.correiobraziliense.com.br\/aqui\/#\/schema\/person\/775f50a8c1ac31704d56816e99b29041"},"description":"Onde encontrar delegacias especializadas, centros de acolhimento e suporte psicol\u00f3gico na regi\u00e3o metropolitana para fazer den\u00fancia","breadcrumb":{"@id":"https:\/\/www.correiobraziliense.com.br\/aqui\/2026\/08\/25\/aguas-lindas-e-entorno-canais-de-denuncia-contra-a-violencia\/#breadcrumb"},"inLanguage":"pt-BR","potentialAction":[{"@type":"ReadAction","target":["https:\/\/www.correiobraziliense.com.br\/aqui\/2026\/08\/25\/aguas-lindas-e-entorno-canais-de-denuncia-contra-a-violencia\/"]}]},{"@type":"ImageObject","inLanguage":"pt-BR","@id":"https:\/\/www.correiobraziliense.com.br\/aqui\/2026\/08\/25\/aguas-lindas-e-entorno-canais-de-denuncia-contra-a-violencia\/#primaryimage","url":"https:\/\/www.correiobraziliense.com.br\/aqui\/wp-content\/uploads\/2026\/04\/violencia-contra-mulher_1776078290234.jpg","contentUrl":"https:\/\/www.correiobraziliense.com.br\/aqui\/wp-content\/uploads\/2026\/04\/violencia-contra-mulher_1776078290234.jpg","width":1280,"height":720,"caption":"Cr\u00e9ditos: depositphotos.com \/ iweta0077"},{"@type":"BreadcrumbList","@id":"https:\/\/www.correiobraziliense.com.br\/aqui\/2026\/08\/25\/aguas-lindas-e-entorno-canais-de-denuncia-contra-a-violencia\/#breadcrumb","itemListElement":[{"@type":"ListItem","position":1,"name":"In\u00edcio","item":"https:\/\/www.correiobraziliense.com.br\/aqui\/"},{"@type":"ListItem","position":2,"name":"\u00c1guas Lindas e Entorno: canais de den\u00fancia contra a viol\u00eancia"}]},{"@type":"WebSite","@id":"https:\/\/www.correiobraziliense.com.br\/aqui\/#website","url":"https:\/\/www.correiobraziliense.com.br\/aqui\/","name":"Correio Braziliense - Aqui","description":"O Correio Braziliense (CB) \u00e9 o mais importante canal de not\u00edcias de Bras\u00edlia. Aqui voc\u00ea encontra as \u00faltimas not\u00edcias do DF, do Brasil e do mundo.","potentialAction":[{"@type":"SearchAction","target":{"@type":"EntryPoint","urlTemplate":"https:\/\/www.correiobraziliense.com.br\/aqui\/?s={search_term_string}"},"query-input":{"@type":"PropertyValueSpecification","valueRequired":true,"valueName":"search_term_string"}}],"inLanguage":"pt-BR"},{"@type":"Person","@id":"https:\/\/www.correiobraziliense.com.br\/aqui\/#\/schema\/person\/775f50a8c1ac31704d56816e99b29041","name":"Larissa","image":{"@type":"ImageObject","inLanguage":"pt-BR","@id":"https:\/\/www.correiobraziliense.com.br\/aqui\/#\/schema\/person\/image\/","url":"https:\/\/secure.gravatar.com\/avatar\/62f5b2e99de671d075ab98e19f03c3c38c80a93f5d06f51075cf4431a4e76458?s=96&d=mm&r=g","contentUrl":"https:\/\/secure.gravatar.com\/avatar\/62f5b2e99de671d075ab98e19f03c3c38c80a93f5d06f51075cf4431a4e76458?s=96&d=mm&r=g","caption":"Larissa"},"url":"https:\/\/www.correiobraziliense.com.br\/aqui\/author\/larissaaqui\/"}]}},"_links":{"self":[{"href":"https:\/\/www.correiobraziliense.com.br\/aqui\/wp-json\/wp\/v2\/posts\/37731","targetHints":{"allow":["GET"]}}],"collection":[{"href":"https:\/\/www.correiobraziliense.com.br\/aqui\/wp-json\/wp\/v2\/posts"}],"about":[{"href":"https:\/\/www.correiobraziliense.com.br\/aqui\/wp-json\/wp\/v2\/types\/post"}],"author":[{"embeddable":true,"href":"https:\/\/www.correiobraziliense.com.br\/aqui\/wp-json\/wp\/v2\/users\/10"}],"replies":[{"embeddable":true,"href":"https:\/\/www.correiobraziliense.com.br\/aqui\/wp-json\/wp\/v2\/comments?post=37731"}],"version-history":[{"count":6,"href":"https:\/\/www.correiobraziliense.com.br\/aqui\/wp-json\/wp\/v2\/posts\/37731\/revisions"}],"predecessor-version":[{"id":37737,"href":"https:\/\/www.correiobraziliense.com.br\/aqui\/wp-json\/wp\/v2\/posts\/37731\/revisions\/37737"}],"wp:featuredmedia":[{"embeddable":true,"href":"https:\/\/www.correiobraziliense.com.br\/aqui\/wp-json\/wp\/v2\/media\/26899"}],"wp:attachment":[{"href":"https:\/\/www.correiobraziliense.com.br\/aqui\/wp-json\/wp\/v2\/media?parent=37731"}],"wp:term":[{"taxonomy":"category","embeddable":true,"href":"https:\/\/www.correiobraziliense.com.br\/aqui\/wp-json\/wp\/v2\/categories?post=37731"},{"taxonomy":"post_tag","embeddable":true,"href":"https:\/\/www.correiobraziliense.com.br\/aqui\/wp-json\/wp\/v2\/tags?post=37731"}],"curies":[{"name":"wp","href":"https:\/\/api.w.org\/{rel}","templated":true}]}}