{"id":37763,"date":"2026-08-29T09:00:00","date_gmt":"2026-08-29T12:00:00","guid":{"rendered":"https:\/\/www.correiobraziliense.com.br\/aqui\/?p=37763"},"modified":"2026-08-25T09:53:15","modified_gmt":"2026-08-25T12:53:15","slug":"como-lidar-com-o-luto-coletivo-em-equipes-de-resgate-e-bombeiros","status":"publish","type":"post","link":"https:\/\/www.correiobraziliense.com.br\/aqui\/2026\/08\/29\/como-lidar-com-o-luto-coletivo-em-equipes-de-resgate-e-bombeiros\/","title":{"rendered":"Como lidar com o luto coletivo em equipes de resgate e bombeiros"},"content":{"rendered":"\n<p>A recente morte de um bombeiro durante o plant\u00e3o no Esp\u00edrito Santo joga luz sobre um desafio silencioso e complexo enfrentado por corpora\u00e7\u00f5es de alto risco: o luto coletivo. Quando um profissional perde a vida em servi\u00e7o, o impacto reverbera por toda a equipe, abalando a estrutura emocional e a confian\u00e7a do grupo.<\/p>\n\n\n\n<p>Diferente do <a target=\"_blank\" rel=\"noreferrer noopener\" href=\"https:\/\/www.correiobraziliense.com.br\/opiniao\/2026\/01\/7335525-individualizacao-do-sofrimento.html\">luto compartilhado<\/a> em ambientes como quart\u00e9is de bombeiros e equipes de resgate carrega um peso adicional. <a target=\"_blank\" rel=\"noreferrer noopener\" href=\"https:\/\/www.correiobraziliense.com.br\/cidades-df\/2025\/08\/7216222-equipamentos-sao-prioritarios-no-combate-aos-incendios-florestais.html\">Esses profissionais<\/a> s\u00e3o treinados para atuar como uma unidade coesa, onde a confian\u00e7a m\u00fatua \u00e9 a base para a sobreviv\u00eancia em situa\u00e7\u00f5es extremas. A perda de um colega quebra esse elo de seguran\u00e7a.<\/p>\n\n\n\n<p>O trauma n\u00e3o se limita \u00e0 perda de um amigo, mas representa uma quebra na percep\u00e7\u00e3o de invulnerabilidade do grupo. O sentimento de dor \u00e9 amplificado pela rotina de exposi\u00e7\u00e3o a cen\u00e1rios de risco, o que pode desencadear <a target=\"_blank\" rel=\"noreferrer noopener\" href=\"https:\/\/www.correiobraziliense.com.br\/revista-do-correio\/2025\/09\/7249046-5-dicas-praticas-para-cuidar-da-saude-mental-no-dia-a-dia.html\">quadros de estresse p\u00f3s-traum\u00e1tico, ansiedade e depress\u00e3o<\/a> se n\u00e3o for devidamente gerenciado.<\/p>\n\n\n\n<h2 class=\"wp-block-heading\">Estrat\u00e9gias de suporte para as equipes<\/h2>\n\n\n\n<p>Para mitigar os danos psicol\u00f3gicos e ajudar as equipes a processarem o luto de forma saud\u00e1vel, algumas a\u00e7\u00f5es s\u00e3o fundamentais. A abordagem precisa ser r\u00e1pida, organizada e cont\u00ednua, focando no bem-estar de todos os envolvidos.<\/p>\n\n\n\n<ul class=\"wp-block-list\">\n<li><strong>Apoio psicol\u00f3gico imediato:<\/strong> o acesso r\u00e1pido a psic\u00f3logos e terapeutas especializados em trauma \u00e9 crucial nas primeiras horas e dias ap\u00f3s o incidente. Esse suporte inicial ajuda a validar os sentimentos e oferecer ferramentas para lidar com o choque.<\/li>\n\n\n\n<li><strong>Cria\u00e7\u00e3o de espa\u00e7os seguros para di\u00e1logo:<\/strong> \u00e9 essencial que os profissionais tenham um ambiente onde possam falar abertamente sobre seus medos e tristezas sem receio de julgamento. As sess\u00f5es de &#8220;debriefing&#8221; guiadas por especialistas s\u00e3o eficazes para isso.<\/li>\n\n\n\n<li><strong>Rituais de despedida e homenagens:<\/strong> cerim\u00f4nias e memoriais cumprem um papel importante no processo de luto. Eles permitem que a equipe honre a mem\u00f3ria do colega, valide a dor da perda e reforce os la\u00e7os de uni\u00e3o do grupo.<\/li>\n\n\n\n<li><strong>Monitoramento de longo prazo:<\/strong> o luto n\u00e3o tem um prazo para acabar. As corpora\u00e7\u00f5es devem manter um acompanhamento cont\u00ednuo da sa\u00fade mental de seus membros, oferecendo suporte sempre que necess\u00e1rio e n\u00e3o apenas imediatamente ap\u00f3s uma trag\u00e9dia.<\/li>\n<\/ul>\n\n\n\n<p>O cuidado com a <a target=\"_blank\" rel=\"noreferrer noopener\" href=\"https:\/\/www.correiobraziliense.com.br\/revista-do-correio\/2025\/03\/7094237-9-dicas-para-combater-problemas-de-saude-mental-nas-empresas.html\">sa\u00fade mental desses profissionais<\/a> vai al\u00e9m do suporte individual. \u00c9 um investimento na pr\u00f3pria capacidade operacional da equipe. Um time abalado emocionalmente tem sua performance comprometida, o que pode gerar riscos em futuras ocorr\u00eancias. Portanto, acolher o luto coletivo de forma adequada \u00e9 fundamental para garantir que eles possam continuar a proteger a sociedade com a m\u00e1xima efici\u00eancia e seguran\u00e7a.<\/p>\n","protected":false},"excerpt":{"rendered":"<p>Veja como psic\u00f3logos e especialistas orientam o suporte emocional a profissionais que vivenciam perdas de colegas na corpora\u00e7\u00e3o<\/p>\n","protected":false},"author":10,"featured_media":37765,"comment_status":"open","ping_status":"open","sticky":false,"template":"","format":"standard","meta":{"jnews-multi-image_gallery":[],"jnews_single_post":{"format":"standard"},"jnews_primary_category":[],"jnews_social_meta":[],"jnews_override_counter":[],"footnotes":""},"categories":[123],"tags":[5239,234],"class_list":["post-37763","post","type-post","status-publish","format-standard","has-post-thumbnail","hentry","category-saude","tag-luto","tag-saude-mental"],"yoast_head":"<!-- This site is optimized with the Yoast SEO plugin v25.1 - https:\/\/yoast.com\/wordpress\/plugins\/seo\/ -->\n<title>Como lidar com o luto coletivo em equipes de resgate e bombeiros - Correio Braziliense - Aqui<\/title>\n<meta name=\"description\" content=\"Veja como psic\u00f3logos e especialistas orientam o suporte emocional a profissionais que vivenciam o luto por colegas na corpora\u00e7\u00e3o\" \/>\n<meta name=\"robots\" content=\"index, follow, max-snippet:-1, max-image-preview:large, max-video-preview:-1\" \/>\n<link rel=\"canonical\" href=\"https:\/\/www.correiobraziliense.com.br\/aqui\/2026\/08\/29\/como-lidar-com-o-luto-coletivo-em-equipes-de-resgate-e-bombeiros\/\" \/>\n<meta property=\"og:locale\" content=\"pt_BR\" \/>\n<meta property=\"og:type\" content=\"article\" \/>\n<meta property=\"og:title\" content=\"Como lidar com o luto coletivo em equipes de resgate e bombeiros - Correio Braziliense - Aqui\" \/>\n<meta property=\"og:description\" content=\"Veja como psic\u00f3logos e especialistas orientam o suporte emocional a profissionais que vivenciam o luto por colegas na corpora\u00e7\u00e3o\" \/>\n<meta property=\"og:url\" content=\"https:\/\/www.correiobraziliense.com.br\/aqui\/2026\/08\/29\/como-lidar-com-o-luto-coletivo-em-equipes-de-resgate-e-bombeiros\/\" \/>\n<meta property=\"og:site_name\" content=\"Correio Braziliense - Aqui\" \/>\n<meta property=\"article:published_time\" content=\"2026-08-29T12:00:00+00:00\" \/>\n<meta property=\"og:image\" content=\"https:\/\/www.correiobraziliense.com.br\/aqui\/wp-content\/uploads\/2026\/08\/bombeiros_1787662266645.jpg\" \/>\n\t<meta property=\"og:image:width\" content=\"1280\" \/>\n\t<meta property=\"og:image:height\" content=\"720\" \/>\n\t<meta property=\"og:image:type\" content=\"image\/jpeg\" \/>\n<meta name=\"author\" content=\"Larissa\" \/>\n<meta name=\"twitter:card\" content=\"summary_large_image\" \/>\n<meta name=\"twitter:label1\" content=\"Escrito por\" \/>\n\t<meta name=\"twitter:data1\" content=\"Larissa\" \/>\n\t<meta name=\"twitter:label2\" content=\"Est. tempo de leitura\" \/>\n\t<meta name=\"twitter:data2\" content=\"3 minutos\" \/>\n<!-- \/ Yoast SEO plugin. -->","yoast_head_json":{"title":"Como lidar com o luto coletivo em equipes de resgate e bombeiros - Correio Braziliense - Aqui","description":"Veja como psic\u00f3logos e especialistas orientam o suporte emocional a profissionais que vivenciam o luto por colegas na corpora\u00e7\u00e3o","robots":{"index":"index","follow":"follow","max-snippet":"max-snippet:-1","max-image-preview":"max-image-preview:large","max-video-preview":"max-video-preview:-1"},"canonical":"https:\/\/www.correiobraziliense.com.br\/aqui\/2026\/08\/29\/como-lidar-com-o-luto-coletivo-em-equipes-de-resgate-e-bombeiros\/","og_locale":"pt_BR","og_type":"article","og_title":"Como lidar com o luto coletivo em equipes de resgate e bombeiros - Correio Braziliense - Aqui","og_description":"Veja como psic\u00f3logos e especialistas orientam o suporte emocional a profissionais que vivenciam o luto por colegas na corpora\u00e7\u00e3o","og_url":"https:\/\/www.correiobraziliense.com.br\/aqui\/2026\/08\/29\/como-lidar-com-o-luto-coletivo-em-equipes-de-resgate-e-bombeiros\/","og_site_name":"Correio Braziliense - Aqui","article_published_time":"2026-08-29T12:00:00+00:00","og_image":[{"width":1280,"height":720,"url":"https:\/\/www.correiobraziliense.com.br\/aqui\/wp-content\/uploads\/2026\/08\/bombeiros_1787662266645.jpg","type":"image\/jpeg"}],"author":"Larissa","twitter_card":"summary_large_image","twitter_misc":{"Escrito por":"Larissa","Est. tempo de leitura":"3 minutos"},"schema":{"@context":"https:\/\/schema.org","@graph":[{"@type":"WebPage","@id":"https:\/\/www.correiobraziliense.com.br\/aqui\/2026\/08\/29\/como-lidar-com-o-luto-coletivo-em-equipes-de-resgate-e-bombeiros\/","url":"https:\/\/www.correiobraziliense.com.br\/aqui\/2026\/08\/29\/como-lidar-com-o-luto-coletivo-em-equipes-de-resgate-e-bombeiros\/","name":"Como lidar com o luto coletivo em equipes de resgate e bombeiros - Correio Braziliense - Aqui","isPartOf":{"@id":"https:\/\/www.correiobraziliense.com.br\/aqui\/#website"},"primaryImageOfPage":{"@id":"https:\/\/www.correiobraziliense.com.br\/aqui\/2026\/08\/29\/como-lidar-com-o-luto-coletivo-em-equipes-de-resgate-e-bombeiros\/#primaryimage"},"image":{"@id":"https:\/\/www.correiobraziliense.com.br\/aqui\/2026\/08\/29\/como-lidar-com-o-luto-coletivo-em-equipes-de-resgate-e-bombeiros\/#primaryimage"},"thumbnailUrl":"https:\/\/www.correiobraziliense.com.br\/aqui\/wp-content\/uploads\/2026\/08\/bombeiros_1787662266645.jpg","datePublished":"2026-08-29T12:00:00+00:00","author":{"@id":"https:\/\/www.correiobraziliense.com.br\/aqui\/#\/schema\/person\/775f50a8c1ac31704d56816e99b29041"},"description":"Veja como psic\u00f3logos e especialistas orientam o suporte emocional a profissionais que vivenciam o luto por colegas na corpora\u00e7\u00e3o","breadcrumb":{"@id":"https:\/\/www.correiobraziliense.com.br\/aqui\/2026\/08\/29\/como-lidar-com-o-luto-coletivo-em-equipes-de-resgate-e-bombeiros\/#breadcrumb"},"inLanguage":"pt-BR","potentialAction":[{"@type":"ReadAction","target":["https:\/\/www.correiobraziliense.com.br\/aqui\/2026\/08\/29\/como-lidar-com-o-luto-coletivo-em-equipes-de-resgate-e-bombeiros\/"]}]},{"@type":"ImageObject","inLanguage":"pt-BR","@id":"https:\/\/www.correiobraziliense.com.br\/aqui\/2026\/08\/29\/como-lidar-com-o-luto-coletivo-em-equipes-de-resgate-e-bombeiros\/#primaryimage","url":"https:\/\/www.correiobraziliense.com.br\/aqui\/wp-content\/uploads\/2026\/08\/bombeiros_1787662266645.jpg","contentUrl":"https:\/\/www.correiobraziliense.com.br\/aqui\/wp-content\/uploads\/2026\/08\/bombeiros_1787662266645.jpg","width":1280,"height":720,"caption":"Cr\u00e9ditos: depositphotos.com \/ IgorVetushko"},{"@type":"BreadcrumbList","@id":"https:\/\/www.correiobraziliense.com.br\/aqui\/2026\/08\/29\/como-lidar-com-o-luto-coletivo-em-equipes-de-resgate-e-bombeiros\/#breadcrumb","itemListElement":[{"@type":"ListItem","position":1,"name":"In\u00edcio","item":"https:\/\/www.correiobraziliense.com.br\/aqui\/"},{"@type":"ListItem","position":2,"name":"Como lidar com o luto coletivo em equipes de resgate e bombeiros"}]},{"@type":"WebSite","@id":"https:\/\/www.correiobraziliense.com.br\/aqui\/#website","url":"https:\/\/www.correiobraziliense.com.br\/aqui\/","name":"Correio Braziliense - Aqui","description":"O Correio Braziliense (CB) \u00e9 o mais importante canal de not\u00edcias de Bras\u00edlia. Aqui voc\u00ea encontra as \u00faltimas not\u00edcias do DF, do Brasil e do mundo.","potentialAction":[{"@type":"SearchAction","target":{"@type":"EntryPoint","urlTemplate":"https:\/\/www.correiobraziliense.com.br\/aqui\/?s={search_term_string}"},"query-input":{"@type":"PropertyValueSpecification","valueRequired":true,"valueName":"search_term_string"}}],"inLanguage":"pt-BR"},{"@type":"Person","@id":"https:\/\/www.correiobraziliense.com.br\/aqui\/#\/schema\/person\/775f50a8c1ac31704d56816e99b29041","name":"Larissa","image":{"@type":"ImageObject","inLanguage":"pt-BR","@id":"https:\/\/www.correiobraziliense.com.br\/aqui\/#\/schema\/person\/image\/","url":"https:\/\/secure.gravatar.com\/avatar\/62f5b2e99de671d075ab98e19f03c3c38c80a93f5d06f51075cf4431a4e76458?s=96&d=mm&r=g","contentUrl":"https:\/\/secure.gravatar.com\/avatar\/62f5b2e99de671d075ab98e19f03c3c38c80a93f5d06f51075cf4431a4e76458?s=96&d=mm&r=g","caption":"Larissa"},"url":"https:\/\/www.correiobraziliense.com.br\/aqui\/author\/larissaaqui\/"}]}},"_links":{"self":[{"href":"https:\/\/www.correiobraziliense.com.br\/aqui\/wp-json\/wp\/v2\/posts\/37763","targetHints":{"allow":["GET"]}}],"collection":[{"href":"https:\/\/www.correiobraziliense.com.br\/aqui\/wp-json\/wp\/v2\/posts"}],"about":[{"href":"https:\/\/www.correiobraziliense.com.br\/aqui\/wp-json\/wp\/v2\/types\/post"}],"author":[{"embeddable":true,"href":"https:\/\/www.correiobraziliense.com.br\/aqui\/wp-json\/wp\/v2\/users\/10"}],"replies":[{"embeddable":true,"href":"https:\/\/www.correiobraziliense.com.br\/aqui\/wp-json\/wp\/v2\/comments?post=37763"}],"version-history":[{"count":3,"href":"https:\/\/www.correiobraziliense.com.br\/aqui\/wp-json\/wp\/v2\/posts\/37763\/revisions"}],"predecessor-version":[{"id":37767,"href":"https:\/\/www.correiobraziliense.com.br\/aqui\/wp-json\/wp\/v2\/posts\/37763\/revisions\/37767"}],"wp:featuredmedia":[{"embeddable":true,"href":"https:\/\/www.correiobraziliense.com.br\/aqui\/wp-json\/wp\/v2\/media\/37765"}],"wp:attachment":[{"href":"https:\/\/www.correiobraziliense.com.br\/aqui\/wp-json\/wp\/v2\/media?parent=37763"}],"wp:term":[{"taxonomy":"category","embeddable":true,"href":"https:\/\/www.correiobraziliense.com.br\/aqui\/wp-json\/wp\/v2\/categories?post=37763"},{"taxonomy":"post_tag","embeddable":true,"href":"https:\/\/www.correiobraziliense.com.br\/aqui\/wp-json\/wp\/v2\/tags?post=37763"}],"curies":[{"name":"wp","href":"https:\/\/api.w.org\/{rel}","templated":true}]}}