{"id":37802,"date":"2026-09-06T17:00:00","date_gmt":"2026-09-06T20:00:00","guid":{"rendered":"https:\/\/www.correiobraziliense.com.br\/aqui\/?p=37802"},"modified":"2026-08-25T15:38:29","modified_gmt":"2026-08-25T18:38:29","slug":"fim-da-escala-6x1-como-empresas-podem-se-adaptar-as-novas-jornadas","status":"publish","type":"post","link":"https:\/\/www.correiobraziliense.com.br\/aqui\/2026\/09\/06\/fim-da-escala-6x1-como-empresas-podem-se-adaptar-as-novas-jornadas\/","title":{"rendered":"Fim da escala 6&#215;1: como empresas podem se adaptar \u00e0s novas jornadas"},"content":{"rendered":"\n<p>A aprova\u00e7\u00e3o da Proposta de Emenda \u00e0 Constitui\u00e7\u00e3o (PEC) que estabelece o fim gradual da escala 6&#215;1 na C\u00e2mara dos Deputados, em maio de 2026, acendeu um alerta em empresas de todo o pa\u00eds. Agora, com o texto aguardando vota\u00e7\u00e3o no Senado, gestores e equipes de RH buscam entender como adaptar suas opera\u00e7\u00f5es para uma jornada reduzida sem comprometer a produtividade, especialmente em setores como com\u00e9rcio e servi\u00e7os.<\/p>\n\n\n\n<p>A PEC 221\/2019, agora em <a target=\"_blank\" rel=\"noreferrer noopener\" href=\"https:\/\/www.correiobraziliense.com.br\/mundo\/2025\/12\/7311688-fim-da-escala-6x1-comissao-do-senado-aprova-proposta-que-reduz-jornada-o-que-acontece-agora.html\">an\u00e1lise no Senado<\/a>, visa <a target=\"_blank\" rel=\"noreferrer noopener\" href=\"https:\/\/www.correiobraziliense.com.br\/politica\/2026\/06\/7432033-erika-hilton-diz-que-pec-da-oposicao-cria-escala-7x0.html\">garantir mais dias de descanso<\/a> aos trabalhadores sem redu\u00e7\u00e3o salarial. A proposta estabelece uma transi\u00e7\u00e3o gradual: a ado\u00e7\u00e3o da escala 5&#215;2 e a redu\u00e7\u00e3o para 42 horas semanais ocorreriam 60 dias ap\u00f3s a promulga\u00e7\u00e3o, com a <a target=\"_blank\" rel=\"noreferrer noopener\" href=\"https:\/\/www.correiobraziliense.com.br\/politica\/2026\/05\/7429721-camara-aprova-pec-do-fim-da-escala-6x1-em-primeiro-turno.html\">jornada de 40 horas semanais<\/a> sendo implementada em at\u00e9 14 meses. Para as companhias, o desafio \u00e9 reestruturar processos e gerenciar equipes de forma mais eficiente.<\/p>\n\n\n\n<p>A transi\u00e7\u00e3o exige um planejamento cuidadoso que vai al\u00e9m de simplesmente cortar um dia de trabalho. Trata-se de repensar a <a target=\"_blank\" rel=\"noreferrer noopener\" href=\"https:\/\/www.correiobraziliense.com.br\/direito-e-justica\/2026\/06\/7443354-o-fim-da-escala-6x1-esconde-riscos-previdenciarios.html\">cultura organizacional<\/a>, focando em resultados em vez de horas cumpridas. Empresas que sa\u00edrem na frente nesse processo podem ganhar um importante diferencial competitivo na atra\u00e7\u00e3o e reten\u00e7\u00e3o de talentos.<\/p>\n\n\n\n<h2 class=\"wp-block-heading\">Como adaptar a opera\u00e7\u00e3o para o fim da escala 6&#215;1<\/h2>\n\n\n\n<p>Manter a efici\u00eancia com uma jornada de trabalho menor \u00e9 poss\u00edvel com estrat\u00e9gias bem definidas. A tecnologia e uma nova mentalidade de gest\u00e3o s\u00e3o as principais aliadas nesse processo. Abaixo, listamos os caminhos mais eficazes para realizar essa transi\u00e7\u00e3o de forma planejada e sem grandes impactos na entrega final.<\/p>\n\n\n\n<ul class=\"wp-block-list\">\n<li><strong>Replanejamento de escalas com tecnologia:<\/strong> o primeiro passo \u00e9 usar sistemas de gest\u00e3o para otimizar os turnos. Softwares especializados podem ajudar a criar escalas din\u00e2micas, garantindo a cobertura necess\u00e1ria em todos os hor\u00e1rios e evitando sobrecarga em alguns funcion\u00e1rios. Modelos de revezamento e turnos flex\u00edveis se tornam essenciais.<\/li>\n\n\n\n<li><strong>Foco em produtividade, n\u00e3o em tempo:<\/strong> a gest\u00e3o deve migrar de um controle de horas para um acompanhamento de metas. Definir objetivos claros e mensur\u00e1veis para as equipes permite que o foco seja na entrega de resultados. Isso incentiva a otimiza\u00e7\u00e3o do tempo e a elimina\u00e7\u00e3o de tarefas que n\u00e3o agregam valor.<\/li>\n\n\n\n<li><strong>Automa\u00e7\u00e3o de processos repetitivos:<\/strong> tarefas manuais e burocr\u00e1ticas consomem um tempo valioso que poderia ser usado em atividades estrat\u00e9gicas. Investir em ferramentas de automa\u00e7\u00e3o para atividades como preenchimento de relat\u00f3rios ou gest\u00e3o de e-mails libera a equipe para se concentrar no que realmente importa.<\/li>\n\n\n\n<li><strong>Ado\u00e7\u00e3o de modelos de trabalho flex\u00edveis:<\/strong> a redu\u00e7\u00e3o da jornada pode vir acompanhada de novos formatos, como a semana de quatro dias ou o trabalho h\u00edbrido consolidado. Permitir que parte do trabalho seja feita de forma remota, por exemplo, pode reduzir interrup\u00e7\u00f5es e aumentar a concentra\u00e7\u00e3o, compensando a redu\u00e7\u00e3o de horas presenciais.<\/li>\n<\/ul>\n","protected":false},"excerpt":{"rendered":"<p>Com o fim da escala 6&#215;1 em discuss\u00e3o, especialistas em RH mostram como adaptar turnos e manter a produtividade.<\/p>\n","protected":false},"author":8,"featured_media":37803,"comment_status":"open","ping_status":"open","sticky":false,"template":"","format":"standard","meta":{"jnews-multi-image_gallery":[],"jnews_single_post":{"format":"standard"},"jnews_primary_category":[],"jnews_social_meta":[],"jnews_override_counter":[],"footnotes":""},"categories":[154],"tags":[2742,157,4168,5835,12357],"class_list":["post-37802","post","type-post","status-publish","format-standard","has-post-thumbnail","hentry","category-brasil","tag-adaptacao","tag-brasil","tag-empresas","tag-escala-6x1","tag-fim-da-escala-6x1"],"yoast_head":"<!-- This site is optimized with the Yoast SEO plugin v25.1 - https:\/\/yoast.com\/wordpress\/plugins\/seo\/ -->\n<title>Fim da escala 6x1: como empresas podem se adaptar \u00e0s novas jornadas - Correio Braziliense - Aqui<\/title>\n<meta name=\"description\" content=\"Com o fim da escala 6x1 em discuss\u00e3o, especialistas em RH mostram como adaptar turnos e manter a produtividade.\" \/>\n<meta name=\"robots\" content=\"index, follow, max-snippet:-1, max-image-preview:large, max-video-preview:-1\" \/>\n<link rel=\"canonical\" href=\"https:\/\/www.correiobraziliense.com.br\/aqui\/2026\/09\/06\/fim-da-escala-6x1-como-empresas-podem-se-adaptar-as-novas-jornadas\/\" \/>\n<meta property=\"og:locale\" content=\"pt_BR\" \/>\n<meta property=\"og:type\" content=\"article\" \/>\n<meta property=\"og:title\" content=\"Fim da escala 6x1: como empresas podem se adaptar \u00e0s novas jornadas - Correio Braziliense - Aqui\" \/>\n<meta property=\"og:description\" content=\"Com o fim da escala 6x1 em discuss\u00e3o, especialistas em RH mostram como adaptar turnos e manter a produtividade.\" \/>\n<meta property=\"og:url\" content=\"https:\/\/www.correiobraziliense.com.br\/aqui\/2026\/09\/06\/fim-da-escala-6x1-como-empresas-podem-se-adaptar-as-novas-jornadas\/\" \/>\n<meta property=\"og:site_name\" content=\"Correio Braziliense - Aqui\" \/>\n<meta property=\"article:published_time\" content=\"2026-09-06T20:00:00+00:00\" \/>\n<meta property=\"og:image\" content=\"https:\/\/www.correiobraziliense.com.br\/aqui\/wp-content\/uploads\/2026\/08\/escritorio_1787682977439.jpg\" \/>\n\t<meta property=\"og:image:width\" content=\"1280\" \/>\n\t<meta property=\"og:image:height\" content=\"720\" \/>\n\t<meta property=\"og:image:type\" content=\"image\/jpeg\" \/>\n<meta name=\"author\" content=\"Lara\" \/>\n<meta name=\"twitter:card\" content=\"summary_large_image\" \/>\n<meta name=\"twitter:label1\" content=\"Escrito por\" \/>\n\t<meta name=\"twitter:data1\" content=\"Lara\" \/>\n\t<meta name=\"twitter:label2\" content=\"Est. tempo de leitura\" \/>\n\t<meta name=\"twitter:data2\" content=\"3 minutos\" \/>\n<!-- \/ Yoast SEO plugin. -->","yoast_head_json":{"title":"Fim da escala 6x1: como empresas podem se adaptar \u00e0s novas jornadas - Correio Braziliense - Aqui","description":"Com o fim da escala 6x1 em discuss\u00e3o, especialistas em RH mostram como adaptar turnos e manter a produtividade.","robots":{"index":"index","follow":"follow","max-snippet":"max-snippet:-1","max-image-preview":"max-image-preview:large","max-video-preview":"max-video-preview:-1"},"canonical":"https:\/\/www.correiobraziliense.com.br\/aqui\/2026\/09\/06\/fim-da-escala-6x1-como-empresas-podem-se-adaptar-as-novas-jornadas\/","og_locale":"pt_BR","og_type":"article","og_title":"Fim da escala 6x1: como empresas podem se adaptar \u00e0s novas jornadas - Correio Braziliense - Aqui","og_description":"Com o fim da escala 6x1 em discuss\u00e3o, especialistas em RH mostram como adaptar turnos e manter a produtividade.","og_url":"https:\/\/www.correiobraziliense.com.br\/aqui\/2026\/09\/06\/fim-da-escala-6x1-como-empresas-podem-se-adaptar-as-novas-jornadas\/","og_site_name":"Correio Braziliense - Aqui","article_published_time":"2026-09-06T20:00:00+00:00","og_image":[{"width":1280,"height":720,"url":"https:\/\/www.correiobraziliense.com.br\/aqui\/wp-content\/uploads\/2026\/08\/escritorio_1787682977439.jpg","type":"image\/jpeg"}],"author":"Lara","twitter_card":"summary_large_image","twitter_misc":{"Escrito por":"Lara","Est. tempo de leitura":"3 minutos"},"schema":{"@context":"https:\/\/schema.org","@graph":[{"@type":"WebPage","@id":"https:\/\/www.correiobraziliense.com.br\/aqui\/2026\/09\/06\/fim-da-escala-6x1-como-empresas-podem-se-adaptar-as-novas-jornadas\/","url":"https:\/\/www.correiobraziliense.com.br\/aqui\/2026\/09\/06\/fim-da-escala-6x1-como-empresas-podem-se-adaptar-as-novas-jornadas\/","name":"Fim da escala 6x1: como empresas podem se adaptar \u00e0s novas jornadas - Correio Braziliense - Aqui","isPartOf":{"@id":"https:\/\/www.correiobraziliense.com.br\/aqui\/#website"},"primaryImageOfPage":{"@id":"https:\/\/www.correiobraziliense.com.br\/aqui\/2026\/09\/06\/fim-da-escala-6x1-como-empresas-podem-se-adaptar-as-novas-jornadas\/#primaryimage"},"image":{"@id":"https:\/\/www.correiobraziliense.com.br\/aqui\/2026\/09\/06\/fim-da-escala-6x1-como-empresas-podem-se-adaptar-as-novas-jornadas\/#primaryimage"},"thumbnailUrl":"https:\/\/www.correiobraziliense.com.br\/aqui\/wp-content\/uploads\/2026\/08\/escritorio_1787682977439.jpg","datePublished":"2026-09-06T20:00:00+00:00","author":{"@id":"https:\/\/www.correiobraziliense.com.br\/aqui\/#\/schema\/person\/5d6e4d99fecc86ab1a7ed1a0369afb65"},"description":"Com o fim da escala 6x1 em discuss\u00e3o, especialistas em RH mostram como adaptar turnos e manter a produtividade.","breadcrumb":{"@id":"https:\/\/www.correiobraziliense.com.br\/aqui\/2026\/09\/06\/fim-da-escala-6x1-como-empresas-podem-se-adaptar-as-novas-jornadas\/#breadcrumb"},"inLanguage":"pt-BR","potentialAction":[{"@type":"ReadAction","target":["https:\/\/www.correiobraziliense.com.br\/aqui\/2026\/09\/06\/fim-da-escala-6x1-como-empresas-podem-se-adaptar-as-novas-jornadas\/"]}]},{"@type":"ImageObject","inLanguage":"pt-BR","@id":"https:\/\/www.correiobraziliense.com.br\/aqui\/2026\/09\/06\/fim-da-escala-6x1-como-empresas-podem-se-adaptar-as-novas-jornadas\/#primaryimage","url":"https:\/\/www.correiobraziliense.com.br\/aqui\/wp-content\/uploads\/2026\/08\/escritorio_1787682977439.jpg","contentUrl":"https:\/\/www.correiobraziliense.com.br\/aqui\/wp-content\/uploads\/2026\/08\/escritorio_1787682977439.jpg","width":1280,"height":720,"caption":"Cr\u00e9ditos: depositphotos.com \/ Ischukigor"},{"@type":"BreadcrumbList","@id":"https:\/\/www.correiobraziliense.com.br\/aqui\/2026\/09\/06\/fim-da-escala-6x1-como-empresas-podem-se-adaptar-as-novas-jornadas\/#breadcrumb","itemListElement":[{"@type":"ListItem","position":1,"name":"In\u00edcio","item":"https:\/\/www.correiobraziliense.com.br\/aqui\/"},{"@type":"ListItem","position":2,"name":"Fim da escala 6&#215;1: como empresas podem se adaptar \u00e0s novas jornadas"}]},{"@type":"WebSite","@id":"https:\/\/www.correiobraziliense.com.br\/aqui\/#website","url":"https:\/\/www.correiobraziliense.com.br\/aqui\/","name":"Correio Braziliense - Aqui","description":"O Correio Braziliense (CB) \u00e9 o mais importante canal de not\u00edcias de Bras\u00edlia. Aqui voc\u00ea encontra as \u00faltimas not\u00edcias do DF, do Brasil e do mundo.","potentialAction":[{"@type":"SearchAction","target":{"@type":"EntryPoint","urlTemplate":"https:\/\/www.correiobraziliense.com.br\/aqui\/?s={search_term_string}"},"query-input":{"@type":"PropertyValueSpecification","valueRequired":true,"valueName":"search_term_string"}}],"inLanguage":"pt-BR"},{"@type":"Person","@id":"https:\/\/www.correiobraziliense.com.br\/aqui\/#\/schema\/person\/5d6e4d99fecc86ab1a7ed1a0369afb65","name":"Lara","image":{"@type":"ImageObject","inLanguage":"pt-BR","@id":"https:\/\/www.correiobraziliense.com.br\/aqui\/#\/schema\/person\/image\/","url":"https:\/\/secure.gravatar.com\/avatar\/57056c5c343a6d8a6669688d3d2c04916d9d280b352b6e50e66a8d39b2517e00?s=96&d=mm&r=g","contentUrl":"https:\/\/secure.gravatar.com\/avatar\/57056c5c343a6d8a6669688d3d2c04916d9d280b352b6e50e66a8d39b2517e00?s=96&d=mm&r=g","caption":"Lara"},"url":"https:\/\/www.correiobraziliense.com.br\/aqui\/author\/laraaqui\/"}]}},"_links":{"self":[{"href":"https:\/\/www.correiobraziliense.com.br\/aqui\/wp-json\/wp\/v2\/posts\/37802","targetHints":{"allow":["GET"]}}],"collection":[{"href":"https:\/\/www.correiobraziliense.com.br\/aqui\/wp-json\/wp\/v2\/posts"}],"about":[{"href":"https:\/\/www.correiobraziliense.com.br\/aqui\/wp-json\/wp\/v2\/types\/post"}],"author":[{"embeddable":true,"href":"https:\/\/www.correiobraziliense.com.br\/aqui\/wp-json\/wp\/v2\/users\/8"}],"replies":[{"embeddable":true,"href":"https:\/\/www.correiobraziliense.com.br\/aqui\/wp-json\/wp\/v2\/comments?post=37802"}],"version-history":[{"count":1,"href":"https:\/\/www.correiobraziliense.com.br\/aqui\/wp-json\/wp\/v2\/posts\/37802\/revisions"}],"predecessor-version":[{"id":37804,"href":"https:\/\/www.correiobraziliense.com.br\/aqui\/wp-json\/wp\/v2\/posts\/37802\/revisions\/37804"}],"wp:featuredmedia":[{"embeddable":true,"href":"https:\/\/www.correiobraziliense.com.br\/aqui\/wp-json\/wp\/v2\/media\/37803"}],"wp:attachment":[{"href":"https:\/\/www.correiobraziliense.com.br\/aqui\/wp-json\/wp\/v2\/media?parent=37802"}],"wp:term":[{"taxonomy":"category","embeddable":true,"href":"https:\/\/www.correiobraziliense.com.br\/aqui\/wp-json\/wp\/v2\/categories?post=37802"},{"taxonomy":"post_tag","embeddable":true,"href":"https:\/\/www.correiobraziliense.com.br\/aqui\/wp-json\/wp\/v2\/tags?post=37802"}],"curies":[{"name":"wp","href":"https:\/\/api.w.org\/{rel}","templated":true}]}}