{"id":37813,"date":"2026-08-25T17:53:42","date_gmt":"2026-08-25T20:53:42","guid":{"rendered":"https:\/\/www.correiobraziliense.com.br\/aqui\/?p=37813"},"modified":"2026-08-25T17:53:44","modified_gmt":"2026-08-25T20:53:44","slug":"usei-mounjaro-e-tive-pancreatite-posso-processar-o-laboratorio","status":"publish","type":"post","link":"https:\/\/www.correiobraziliense.com.br\/aqui\/2026\/08\/25\/usei-mounjaro-e-tive-pancreatite-posso-processar-o-laboratorio\/","title":{"rendered":"Usei Mounjaro e tive pancreatite: posso processar o laborat\u00f3rio?"},"content":{"rendered":"\n<p>A rela\u00e7\u00e3o entre o uso do Mounjaro, medicamento para diabetes tipo 2 e emagrecimento, e o desenvolvimento de pancreatite tem gerado d\u00favidas sobre a possibilidade de processar o laborat\u00f3rio farmac\u00eautico. A resposta \u00e9 que sim, uma a\u00e7\u00e3o judicial \u00e9 poss\u00edvel, mas o sucesso depende de fatores espec\u00edficos que v\u00e3o al\u00e9m do simples diagn\u00f3stico do efeito colateral.<\/p>\n\n\n\n<p>No Brasil, a responsabilidade dos fabricantes de medicamentos est\u00e1 ligada ao dever de informar. Se um efeito colateral grave, como a pancreatite, est\u00e1 claramente descrito na bula aprovada pela Ag\u00eancia Nacional de Vigil\u00e2ncia Sanit\u00e1ria (<a target=\"_blank\" rel=\"noreferrer noopener\" href=\"https:\/\/www.correiobraziliense.com.br\/brasil\/2025\/06\/7168452-anvisa-autoriza-uso-do-mounjaro-no-tratamento-da-obesidade.html\">Anvisa<\/a>), a empresa cumpriu sua obriga\u00e7\u00e3o legal de alertar m\u00e9dicos e pacientes sobre os riscos. Essa vigil\u00e2ncia \u00e9 constante, e ag\u00eancias reguladoras como a pr\u00f3pria Anvisa e outras internacionais monitoram ativamente os relatos de pancreatite associados a essa classe de medicamentos. Nesses casos, a Justi\u00e7a tende a entender que o usu\u00e1rio assumiu o risco conhecido ao iniciar o tratamento.<\/p>\n\n\n\n<p>No entanto, a bula n\u00e3o isenta o laborat\u00f3rio de responsabilidade em todas as circunst\u00e2ncias. Existem cen\u00e1rios espec\u00edficos em que uma a\u00e7\u00e3o por danos morais e materiais pode ser bem-sucedida, mesmo com o aviso pr\u00e9vio sobre os riscos associados ao uso do rem\u00e9dio.<\/p>\n\n\n\n<h2 class=\"wp-block-heading\">Em quais situa\u00e7\u00f5es \u00e9 poss\u00edvel processar?<\/h2>\n\n\n\n<p>A viabilidade de um processo judicial contra a farmac\u00eautica depende da comprova\u00e7\u00e3o de alguma falha por parte da empresa. As situa\u00e7\u00f5es mais comuns que podem fundamentar uma a\u00e7\u00e3o incluem:<\/p>\n\n\n\n<ul class=\"wp-block-list\">\n<li><strong>Informa\u00e7\u00e3o inadequada:<\/strong> se for provado que o laborat\u00f3rio sabia de uma incid\u00eancia de pancreatite muito maior do que a informada na bula ou em comunicados oficiais e omitiu essa informa\u00e7\u00e3o.<\/li>\n\n\n\n<li><a href=\"https:\/\/www.correiobraziliense.com.br\/ciencia-e-saude\/2026\/07\/7465120-fabricante-do-ozempic-acusa-laboratorio-do-mounjaro-de-propaganda-enganosa.html\" target=\"_blank\" rel=\"noreferrer noopener\"><strong>Publicidade enganosa<\/strong><\/a><strong>:<\/strong> caso a campanha de marketing do Mounjaro tenha minimizado os riscos ou prometido uma seguran\u00e7a que n\u00e3o corresponde \u00e0 realidade, induzindo pacientes e m\u00e9dicos ao erro.<\/li>\n\n\n\n<li><a href=\"https:\/\/www.correiobraziliense.com.br\/brasil\/2026\/07\/7459163-anvisa-determina-apreensao-de-lotes-falsificados-de-mounjaro.html\" target=\"_blank\" rel=\"noreferrer noopener\"><strong>Defeito de fabrica\u00e7\u00e3o<\/strong><\/a><strong>:<\/strong> se o problema for restrito a um lote espec\u00edfico do medicamento que, por alguma falha na produ\u00e7\u00e3o, apresentou contamina\u00e7\u00e3o ou composi\u00e7\u00e3o alterada, causando o efeito adverso.<\/li>\n\n\n\n<li><strong>Erro m\u00e9dico:<\/strong> em algumas situa\u00e7\u00f5es, a responsabilidade pode n\u00e3o ser do laborat\u00f3rio, mas do profissional de sa\u00fade que prescreveu o medicamento de forma inadequada, ignorando o hist\u00f3rico cl\u00ednico do paciente ou n\u00e3o oferecendo o devido acompanhamento.<\/li>\n<\/ul>\n\n\n\n<h2 class=\"wp-block-heading\">O que fazer antes de buscar a Justi\u00e7a?<\/h2>\n\n\n\n<p>Para dar in\u00edcio a uma a\u00e7\u00e3o judicial, \u00e9 fundamental reunir provas que conectem o uso do medicamento ao dano sofrido. A comprova\u00e7\u00e3o da rela\u00e7\u00e3o de causa e efeito \u00e9 o ponto central de qualquer processo dessa natureza. \u00c9 essencial guardar todos os laudos m\u00e9dicos, exames que comprovem a pancreatite, receitas e notas fiscais de compra do Mounjaro. Al\u00e9m disso, documentar todos os gastos com tratamento, interna\u00e7\u00e3o e eventuais preju\u00edzos por afastamento do trabalho fortalece o pedido de indeniza\u00e7\u00e3o.<\/p>\n\n\n\n<p><\/p>\n","protected":false},"excerpt":{"rendered":"<p>A rela\u00e7\u00e3o entre o uso do Mounjaro, medicamento para diabetes tipo 2 e emagrecimento, e o desenvolvimento de pancreatite tem gerado d\u00favidas sobre a possibilidade de processar o laborat\u00f3rio farmac\u00eautico. A resposta \u00e9 que sim, uma a\u00e7\u00e3o judicial \u00e9 poss\u00edvel, mas o sucesso depende de fatores espec\u00edficos que v\u00e3o al\u00e9m do simples diagn\u00f3stico do efeito [&hellip;]<\/p>\n","protected":false},"author":9,"featured_media":37814,"comment_status":"open","ping_status":"open","sticky":false,"template":"","format":"standard","meta":{"jnews-multi-image_gallery":[],"jnews_single_post":{"format":"standard"},"jnews_primary_category":[],"jnews_social_meta":[],"jnews_override_counter":[],"footnotes":""},"categories":[123],"tags":[6286,664,2065,12360],"class_list":["post-37813","post","type-post","status-publish","format-standard","has-post-thumbnail","hentry","category-saude","tag-efeitos-colaterais","tag-mounjaro","tag-pancreatite","tag-tierzepatida"],"yoast_head":"<!-- This site is optimized with the Yoast SEO plugin v25.1 - https:\/\/yoast.com\/wordpress\/plugins\/seo\/ -->\n<title>Usei Mounjaro e tive pancreatite: posso processar o laborat\u00f3rio? - Correio Braziliense - Aqui<\/title>\n<meta name=\"description\" content=\"Advogados especialistas em direito da sa\u00fade explicam em quais situa\u00e7\u00f5es cabe uma a\u00e7\u00e3o judicial por efeitos colaterais de medicamentos.\" \/>\n<meta name=\"robots\" content=\"index, follow, max-snippet:-1, max-image-preview:large, max-video-preview:-1\" \/>\n<link rel=\"canonical\" href=\"https:\/\/www.correiobraziliense.com.br\/aqui\/2026\/08\/25\/usei-mounjaro-e-tive-pancreatite-posso-processar-o-laboratorio\/\" \/>\n<meta property=\"og:locale\" content=\"pt_BR\" \/>\n<meta property=\"og:type\" content=\"article\" \/>\n<meta property=\"og:title\" content=\"Usei Mounjaro e tive pancreatite: posso processar o laborat\u00f3rio? - Correio Braziliense - Aqui\" \/>\n<meta property=\"og:description\" content=\"Advogados especialistas em direito da sa\u00fade explicam em quais situa\u00e7\u00f5es cabe uma a\u00e7\u00e3o judicial por efeitos colaterais de medicamentos.\" \/>\n<meta property=\"og:url\" content=\"https:\/\/www.correiobraziliense.com.br\/aqui\/2026\/08\/25\/usei-mounjaro-e-tive-pancreatite-posso-processar-o-laboratorio\/\" \/>\n<meta property=\"og:site_name\" content=\"Correio Braziliense - Aqui\" \/>\n<meta property=\"article:published_time\" content=\"2026-08-25T20:53:42+00:00\" \/>\n<meta property=\"article:modified_time\" content=\"2026-08-25T20:53:44+00:00\" \/>\n<meta property=\"og:image\" content=\"https:\/\/www.correiobraziliense.com.br\/aqui\/wp-content\/uploads\/2026\/08\/pancreatite_1787691114056.jpg\" \/>\n\t<meta property=\"og:image:width\" content=\"1280\" \/>\n\t<meta property=\"og:image:height\" content=\"720\" \/>\n\t<meta property=\"og:image:type\" content=\"image\/jpeg\" \/>\n<meta name=\"author\" content=\"Lucas\" \/>\n<meta name=\"twitter:card\" content=\"summary_large_image\" \/>\n<meta name=\"twitter:label1\" content=\"Escrito por\" \/>\n\t<meta name=\"twitter:data1\" content=\"Lucas\" \/>\n\t<meta name=\"twitter:label2\" content=\"Est. tempo de leitura\" \/>\n\t<meta name=\"twitter:data2\" content=\"3 minutos\" \/>\n<!-- \/ Yoast SEO plugin. -->","yoast_head_json":{"title":"Usei Mounjaro e tive pancreatite: posso processar o laborat\u00f3rio? - Correio Braziliense - Aqui","description":"Advogados especialistas em direito da sa\u00fade explicam em quais situa\u00e7\u00f5es cabe uma a\u00e7\u00e3o judicial por efeitos colaterais de medicamentos.","robots":{"index":"index","follow":"follow","max-snippet":"max-snippet:-1","max-image-preview":"max-image-preview:large","max-video-preview":"max-video-preview:-1"},"canonical":"https:\/\/www.correiobraziliense.com.br\/aqui\/2026\/08\/25\/usei-mounjaro-e-tive-pancreatite-posso-processar-o-laboratorio\/","og_locale":"pt_BR","og_type":"article","og_title":"Usei Mounjaro e tive pancreatite: posso processar o laborat\u00f3rio? - Correio Braziliense - Aqui","og_description":"Advogados especialistas em direito da sa\u00fade explicam em quais situa\u00e7\u00f5es cabe uma a\u00e7\u00e3o judicial por efeitos colaterais de medicamentos.","og_url":"https:\/\/www.correiobraziliense.com.br\/aqui\/2026\/08\/25\/usei-mounjaro-e-tive-pancreatite-posso-processar-o-laboratorio\/","og_site_name":"Correio Braziliense - Aqui","article_published_time":"2026-08-25T20:53:42+00:00","article_modified_time":"2026-08-25T20:53:44+00:00","og_image":[{"width":1280,"height":720,"url":"https:\/\/www.correiobraziliense.com.br\/aqui\/wp-content\/uploads\/2026\/08\/pancreatite_1787691114056.jpg","type":"image\/jpeg"}],"author":"Lucas","twitter_card":"summary_large_image","twitter_misc":{"Escrito por":"Lucas","Est. tempo de leitura":"3 minutos"},"schema":{"@context":"https:\/\/schema.org","@graph":[{"@type":"WebPage","@id":"https:\/\/www.correiobraziliense.com.br\/aqui\/2026\/08\/25\/usei-mounjaro-e-tive-pancreatite-posso-processar-o-laboratorio\/","url":"https:\/\/www.correiobraziliense.com.br\/aqui\/2026\/08\/25\/usei-mounjaro-e-tive-pancreatite-posso-processar-o-laboratorio\/","name":"Usei Mounjaro e tive pancreatite: posso processar o laborat\u00f3rio? - Correio Braziliense - Aqui","isPartOf":{"@id":"https:\/\/www.correiobraziliense.com.br\/aqui\/#website"},"primaryImageOfPage":{"@id":"https:\/\/www.correiobraziliense.com.br\/aqui\/2026\/08\/25\/usei-mounjaro-e-tive-pancreatite-posso-processar-o-laboratorio\/#primaryimage"},"image":{"@id":"https:\/\/www.correiobraziliense.com.br\/aqui\/2026\/08\/25\/usei-mounjaro-e-tive-pancreatite-posso-processar-o-laboratorio\/#primaryimage"},"thumbnailUrl":"https:\/\/www.correiobraziliense.com.br\/aqui\/wp-content\/uploads\/2026\/08\/pancreatite_1787691114056.jpg","datePublished":"2026-08-25T20:53:42+00:00","dateModified":"2026-08-25T20:53:44+00:00","author":{"@id":"https:\/\/www.correiobraziliense.com.br\/aqui\/#\/schema\/person\/36d094a725ba56bbeb370a877862a002"},"description":"Advogados especialistas em direito da sa\u00fade explicam em quais situa\u00e7\u00f5es cabe uma a\u00e7\u00e3o judicial por efeitos colaterais de medicamentos.","breadcrumb":{"@id":"https:\/\/www.correiobraziliense.com.br\/aqui\/2026\/08\/25\/usei-mounjaro-e-tive-pancreatite-posso-processar-o-laboratorio\/#breadcrumb"},"inLanguage":"pt-BR","potentialAction":[{"@type":"ReadAction","target":["https:\/\/www.correiobraziliense.com.br\/aqui\/2026\/08\/25\/usei-mounjaro-e-tive-pancreatite-posso-processar-o-laboratorio\/"]}]},{"@type":"ImageObject","inLanguage":"pt-BR","@id":"https:\/\/www.correiobraziliense.com.br\/aqui\/2026\/08\/25\/usei-mounjaro-e-tive-pancreatite-posso-processar-o-laboratorio\/#primaryimage","url":"https:\/\/www.correiobraziliense.com.br\/aqui\/wp-content\/uploads\/2026\/08\/pancreatite_1787691114056.jpg","contentUrl":"https:\/\/www.correiobraziliense.com.br\/aqui\/wp-content\/uploads\/2026\/08\/pancreatite_1787691114056.jpg","width":1280,"height":720,"caption":"Cr\u00e9ditos: depositphotos.com \/ Milkos"},{"@type":"BreadcrumbList","@id":"https:\/\/www.correiobraziliense.com.br\/aqui\/2026\/08\/25\/usei-mounjaro-e-tive-pancreatite-posso-processar-o-laboratorio\/#breadcrumb","itemListElement":[{"@type":"ListItem","position":1,"name":"In\u00edcio","item":"https:\/\/www.correiobraziliense.com.br\/aqui\/"},{"@type":"ListItem","position":2,"name":"Usei Mounjaro e tive pancreatite: posso processar o laborat\u00f3rio?"}]},{"@type":"WebSite","@id":"https:\/\/www.correiobraziliense.com.br\/aqui\/#website","url":"https:\/\/www.correiobraziliense.com.br\/aqui\/","name":"Correio Braziliense - Aqui","description":"O Correio Braziliense (CB) \u00e9 o mais importante canal de not\u00edcias de Bras\u00edlia. Aqui voc\u00ea encontra as \u00faltimas not\u00edcias do DF, do Brasil e do mundo.","potentialAction":[{"@type":"SearchAction","target":{"@type":"EntryPoint","urlTemplate":"https:\/\/www.correiobraziliense.com.br\/aqui\/?s={search_term_string}"},"query-input":{"@type":"PropertyValueSpecification","valueRequired":true,"valueName":"search_term_string"}}],"inLanguage":"pt-BR"},{"@type":"Person","@id":"https:\/\/www.correiobraziliense.com.br\/aqui\/#\/schema\/person\/36d094a725ba56bbeb370a877862a002","name":"Lucas","image":{"@type":"ImageObject","inLanguage":"pt-BR","@id":"https:\/\/www.correiobraziliense.com.br\/aqui\/#\/schema\/person\/image\/","url":"https:\/\/secure.gravatar.com\/avatar\/eb1dd4a751dca39c233b091fb7b8ce9ef1608850325ab98ff1fbe898fcef0908?s=96&d=mm&r=g","contentUrl":"https:\/\/secure.gravatar.com\/avatar\/eb1dd4a751dca39c233b091fb7b8ce9ef1608850325ab98ff1fbe898fcef0908?s=96&d=mm&r=g","caption":"Lucas"},"url":"https:\/\/www.correiobraziliense.com.br\/aqui\/author\/lucasaqui\/"}]}},"_links":{"self":[{"href":"https:\/\/www.correiobraziliense.com.br\/aqui\/wp-json\/wp\/v2\/posts\/37813","targetHints":{"allow":["GET"]}}],"collection":[{"href":"https:\/\/www.correiobraziliense.com.br\/aqui\/wp-json\/wp\/v2\/posts"}],"about":[{"href":"https:\/\/www.correiobraziliense.com.br\/aqui\/wp-json\/wp\/v2\/types\/post"}],"author":[{"embeddable":true,"href":"https:\/\/www.correiobraziliense.com.br\/aqui\/wp-json\/wp\/v2\/users\/9"}],"replies":[{"embeddable":true,"href":"https:\/\/www.correiobraziliense.com.br\/aqui\/wp-json\/wp\/v2\/comments?post=37813"}],"version-history":[{"count":1,"href":"https:\/\/www.correiobraziliense.com.br\/aqui\/wp-json\/wp\/v2\/posts\/37813\/revisions"}],"predecessor-version":[{"id":37815,"href":"https:\/\/www.correiobraziliense.com.br\/aqui\/wp-json\/wp\/v2\/posts\/37813\/revisions\/37815"}],"wp:featuredmedia":[{"embeddable":true,"href":"https:\/\/www.correiobraziliense.com.br\/aqui\/wp-json\/wp\/v2\/media\/37814"}],"wp:attachment":[{"href":"https:\/\/www.correiobraziliense.com.br\/aqui\/wp-json\/wp\/v2\/media?parent=37813"}],"wp:term":[{"taxonomy":"category","embeddable":true,"href":"https:\/\/www.correiobraziliense.com.br\/aqui\/wp-json\/wp\/v2\/categories?post=37813"},{"taxonomy":"post_tag","embeddable":true,"href":"https:\/\/www.correiobraziliense.com.br\/aqui\/wp-json\/wp\/v2\/tags?post=37813"}],"curies":[{"name":"wp","href":"https:\/\/api.w.org\/{rel}","templated":true}]}}