{"id":37816,"date":"2026-08-25T17:55:53","date_gmt":"2026-08-25T20:55:53","guid":{"rendered":"https:\/\/www.correiobraziliense.com.br\/aqui\/?p=37816"},"modified":"2026-08-25T17:55:56","modified_gmt":"2026-08-25T20:55:56","slug":"o-perigo-do-uso-sem-orientacao-medica-da-semaglutida-no-dia-a-dia","status":"publish","type":"post","link":"https:\/\/www.correiobraziliense.com.br\/aqui\/2026\/08\/25\/o-perigo-do-uso-sem-orientacao-medica-da-semaglutida-no-dia-a-dia\/","title":{"rendered":"O perigo do uso sem orienta\u00e7\u00e3o m\u00e9dica da semaglutida no dia a dia"},"content":{"rendered":"\n<p>A semaglutida, princ\u00edpio ativo de medicamentos populares como Ozempic e Wegovy, se tornou um dos assuntos mais comentados quando o tema \u00e9 emagrecimento. A alta procura, no entanto, acende um alerta sobre o crescente uso do f\u00e1rmaco por conta pr\u00f3pria, uma pr\u00e1tica que envolve s\u00e9rios riscos \u00e0 sa\u00fade.<\/p>\n\n\n\n<p>No Brasil, o Ozempic foi aprovado pela <a target=\"_blank\" rel=\"noreferrer noopener\" href=\"https:\/\/www.correiobraziliense.com.br\/brasil\/2025\/04\/7113179-anvisa-exige-retencao-de-receita-para-ozempic-e-similares.html\">Anvisa em 2018<\/a> para o tratamento de diabetes tipo 2, enquanto o Wegovy, que cont\u00e9m o mesmo princ\u00edpio ativo em doses mais altas, recebeu aprova\u00e7\u00e3o para o tratamento da obesidade. Antes da chegada da vers\u00e3o espec\u00edfica para perda de peso, o uso &#8220;off-label&#8221; (fora da indica\u00e7\u00e3o da bula) do Ozempic se popularizou para este fim. Ambos agem como um an\u00e1logo do horm\u00f4nio GLP-1: retardam o esvaziamento do est\u00f4mago e atuam em \u00e1reas do c\u00e9rebro ligadas ao apetite e \u00e0 saciedade, o que resulta na perda de peso. O problema come\u00e7a quando essa ferramenta terap\u00eautica \u00e9 utilizada sem qualquer crit\u00e9rio ou supervis\u00e3o.<\/p>\n\n\n\n<p>O consumo indiscriminado exp\u00f5e o usu\u00e1rio a uma s\u00e9rie de complica\u00e7\u00f5es que poderiam ser evitadas com acompanhamento profissional. A automedica\u00e7\u00e3o impede que um m\u00e9dico avalie o hist\u00f3rico do paciente, identifique poss\u00edveis contraindica\u00e7\u00f5es e ajuste a dosagem conforme a necessidade individual. Sem essa orienta\u00e7\u00e3o, o tratamento se torna uma aposta perigosa.<\/p>\n\n\n\n<h2 class=\"wp-block-heading\">Quais os riscos do uso sem receita?<\/h2>\n\n\n\n<p>A busca por resultados r\u00e1pidos sem o devido cuidado pode ter um custo alto para o corpo. Os efeitos colaterais, que variam de leves a graves, tornam-se muito mais perigosos sem monitoramento. Entre as principais amea\u00e7as est\u00e3o:<\/p>\n\n\n\n<ul class=\"wp-block-list\">\n<li><strong>Problemas gastrointestinais:<\/strong> n\u00e1useas, v\u00f4mitos, diarreia e constipa\u00e7\u00e3o s\u00e3o os efeitos mais comuns. Sem orienta\u00e7\u00e3o, podem se intensificar e levar a quadros de desidrata\u00e7\u00e3o e desequil\u00edbrio eletrol\u00edtico.<\/li>\n\n\n\n<li><strong>Pancreatite aguda:<\/strong> trata-se de uma inflama\u00e7\u00e3o grave e potencialmente fatal do p\u00e2ncreas. O risco, embora n\u00e3o seja comum, aumenta com o uso inadequado do medicamento.<\/li>\n\n\n\n<li><strong>Complica\u00e7\u00f5es na ves\u00edcula:<\/strong> o uso da semaglutida est\u00e1 associado a um maior risco de desenvolvimento de c\u00e1lculos biliares, que podem exigir interven\u00e7\u00e3o cir\u00fargica.<\/li>\n\n\n\n<li><strong>Perda de massa magra:<\/strong> A perda de peso r\u00e1pida, sem acompanhamento nutricional e pr\u00e1tica de exerc\u00edcios, pode levar \u00e0 redu\u00e7\u00e3o de massa magra, e n\u00e3o apenas de gordura. Embora esperado em processos de emagrecimento, o acompanhamento profissional \u00e9 crucial para minimizar esse efeito e preservar a sa\u00fade muscular e o metabolismo.<\/li>\n\n\n\n<li><strong>Hipoglicemia:<\/strong> a queda brusca do n\u00edvel de a\u00e7\u00facar no sangue pode ocorrer, principalmente se a pessoa j\u00e1 faz uso de outros medicamentos para diabetes.<\/li>\n<\/ul>\n\n\n\n<p>O caminho correto para um tratamento seguro e eficaz sempre come\u00e7a com uma consulta m\u00e9dica. \u00c9 o profissional de sa\u00fade quem pode determinar se a semaglutida \u00e9 adequada para o paciente, prescrever a dose correta e acompanhar de perto a evolu\u00e7\u00e3o, garantindo que os benef\u00edcios superem os riscos.<\/p>\n\n\n\n<p><\/p>\n","protected":false},"excerpt":{"rendered":"<p>A semaglutida, princ\u00edpio ativo de medicamentos populares como Ozempic e Wegovy, se tornou um dos assuntos mais comentados quando o tema \u00e9 emagrecimento. A alta procura, no entanto, acende um alerta sobre o crescente uso do f\u00e1rmaco por conta pr\u00f3pria, uma pr\u00e1tica que envolve s\u00e9rios riscos \u00e0 sa\u00fade. No Brasil, o Ozempic foi aprovado pela [&hellip;]<\/p>\n","protected":false},"author":9,"featured_media":19421,"comment_status":"open","ping_status":"open","sticky":false,"template":"","format":"standard","meta":{"jnews-multi-image_gallery":[],"jnews_single_post":{"format":"standard"},"jnews_primary_category":[],"jnews_social_meta":[],"jnews_override_counter":[],"footnotes":""},"categories":[123],"tags":[12361,12362,1524,5793],"class_list":["post-37816","post","type-post","status-publish","format-standard","has-post-thumbnail","hentry","category-saude","tag-orientacao-medica","tag-reacoes-adversas","tag-riscos","tag-semaglutida"],"yoast_head":"<!-- This site is optimized with the Yoast SEO plugin v25.1 - https:\/\/yoast.com\/wordpress\/plugins\/seo\/ -->\n<title>O perigo do uso sem orienta\u00e7\u00e3o m\u00e9dica da semaglutida no dia a dia - Correio Braziliense - Aqui<\/title>\n<meta name=\"description\" content=\"Especialistas alertam para os riscos do consumo por conta pr\u00f3pria e explicam como a automedica\u00e7\u00e3o compromete a sa\u00fade de pacientes no pa\u00eds.\" \/>\n<meta name=\"robots\" content=\"index, follow, max-snippet:-1, max-image-preview:large, max-video-preview:-1\" \/>\n<link rel=\"canonical\" href=\"https:\/\/www.correiobraziliense.com.br\/aqui\/2026\/08\/25\/o-perigo-do-uso-sem-orientacao-medica-da-semaglutida-no-dia-a-dia\/\" \/>\n<meta property=\"og:locale\" content=\"pt_BR\" \/>\n<meta property=\"og:type\" content=\"article\" \/>\n<meta property=\"og:title\" content=\"O perigo do uso sem orienta\u00e7\u00e3o m\u00e9dica da semaglutida no dia a dia - Correio Braziliense - Aqui\" \/>\n<meta property=\"og:description\" content=\"Especialistas alertam para os riscos do consumo por conta pr\u00f3pria e explicam como a automedica\u00e7\u00e3o compromete a sa\u00fade de pacientes no pa\u00eds.\" \/>\n<meta property=\"og:url\" content=\"https:\/\/www.correiobraziliense.com.br\/aqui\/2026\/08\/25\/o-perigo-do-uso-sem-orientacao-medica-da-semaglutida-no-dia-a-dia\/\" \/>\n<meta property=\"og:site_name\" content=\"Correio Braziliense - Aqui\" \/>\n<meta property=\"article:published_time\" content=\"2026-08-25T20:55:53+00:00\" \/>\n<meta property=\"article:modified_time\" content=\"2026-08-25T20:55:56+00:00\" \/>\n<meta property=\"og:image\" content=\"https:\/\/www.correiobraziliense.com.br\/aqui\/wp-content\/uploads\/2026\/01\/ozempic_1768337841512.jpg\" \/>\n\t<meta property=\"og:image:width\" content=\"1280\" \/>\n\t<meta property=\"og:image:height\" content=\"720\" \/>\n\t<meta property=\"og:image:type\" content=\"image\/jpeg\" \/>\n<meta name=\"author\" content=\"Lucas\" \/>\n<meta name=\"twitter:card\" content=\"summary_large_image\" \/>\n<meta name=\"twitter:label1\" content=\"Escrito por\" \/>\n\t<meta name=\"twitter:data1\" content=\"Lucas\" \/>\n\t<meta name=\"twitter:label2\" content=\"Est. tempo de leitura\" \/>\n\t<meta name=\"twitter:data2\" content=\"3 minutos\" \/>\n<!-- \/ Yoast SEO plugin. -->","yoast_head_json":{"title":"O perigo do uso sem orienta\u00e7\u00e3o m\u00e9dica da semaglutida no dia a dia - Correio Braziliense - Aqui","description":"Especialistas alertam para os riscos do consumo por conta pr\u00f3pria e explicam como a automedica\u00e7\u00e3o compromete a sa\u00fade de pacientes no pa\u00eds.","robots":{"index":"index","follow":"follow","max-snippet":"max-snippet:-1","max-image-preview":"max-image-preview:large","max-video-preview":"max-video-preview:-1"},"canonical":"https:\/\/www.correiobraziliense.com.br\/aqui\/2026\/08\/25\/o-perigo-do-uso-sem-orientacao-medica-da-semaglutida-no-dia-a-dia\/","og_locale":"pt_BR","og_type":"article","og_title":"O perigo do uso sem orienta\u00e7\u00e3o m\u00e9dica da semaglutida no dia a dia - Correio Braziliense - Aqui","og_description":"Especialistas alertam para os riscos do consumo por conta pr\u00f3pria e explicam como a automedica\u00e7\u00e3o compromete a sa\u00fade de pacientes no pa\u00eds.","og_url":"https:\/\/www.correiobraziliense.com.br\/aqui\/2026\/08\/25\/o-perigo-do-uso-sem-orientacao-medica-da-semaglutida-no-dia-a-dia\/","og_site_name":"Correio Braziliense - Aqui","article_published_time":"2026-08-25T20:55:53+00:00","article_modified_time":"2026-08-25T20:55:56+00:00","og_image":[{"width":1280,"height":720,"url":"https:\/\/www.correiobraziliense.com.br\/aqui\/wp-content\/uploads\/2026\/01\/ozempic_1768337841512.jpg","type":"image\/jpeg"}],"author":"Lucas","twitter_card":"summary_large_image","twitter_misc":{"Escrito por":"Lucas","Est. tempo de leitura":"3 minutos"},"schema":{"@context":"https:\/\/schema.org","@graph":[{"@type":"WebPage","@id":"https:\/\/www.correiobraziliense.com.br\/aqui\/2026\/08\/25\/o-perigo-do-uso-sem-orientacao-medica-da-semaglutida-no-dia-a-dia\/","url":"https:\/\/www.correiobraziliense.com.br\/aqui\/2026\/08\/25\/o-perigo-do-uso-sem-orientacao-medica-da-semaglutida-no-dia-a-dia\/","name":"O perigo do uso sem orienta\u00e7\u00e3o m\u00e9dica da semaglutida no dia a dia - Correio Braziliense - Aqui","isPartOf":{"@id":"https:\/\/www.correiobraziliense.com.br\/aqui\/#website"},"primaryImageOfPage":{"@id":"https:\/\/www.correiobraziliense.com.br\/aqui\/2026\/08\/25\/o-perigo-do-uso-sem-orientacao-medica-da-semaglutida-no-dia-a-dia\/#primaryimage"},"image":{"@id":"https:\/\/www.correiobraziliense.com.br\/aqui\/2026\/08\/25\/o-perigo-do-uso-sem-orientacao-medica-da-semaglutida-no-dia-a-dia\/#primaryimage"},"thumbnailUrl":"https:\/\/www.correiobraziliense.com.br\/aqui\/wp-content\/uploads\/2026\/01\/ozempic_1768337841512.jpg","datePublished":"2026-08-25T20:55:53+00:00","dateModified":"2026-08-25T20:55:56+00:00","author":{"@id":"https:\/\/www.correiobraziliense.com.br\/aqui\/#\/schema\/person\/36d094a725ba56bbeb370a877862a002"},"description":"Especialistas alertam para os riscos do consumo por conta pr\u00f3pria e explicam como a automedica\u00e7\u00e3o compromete a sa\u00fade de pacientes no pa\u00eds.","breadcrumb":{"@id":"https:\/\/www.correiobraziliense.com.br\/aqui\/2026\/08\/25\/o-perigo-do-uso-sem-orientacao-medica-da-semaglutida-no-dia-a-dia\/#breadcrumb"},"inLanguage":"pt-BR","potentialAction":[{"@type":"ReadAction","target":["https:\/\/www.correiobraziliense.com.br\/aqui\/2026\/08\/25\/o-perigo-do-uso-sem-orientacao-medica-da-semaglutida-no-dia-a-dia\/"]}]},{"@type":"ImageObject","inLanguage":"pt-BR","@id":"https:\/\/www.correiobraziliense.com.br\/aqui\/2026\/08\/25\/o-perigo-do-uso-sem-orientacao-medica-da-semaglutida-no-dia-a-dia\/#primaryimage","url":"https:\/\/www.correiobraziliense.com.br\/aqui\/wp-content\/uploads\/2026\/01\/ozempic_1768337841512.jpg","contentUrl":"https:\/\/www.correiobraziliense.com.br\/aqui\/wp-content\/uploads\/2026\/01\/ozempic_1768337841512.jpg","width":1280,"height":720,"caption":"Cr\u00e9ditos: depositphotos.com \/ MillaFedotova"},{"@type":"BreadcrumbList","@id":"https:\/\/www.correiobraziliense.com.br\/aqui\/2026\/08\/25\/o-perigo-do-uso-sem-orientacao-medica-da-semaglutida-no-dia-a-dia\/#breadcrumb","itemListElement":[{"@type":"ListItem","position":1,"name":"In\u00edcio","item":"https:\/\/www.correiobraziliense.com.br\/aqui\/"},{"@type":"ListItem","position":2,"name":"O perigo do uso sem orienta\u00e7\u00e3o m\u00e9dica da semaglutida no dia a dia"}]},{"@type":"WebSite","@id":"https:\/\/www.correiobraziliense.com.br\/aqui\/#website","url":"https:\/\/www.correiobraziliense.com.br\/aqui\/","name":"Correio Braziliense - Aqui","description":"O Correio Braziliense (CB) \u00e9 o mais importante canal de not\u00edcias de Bras\u00edlia. Aqui voc\u00ea encontra as \u00faltimas not\u00edcias do DF, do Brasil e do mundo.","potentialAction":[{"@type":"SearchAction","target":{"@type":"EntryPoint","urlTemplate":"https:\/\/www.correiobraziliense.com.br\/aqui\/?s={search_term_string}"},"query-input":{"@type":"PropertyValueSpecification","valueRequired":true,"valueName":"search_term_string"}}],"inLanguage":"pt-BR"},{"@type":"Person","@id":"https:\/\/www.correiobraziliense.com.br\/aqui\/#\/schema\/person\/36d094a725ba56bbeb370a877862a002","name":"Lucas","image":{"@type":"ImageObject","inLanguage":"pt-BR","@id":"https:\/\/www.correiobraziliense.com.br\/aqui\/#\/schema\/person\/image\/","url":"https:\/\/secure.gravatar.com\/avatar\/eb1dd4a751dca39c233b091fb7b8ce9ef1608850325ab98ff1fbe898fcef0908?s=96&d=mm&r=g","contentUrl":"https:\/\/secure.gravatar.com\/avatar\/eb1dd4a751dca39c233b091fb7b8ce9ef1608850325ab98ff1fbe898fcef0908?s=96&d=mm&r=g","caption":"Lucas"},"url":"https:\/\/www.correiobraziliense.com.br\/aqui\/author\/lucasaqui\/"}]}},"_links":{"self":[{"href":"https:\/\/www.correiobraziliense.com.br\/aqui\/wp-json\/wp\/v2\/posts\/37816","targetHints":{"allow":["GET"]}}],"collection":[{"href":"https:\/\/www.correiobraziliense.com.br\/aqui\/wp-json\/wp\/v2\/posts"}],"about":[{"href":"https:\/\/www.correiobraziliense.com.br\/aqui\/wp-json\/wp\/v2\/types\/post"}],"author":[{"embeddable":true,"href":"https:\/\/www.correiobraziliense.com.br\/aqui\/wp-json\/wp\/v2\/users\/9"}],"replies":[{"embeddable":true,"href":"https:\/\/www.correiobraziliense.com.br\/aqui\/wp-json\/wp\/v2\/comments?post=37816"}],"version-history":[{"count":1,"href":"https:\/\/www.correiobraziliense.com.br\/aqui\/wp-json\/wp\/v2\/posts\/37816\/revisions"}],"predecessor-version":[{"id":37817,"href":"https:\/\/www.correiobraziliense.com.br\/aqui\/wp-json\/wp\/v2\/posts\/37816\/revisions\/37817"}],"wp:featuredmedia":[{"embeddable":true,"href":"https:\/\/www.correiobraziliense.com.br\/aqui\/wp-json\/wp\/v2\/media\/19421"}],"wp:attachment":[{"href":"https:\/\/www.correiobraziliense.com.br\/aqui\/wp-json\/wp\/v2\/media?parent=37816"}],"wp:term":[{"taxonomy":"category","embeddable":true,"href":"https:\/\/www.correiobraziliense.com.br\/aqui\/wp-json\/wp\/v2\/categories?post=37816"},{"taxonomy":"post_tag","embeddable":true,"href":"https:\/\/www.correiobraziliense.com.br\/aqui\/wp-json\/wp\/v2\/tags?post=37816"}],"curies":[{"name":"wp","href":"https:\/\/api.w.org\/{rel}","templated":true}]}}