{"id":37820,"date":"2026-08-25T17:59:00","date_gmt":"2026-08-25T20:59:00","guid":{"rendered":"https:\/\/www.correiobraziliense.com.br\/aqui\/?p=37820"},"modified":"2026-08-25T17:59:02","modified_gmt":"2026-08-25T20:59:02","slug":"salario-minimo-de-r-1-741-veja-o-impacto-direto-nos-contratos-clt","status":"publish","type":"post","link":"https:\/\/www.correiobraziliense.com.br\/aqui\/2026\/08\/25\/salario-minimo-de-r-1-741-veja-o-impacto-direto-nos-contratos-clt\/","title":{"rendered":"Sal\u00e1rio m\u00ednimo de R$ 1.741: veja o impacto direto nos contratos CLT"},"content":{"rendered":"\n<p>A proje\u00e7\u00e3o de um sal\u00e1rio m\u00ednimo de R$ 1.741 para 2027, anunciada pelo Minist\u00e9rio da Fazenda, vai muito al\u00e9m de um simples reajuste no piso nacional. Para milh\u00f5es de trabalhadores com contrato formal (CLT), essa mudan\u00e7a representa um impacto direto e pr\u00e1tico no c\u00e1lculo de diversos pagamentos mensais, alterando o valor final recebido no holerite. \u00c9 importante notar, contudo, que este valor ainda \u00e9 uma estimativa e ser\u00e1 confirmado apenas no fim de 2026.<\/p>\n\n\n\n<p>O valor do <a target=\"_blank\" rel=\"noreferrer noopener\" href=\"https:\/\/www.correiobraziliense.com.br\/economia\/2025\/12\/7310956-salario-minino-vai-aumentar-rs-103-em-2026.html\">sal\u00e1rio m\u00ednimo<\/a> serve como base para uma s\u00e9rie de verbas trabalhistas. Quando o piso aumenta, o valor da hora de trabalho tamb\u00e9m sobe. Consequentemente, todos os pagamentos que utilizam essa base de c\u00e1lculo s\u00e3o automaticamente reajustados, garantindo um ganho proporcional ao trabalhador.<\/p>\n\n\n\n<p>Essa estimativa de R$ 1.741 faz parte do Projeto de Lei Or\u00e7ament\u00e1ria Anual (PLOA) enviado ao Congresso Nacional e considera a pol\u00edtica de valoriza\u00e7\u00e3o, que prev\u00ea corre\u00e7\u00e3o pela infla\u00e7\u00e3o (INPC) somada \u00e0 varia\u00e7\u00e3o do PIB de dois anos anteriores, com ganho real limitado a 2,5% pelo arcabou\u00e7o fiscal. Na pr\u00e1tica, a mudan\u00e7a afeta desde o pagamento de horas extras at\u00e9 adicionais importantes.<\/p>\n\n\n\n<h2 class=\"wp-block-heading\">Como o novo sal\u00e1rio m\u00ednimo afeta o seu pagamento<\/h2>\n\n\n\n<p>Para entender o impacto real, \u00e9 preciso olhar para os componentes do sal\u00e1rio que s\u00e3o influenciados pelo piso nacional. A seguir, veja como o reajuste afeta cada um deles, incluindo casos em que o c\u00e1lculo deixou de ser vinculado ao m\u00ednimo.<\/p>\n\n\n\n<ul class=\"wp-block-list\">\n<li><strong>Horas extras:<\/strong> O c\u00e1lculo das horas extras \u00e9 feito com base no valor da hora normal de trabalho, acrescido de um percentual (geralmente 50% ou 100%). Com o aumento do sal\u00e1rio m\u00ednimo, o valor da hora normal sobe, elevando tamb\u00e9m o pagamento por cada hora extra trabalhada.<\/li>\n\n\n\n<li><strong>Adicional noturno:<\/strong> Trabalhadores que cumprem jornada entre 22h e 5h t\u00eam direito a um acr\u00e9scimo de, no m\u00ednimo, 20% sobre o valor da hora diurna. Como o valor da hora diurna aumenta com o reajuste do m\u00ednimo, o adicional noturno tamb\u00e9m cresce.<\/li>\n\n\n\n<li><strong>Adicional de insalubridade:<\/strong> Esse benef\u00edcio \u00e9 pago a quem trabalha em condi\u00e7\u00f5es que prejudicam a sa\u00fade. Desde 2020, o adicional deixou de ser calculado sobre o sal\u00e1rio m\u00ednimo por decis\u00e3o do STF, passando a ter como base o sal\u00e1rio-base do trabalhador ou valores definidos em conven\u00e7\u00e3o coletiva. Portanto, o reajuste do sal\u00e1rio m\u00ednimo n\u00e3o impacta diretamente esse adicional.<\/li>\n\n\n\n<li><strong>F\u00e9rias e 13\u00ba sal\u00e1rio:<\/strong> Para quem recebe um sal\u00e1rio m\u00ednimo, o c\u00e1lculo das f\u00e9rias remuneradas (com acr\u00e9scimo de um ter\u00e7o) e do 13\u00ba sal\u00e1rio passa a ter como base o novo valor. Quem ganha acima do piso n\u00e3o tem impacto direto nesses dois benef\u00edcios.<\/li>\n<\/ul>\n\n\n\n<p>Al\u00e9m dos trabalhadores da iniciativa privada, o reajuste do sal\u00e1rio m\u00ednimo tamb\u00e9m impacta diretamente benef\u00edcios previdenci\u00e1rios, como aposentadorias e pens\u00f5es do INSS que seguem o piso, o Benef\u00edcio de Presta\u00e7\u00e3o Continuada (BPC), o seguro-desemprego e o abono salarial PIS\/Pasep.<\/p>\n\n\n\n<p><\/p>\n","protected":false},"excerpt":{"rendered":"<p>A proje\u00e7\u00e3o de um sal\u00e1rio m\u00ednimo de R$ 1.741 para 2027, anunciada pelo Minist\u00e9rio da Fazenda, vai muito al\u00e9m de um simples reajuste no piso nacional. Para milh\u00f5es de trabalhadores com contrato formal (CLT), essa mudan\u00e7a representa um impacto direto e pr\u00e1tico no c\u00e1lculo de diversos pagamentos mensais, alterando o valor final recebido no holerite. [&hellip;]<\/p>\n","protected":false},"author":9,"featured_media":26251,"comment_status":"open","ping_status":"open","sticky":false,"template":"","format":"standard","meta":{"jnews-multi-image_gallery":[],"jnews_single_post":{"format":"standard"},"jnews_primary_category":[],"jnews_social_meta":[],"jnews_override_counter":[],"footnotes":""},"categories":[120],"tags":[7847,10978],"class_list":["post-37820","post","type-post","status-publish","format-standard","has-post-thumbnail","hentry","category-curiosidades","tag-clt","tag-salario-minimo-3"],"yoast_head":"<!-- This site is optimized with the Yoast SEO plugin v25.1 - https:\/\/yoast.com\/wordpress\/plugins\/seo\/ -->\n<title>Sal\u00e1rio m\u00ednimo de R$ 1.741: veja o impacto direto nos contratos CLT - Correio Braziliense - Aqui<\/title>\n<meta name=\"description\" content=\"Descubra como a nova proje\u00e7\u00e3o do piso nacional altera o c\u00e1lculo de horas extras, adicionais e pagamentos no mercado de trabalho formal.\" \/>\n<meta name=\"robots\" content=\"index, follow, max-snippet:-1, max-image-preview:large, max-video-preview:-1\" \/>\n<link rel=\"canonical\" href=\"https:\/\/www.correiobraziliense.com.br\/aqui\/2026\/08\/25\/salario-minimo-de-r-1-741-veja-o-impacto-direto-nos-contratos-clt\/\" \/>\n<meta property=\"og:locale\" content=\"pt_BR\" \/>\n<meta property=\"og:type\" content=\"article\" \/>\n<meta property=\"og:title\" content=\"Sal\u00e1rio m\u00ednimo de R$ 1.741: veja o impacto direto nos contratos CLT - Correio Braziliense - Aqui\" \/>\n<meta property=\"og:description\" content=\"Descubra como a nova proje\u00e7\u00e3o do piso nacional altera o c\u00e1lculo de horas extras, adicionais e pagamentos no mercado de trabalho formal.\" \/>\n<meta property=\"og:url\" content=\"https:\/\/www.correiobraziliense.com.br\/aqui\/2026\/08\/25\/salario-minimo-de-r-1-741-veja-o-impacto-direto-nos-contratos-clt\/\" \/>\n<meta property=\"og:site_name\" content=\"Correio Braziliense - Aqui\" \/>\n<meta property=\"article:published_time\" content=\"2026-08-25T20:59:00+00:00\" \/>\n<meta property=\"article:modified_time\" content=\"2026-08-25T20:59:02+00:00\" \/>\n<meta property=\"og:image\" content=\"https:\/\/www.correiobraziliense.com.br\/aqui\/wp-content\/uploads\/2026\/04\/salario_1775162371355.jpg\" \/>\n\t<meta property=\"og:image:width\" content=\"1280\" \/>\n\t<meta property=\"og:image:height\" content=\"720\" \/>\n\t<meta property=\"og:image:type\" content=\"image\/jpeg\" \/>\n<meta name=\"author\" content=\"Lucas\" \/>\n<meta name=\"twitter:card\" content=\"summary_large_image\" \/>\n<meta name=\"twitter:label1\" content=\"Escrito por\" \/>\n\t<meta name=\"twitter:data1\" content=\"Lucas\" \/>\n\t<meta name=\"twitter:label2\" content=\"Est. tempo de leitura\" \/>\n\t<meta name=\"twitter:data2\" content=\"3 minutos\" \/>\n<!-- \/ Yoast SEO plugin. -->","yoast_head_json":{"title":"Sal\u00e1rio m\u00ednimo de R$ 1.741: veja o impacto direto nos contratos CLT - Correio Braziliense - Aqui","description":"Descubra como a nova proje\u00e7\u00e3o do piso nacional altera o c\u00e1lculo de horas extras, adicionais e pagamentos no mercado de trabalho formal.","robots":{"index":"index","follow":"follow","max-snippet":"max-snippet:-1","max-image-preview":"max-image-preview:large","max-video-preview":"max-video-preview:-1"},"canonical":"https:\/\/www.correiobraziliense.com.br\/aqui\/2026\/08\/25\/salario-minimo-de-r-1-741-veja-o-impacto-direto-nos-contratos-clt\/","og_locale":"pt_BR","og_type":"article","og_title":"Sal\u00e1rio m\u00ednimo de R$ 1.741: veja o impacto direto nos contratos CLT - Correio Braziliense - Aqui","og_description":"Descubra como a nova proje\u00e7\u00e3o do piso nacional altera o c\u00e1lculo de horas extras, adicionais e pagamentos no mercado de trabalho formal.","og_url":"https:\/\/www.correiobraziliense.com.br\/aqui\/2026\/08\/25\/salario-minimo-de-r-1-741-veja-o-impacto-direto-nos-contratos-clt\/","og_site_name":"Correio Braziliense - Aqui","article_published_time":"2026-08-25T20:59:00+00:00","article_modified_time":"2026-08-25T20:59:02+00:00","og_image":[{"width":1280,"height":720,"url":"https:\/\/www.correiobraziliense.com.br\/aqui\/wp-content\/uploads\/2026\/04\/salario_1775162371355.jpg","type":"image\/jpeg"}],"author":"Lucas","twitter_card":"summary_large_image","twitter_misc":{"Escrito por":"Lucas","Est. tempo de leitura":"3 minutos"},"schema":{"@context":"https:\/\/schema.org","@graph":[{"@type":"WebPage","@id":"https:\/\/www.correiobraziliense.com.br\/aqui\/2026\/08\/25\/salario-minimo-de-r-1-741-veja-o-impacto-direto-nos-contratos-clt\/","url":"https:\/\/www.correiobraziliense.com.br\/aqui\/2026\/08\/25\/salario-minimo-de-r-1-741-veja-o-impacto-direto-nos-contratos-clt\/","name":"Sal\u00e1rio m\u00ednimo de R$ 1.741: veja o impacto direto nos contratos CLT - Correio Braziliense - Aqui","isPartOf":{"@id":"https:\/\/www.correiobraziliense.com.br\/aqui\/#website"},"primaryImageOfPage":{"@id":"https:\/\/www.correiobraziliense.com.br\/aqui\/2026\/08\/25\/salario-minimo-de-r-1-741-veja-o-impacto-direto-nos-contratos-clt\/#primaryimage"},"image":{"@id":"https:\/\/www.correiobraziliense.com.br\/aqui\/2026\/08\/25\/salario-minimo-de-r-1-741-veja-o-impacto-direto-nos-contratos-clt\/#primaryimage"},"thumbnailUrl":"https:\/\/www.correiobraziliense.com.br\/aqui\/wp-content\/uploads\/2026\/04\/salario_1775162371355.jpg","datePublished":"2026-08-25T20:59:00+00:00","dateModified":"2026-08-25T20:59:02+00:00","author":{"@id":"https:\/\/www.correiobraziliense.com.br\/aqui\/#\/schema\/person\/36d094a725ba56bbeb370a877862a002"},"description":"Descubra como a nova proje\u00e7\u00e3o do piso nacional altera o c\u00e1lculo de horas extras, adicionais e pagamentos no mercado de trabalho formal.","breadcrumb":{"@id":"https:\/\/www.correiobraziliense.com.br\/aqui\/2026\/08\/25\/salario-minimo-de-r-1-741-veja-o-impacto-direto-nos-contratos-clt\/#breadcrumb"},"inLanguage":"pt-BR","potentialAction":[{"@type":"ReadAction","target":["https:\/\/www.correiobraziliense.com.br\/aqui\/2026\/08\/25\/salario-minimo-de-r-1-741-veja-o-impacto-direto-nos-contratos-clt\/"]}]},{"@type":"ImageObject","inLanguage":"pt-BR","@id":"https:\/\/www.correiobraziliense.com.br\/aqui\/2026\/08\/25\/salario-minimo-de-r-1-741-veja-o-impacto-direto-nos-contratos-clt\/#primaryimage","url":"https:\/\/www.correiobraziliense.com.br\/aqui\/wp-content\/uploads\/2026\/04\/salario_1775162371355.jpg","contentUrl":"https:\/\/www.correiobraziliense.com.br\/aqui\/wp-content\/uploads\/2026\/04\/salario_1775162371355.jpg","width":1280,"height":720,"caption":"Cr\u00e9ditos: depositphotos.com \/ DaLiu"},{"@type":"BreadcrumbList","@id":"https:\/\/www.correiobraziliense.com.br\/aqui\/2026\/08\/25\/salario-minimo-de-r-1-741-veja-o-impacto-direto-nos-contratos-clt\/#breadcrumb","itemListElement":[{"@type":"ListItem","position":1,"name":"In\u00edcio","item":"https:\/\/www.correiobraziliense.com.br\/aqui\/"},{"@type":"ListItem","position":2,"name":"Sal\u00e1rio m\u00ednimo de R$ 1.741: veja o impacto direto nos contratos CLT"}]},{"@type":"WebSite","@id":"https:\/\/www.correiobraziliense.com.br\/aqui\/#website","url":"https:\/\/www.correiobraziliense.com.br\/aqui\/","name":"Correio Braziliense - Aqui","description":"O Correio Braziliense (CB) \u00e9 o mais importante canal de not\u00edcias de Bras\u00edlia. Aqui voc\u00ea encontra as \u00faltimas not\u00edcias do DF, do Brasil e do mundo.","potentialAction":[{"@type":"SearchAction","target":{"@type":"EntryPoint","urlTemplate":"https:\/\/www.correiobraziliense.com.br\/aqui\/?s={search_term_string}"},"query-input":{"@type":"PropertyValueSpecification","valueRequired":true,"valueName":"search_term_string"}}],"inLanguage":"pt-BR"},{"@type":"Person","@id":"https:\/\/www.correiobraziliense.com.br\/aqui\/#\/schema\/person\/36d094a725ba56bbeb370a877862a002","name":"Lucas","image":{"@type":"ImageObject","inLanguage":"pt-BR","@id":"https:\/\/www.correiobraziliense.com.br\/aqui\/#\/schema\/person\/image\/","url":"https:\/\/secure.gravatar.com\/avatar\/eb1dd4a751dca39c233b091fb7b8ce9ef1608850325ab98ff1fbe898fcef0908?s=96&d=mm&r=g","contentUrl":"https:\/\/secure.gravatar.com\/avatar\/eb1dd4a751dca39c233b091fb7b8ce9ef1608850325ab98ff1fbe898fcef0908?s=96&d=mm&r=g","caption":"Lucas"},"url":"https:\/\/www.correiobraziliense.com.br\/aqui\/author\/lucasaqui\/"}]}},"_links":{"self":[{"href":"https:\/\/www.correiobraziliense.com.br\/aqui\/wp-json\/wp\/v2\/posts\/37820","targetHints":{"allow":["GET"]}}],"collection":[{"href":"https:\/\/www.correiobraziliense.com.br\/aqui\/wp-json\/wp\/v2\/posts"}],"about":[{"href":"https:\/\/www.correiobraziliense.com.br\/aqui\/wp-json\/wp\/v2\/types\/post"}],"author":[{"embeddable":true,"href":"https:\/\/www.correiobraziliense.com.br\/aqui\/wp-json\/wp\/v2\/users\/9"}],"replies":[{"embeddable":true,"href":"https:\/\/www.correiobraziliense.com.br\/aqui\/wp-json\/wp\/v2\/comments?post=37820"}],"version-history":[{"count":1,"href":"https:\/\/www.correiobraziliense.com.br\/aqui\/wp-json\/wp\/v2\/posts\/37820\/revisions"}],"predecessor-version":[{"id":37821,"href":"https:\/\/www.correiobraziliense.com.br\/aqui\/wp-json\/wp\/v2\/posts\/37820\/revisions\/37821"}],"wp:featuredmedia":[{"embeddable":true,"href":"https:\/\/www.correiobraziliense.com.br\/aqui\/wp-json\/wp\/v2\/media\/26251"}],"wp:attachment":[{"href":"https:\/\/www.correiobraziliense.com.br\/aqui\/wp-json\/wp\/v2\/media?parent=37820"}],"wp:term":[{"taxonomy":"category","embeddable":true,"href":"https:\/\/www.correiobraziliense.com.br\/aqui\/wp-json\/wp\/v2\/categories?post=37820"},{"taxonomy":"post_tag","embeddable":true,"href":"https:\/\/www.correiobraziliense.com.br\/aqui\/wp-json\/wp\/v2\/tags?post=37820"}],"curies":[{"name":"wp","href":"https:\/\/api.w.org\/{rel}","templated":true}]}}