{"id":37832,"date":"2026-08-26T07:35:00","date_gmt":"2026-08-26T10:35:00","guid":{"rendered":"https:\/\/www.correiobraziliense.com.br\/aqui\/?p=37832"},"modified":"2026-08-25T23:45:52","modified_gmt":"2026-08-26T02:45:52","slug":"como-variacao-de-impostos-e-insumos-afeta-o-preco-do-prato-feito","status":"publish","type":"post","link":"https:\/\/www.correiobraziliense.com.br\/aqui\/2026\/08\/26\/como-variacao-de-impostos-e-insumos-afeta-o-preco-do-prato-feito\/","title":{"rendered":"Como varia\u00e7\u00e3o de impostos e insumos afeta o pre\u00e7o do prato feito"},"content":{"rendered":"\n<p>O pre\u00e7o do prato feito, a refei\u00e7\u00e3o mais popular no dia a dia dos brasileiros, reflete diretamente os movimentos da economia. Para os donos de restaurantes, a conta \u00e9 clara: a alta nos pre\u00e7os dos insumos e a complexa carga tribut\u00e1ria impactam diretamente o valor final que chega ao consumidor. Este cen\u00e1rio se intensifica em um contexto de alta tribut\u00e1ria; em 2026, por exemplo, o Brasil registrou arrecada\u00e7\u00e3o recorde de R$ 1,607 trilh\u00e3o no primeiro semestre, segundo dados da Receita Federal, o que eleva a press\u00e3o sobre os custos de produ\u00e7\u00e3o.<\/p>\n\n\n\n<p>A composi\u00e7\u00e3o do pre\u00e7o de um prato feito vai muito al\u00e9m do <a target=\"_blank\" rel=\"noreferrer noopener\" href=\"https:\/\/www.correiobraziliense.com.br\/economia\/2025\/09\/7251729-abras-arroz-e-feijao-ficam-mais-baratos-mas-cafe-ainda-pesa-na-inflacao.html\">arroz, feij\u00e3o<\/a> e da carne. Inclui custos invis\u00edveis para o cliente, como g\u00e1s de cozinha, energia el\u00e9trica, aluguel do ponto comercial e sal\u00e1rios dos funcion\u00e1rios. Cada um desses itens sofre varia\u00e7\u00f5es constantes, for\u00e7ando os empres\u00e1rios a fazerem ajustes frequentes no card\u00e1pio para manter o neg\u00f3cio saud\u00e1vel.<\/p>\n\n\n\n<p>Quando um fornecedor de hortali\u00e7as reajusta sua tabela ou a <a target=\"_blank\" rel=\"noreferrer noopener\" href=\"https:\/\/www.correiobraziliense.com.br\/economia\/2026\/08\/7473139-conta-de-luz-no-brasil-pesa-mais-no-bolso-do-que-em-77-paises.html\">conta de luz<\/a> sobe, o impacto \u00e9 imediato na planilha de custos do restaurante. Pequenos aumentos em cadeia se transformam em uma diferen\u00e7a significativa no fim do m\u00eas, tornando o repasse ao consumidor uma medida inevit\u00e1vel para a sobreviv\u00eancia do estabelecimento.<\/p>\n\n\n\n<h2 class=\"wp-block-heading\">Como os custos s\u00e3o repassados<\/h2>\n\n\n\n<p>O repasse dos custos para o pre\u00e7o do prato feito n\u00e3o \u00e9 uma ci\u00eancia exata e varia conforme a estrat\u00e9gia de cada neg\u00f3cio. Alguns empres\u00e1rios optam por reajustes graduais para n\u00e3o assustar a clientela. Outros seguram os pre\u00e7os ao m\u00e1ximo, mas podem precisar fazer um aumento mais acentuado de uma s\u00f3 vez.<\/p>\n\n\n\n<p>Essa press\u00e3o cria um dilema constante: repassar o aumento integralmente e arriscar <a target=\"_blank\" rel=\"noreferrer noopener\" href=\"https:\/\/www.correiobraziliense.com.br\/economia\/2025\/04\/7110182-inflacao-faz-brasileiros-cortarem-comida-do-prato-diz-datafolha.html\">perder clientes<\/a> ou absorver parte do preju\u00edzo e comprometer a margem de lucro. Muitos estabelecimentos buscam um meio-termo, reajustando o pre\u00e7o de forma sutil ou alterando levemente a composi\u00e7\u00e3o do prato para usar ingredientes com melhor custo-benef\u00edcio.<\/p>\n\n\n\n<h2 class=\"wp-block-heading\">Estrat\u00e9gias para equilibrar as contas<\/h2>\n\n\n\n<p>Para lidar com a <a target=\"_blank\" rel=\"noreferrer noopener\" href=\"https:\/\/www.correiobraziliense.com.br\/economia\/2025\/02\/7068629-preco-dos-alimentos-deve-ter-alivio-em-2025-apontam-projecoes.html\">instabilidade dos pre\u00e7os<\/a> e a carga tribut\u00e1ria, donos de restaurantes adotam diversas t\u00e1ticas de gest\u00e3o. O objetivo \u00e9 otimizar a opera\u00e7\u00e3o para reduzir o impacto no bolso do cliente e garantir a sustentabilidade do neg\u00f3cio. Entre as pr\u00e1ticas mais comuns, destacam-se:<\/p>\n\n\n\n<ul class=\"wp-block-list\">\n<li><strong>negocia\u00e7\u00e3o com fornecedores:<\/strong> buscar melhores pre\u00e7os e condi\u00e7\u00f5es de pagamento em compras de maior volume ou firmar parcerias de longo prazo.<\/li>\n\n\n\n<li><strong>otimiza\u00e7\u00e3o do card\u00e1pio:<\/strong> priorizar ingredientes da esta\u00e7\u00e3o, que s\u00e3o naturalmente mais baratos e abundantes, e criar pratos que permitam o aproveitamento integral dos alimentos.<\/li>\n\n\n\n<li><strong>controle de desperd\u00edcio:<\/strong> implementar processos rigorosos na cozinha para reduzir sobras e garantir que todos os insumos sejam utilizados de forma inteligente.<\/li>\n\n\n\n<li><strong>efici\u00eancia energ\u00e9tica:<\/strong> investir em equipamentos mais modernos e econ\u00f4micos para diminuir as despesas com energia el\u00e9trica e g\u00e1s, al\u00e9m de adotar pr\u00e1ticas de consumo consciente.<\/li>\n<\/ul>\n","protected":false},"excerpt":{"rendered":"<p>Entenda como a varia\u00e7\u00e3o de custos de produ\u00e7\u00e3o e a carga tribut\u00e1ria impactam o valor do prato feito, refei\u00e7\u00e3o mais popular do Brasil<\/p>\n","protected":false},"author":10,"featured_media":37836,"comment_status":"open","ping_status":"open","sticky":false,"template":"","format":"standard","meta":{"jnews-multi-image_gallery":[],"jnews_single_post":{"format":"standard"},"jnews_primary_category":[],"jnews_social_meta":[],"jnews_override_counter":[],"footnotes":""},"categories":[1512],"tags":[157,473],"class_list":["post-37832","post","type-post","status-publish","format-standard","has-post-thumbnail","hentry","category-economia","tag-brasil","tag-economia"],"yoast_head":"<!-- This site is optimized with the Yoast SEO plugin v25.1 - https:\/\/yoast.com\/wordpress\/plugins\/seo\/ -->\n<title>Como varia\u00e7\u00e3o de impostos e insumos afeta o pre\u00e7o do prato feito - Correio Braziliense - Aqui<\/title>\n<meta name=\"description\" content=\"Entenda como a varia\u00e7\u00e3o de custos de produ\u00e7\u00e3o e a carga tribut\u00e1ria impactam o valor do prato feito, refei\u00e7\u00e3o mais popular do Brasil\" \/>\n<meta name=\"robots\" content=\"index, follow, max-snippet:-1, max-image-preview:large, max-video-preview:-1\" \/>\n<link rel=\"canonical\" href=\"https:\/\/www.correiobraziliense.com.br\/aqui\/2026\/08\/26\/como-variacao-de-impostos-e-insumos-afeta-o-preco-do-prato-feito\/\" \/>\n<meta property=\"og:locale\" content=\"pt_BR\" \/>\n<meta property=\"og:type\" content=\"article\" \/>\n<meta property=\"og:title\" content=\"Como varia\u00e7\u00e3o de impostos e insumos afeta o pre\u00e7o do prato feito - Correio Braziliense - Aqui\" \/>\n<meta property=\"og:description\" content=\"Entenda como a varia\u00e7\u00e3o de custos de produ\u00e7\u00e3o e a carga tribut\u00e1ria impactam o valor do prato feito, refei\u00e7\u00e3o mais popular do Brasil\" \/>\n<meta property=\"og:url\" content=\"https:\/\/www.correiobraziliense.com.br\/aqui\/2026\/08\/26\/como-variacao-de-impostos-e-insumos-afeta-o-preco-do-prato-feito\/\" \/>\n<meta property=\"og:site_name\" content=\"Correio Braziliense - Aqui\" \/>\n<meta property=\"article:published_time\" content=\"2026-08-26T10:35:00+00:00\" \/>\n<meta property=\"og:image\" content=\"https:\/\/www.correiobraziliense.com.br\/aqui\/wp-content\/uploads\/2026\/08\/prato-de-arroz-e-feijao_1787712222536.jpg\" \/>\n\t<meta property=\"og:image:width\" content=\"1280\" \/>\n\t<meta property=\"og:image:height\" content=\"720\" \/>\n\t<meta property=\"og:image:type\" content=\"image\/jpeg\" \/>\n<meta name=\"author\" content=\"Larissa\" \/>\n<meta name=\"twitter:card\" content=\"summary_large_image\" \/>\n<meta name=\"twitter:label1\" content=\"Escrito por\" \/>\n\t<meta name=\"twitter:data1\" content=\"Larissa\" \/>\n\t<meta name=\"twitter:label2\" content=\"Est. tempo de leitura\" \/>\n\t<meta name=\"twitter:data2\" content=\"3 minutos\" \/>\n<!-- \/ Yoast SEO plugin. -->","yoast_head_json":{"title":"Como varia\u00e7\u00e3o de impostos e insumos afeta o pre\u00e7o do prato feito - Correio Braziliense - Aqui","description":"Entenda como a varia\u00e7\u00e3o de custos de produ\u00e7\u00e3o e a carga tribut\u00e1ria impactam o valor do prato feito, refei\u00e7\u00e3o mais popular do Brasil","robots":{"index":"index","follow":"follow","max-snippet":"max-snippet:-1","max-image-preview":"max-image-preview:large","max-video-preview":"max-video-preview:-1"},"canonical":"https:\/\/www.correiobraziliense.com.br\/aqui\/2026\/08\/26\/como-variacao-de-impostos-e-insumos-afeta-o-preco-do-prato-feito\/","og_locale":"pt_BR","og_type":"article","og_title":"Como varia\u00e7\u00e3o de impostos e insumos afeta o pre\u00e7o do prato feito - Correio Braziliense - Aqui","og_description":"Entenda como a varia\u00e7\u00e3o de custos de produ\u00e7\u00e3o e a carga tribut\u00e1ria impactam o valor do prato feito, refei\u00e7\u00e3o mais popular do Brasil","og_url":"https:\/\/www.correiobraziliense.com.br\/aqui\/2026\/08\/26\/como-variacao-de-impostos-e-insumos-afeta-o-preco-do-prato-feito\/","og_site_name":"Correio Braziliense - Aqui","article_published_time":"2026-08-26T10:35:00+00:00","og_image":[{"width":1280,"height":720,"url":"https:\/\/www.correiobraziliense.com.br\/aqui\/wp-content\/uploads\/2026\/08\/prato-de-arroz-e-feijao_1787712222536.jpg","type":"image\/jpeg"}],"author":"Larissa","twitter_card":"summary_large_image","twitter_misc":{"Escrito por":"Larissa","Est. tempo de leitura":"3 minutos"},"schema":{"@context":"https:\/\/schema.org","@graph":[{"@type":"WebPage","@id":"https:\/\/www.correiobraziliense.com.br\/aqui\/2026\/08\/26\/como-variacao-de-impostos-e-insumos-afeta-o-preco-do-prato-feito\/","url":"https:\/\/www.correiobraziliense.com.br\/aqui\/2026\/08\/26\/como-variacao-de-impostos-e-insumos-afeta-o-preco-do-prato-feito\/","name":"Como varia\u00e7\u00e3o de impostos e insumos afeta o pre\u00e7o do prato feito - Correio Braziliense - Aqui","isPartOf":{"@id":"https:\/\/www.correiobraziliense.com.br\/aqui\/#website"},"primaryImageOfPage":{"@id":"https:\/\/www.correiobraziliense.com.br\/aqui\/2026\/08\/26\/como-variacao-de-impostos-e-insumos-afeta-o-preco-do-prato-feito\/#primaryimage"},"image":{"@id":"https:\/\/www.correiobraziliense.com.br\/aqui\/2026\/08\/26\/como-variacao-de-impostos-e-insumos-afeta-o-preco-do-prato-feito\/#primaryimage"},"thumbnailUrl":"https:\/\/www.correiobraziliense.com.br\/aqui\/wp-content\/uploads\/2026\/08\/prato-de-arroz-e-feijao_1787712222536.jpg","datePublished":"2026-08-26T10:35:00+00:00","author":{"@id":"https:\/\/www.correiobraziliense.com.br\/aqui\/#\/schema\/person\/775f50a8c1ac31704d56816e99b29041"},"description":"Entenda como a varia\u00e7\u00e3o de custos de produ\u00e7\u00e3o e a carga tribut\u00e1ria impactam o valor do prato feito, refei\u00e7\u00e3o mais popular do Brasil","breadcrumb":{"@id":"https:\/\/www.correiobraziliense.com.br\/aqui\/2026\/08\/26\/como-variacao-de-impostos-e-insumos-afeta-o-preco-do-prato-feito\/#breadcrumb"},"inLanguage":"pt-BR","potentialAction":[{"@type":"ReadAction","target":["https:\/\/www.correiobraziliense.com.br\/aqui\/2026\/08\/26\/como-variacao-de-impostos-e-insumos-afeta-o-preco-do-prato-feito\/"]}]},{"@type":"ImageObject","inLanguage":"pt-BR","@id":"https:\/\/www.correiobraziliense.com.br\/aqui\/2026\/08\/26\/como-variacao-de-impostos-e-insumos-afeta-o-preco-do-prato-feito\/#primaryimage","url":"https:\/\/www.correiobraziliense.com.br\/aqui\/wp-content\/uploads\/2026\/08\/prato-de-arroz-e-feijao_1787712222536.jpg","contentUrl":"https:\/\/www.correiobraziliense.com.br\/aqui\/wp-content\/uploads\/2026\/08\/prato-de-arroz-e-feijao_1787712222536.jpg","width":1280,"height":720,"caption":"Cr\u00e9ditos: depositphotos.com \/ Enigmangels"},{"@type":"BreadcrumbList","@id":"https:\/\/www.correiobraziliense.com.br\/aqui\/2026\/08\/26\/como-variacao-de-impostos-e-insumos-afeta-o-preco-do-prato-feito\/#breadcrumb","itemListElement":[{"@type":"ListItem","position":1,"name":"In\u00edcio","item":"https:\/\/www.correiobraziliense.com.br\/aqui\/"},{"@type":"ListItem","position":2,"name":"Como varia\u00e7\u00e3o de impostos e insumos afeta o pre\u00e7o do prato feito"}]},{"@type":"WebSite","@id":"https:\/\/www.correiobraziliense.com.br\/aqui\/#website","url":"https:\/\/www.correiobraziliense.com.br\/aqui\/","name":"Correio Braziliense - Aqui","description":"O Correio Braziliense (CB) \u00e9 o mais importante canal de not\u00edcias de Bras\u00edlia. Aqui voc\u00ea encontra as \u00faltimas not\u00edcias do DF, do Brasil e do mundo.","potentialAction":[{"@type":"SearchAction","target":{"@type":"EntryPoint","urlTemplate":"https:\/\/www.correiobraziliense.com.br\/aqui\/?s={search_term_string}"},"query-input":{"@type":"PropertyValueSpecification","valueRequired":true,"valueName":"search_term_string"}}],"inLanguage":"pt-BR"},{"@type":"Person","@id":"https:\/\/www.correiobraziliense.com.br\/aqui\/#\/schema\/person\/775f50a8c1ac31704d56816e99b29041","name":"Larissa","image":{"@type":"ImageObject","inLanguage":"pt-BR","@id":"https:\/\/www.correiobraziliense.com.br\/aqui\/#\/schema\/person\/image\/","url":"https:\/\/secure.gravatar.com\/avatar\/62f5b2e99de671d075ab98e19f03c3c38c80a93f5d06f51075cf4431a4e76458?s=96&d=mm&r=g","contentUrl":"https:\/\/secure.gravatar.com\/avatar\/62f5b2e99de671d075ab98e19f03c3c38c80a93f5d06f51075cf4431a4e76458?s=96&d=mm&r=g","caption":"Larissa"},"url":"https:\/\/www.correiobraziliense.com.br\/aqui\/author\/larissaaqui\/"}]}},"_links":{"self":[{"href":"https:\/\/www.correiobraziliense.com.br\/aqui\/wp-json\/wp\/v2\/posts\/37832","targetHints":{"allow":["GET"]}}],"collection":[{"href":"https:\/\/www.correiobraziliense.com.br\/aqui\/wp-json\/wp\/v2\/posts"}],"about":[{"href":"https:\/\/www.correiobraziliense.com.br\/aqui\/wp-json\/wp\/v2\/types\/post"}],"author":[{"embeddable":true,"href":"https:\/\/www.correiobraziliense.com.br\/aqui\/wp-json\/wp\/v2\/users\/10"}],"replies":[{"embeddable":true,"href":"https:\/\/www.correiobraziliense.com.br\/aqui\/wp-json\/wp\/v2\/comments?post=37832"}],"version-history":[{"count":4,"href":"https:\/\/www.correiobraziliense.com.br\/aqui\/wp-json\/wp\/v2\/posts\/37832\/revisions"}],"predecessor-version":[{"id":37837,"href":"https:\/\/www.correiobraziliense.com.br\/aqui\/wp-json\/wp\/v2\/posts\/37832\/revisions\/37837"}],"wp:featuredmedia":[{"embeddable":true,"href":"https:\/\/www.correiobraziliense.com.br\/aqui\/wp-json\/wp\/v2\/media\/37836"}],"wp:attachment":[{"href":"https:\/\/www.correiobraziliense.com.br\/aqui\/wp-json\/wp\/v2\/media?parent=37832"}],"wp:term":[{"taxonomy":"category","embeddable":true,"href":"https:\/\/www.correiobraziliense.com.br\/aqui\/wp-json\/wp\/v2\/categories?post=37832"},{"taxonomy":"post_tag","embeddable":true,"href":"https:\/\/www.correiobraziliense.com.br\/aqui\/wp-json\/wp\/v2\/tags?post=37832"}],"curies":[{"name":"wp","href":"https:\/\/api.w.org\/{rel}","templated":true}]}}