{"id":37848,"date":"2026-08-26T09:20:00","date_gmt":"2026-08-26T12:20:00","guid":{"rendered":"https:\/\/www.correiobraziliense.com.br\/aqui\/?p=37848"},"modified":"2026-08-26T00:02:11","modified_gmt":"2026-08-26T03:02:11","slug":"o-que-faz-na-pratica-um-auditor-fiscal-e-como-funciona-a-carreira","status":"publish","type":"post","link":"https:\/\/www.correiobraziliense.com.br\/aqui\/2026\/08\/26\/o-que-faz-na-pratica-um-auditor-fiscal-e-como-funciona-a-carreira\/","title":{"rendered":"O que faz na pr\u00e1tica um auditor fiscal e como funciona a carreira"},"content":{"rendered":"\n<p>A carreira de auditor fiscal voltou a despertar o interesse de muitos brasileiros, especialmente ap\u00f3s a abertura de concursos com sal\u00e1rios atrativos. Um exemplo recente \u00e9 o concurso da Secretaria da Fazenda de Alagoas (Sefaz-AL), organizado pelo Cebraspe, que oferece 100 vagas (40 para provimento imediato e 60 para cadastro de reserva) com remunera\u00e7\u00e3o inicial de R$ 25.270,68, movimentando concurseiros em todo o pa\u00eds.<\/p>\n\n\n\n<p>Mas, na pr\u00e1tica, o que faz este profissional? Em ess\u00eancia, o auditor fiscal \u00e9 o agente do Estado respons\u00e1vel por garantir que empresas e cidad\u00e3os paguem seus impostos corretamente. Sua principal miss\u00e3o \u00e9 <a target=\"_blank\" rel=\"noreferrer noopener\" href=\"https:\/\/www.correiobraziliense.com.br\/opiniao\/2025\/09\/7249904-dia-do-auditor-fiscal-da-receita-sem-fiscalizacao-nao-ha-estado-que-funcione.html\">fiscalizar o cumprimento da legisla\u00e7\u00e3o tribut\u00e1ria<\/a> para assegurar a arrecada\u00e7\u00e3o de recursos que financiam servi\u00e7os p\u00fablicos como sa\u00fade, educa\u00e7\u00e3o e seguran\u00e7a.<\/p>\n\n\n\n<p>O trabalho vai muito al\u00e9m de uma rotina burocr\u00e1tica em um escrit\u00f3rio. A atua\u00e7\u00e3o envolve tanto an\u00e1lises internas de documentos quanto a\u00e7\u00f5es externas, em campo. A rotina pode variar bastante dependendo da lota\u00e7\u00e3o e da especializa\u00e7\u00e3o do servidor.<\/p>\n\n\n\n<h2 class=\"wp-block-heading\">Principais atribui\u00e7\u00f5es de um auditor fiscal<\/h2>\n\n\n\n<p>As atividades di\u00e1rias de um auditor fiscal s\u00e3o diversificadas e exigem um alto n\u00edvel de conhecimento t\u00e9cnico. Entre as tarefas mais comuns, destacam-se:<\/p>\n\n\n\n<ul class=\"wp-block-list\">\n<li><strong>Fiscaliza\u00e7\u00e3o de empresas:<\/strong> realizar auditorias em estabelecimentos comerciais e industriais para verificar a regularidade de suas obriga\u00e7\u00f5es fiscais, como a emiss\u00e3o de notas e o pagamento de tributos.<\/li>\n\n\n\n<li><strong>An\u00e1lise de documentos:<\/strong> examinar livros cont\u00e1beis, balan\u00e7os, declara\u00e7\u00f5es e outros registros para identificar poss\u00edveis irregularidades ou tentativas de sonega\u00e7\u00e3o fiscal.<\/li>\n\n\n\n<li><strong>Controle de mercadorias:<\/strong> atuar em postos fiscais de fronteiras, portos e aeroportos para controlar a entrada e sa\u00edda de produtos, conferindo a documenta\u00e7\u00e3o e o recolhimento dos impostos devidos.<\/li>\n\n\n\n<li><strong>Aplica\u00e7\u00e3o de penalidades:<\/strong> em caso de irregularidades, o auditor \u00e9 respons\u00e1vel por lavrar autos de infra\u00e7\u00e3o e aplicar multas, seguindo os procedimentos legais.<\/li>\n\n\n\n<li><strong>Orienta\u00e7\u00e3o ao contribuinte:<\/strong> esclarecer d\u00favidas de empresas e cidad\u00e3os sobre a legisla\u00e7\u00e3o tribut\u00e1ria, ajudando a prevenir erros e a promover o cumprimento volunt\u00e1rio das obriga\u00e7\u00f5es.<\/li>\n<\/ul>\n\n\n\n<p>Para ingressar na carreira, \u00e9 necess\u00e1rio ter diploma de n\u00edvel superior em qualquer \u00e1rea de forma\u00e7\u00e3o e ser aprovado em um <a target=\"_blank\" rel=\"noreferrer noopener\" href=\"https:\/\/www.correiobraziliense.com.br\/euestudante\/concursos\/2025\/04\/7121911-concurso-para-auditor-fiscal-do-df-esta-previsto-para-2025.html\">concurso p\u00fablico de alta complexidade<\/a>. A estabilidade no emprego e os sal\u00e1rios elevados s\u00e3o os principais atrativos do cargo.<\/p>\n\n\n\n<p>A atua\u00e7\u00e3o do auditor pode ocorrer na <a target=\"_blank\" rel=\"noreferrer noopener\" href=\"https:\/\/www.correiobraziliense.com.br\/euestudante\/concursos\/2025\/12\/7317531-concurso-sefaz-edital-preve-50-vagas-para-auditor.html\">esfera estadual<\/a>, como no concurso de Alagoas, com foco no Imposto sobre Circula\u00e7\u00e3o de Mercadorias e Servi\u00e7os (ICMS), ou na esfera federal, junto \u00e0 <a target=\"_blank\" rel=\"noreferrer noopener\" href=\"https:\/\/www.correiobraziliense.com.br\/euestudante\/concursos\/2025\/11\/7284652-seec-df-assina-contrato-com-a-banca-examinadora-para-concurso-auditor-fiscal-da-receita.html\">Receita Federal<\/a>, lidando com tributos como Imposto de Renda e IPI.<\/p>\n","protected":false},"excerpt":{"rendered":"<p>Saiba a rotina de trabalho na arrecada\u00e7\u00e3o tribut\u00e1ria estadual; conhe\u00e7a as atribui\u00e7\u00f5es do cargo de auditor fiscal e as vantagens da profiss\u00e3o<\/p>\n","protected":false},"author":10,"featured_media":37850,"comment_status":"open","ping_status":"open","sticky":false,"template":"","format":"standard","meta":{"jnews-multi-image_gallery":[],"jnews_single_post":{"format":"standard"},"jnews_primary_category":[],"jnews_social_meta":[],"jnews_override_counter":[],"footnotes":""},"categories":[154],"tags":[7662,157,6405],"class_list":["post-37848","post","type-post","status-publish","format-standard","has-post-thumbnail","hentry","category-brasil","tag-auditor-fiscal","tag-brasil","tag-concurso-publico"],"yoast_head":"<!-- This site is optimized with the Yoast SEO plugin v25.1 - https:\/\/yoast.com\/wordpress\/plugins\/seo\/ -->\n<title>O que faz na pr\u00e1tica um auditor fiscal e como funciona a carreira - Correio Braziliense - Aqui<\/title>\n<meta name=\"description\" content=\"Saiba a rotina de trabalho na arrecada\u00e7\u00e3o tribut\u00e1ria estadual; conhe\u00e7a as atribui\u00e7\u00f5es do cargo de auditor fiscal e as vantagens da profiss\u00e3o\" \/>\n<meta name=\"robots\" content=\"index, follow, max-snippet:-1, max-image-preview:large, max-video-preview:-1\" \/>\n<link rel=\"canonical\" href=\"https:\/\/www.correiobraziliense.com.br\/aqui\/2026\/08\/26\/o-que-faz-na-pratica-um-auditor-fiscal-e-como-funciona-a-carreira\/\" \/>\n<meta property=\"og:locale\" content=\"pt_BR\" \/>\n<meta property=\"og:type\" content=\"article\" \/>\n<meta property=\"og:title\" content=\"O que faz na pr\u00e1tica um auditor fiscal e como funciona a carreira - Correio Braziliense - Aqui\" \/>\n<meta property=\"og:description\" content=\"Saiba a rotina de trabalho na arrecada\u00e7\u00e3o tribut\u00e1ria estadual; conhe\u00e7a as atribui\u00e7\u00f5es do cargo de auditor fiscal e as vantagens da profiss\u00e3o\" \/>\n<meta property=\"og:url\" content=\"https:\/\/www.correiobraziliense.com.br\/aqui\/2026\/08\/26\/o-que-faz-na-pratica-um-auditor-fiscal-e-como-funciona-a-carreira\/\" \/>\n<meta property=\"og:site_name\" content=\"Correio Braziliense - Aqui\" \/>\n<meta property=\"article:published_time\" content=\"2026-08-26T12:20:00+00:00\" \/>\n<meta property=\"og:image\" content=\"https:\/\/www.correiobraziliense.com.br\/aqui\/wp-content\/uploads\/2026\/08\/contador_1787713209714.jpg\" \/>\n\t<meta property=\"og:image:width\" content=\"1280\" \/>\n\t<meta property=\"og:image:height\" content=\"720\" \/>\n\t<meta property=\"og:image:type\" content=\"image\/jpeg\" \/>\n<meta name=\"author\" content=\"Larissa\" \/>\n<meta name=\"twitter:card\" content=\"summary_large_image\" \/>\n<meta name=\"twitter:label1\" content=\"Escrito por\" \/>\n\t<meta name=\"twitter:data1\" content=\"Larissa\" \/>\n\t<meta name=\"twitter:label2\" content=\"Est. tempo de leitura\" \/>\n\t<meta name=\"twitter:data2\" content=\"3 minutos\" \/>\n<!-- \/ Yoast SEO plugin. -->","yoast_head_json":{"title":"O que faz na pr\u00e1tica um auditor fiscal e como funciona a carreira - Correio Braziliense - Aqui","description":"Saiba a rotina de trabalho na arrecada\u00e7\u00e3o tribut\u00e1ria estadual; conhe\u00e7a as atribui\u00e7\u00f5es do cargo de auditor fiscal e as vantagens da profiss\u00e3o","robots":{"index":"index","follow":"follow","max-snippet":"max-snippet:-1","max-image-preview":"max-image-preview:large","max-video-preview":"max-video-preview:-1"},"canonical":"https:\/\/www.correiobraziliense.com.br\/aqui\/2026\/08\/26\/o-que-faz-na-pratica-um-auditor-fiscal-e-como-funciona-a-carreira\/","og_locale":"pt_BR","og_type":"article","og_title":"O que faz na pr\u00e1tica um auditor fiscal e como funciona a carreira - Correio Braziliense - Aqui","og_description":"Saiba a rotina de trabalho na arrecada\u00e7\u00e3o tribut\u00e1ria estadual; conhe\u00e7a as atribui\u00e7\u00f5es do cargo de auditor fiscal e as vantagens da profiss\u00e3o","og_url":"https:\/\/www.correiobraziliense.com.br\/aqui\/2026\/08\/26\/o-que-faz-na-pratica-um-auditor-fiscal-e-como-funciona-a-carreira\/","og_site_name":"Correio Braziliense - Aqui","article_published_time":"2026-08-26T12:20:00+00:00","og_image":[{"width":1280,"height":720,"url":"https:\/\/www.correiobraziliense.com.br\/aqui\/wp-content\/uploads\/2026\/08\/contador_1787713209714.jpg","type":"image\/jpeg"}],"author":"Larissa","twitter_card":"summary_large_image","twitter_misc":{"Escrito por":"Larissa","Est. tempo de leitura":"3 minutos"},"schema":{"@context":"https:\/\/schema.org","@graph":[{"@type":"WebPage","@id":"https:\/\/www.correiobraziliense.com.br\/aqui\/2026\/08\/26\/o-que-faz-na-pratica-um-auditor-fiscal-e-como-funciona-a-carreira\/","url":"https:\/\/www.correiobraziliense.com.br\/aqui\/2026\/08\/26\/o-que-faz-na-pratica-um-auditor-fiscal-e-como-funciona-a-carreira\/","name":"O que faz na pr\u00e1tica um auditor fiscal e como funciona a carreira - Correio Braziliense - Aqui","isPartOf":{"@id":"https:\/\/www.correiobraziliense.com.br\/aqui\/#website"},"primaryImageOfPage":{"@id":"https:\/\/www.correiobraziliense.com.br\/aqui\/2026\/08\/26\/o-que-faz-na-pratica-um-auditor-fiscal-e-como-funciona-a-carreira\/#primaryimage"},"image":{"@id":"https:\/\/www.correiobraziliense.com.br\/aqui\/2026\/08\/26\/o-que-faz-na-pratica-um-auditor-fiscal-e-como-funciona-a-carreira\/#primaryimage"},"thumbnailUrl":"https:\/\/www.correiobraziliense.com.br\/aqui\/wp-content\/uploads\/2026\/08\/contador_1787713209714.jpg","datePublished":"2026-08-26T12:20:00+00:00","author":{"@id":"https:\/\/www.correiobraziliense.com.br\/aqui\/#\/schema\/person\/775f50a8c1ac31704d56816e99b29041"},"description":"Saiba a rotina de trabalho na arrecada\u00e7\u00e3o tribut\u00e1ria estadual; conhe\u00e7a as atribui\u00e7\u00f5es do cargo de auditor fiscal e as vantagens da profiss\u00e3o","breadcrumb":{"@id":"https:\/\/www.correiobraziliense.com.br\/aqui\/2026\/08\/26\/o-que-faz-na-pratica-um-auditor-fiscal-e-como-funciona-a-carreira\/#breadcrumb"},"inLanguage":"pt-BR","potentialAction":[{"@type":"ReadAction","target":["https:\/\/www.correiobraziliense.com.br\/aqui\/2026\/08\/26\/o-que-faz-na-pratica-um-auditor-fiscal-e-como-funciona-a-carreira\/"]}]},{"@type":"ImageObject","inLanguage":"pt-BR","@id":"https:\/\/www.correiobraziliense.com.br\/aqui\/2026\/08\/26\/o-que-faz-na-pratica-um-auditor-fiscal-e-como-funciona-a-carreira\/#primaryimage","url":"https:\/\/www.correiobraziliense.com.br\/aqui\/wp-content\/uploads\/2026\/08\/contador_1787713209714.jpg","contentUrl":"https:\/\/www.correiobraziliense.com.br\/aqui\/wp-content\/uploads\/2026\/08\/contador_1787713209714.jpg","width":1280,"height":720,"caption":"Cr\u00e9ditos: depositphotos.com \/ stokkete"},{"@type":"BreadcrumbList","@id":"https:\/\/www.correiobraziliense.com.br\/aqui\/2026\/08\/26\/o-que-faz-na-pratica-um-auditor-fiscal-e-como-funciona-a-carreira\/#breadcrumb","itemListElement":[{"@type":"ListItem","position":1,"name":"In\u00edcio","item":"https:\/\/www.correiobraziliense.com.br\/aqui\/"},{"@type":"ListItem","position":2,"name":"O que faz na pr\u00e1tica um auditor fiscal e como funciona a carreira"}]},{"@type":"WebSite","@id":"https:\/\/www.correiobraziliense.com.br\/aqui\/#website","url":"https:\/\/www.correiobraziliense.com.br\/aqui\/","name":"Correio Braziliense - Aqui","description":"O Correio Braziliense (CB) \u00e9 o mais importante canal de not\u00edcias de Bras\u00edlia. Aqui voc\u00ea encontra as \u00faltimas not\u00edcias do DF, do Brasil e do mundo.","potentialAction":[{"@type":"SearchAction","target":{"@type":"EntryPoint","urlTemplate":"https:\/\/www.correiobraziliense.com.br\/aqui\/?s={search_term_string}"},"query-input":{"@type":"PropertyValueSpecification","valueRequired":true,"valueName":"search_term_string"}}],"inLanguage":"pt-BR"},{"@type":"Person","@id":"https:\/\/www.correiobraziliense.com.br\/aqui\/#\/schema\/person\/775f50a8c1ac31704d56816e99b29041","name":"Larissa","image":{"@type":"ImageObject","inLanguage":"pt-BR","@id":"https:\/\/www.correiobraziliense.com.br\/aqui\/#\/schema\/person\/image\/","url":"https:\/\/secure.gravatar.com\/avatar\/62f5b2e99de671d075ab98e19f03c3c38c80a93f5d06f51075cf4431a4e76458?s=96&d=mm&r=g","contentUrl":"https:\/\/secure.gravatar.com\/avatar\/62f5b2e99de671d075ab98e19f03c3c38c80a93f5d06f51075cf4431a4e76458?s=96&d=mm&r=g","caption":"Larissa"},"url":"https:\/\/www.correiobraziliense.com.br\/aqui\/author\/larissaaqui\/"}]}},"_links":{"self":[{"href":"https:\/\/www.correiobraziliense.com.br\/aqui\/wp-json\/wp\/v2\/posts\/37848","targetHints":{"allow":["GET"]}}],"collection":[{"href":"https:\/\/www.correiobraziliense.com.br\/aqui\/wp-json\/wp\/v2\/posts"}],"about":[{"href":"https:\/\/www.correiobraziliense.com.br\/aqui\/wp-json\/wp\/v2\/types\/post"}],"author":[{"embeddable":true,"href":"https:\/\/www.correiobraziliense.com.br\/aqui\/wp-json\/wp\/v2\/users\/10"}],"replies":[{"embeddable":true,"href":"https:\/\/www.correiobraziliense.com.br\/aqui\/wp-json\/wp\/v2\/comments?post=37848"}],"version-history":[{"count":2,"href":"https:\/\/www.correiobraziliense.com.br\/aqui\/wp-json\/wp\/v2\/posts\/37848\/revisions"}],"predecessor-version":[{"id":37851,"href":"https:\/\/www.correiobraziliense.com.br\/aqui\/wp-json\/wp\/v2\/posts\/37848\/revisions\/37851"}],"wp:featuredmedia":[{"embeddable":true,"href":"https:\/\/www.correiobraziliense.com.br\/aqui\/wp-json\/wp\/v2\/media\/37850"}],"wp:attachment":[{"href":"https:\/\/www.correiobraziliense.com.br\/aqui\/wp-json\/wp\/v2\/media?parent=37848"}],"wp:term":[{"taxonomy":"category","embeddable":true,"href":"https:\/\/www.correiobraziliense.com.br\/aqui\/wp-json\/wp\/v2\/categories?post=37848"},{"taxonomy":"post_tag","embeddable":true,"href":"https:\/\/www.correiobraziliense.com.br\/aqui\/wp-json\/wp\/v2\/tags?post=37848"}],"curies":[{"name":"wp","href":"https:\/\/api.w.org\/{rel}","templated":true}]}}