{"id":37858,"date":"2026-08-26T10:30:00","date_gmt":"2026-08-26T13:30:00","guid":{"rendered":"https:\/\/www.correiobraziliense.com.br\/aqui\/?p=37858"},"modified":"2026-08-26T09:46:55","modified_gmt":"2026-08-26T12:46:55","slug":"casos-de-tortura-em-presidios-saiba-como-funcionam-denuncias","status":"publish","type":"post","link":"https:\/\/www.correiobraziliense.com.br\/aqui\/2026\/08\/26\/casos-de-tortura-em-presidios-saiba-como-funcionam-denuncias\/","title":{"rendered":"Casos de tortura em pres\u00eddios: saiba como funcionam den\u00fancias"},"content":{"rendered":"\n<p>Casos de tortura no sistema prisional brasileiro t\u00eam gerado preocupa\u00e7\u00e3o e levantado uma d\u00favida importante: como realizar den\u00fancias pelos epis\u00f3dios de viol\u00eancia? O governo federal, por meio do Minist\u00e9rio dos Direitos Humanos e da Cidadania, mant\u00e9m canais abertos e sigilosos para que qualquer cidad\u00e3o possa registrar viola\u00e7\u00f5es e ajudar a combater essa pr\u00e1tica.<\/p>\n\n\n\n<p>O principal canal \u00e9 o Disque Direitos Humanos, conhecido como Disque 100. O servi\u00e7o funciona 24 horas por dia, incluindo fins de semana e feriados, e as liga\u00e7\u00f5es s\u00e3o gratuitas. Ele foi criado para receber, analisar e encaminhar den\u00fancias de viola\u00e7\u00f5es de direitos humanos, incluindo tortura e maus-tratos em pres\u00eddios.<\/p>\n\n\n\n<p>O objetivo \u00e9 oferecer um caminho seguro para que familiares, advogados, organiza\u00e7\u00f5es n\u00e3o governamentais ou mesmo os pr\u00f3prios detentos, por meio de terceiros, possam reportar agress\u00f5es. A den\u00fancia pode ser feita de forma totalmente an\u00f4nima, garantindo a prote\u00e7\u00e3o de quem relata o caso.<\/p>\n\n\n\n<h2 class=\"wp-block-heading\">Como fazer as den\u00fancias?<\/h2>\n\n\n\n<p>Para registrar uma ocorr\u00eancia, o processo \u00e9 simples e pode ser feito por diferentes plataformas. A ideia \u00e9 facilitar o acesso e garantir que a informa\u00e7\u00e3o chegue aos \u00f3rg\u00e3os respons\u00e1veis pela apura\u00e7\u00e3o. Veja os passos:<\/p>\n\n\n\n<ul class=\"wp-block-list\">\n<li><strong>Canais dispon\u00edveis:<\/strong> a den\u00fancia pode ser feita por telefone (discando 100), WhatsApp e Telegram (dispon\u00edveis nos canais oficiais do Minist\u00e9rio dos Direitos Humanos). Tamb\u00e9m \u00e9 poss\u00edvel usar o aplicativo Direitos Humanos Brasil e o site da Ouvidoria Nacional de Direitos Humanos.<\/li>\n\n\n\n<li><strong>Informa\u00e7\u00f5es essenciais:<\/strong> para formalizar a queixa, \u00e9 fundamental fornecer o m\u00e1ximo de detalhes. Isso inclui o nome da v\u00edtima, a unidade prisional onde ela est\u00e1, a descri\u00e7\u00e3o dos atos de viol\u00eancia, a data ou per\u00edodo em que ocorreram e, se poss\u00edvel, os nomes dos agentes envolvidos.<\/li>\n\n\n\n<li><strong>Acompanhamento:<\/strong> ap\u00f3s o registro, um n\u00famero de protocolo \u00e9 gerado. A den\u00fancia \u00e9 ent\u00e3o encaminhada aos \u00f3rg\u00e3os competentes, como o Minist\u00e9rio P\u00fablico, a Defensoria P\u00fablica e a corregedoria do sistema penitenci\u00e1rio local, para que as investiga\u00e7\u00f5es sejam iniciadas.<\/li>\n<\/ul>\n\n\n\n<p>Al\u00e9m do Disque 100, os relatos de tortura podem ser direcionados a outros \u00f3rg\u00e3os, como o Minist\u00e9rio P\u00fablico e a Defensoria P\u00fablica de cada estado. As comiss\u00f5es de Direitos Humanos das seccionais da Ordem dos Advogados do Brasil (OAB) tamb\u00e9m s\u00e3o inst\u00e2ncias que acolhem e investigam esse tipo de viola\u00e7\u00e3o.<\/p>\n\n\n\n<p>Formalizar a queixa \u00e9 um passo crucial n\u00e3o apenas para a prote\u00e7\u00e3o da v\u00edtima, mas tamb\u00e9m para a produ\u00e7\u00e3o de dados que ajudam a mapear o problema em escala nacional. Cada registro contribui para que as autoridades possam investigar e responsabilizar os autores das agress\u00f5es, combatendo a impunidade dentro do sistema carcer\u00e1rio.<\/p>\n","protected":false},"excerpt":{"rendered":"<p>Mapeamento mostra os canais oficiais do Minist\u00e9rio dos Direitos Humanos para registrar viola\u00e7\u00f5es e acompanhar investiga\u00e7\u00f5es no sistema prisional<\/p>\n","protected":false},"author":10,"featured_media":27529,"comment_status":"open","ping_status":"open","sticky":false,"template":"","format":"standard","meta":{"jnews-multi-image_gallery":[],"jnews_single_post":{"format":"standard"},"jnews_primary_category":[],"jnews_social_meta":[],"jnews_override_counter":[],"footnotes":""},"categories":[154],"tags":[157,3437,1695],"class_list":["post-37858","post","type-post","status-publish","format-standard","has-post-thumbnail","hentry","category-brasil","tag-brasil","tag-denuncia","tag-presidios"],"yoast_head":"<!-- This site is optimized with the Yoast SEO plugin v25.1 - https:\/\/yoast.com\/wordpress\/plugins\/seo\/ -->\n<title>Casos de tortura em pres\u00eddios: saiba como funcionam den\u00fancias - Correio Braziliense - Aqui<\/title>\n<meta name=\"description\" content=\"Mapeamento mostra os canais oficiais do Minist\u00e9rio dos Direitos Humanos para realizar den\u00fancias e acompanhar investiga\u00e7\u00f5es em pres\u00eddios\" \/>\n<meta name=\"robots\" content=\"index, follow, max-snippet:-1, max-image-preview:large, max-video-preview:-1\" \/>\n<link rel=\"canonical\" href=\"https:\/\/www.correiobraziliense.com.br\/aqui\/2026\/08\/26\/casos-de-tortura-em-presidios-saiba-como-funcionam-denuncias\/\" \/>\n<meta property=\"og:locale\" content=\"pt_BR\" \/>\n<meta property=\"og:type\" content=\"article\" \/>\n<meta property=\"og:title\" content=\"Casos de tortura em pres\u00eddios: saiba como funcionam den\u00fancias - Correio Braziliense - Aqui\" \/>\n<meta property=\"og:description\" content=\"Mapeamento mostra os canais oficiais do Minist\u00e9rio dos Direitos Humanos para realizar den\u00fancias e acompanhar investiga\u00e7\u00f5es em pres\u00eddios\" \/>\n<meta property=\"og:url\" content=\"https:\/\/www.correiobraziliense.com.br\/aqui\/2026\/08\/26\/casos-de-tortura-em-presidios-saiba-como-funcionam-denuncias\/\" \/>\n<meta property=\"og:site_name\" content=\"Correio Braziliense - Aqui\" \/>\n<meta property=\"article:published_time\" content=\"2026-08-26T13:30:00+00:00\" \/>\n<meta property=\"og:image\" content=\"https:\/\/www.correiobraziliense.com.br\/aqui\/wp-content\/uploads\/2026\/04\/cadeia_1776681965972.jpg\" \/>\n\t<meta property=\"og:image:width\" content=\"1280\" \/>\n\t<meta property=\"og:image:height\" content=\"720\" \/>\n\t<meta property=\"og:image:type\" content=\"image\/jpeg\" \/>\n<meta name=\"author\" content=\"Larissa\" \/>\n<meta name=\"twitter:card\" content=\"summary_large_image\" \/>\n<meta name=\"twitter:label1\" content=\"Escrito por\" \/>\n\t<meta name=\"twitter:data1\" content=\"Larissa\" \/>\n\t<meta name=\"twitter:label2\" content=\"Est. tempo de leitura\" \/>\n\t<meta name=\"twitter:data2\" content=\"3 minutos\" \/>\n<!-- \/ Yoast SEO plugin. -->","yoast_head_json":{"title":"Casos de tortura em pres\u00eddios: saiba como funcionam den\u00fancias - Correio Braziliense - Aqui","description":"Mapeamento mostra os canais oficiais do Minist\u00e9rio dos Direitos Humanos para realizar den\u00fancias e acompanhar investiga\u00e7\u00f5es em pres\u00eddios","robots":{"index":"index","follow":"follow","max-snippet":"max-snippet:-1","max-image-preview":"max-image-preview:large","max-video-preview":"max-video-preview:-1"},"canonical":"https:\/\/www.correiobraziliense.com.br\/aqui\/2026\/08\/26\/casos-de-tortura-em-presidios-saiba-como-funcionam-denuncias\/","og_locale":"pt_BR","og_type":"article","og_title":"Casos de tortura em pres\u00eddios: saiba como funcionam den\u00fancias - Correio Braziliense - Aqui","og_description":"Mapeamento mostra os canais oficiais do Minist\u00e9rio dos Direitos Humanos para realizar den\u00fancias e acompanhar investiga\u00e7\u00f5es em pres\u00eddios","og_url":"https:\/\/www.correiobraziliense.com.br\/aqui\/2026\/08\/26\/casos-de-tortura-em-presidios-saiba-como-funcionam-denuncias\/","og_site_name":"Correio Braziliense - Aqui","article_published_time":"2026-08-26T13:30:00+00:00","og_image":[{"width":1280,"height":720,"url":"https:\/\/www.correiobraziliense.com.br\/aqui\/wp-content\/uploads\/2026\/04\/cadeia_1776681965972.jpg","type":"image\/jpeg"}],"author":"Larissa","twitter_card":"summary_large_image","twitter_misc":{"Escrito por":"Larissa","Est. tempo de leitura":"3 minutos"},"schema":{"@context":"https:\/\/schema.org","@graph":[{"@type":"WebPage","@id":"https:\/\/www.correiobraziliense.com.br\/aqui\/2026\/08\/26\/casos-de-tortura-em-presidios-saiba-como-funcionam-denuncias\/","url":"https:\/\/www.correiobraziliense.com.br\/aqui\/2026\/08\/26\/casos-de-tortura-em-presidios-saiba-como-funcionam-denuncias\/","name":"Casos de tortura em pres\u00eddios: saiba como funcionam den\u00fancias - Correio Braziliense - Aqui","isPartOf":{"@id":"https:\/\/www.correiobraziliense.com.br\/aqui\/#website"},"primaryImageOfPage":{"@id":"https:\/\/www.correiobraziliense.com.br\/aqui\/2026\/08\/26\/casos-de-tortura-em-presidios-saiba-como-funcionam-denuncias\/#primaryimage"},"image":{"@id":"https:\/\/www.correiobraziliense.com.br\/aqui\/2026\/08\/26\/casos-de-tortura-em-presidios-saiba-como-funcionam-denuncias\/#primaryimage"},"thumbnailUrl":"https:\/\/www.correiobraziliense.com.br\/aqui\/wp-content\/uploads\/2026\/04\/cadeia_1776681965972.jpg","datePublished":"2026-08-26T13:30:00+00:00","author":{"@id":"https:\/\/www.correiobraziliense.com.br\/aqui\/#\/schema\/person\/775f50a8c1ac31704d56816e99b29041"},"description":"Mapeamento mostra os canais oficiais do Minist\u00e9rio dos Direitos Humanos para realizar den\u00fancias e acompanhar investiga\u00e7\u00f5es em pres\u00eddios","breadcrumb":{"@id":"https:\/\/www.correiobraziliense.com.br\/aqui\/2026\/08\/26\/casos-de-tortura-em-presidios-saiba-como-funcionam-denuncias\/#breadcrumb"},"inLanguage":"pt-BR","potentialAction":[{"@type":"ReadAction","target":["https:\/\/www.correiobraziliense.com.br\/aqui\/2026\/08\/26\/casos-de-tortura-em-presidios-saiba-como-funcionam-denuncias\/"]}]},{"@type":"ImageObject","inLanguage":"pt-BR","@id":"https:\/\/www.correiobraziliense.com.br\/aqui\/2026\/08\/26\/casos-de-tortura-em-presidios-saiba-como-funcionam-denuncias\/#primaryimage","url":"https:\/\/www.correiobraziliense.com.br\/aqui\/wp-content\/uploads\/2026\/04\/cadeia_1776681965972.jpg","contentUrl":"https:\/\/www.correiobraziliense.com.br\/aqui\/wp-content\/uploads\/2026\/04\/cadeia_1776681965972.jpg","width":1280,"height":720,"caption":"Cr\u00e9ditos: depositphotos.com \/ meepoohfoto"},{"@type":"BreadcrumbList","@id":"https:\/\/www.correiobraziliense.com.br\/aqui\/2026\/08\/26\/casos-de-tortura-em-presidios-saiba-como-funcionam-denuncias\/#breadcrumb","itemListElement":[{"@type":"ListItem","position":1,"name":"In\u00edcio","item":"https:\/\/www.correiobraziliense.com.br\/aqui\/"},{"@type":"ListItem","position":2,"name":"Casos de tortura em pres\u00eddios: saiba como funcionam den\u00fancias"}]},{"@type":"WebSite","@id":"https:\/\/www.correiobraziliense.com.br\/aqui\/#website","url":"https:\/\/www.correiobraziliense.com.br\/aqui\/","name":"Correio Braziliense - Aqui","description":"O Correio Braziliense (CB) \u00e9 o mais importante canal de not\u00edcias de Bras\u00edlia. Aqui voc\u00ea encontra as \u00faltimas not\u00edcias do DF, do Brasil e do mundo.","potentialAction":[{"@type":"SearchAction","target":{"@type":"EntryPoint","urlTemplate":"https:\/\/www.correiobraziliense.com.br\/aqui\/?s={search_term_string}"},"query-input":{"@type":"PropertyValueSpecification","valueRequired":true,"valueName":"search_term_string"}}],"inLanguage":"pt-BR"},{"@type":"Person","@id":"https:\/\/www.correiobraziliense.com.br\/aqui\/#\/schema\/person\/775f50a8c1ac31704d56816e99b29041","name":"Larissa","image":{"@type":"ImageObject","inLanguage":"pt-BR","@id":"https:\/\/www.correiobraziliense.com.br\/aqui\/#\/schema\/person\/image\/","url":"https:\/\/secure.gravatar.com\/avatar\/62f5b2e99de671d075ab98e19f03c3c38c80a93f5d06f51075cf4431a4e76458?s=96&d=mm&r=g","contentUrl":"https:\/\/secure.gravatar.com\/avatar\/62f5b2e99de671d075ab98e19f03c3c38c80a93f5d06f51075cf4431a4e76458?s=96&d=mm&r=g","caption":"Larissa"},"url":"https:\/\/www.correiobraziliense.com.br\/aqui\/author\/larissaaqui\/"}]}},"_links":{"self":[{"href":"https:\/\/www.correiobraziliense.com.br\/aqui\/wp-json\/wp\/v2\/posts\/37858","targetHints":{"allow":["GET"]}}],"collection":[{"href":"https:\/\/www.correiobraziliense.com.br\/aqui\/wp-json\/wp\/v2\/posts"}],"about":[{"href":"https:\/\/www.correiobraziliense.com.br\/aqui\/wp-json\/wp\/v2\/types\/post"}],"author":[{"embeddable":true,"href":"https:\/\/www.correiobraziliense.com.br\/aqui\/wp-json\/wp\/v2\/users\/10"}],"replies":[{"embeddable":true,"href":"https:\/\/www.correiobraziliense.com.br\/aqui\/wp-json\/wp\/v2\/comments?post=37858"}],"version-history":[{"count":5,"href":"https:\/\/www.correiobraziliense.com.br\/aqui\/wp-json\/wp\/v2\/posts\/37858\/revisions"}],"predecessor-version":[{"id":37863,"href":"https:\/\/www.correiobraziliense.com.br\/aqui\/wp-json\/wp\/v2\/posts\/37858\/revisions\/37863"}],"wp:featuredmedia":[{"embeddable":true,"href":"https:\/\/www.correiobraziliense.com.br\/aqui\/wp-json\/wp\/v2\/media\/27529"}],"wp:attachment":[{"href":"https:\/\/www.correiobraziliense.com.br\/aqui\/wp-json\/wp\/v2\/media?parent=37858"}],"wp:term":[{"taxonomy":"category","embeddable":true,"href":"https:\/\/www.correiobraziliense.com.br\/aqui\/wp-json\/wp\/v2\/categories?post=37858"},{"taxonomy":"post_tag","embeddable":true,"href":"https:\/\/www.correiobraziliense.com.br\/aqui\/wp-json\/wp\/v2\/tags?post=37858"}],"curies":[{"name":"wp","href":"https:\/\/api.w.org\/{rel}","templated":true}]}}