{"id":37889,"date":"2026-08-26T15:25:00","date_gmt":"2026-08-26T18:25:00","guid":{"rendered":"https:\/\/www.correiobraziliense.com.br\/aqui\/?p=37889"},"modified":"2026-08-26T14:00:47","modified_gmt":"2026-08-26T17:00:47","slug":"meteotsunami-entenda-o-fenomeno-atmosferico-no-mar-da-espanha","status":"publish","type":"post","link":"https:\/\/www.correiobraziliense.com.br\/aqui\/2026\/08\/26\/meteotsunami-entenda-o-fenomeno-atmosferico-no-mar-da-espanha\/","title":{"rendered":"Meteotsunami: entenda o fen\u00f4meno atmosf\u00e9rico no mar da Espanha"},"content":{"rendered":"\n<p>Um fen\u00f4meno conhecido como meteotsunami atingiu o litoral da Espanha em agosto de 2026, causando varia\u00e7\u00f5es repentinas no n\u00edvel do mar de at\u00e9 70 cent\u00edmetros em poucos minutos em locais como X\u00e0bia, Santa Pola e Gandia. Diferente das ondas gigantes geradas por terremotos, este evento \u00e9 provocado por r\u00e1pidas mudan\u00e7as na press\u00e3o atmosf\u00e9rica sobre a \u00e1gua.<\/p>\n\n\n\n<p>O termo, tamb\u00e9m conhecido como &#8220;rissaga&#8221; em algumas regi\u00f5es da Espanha como as Ilhas Baleares, pode ser novo para muitos, mas o mecanismo por tr\u00e1s dele \u00e9 puramente meteorol\u00f3gico. Basicamente, quando uma tempestade ou uma linha de instabilidade se desloca rapidamente sobre o oceano, a altera\u00e7\u00e3o na press\u00e3o do ar pode empurrar a superf\u00edcie da \u00e1gua para baixo, criando uma onda que se propaga junto com o sistema clim\u00e1tico.<\/p>\n\n\n\n<p>Essa onda inicial costuma ser pequena. No entanto, em condi\u00e7\u00f5es espec\u00edficas de <a target=\"_blank\" rel=\"noreferrer noopener\" href=\"https:\/\/www.correiobraziliense.com.br\/mundo\/2025\/07\/7214584-por-que-e-dificil-prever-tamanho-de-ondas-de-tsunami-como-o-causado-por-terremoto-na-russia.html\">profundidade e formato da costa<\/a>, ela pode ser amplificada. O fen\u00f4meno de resson\u00e2ncia \u00e9 o fator-chave: se a velocidade da tempestade for semelhante \u00e0 velocidade da onda no mar, a energia se acumula e a onda cresce de forma significativa ao chegar em ba\u00edas ou enseadas.<\/p>\n\n\n\n<h2 class=\"wp-block-heading\">Qual a diferen\u00e7a do meteotsunami para um tsunami comum?<\/h2>\n\n\n\n<p>A principal distin\u00e7\u00e3o entre um meteotsunami e um tsunami convencional est\u00e1 na sua origem. Enquanto os tsunamis s\u00e3o gerados por eventos geol\u00f3gicos, como <a target=\"_blank\" rel=\"noreferrer noopener\" href=\"https:\/\/www.correiobraziliense.com.br\/mundo\/2025\/07\/7214536-terremoto-e-alerta-de-tsunami-forcam-retirada-de-milhoes-de-pessoas.html\">terremotos submarinos<\/a>, erup\u00e7\u00f5es vulc\u00e2nicas ou deslizamentos de terra, os meteotsunamis nascem exclusivamente de dist\u00farbios atmosf\u00e9ricos.<\/p>\n\n\n\n<p>Os tsunamis s\u00edsmicos deslocam uma coluna de \u00e1gua inteira, do fundo ao topo, resultando em <a target=\"_blank\" rel=\"noreferrer noopener\" href=\"https:\/\/www.correiobraziliense.com.br\/mundo\/2025\/07\/7213859-tsunami-atinge-costa-leste-da-russia-e-inunda-cidade-portuaria.html\">ondas longas e extremamente destrutivas<\/a> que podem viajar por oceanos inteiros. J\u00e1 os meteotsunamis s\u00e3o fen\u00f4menos de superf\u00edcie, mais localizados e com dura\u00e7\u00e3o menor, embora ainda representem um risco consider\u00e1vel para as zonas costeiras.<\/p>\n\n\n\n<h2 class=\"wp-block-heading\">Monitoramento e riscos<\/h2>\n\n\n\n<p>Prever um meteotsunami \u00e9 um desafio maior do que <a target=\"_blank\" rel=\"noreferrer noopener\" href=\"https:\/\/www.correiobraziliense.com.br\/mundo\/2025\/12\/7304102-a-tecnologia-revolucionaria-que-promete-detectar-tsunamis-antes-que-cheguem-a-praia.html\">alertar sobre um tsunami de origem s\u00edsmica<\/a>, pois depende de modelos meteorol\u00f3gicos de alta precis\u00e3o e de uma rede de sensores costeiros. Cientistas usam dados de sat\u00e9lites, radares e boias que medem a press\u00e3o do ar e as varia\u00e7\u00f5es do n\u00edvel do mar para identificar as condi\u00e7\u00f5es favor\u00e1veis \u00e0 sua forma\u00e7\u00e3o.<\/p>\n\n\n\n<p>Apesar de serem geralmente menores que os grandes tsunamis, eles podem causar inunda\u00e7\u00f5es repentinas, danificar embarca\u00e7\u00f5es e infraestruturas portu\u00e1rias, al\u00e9m de gerar correntes fortes que colocam em perigo a vida de banhistas e pessoas pr\u00f3ximas \u00e0 orla.<\/p>\n","protected":false},"excerpt":{"rendered":"<p>Entenda o que \u00e9 o Meteotsunami, fen\u00f4meno causado por mudan\u00e7as na press\u00e3o do ar, e como cientistas monitoram o risco.<\/p>\n","protected":false},"author":8,"featured_media":37890,"comment_status":"open","ping_status":"open","sticky":false,"template":"","format":"standard","meta":{"jnews-multi-image_gallery":[],"jnews_single_post":{"format":"standard"},"jnews_primary_category":[],"jnews_social_meta":[],"jnews_override_counter":[],"footnotes":""},"categories":[208],"tags":[207,1834,292,12367,5346],"class_list":["post-37889","post","type-post","status-publish","format-standard","has-post-thumbnail","hentry","category-ciencia","tag-ciencia","tag-espanha","tag-meio-ambiente","tag-meteotsunami","tag-o-que-e"],"yoast_head":"<!-- This site is optimized with the Yoast SEO plugin v25.1 - https:\/\/yoast.com\/wordpress\/plugins\/seo\/ -->\n<title>Meteotsunami: entenda o fen\u00f4meno atmosf\u00e9rico no mar da Espanha - Correio Braziliense - Aqui<\/title>\n<meta name=\"description\" content=\"Entenda o que \u00e9 o Meteotsunami, fen\u00f4meno causado por mudan\u00e7as na press\u00e3o do ar, e como cientistas monitoram o risco.\" \/>\n<meta name=\"robots\" content=\"index, follow, max-snippet:-1, max-image-preview:large, max-video-preview:-1\" \/>\n<link rel=\"canonical\" href=\"https:\/\/www.correiobraziliense.com.br\/aqui\/2026\/08\/26\/meteotsunami-entenda-o-fenomeno-atmosferico-no-mar-da-espanha\/\" \/>\n<meta property=\"og:locale\" content=\"pt_BR\" \/>\n<meta property=\"og:type\" content=\"article\" \/>\n<meta property=\"og:title\" content=\"Meteotsunami: entenda o fen\u00f4meno atmosf\u00e9rico no mar da Espanha - Correio Braziliense - Aqui\" \/>\n<meta property=\"og:description\" content=\"Entenda o que \u00e9 o Meteotsunami, fen\u00f4meno causado por mudan\u00e7as na press\u00e3o do ar, e como cientistas monitoram o risco.\" \/>\n<meta property=\"og:url\" content=\"https:\/\/www.correiobraziliense.com.br\/aqui\/2026\/08\/26\/meteotsunami-entenda-o-fenomeno-atmosferico-no-mar-da-espanha\/\" \/>\n<meta property=\"og:site_name\" content=\"Correio Braziliense - Aqui\" \/>\n<meta property=\"article:published_time\" content=\"2026-08-26T18:25:00+00:00\" \/>\n<meta property=\"og:image\" content=\"https:\/\/www.correiobraziliense.com.br\/aqui\/wp-content\/uploads\/2026\/08\/tsunami_1787763478406.jpg\" \/>\n\t<meta property=\"og:image:width\" content=\"1280\" \/>\n\t<meta property=\"og:image:height\" content=\"720\" \/>\n\t<meta property=\"og:image:type\" content=\"image\/jpeg\" \/>\n<meta name=\"author\" content=\"Lara\" \/>\n<meta name=\"twitter:card\" content=\"summary_large_image\" \/>\n<meta name=\"twitter:label1\" content=\"Escrito por\" \/>\n\t<meta name=\"twitter:data1\" content=\"Lara\" \/>\n\t<meta name=\"twitter:label2\" content=\"Est. tempo de leitura\" \/>\n\t<meta name=\"twitter:data2\" content=\"3 minutos\" \/>\n<!-- \/ Yoast SEO plugin. -->","yoast_head_json":{"title":"Meteotsunami: entenda o fen\u00f4meno atmosf\u00e9rico no mar da Espanha - Correio Braziliense - Aqui","description":"Entenda o que \u00e9 o Meteotsunami, fen\u00f4meno causado por mudan\u00e7as na press\u00e3o do ar, e como cientistas monitoram o risco.","robots":{"index":"index","follow":"follow","max-snippet":"max-snippet:-1","max-image-preview":"max-image-preview:large","max-video-preview":"max-video-preview:-1"},"canonical":"https:\/\/www.correiobraziliense.com.br\/aqui\/2026\/08\/26\/meteotsunami-entenda-o-fenomeno-atmosferico-no-mar-da-espanha\/","og_locale":"pt_BR","og_type":"article","og_title":"Meteotsunami: entenda o fen\u00f4meno atmosf\u00e9rico no mar da Espanha - Correio Braziliense - Aqui","og_description":"Entenda o que \u00e9 o Meteotsunami, fen\u00f4meno causado por mudan\u00e7as na press\u00e3o do ar, e como cientistas monitoram o risco.","og_url":"https:\/\/www.correiobraziliense.com.br\/aqui\/2026\/08\/26\/meteotsunami-entenda-o-fenomeno-atmosferico-no-mar-da-espanha\/","og_site_name":"Correio Braziliense - Aqui","article_published_time":"2026-08-26T18:25:00+00:00","og_image":[{"width":1280,"height":720,"url":"https:\/\/www.correiobraziliense.com.br\/aqui\/wp-content\/uploads\/2026\/08\/tsunami_1787763478406.jpg","type":"image\/jpeg"}],"author":"Lara","twitter_card":"summary_large_image","twitter_misc":{"Escrito por":"Lara","Est. tempo de leitura":"3 minutos"},"schema":{"@context":"https:\/\/schema.org","@graph":[{"@type":"WebPage","@id":"https:\/\/www.correiobraziliense.com.br\/aqui\/2026\/08\/26\/meteotsunami-entenda-o-fenomeno-atmosferico-no-mar-da-espanha\/","url":"https:\/\/www.correiobraziliense.com.br\/aqui\/2026\/08\/26\/meteotsunami-entenda-o-fenomeno-atmosferico-no-mar-da-espanha\/","name":"Meteotsunami: entenda o fen\u00f4meno atmosf\u00e9rico no mar da Espanha - Correio Braziliense - Aqui","isPartOf":{"@id":"https:\/\/www.correiobraziliense.com.br\/aqui\/#website"},"primaryImageOfPage":{"@id":"https:\/\/www.correiobraziliense.com.br\/aqui\/2026\/08\/26\/meteotsunami-entenda-o-fenomeno-atmosferico-no-mar-da-espanha\/#primaryimage"},"image":{"@id":"https:\/\/www.correiobraziliense.com.br\/aqui\/2026\/08\/26\/meteotsunami-entenda-o-fenomeno-atmosferico-no-mar-da-espanha\/#primaryimage"},"thumbnailUrl":"https:\/\/www.correiobraziliense.com.br\/aqui\/wp-content\/uploads\/2026\/08\/tsunami_1787763478406.jpg","datePublished":"2026-08-26T18:25:00+00:00","author":{"@id":"https:\/\/www.correiobraziliense.com.br\/aqui\/#\/schema\/person\/5d6e4d99fecc86ab1a7ed1a0369afb65"},"description":"Entenda o que \u00e9 o Meteotsunami, fen\u00f4meno causado por mudan\u00e7as na press\u00e3o do ar, e como cientistas monitoram o risco.","breadcrumb":{"@id":"https:\/\/www.correiobraziliense.com.br\/aqui\/2026\/08\/26\/meteotsunami-entenda-o-fenomeno-atmosferico-no-mar-da-espanha\/#breadcrumb"},"inLanguage":"pt-BR","potentialAction":[{"@type":"ReadAction","target":["https:\/\/www.correiobraziliense.com.br\/aqui\/2026\/08\/26\/meteotsunami-entenda-o-fenomeno-atmosferico-no-mar-da-espanha\/"]}]},{"@type":"ImageObject","inLanguage":"pt-BR","@id":"https:\/\/www.correiobraziliense.com.br\/aqui\/2026\/08\/26\/meteotsunami-entenda-o-fenomeno-atmosferico-no-mar-da-espanha\/#primaryimage","url":"https:\/\/www.correiobraziliense.com.br\/aqui\/wp-content\/uploads\/2026\/08\/tsunami_1787763478406.jpg","contentUrl":"https:\/\/www.correiobraziliense.com.br\/aqui\/wp-content\/uploads\/2026\/08\/tsunami_1787763478406.jpg","width":1280,"height":720,"caption":"Cr\u00e9ditos: depositphotos.com \/ Antonio-S"},{"@type":"BreadcrumbList","@id":"https:\/\/www.correiobraziliense.com.br\/aqui\/2026\/08\/26\/meteotsunami-entenda-o-fenomeno-atmosferico-no-mar-da-espanha\/#breadcrumb","itemListElement":[{"@type":"ListItem","position":1,"name":"In\u00edcio","item":"https:\/\/www.correiobraziliense.com.br\/aqui\/"},{"@type":"ListItem","position":2,"name":"Meteotsunami: entenda o fen\u00f4meno atmosf\u00e9rico no mar da Espanha"}]},{"@type":"WebSite","@id":"https:\/\/www.correiobraziliense.com.br\/aqui\/#website","url":"https:\/\/www.correiobraziliense.com.br\/aqui\/","name":"Correio Braziliense - Aqui","description":"O Correio Braziliense (CB) \u00e9 o mais importante canal de not\u00edcias de Bras\u00edlia. Aqui voc\u00ea encontra as \u00faltimas not\u00edcias do DF, do Brasil e do mundo.","potentialAction":[{"@type":"SearchAction","target":{"@type":"EntryPoint","urlTemplate":"https:\/\/www.correiobraziliense.com.br\/aqui\/?s={search_term_string}"},"query-input":{"@type":"PropertyValueSpecification","valueRequired":true,"valueName":"search_term_string"}}],"inLanguage":"pt-BR"},{"@type":"Person","@id":"https:\/\/www.correiobraziliense.com.br\/aqui\/#\/schema\/person\/5d6e4d99fecc86ab1a7ed1a0369afb65","name":"Lara","image":{"@type":"ImageObject","inLanguage":"pt-BR","@id":"https:\/\/www.correiobraziliense.com.br\/aqui\/#\/schema\/person\/image\/","url":"https:\/\/secure.gravatar.com\/avatar\/57056c5c343a6d8a6669688d3d2c04916d9d280b352b6e50e66a8d39b2517e00?s=96&d=mm&r=g","contentUrl":"https:\/\/secure.gravatar.com\/avatar\/57056c5c343a6d8a6669688d3d2c04916d9d280b352b6e50e66a8d39b2517e00?s=96&d=mm&r=g","caption":"Lara"},"url":"https:\/\/www.correiobraziliense.com.br\/aqui\/author\/laraaqui\/"}]}},"_links":{"self":[{"href":"https:\/\/www.correiobraziliense.com.br\/aqui\/wp-json\/wp\/v2\/posts\/37889","targetHints":{"allow":["GET"]}}],"collection":[{"href":"https:\/\/www.correiobraziliense.com.br\/aqui\/wp-json\/wp\/v2\/posts"}],"about":[{"href":"https:\/\/www.correiobraziliense.com.br\/aqui\/wp-json\/wp\/v2\/types\/post"}],"author":[{"embeddable":true,"href":"https:\/\/www.correiobraziliense.com.br\/aqui\/wp-json\/wp\/v2\/users\/8"}],"replies":[{"embeddable":true,"href":"https:\/\/www.correiobraziliense.com.br\/aqui\/wp-json\/wp\/v2\/comments?post=37889"}],"version-history":[{"count":1,"href":"https:\/\/www.correiobraziliense.com.br\/aqui\/wp-json\/wp\/v2\/posts\/37889\/revisions"}],"predecessor-version":[{"id":37891,"href":"https:\/\/www.correiobraziliense.com.br\/aqui\/wp-json\/wp\/v2\/posts\/37889\/revisions\/37891"}],"wp:featuredmedia":[{"embeddable":true,"href":"https:\/\/www.correiobraziliense.com.br\/aqui\/wp-json\/wp\/v2\/media\/37890"}],"wp:attachment":[{"href":"https:\/\/www.correiobraziliense.com.br\/aqui\/wp-json\/wp\/v2\/media?parent=37889"}],"wp:term":[{"taxonomy":"category","embeddable":true,"href":"https:\/\/www.correiobraziliense.com.br\/aqui\/wp-json\/wp\/v2\/categories?post=37889"},{"taxonomy":"post_tag","embeddable":true,"href":"https:\/\/www.correiobraziliense.com.br\/aqui\/wp-json\/wp\/v2\/tags?post=37889"}],"curies":[{"name":"wp","href":"https:\/\/api.w.org\/{rel}","templated":true}]}}