{"id":37892,"date":"2026-08-26T15:51:00","date_gmt":"2026-08-26T18:51:00","guid":{"rendered":"https:\/\/www.correiobraziliense.com.br\/aqui\/?p=37892"},"modified":"2026-08-26T14:05:52","modified_gmt":"2026-08-26T17:05:52","slug":"como-as-fases-da-lua-afetam-o-sono-e-a-saude-segundo-a-ciencia","status":"publish","type":"post","link":"https:\/\/www.correiobraziliense.com.br\/aqui\/2026\/08\/26\/como-as-fases-da-lua-afetam-o-sono-e-a-saude-segundo-a-ciencia\/","title":{"rendered":"Como as fases da lua afetam o sono e a sa\u00fade segundo a ci\u00eancia"},"content":{"rendered":"\n<p>A cren\u00e7a de que as fases da lua influenciam o comportamento humano \u00e9 antiga, mas a ci\u00eancia moderna come\u00e7a a encontrar evid\u00eancias que podem explicar essa percep\u00e7\u00e3o. Estudos recentes investigam como o ciclo lunar, especialmente a lua cheia, pode alterar a qualidade do nosso sono e at\u00e9 mesmo o bem-estar geral do organismo.<\/p>\n\n\n\n<p>Uma das pesquisas mais relevantes sobre o tema, publicada originalmente em 2013 na revista \u201cCurrent Biology\u201d, foi conduzida por cientistas da Universidade da Basileia, na Su\u00ed\u00e7a. Os pesquisadores monitoraram volunt\u00e1rios em um laborat\u00f3rio sem janelas, controlando a luz e o ambiente para que n\u00e3o soubessem qual era a fase da lua.<\/p>\n\n\n\n<p>Os resultados mostraram que, perto da <a target=\"_blank\" rel=\"noreferrer noopener\" href=\"https:\/\/www.correiobraziliense.com.br\/revista-do-correio\/2026\/06\/7451063-lua-hoje-veja-qual-e-a-fase-lunar-desta-segunda-feira-29-de-junho-de-2026.html\">lua cheia<\/a>, os participantes demoraram, em m\u00e9dia, cinco minutos a mais para adormecer. Al\u00e9m disso, o estudo registrou que eles dormiram cerca de 20 minutos a menos e apresentaram n\u00edveis mais baixos de melatonina, o horm\u00f4nio respons\u00e1vel por regular o ciclo do sono.<\/p>\n\n\n\n<p>A qualidade do repouso, medida pela atividade cerebral de ondas lentas associada ao sono profundo, tamb\u00e9m diminuiu em 30% nesse per\u00edodo. Esses dados sugerem que o ciclo lunar pode, de fato, modular a fisiologia do sono em humanos.<\/p>\n\n\n\n<h2 class=\"wp-block-heading\">Fases da lua ou rel\u00f3gio biol\u00f3gico?<\/h2>\n\n\n\n<p>Uma das hip\u00f3teses para essa conex\u00e3o \u00e9 a luz. Nossos ancestrais evolu\u00edram sob a influ\u00eancia do <a target=\"_blank\" rel=\"noreferrer noopener\" href=\"https:\/\/www.correiobraziliense.com.br\/revista-do-correio\/2025\/11\/7289196-lua-hoje-veja-qual-e-a-fase-lunar-desta-segunda-feira-10-de-novembro-de-2025.html\">ciclo lunar<\/a>, e a luminosidade extra da lua cheia poderia ter mantido as pessoas mais alertas. Esse pode ser um resqu\u00edcio evolutivo que ainda afeta nosso organismo, mesmo com a ilumina\u00e7\u00e3o artificial das cidades modernas.<\/p>\n\n\n\n<p>Outra teoria, mais complexa, sugere a exist\u00eancia de um \u201crel\u00f3gio circalunar\u201d interno. Assim como temos um rel\u00f3gio biol\u00f3gico que regula nosso dia de 24 horas (o ciclo circadiano), poder\u00edamos ter outro sincronizado com o <a target=\"_blank\" rel=\"noreferrer noopener\" href=\"https:\/\/www.correiobraziliense.com.br\/revista-do-correio\/2025\/11\/7299532-lua-hoje-veja-qual-e-a-fase-lunar-desta-terca-feira-25-de-novembro-de-2025.html\">ciclo lunar de aproximadamente 29,5 dias<\/a>. Este rel\u00f3gio interno influenciaria horm\u00f4nios e outros processos corporais.<\/p>\n\n\n\n<p>Pesquisas tamb\u00e9m exploram a poss\u00edvel rela\u00e7\u00e3o entre as fases da lua e a sa\u00fade mental, mas a maioria dos estudos N\u00c3O encontra correla\u00e7\u00e3o direta entre o ciclo lunar e altera\u00e7\u00f5es de humor ou dist\u00farbios psicol\u00f3gicos. O que muitos cientistas apontam \u00e9 um fen\u00f4meno de vi\u00e9s de confirma\u00e7\u00e3o, no qual as pessoas tendem a atribuir mudan\u00e7as de humor \u00e0 lua cheia por j\u00e1 existir essa cren\u00e7a cultural.<\/p>\n\n\n\n<p>No entanto, essa \u00e1rea de pesquisa ainda \u00e9 considerada incipiente e os resultados s\u00e3o inconsistentes ou inexistentes. \u00c9 importante notar que estudos mais recentes, com amostras maiores, nem sempre conseguiram reproduzir os mesmos resultados, evidenciando a necessidade de mais investiga\u00e7\u00f5es para separar o folclore das evid\u00eancias concretas sobre como os astros podem nos afetar.<\/p>\n","protected":false},"excerpt":{"rendered":"<p>Pesquisas m\u00e9dicas analisam se as fases da lua influenciam a qualidade do sono e podem afetar o bem-estar do organismo.<\/p>\n","protected":false},"author":8,"featured_media":37894,"comment_status":"open","ping_status":"open","sticky":false,"template":"","format":"standard","meta":{"jnews-multi-image_gallery":[],"jnews_single_post":{"format":"standard"},"jnews_primary_category":[],"jnews_social_meta":[],"jnews_override_counter":[],"footnotes":""},"categories":[123],"tags":[207,12368,7840,141,230],"class_list":["post-37892","post","type-post","status-publish","format-standard","has-post-thumbnail","hentry","category-saude","tag-ciencia","tag-como-afeta","tag-fases-da-lua","tag-saude","tag-sono"],"yoast_head":"<!-- This site is optimized with the Yoast SEO plugin v25.1 - https:\/\/yoast.com\/wordpress\/plugins\/seo\/ -->\n<title>Como as fases da lua afetam o sono e a sa\u00fade segundo a ci\u00eancia - Correio Braziliense - Aqui<\/title>\n<meta name=\"description\" content=\"Pesquisas m\u00e9dicas analisam se as fases da lua influenciam a qualidade do sono e podem afetar o bem-estar do organismo.\" \/>\n<meta name=\"robots\" content=\"index, follow, max-snippet:-1, max-image-preview:large, max-video-preview:-1\" \/>\n<link rel=\"canonical\" href=\"https:\/\/www.correiobraziliense.com.br\/aqui\/2026\/08\/26\/como-as-fases-da-lua-afetam-o-sono-e-a-saude-segundo-a-ciencia\/\" \/>\n<meta property=\"og:locale\" content=\"pt_BR\" \/>\n<meta property=\"og:type\" content=\"article\" \/>\n<meta property=\"og:title\" content=\"Como as fases da lua afetam o sono e a sa\u00fade segundo a ci\u00eancia - Correio Braziliense - Aqui\" \/>\n<meta property=\"og:description\" content=\"Pesquisas m\u00e9dicas analisam se as fases da lua influenciam a qualidade do sono e podem afetar o bem-estar do organismo.\" \/>\n<meta property=\"og:url\" content=\"https:\/\/www.correiobraziliense.com.br\/aqui\/2026\/08\/26\/como-as-fases-da-lua-afetam-o-sono-e-a-saude-segundo-a-ciencia\/\" \/>\n<meta property=\"og:site_name\" content=\"Correio Braziliense - Aqui\" \/>\n<meta property=\"article:published_time\" content=\"2026-08-26T18:51:00+00:00\" \/>\n<meta property=\"og:image\" content=\"https:\/\/www.correiobraziliense.com.br\/aqui\/wp-content\/uploads\/2026\/08\/pessoa-dormindo_1787763750871.jpg\" \/>\n\t<meta property=\"og:image:width\" content=\"1280\" \/>\n\t<meta property=\"og:image:height\" content=\"720\" \/>\n\t<meta property=\"og:image:type\" content=\"image\/jpeg\" \/>\n<meta name=\"author\" content=\"Lara\" \/>\n<meta name=\"twitter:card\" content=\"summary_large_image\" \/>\n<meta name=\"twitter:label1\" content=\"Escrito por\" \/>\n\t<meta name=\"twitter:data1\" content=\"Lara\" \/>\n\t<meta name=\"twitter:label2\" content=\"Est. tempo de leitura\" \/>\n\t<meta name=\"twitter:data2\" content=\"3 minutos\" \/>\n<!-- \/ Yoast SEO plugin. -->","yoast_head_json":{"title":"Como as fases da lua afetam o sono e a sa\u00fade segundo a ci\u00eancia - Correio Braziliense - Aqui","description":"Pesquisas m\u00e9dicas analisam se as fases da lua influenciam a qualidade do sono e podem afetar o bem-estar do organismo.","robots":{"index":"index","follow":"follow","max-snippet":"max-snippet:-1","max-image-preview":"max-image-preview:large","max-video-preview":"max-video-preview:-1"},"canonical":"https:\/\/www.correiobraziliense.com.br\/aqui\/2026\/08\/26\/como-as-fases-da-lua-afetam-o-sono-e-a-saude-segundo-a-ciencia\/","og_locale":"pt_BR","og_type":"article","og_title":"Como as fases da lua afetam o sono e a sa\u00fade segundo a ci\u00eancia - Correio Braziliense - Aqui","og_description":"Pesquisas m\u00e9dicas analisam se as fases da lua influenciam a qualidade do sono e podem afetar o bem-estar do organismo.","og_url":"https:\/\/www.correiobraziliense.com.br\/aqui\/2026\/08\/26\/como-as-fases-da-lua-afetam-o-sono-e-a-saude-segundo-a-ciencia\/","og_site_name":"Correio Braziliense - Aqui","article_published_time":"2026-08-26T18:51:00+00:00","og_image":[{"width":1280,"height":720,"url":"https:\/\/www.correiobraziliense.com.br\/aqui\/wp-content\/uploads\/2026\/08\/pessoa-dormindo_1787763750871.jpg","type":"image\/jpeg"}],"author":"Lara","twitter_card":"summary_large_image","twitter_misc":{"Escrito por":"Lara","Est. tempo de leitura":"3 minutos"},"schema":{"@context":"https:\/\/schema.org","@graph":[{"@type":"WebPage","@id":"https:\/\/www.correiobraziliense.com.br\/aqui\/2026\/08\/26\/como-as-fases-da-lua-afetam-o-sono-e-a-saude-segundo-a-ciencia\/","url":"https:\/\/www.correiobraziliense.com.br\/aqui\/2026\/08\/26\/como-as-fases-da-lua-afetam-o-sono-e-a-saude-segundo-a-ciencia\/","name":"Como as fases da lua afetam o sono e a sa\u00fade segundo a ci\u00eancia - Correio Braziliense - Aqui","isPartOf":{"@id":"https:\/\/www.correiobraziliense.com.br\/aqui\/#website"},"primaryImageOfPage":{"@id":"https:\/\/www.correiobraziliense.com.br\/aqui\/2026\/08\/26\/como-as-fases-da-lua-afetam-o-sono-e-a-saude-segundo-a-ciencia\/#primaryimage"},"image":{"@id":"https:\/\/www.correiobraziliense.com.br\/aqui\/2026\/08\/26\/como-as-fases-da-lua-afetam-o-sono-e-a-saude-segundo-a-ciencia\/#primaryimage"},"thumbnailUrl":"https:\/\/www.correiobraziliense.com.br\/aqui\/wp-content\/uploads\/2026\/08\/pessoa-dormindo_1787763750871.jpg","datePublished":"2026-08-26T18:51:00+00:00","author":{"@id":"https:\/\/www.correiobraziliense.com.br\/aqui\/#\/schema\/person\/5d6e4d99fecc86ab1a7ed1a0369afb65"},"description":"Pesquisas m\u00e9dicas analisam se as fases da lua influenciam a qualidade do sono e podem afetar o bem-estar do organismo.","breadcrumb":{"@id":"https:\/\/www.correiobraziliense.com.br\/aqui\/2026\/08\/26\/como-as-fases-da-lua-afetam-o-sono-e-a-saude-segundo-a-ciencia\/#breadcrumb"},"inLanguage":"pt-BR","potentialAction":[{"@type":"ReadAction","target":["https:\/\/www.correiobraziliense.com.br\/aqui\/2026\/08\/26\/como-as-fases-da-lua-afetam-o-sono-e-a-saude-segundo-a-ciencia\/"]}]},{"@type":"ImageObject","inLanguage":"pt-BR","@id":"https:\/\/www.correiobraziliense.com.br\/aqui\/2026\/08\/26\/como-as-fases-da-lua-afetam-o-sono-e-a-saude-segundo-a-ciencia\/#primaryimage","url":"https:\/\/www.correiobraziliense.com.br\/aqui\/wp-content\/uploads\/2026\/08\/pessoa-dormindo_1787763750871.jpg","contentUrl":"https:\/\/www.correiobraziliense.com.br\/aqui\/wp-content\/uploads\/2026\/08\/pessoa-dormindo_1787763750871.jpg","width":1280,"height":720,"caption":"Cr\u00e9ditos: depositphotos.com \/ AntonLozovoy"},{"@type":"BreadcrumbList","@id":"https:\/\/www.correiobraziliense.com.br\/aqui\/2026\/08\/26\/como-as-fases-da-lua-afetam-o-sono-e-a-saude-segundo-a-ciencia\/#breadcrumb","itemListElement":[{"@type":"ListItem","position":1,"name":"In\u00edcio","item":"https:\/\/www.correiobraziliense.com.br\/aqui\/"},{"@type":"ListItem","position":2,"name":"Como as fases da lua afetam o sono e a sa\u00fade segundo a ci\u00eancia"}]},{"@type":"WebSite","@id":"https:\/\/www.correiobraziliense.com.br\/aqui\/#website","url":"https:\/\/www.correiobraziliense.com.br\/aqui\/","name":"Correio Braziliense - Aqui","description":"O Correio Braziliense (CB) \u00e9 o mais importante canal de not\u00edcias de Bras\u00edlia. Aqui voc\u00ea encontra as \u00faltimas not\u00edcias do DF, do Brasil e do mundo.","potentialAction":[{"@type":"SearchAction","target":{"@type":"EntryPoint","urlTemplate":"https:\/\/www.correiobraziliense.com.br\/aqui\/?s={search_term_string}"},"query-input":{"@type":"PropertyValueSpecification","valueRequired":true,"valueName":"search_term_string"}}],"inLanguage":"pt-BR"},{"@type":"Person","@id":"https:\/\/www.correiobraziliense.com.br\/aqui\/#\/schema\/person\/5d6e4d99fecc86ab1a7ed1a0369afb65","name":"Lara","image":{"@type":"ImageObject","inLanguage":"pt-BR","@id":"https:\/\/www.correiobraziliense.com.br\/aqui\/#\/schema\/person\/image\/","url":"https:\/\/secure.gravatar.com\/avatar\/57056c5c343a6d8a6669688d3d2c04916d9d280b352b6e50e66a8d39b2517e00?s=96&d=mm&r=g","contentUrl":"https:\/\/secure.gravatar.com\/avatar\/57056c5c343a6d8a6669688d3d2c04916d9d280b352b6e50e66a8d39b2517e00?s=96&d=mm&r=g","caption":"Lara"},"url":"https:\/\/www.correiobraziliense.com.br\/aqui\/author\/laraaqui\/"}]}},"_links":{"self":[{"href":"https:\/\/www.correiobraziliense.com.br\/aqui\/wp-json\/wp\/v2\/posts\/37892","targetHints":{"allow":["GET"]}}],"collection":[{"href":"https:\/\/www.correiobraziliense.com.br\/aqui\/wp-json\/wp\/v2\/posts"}],"about":[{"href":"https:\/\/www.correiobraziliense.com.br\/aqui\/wp-json\/wp\/v2\/types\/post"}],"author":[{"embeddable":true,"href":"https:\/\/www.correiobraziliense.com.br\/aqui\/wp-json\/wp\/v2\/users\/8"}],"replies":[{"embeddable":true,"href":"https:\/\/www.correiobraziliense.com.br\/aqui\/wp-json\/wp\/v2\/comments?post=37892"}],"version-history":[{"count":2,"href":"https:\/\/www.correiobraziliense.com.br\/aqui\/wp-json\/wp\/v2\/posts\/37892\/revisions"}],"predecessor-version":[{"id":37895,"href":"https:\/\/www.correiobraziliense.com.br\/aqui\/wp-json\/wp\/v2\/posts\/37892\/revisions\/37895"}],"wp:featuredmedia":[{"embeddable":true,"href":"https:\/\/www.correiobraziliense.com.br\/aqui\/wp-json\/wp\/v2\/media\/37894"}],"wp:attachment":[{"href":"https:\/\/www.correiobraziliense.com.br\/aqui\/wp-json\/wp\/v2\/media?parent=37892"}],"wp:term":[{"taxonomy":"category","embeddable":true,"href":"https:\/\/www.correiobraziliense.com.br\/aqui\/wp-json\/wp\/v2\/categories?post=37892"},{"taxonomy":"post_tag","embeddable":true,"href":"https:\/\/www.correiobraziliense.com.br\/aqui\/wp-json\/wp\/v2\/tags?post=37892"}],"curies":[{"name":"wp","href":"https:\/\/api.w.org\/{rel}","templated":true}]}}